{"id":12651,"date":"2021-10-23T14:09:53","date_gmt":"2021-10-23T14:09:53","guid":{"rendered":"https:\/\/www.africa-press.net\/tchad\/politique\/les-responsables-des-ecoles-publiques-interpellent-le-gouvernement-sur-le-sort-des-eleves-et-le-probleme-dinsecurite"},"modified":"2021-10-25T18:45:15","modified_gmt":"2021-10-25T18:45:15","slug":"les-responsables-des-ecoles-publiques-interpellent-le-gouvernement-sur-le-sort-des-eleves-et-le-probleme-dinsecurite","status":"publish","type":"post","link":"https:\/\/www.africa-press.net\/tchad\/culture-et-art\/les-responsables-des-ecoles-publiques-interpellent-le-gouvernement-sur-le-sort-des-eleves-et-le-probleme-dinsecurite","title":{"rendered":"les responsables des \u00e9coles publiques interpellent le gouvernement sur le sort des \u00e9l\u00e8ves et le probl\u00e8me d\u2019ins\u00e9curit\u00e9"},"content":{"rendered":"<p><span style=\"color: #ff6600\"><strong>Africa-Press &#8211; Tchad. <\/strong><\/span>Les responsables des \u00e9tablissements publics interpellent le gouvernement sur les conditions des \u00e9l\u00e8ves et le probl\u00e8me de l\u2019ins\u00e9curit\u00e9 qui r\u00e8gne dans des \u00e9coles \u00e0 N\u2019Djamena<\/p>\n<p>A N\u2019Djamena, les conditions dans lesquelles les \u00e9l\u00e8ves \u00e9tudient dans des \u00e9tablissements scolaires sont d\u00e9plorables. Par manque des tables-bancs, certains \u00e9tudient \u00e0 m\u00eame le sol; d\u2019autres sont oblig\u00e9s d\u2019amener les bancs de la maison afin de s\u2019asseoir et suivre les cours.<\/p>\n<p>Du 4\u00e8me arrondissement en passant par les 6\u00e8me, 7\u00e8me et 8\u00e8me arrondissements, le constat reste le m\u00eame. Constat que confirme la charg\u00e9e des cours de l\u2019\u00e9cole Hil\u00e9 Leclerc Menodji Florence.<\/p>\n<p>Selon elle, son \u00e9tablissement fonctionne dans des conditions peu recommandables. \u00ab Nous n\u2019avons pas des tables-bancs et les \u00e9l\u00e8ves se d\u00e9brouillent. Le directeur est oblig\u00e9 d\u2019acheter des b\u00e2ches pour que ceux-ci puissent s\u2019asseoir et \u00e9tudier\u201d, rapporte-t-elle.<\/p>\n<p>A c\u00f4t\u00e9, l\u2019ins\u00e9curit\u00e9. \u201cMalgr\u00e9 la cl\u00f4ture de l\u2019\u00e9cole, les bandits du quartier viennent nous d\u00e9ranger tous les temps et nous nous sentons en ins\u00e9curit\u00e9.<\/p>\n<p>Nous sommes oblig\u00e9s de courir de gauche \u00e0 droite pour les \u00e9loigner\u201d, se lamente-t-elle. \ufffcUne salle de classe compl\u00e8tement d\u00e9labr\u00e9e d\u2019une \u00e9cole publique de la capitale tchadienne<\/p>\n<p>Dans le 7\u00e8me arrondissement, la directrice de l\u2019\u00e9cole officielle d\u2019Ambata, Ngonyam Nasmbang \u00e9voque les d\u00e9marches entreprises par son \u00e9tablissement pour l\u2019am\u00e9lioration des conditions d\u2019\u00e9tudes.<\/p>\n<p>\u00ab Nous avons men\u00e9 plusieurs d\u00e9marches pour l\u2019am\u00e9lioration de la condition d\u2019\u00e9tudes des \u00e9l\u00e8ves mais en vain.<\/p>\n<p>Je trouve anormal en voyant ceux-ci \u00e9tudier \u00e0 m\u00eame le sol\u201d. Elle ajoute: \u201cDu c\u00f4t\u00e9 des enseignants, nous sommes confront\u00e9s \u00e0 d\u2019\u00e9normes difficult\u00e9s\u201d. Leur salut viendrait peut-\u00eatre du groupe parlementaire venu leur rendre visite.<\/p>\n<p>\u201cPour le moment nous attendons peut-\u00eatre qu\u2019une solution soit trouv\u00e9e pour l\u2019am\u00e9lioration des \u00e9tudes\u201d, l\u00e2che Ngonyam Nasmbang.<\/p>\n<p>Pour sa part, le directeur de l\u2019\u00e9cole communale de Ndjari Khawas Adoum Allamine interpelle les autorit\u00e9s \u00e0 agir : \u00ab Bien que ce ne soit pas d\u00e9licat mais nous sommes oblig\u00e9s de faire avec. Je lance un appel \u00e0 l\u2019endroit du gouvernement de trouver des solutions le plut\u00f4t que possible. \u00bb<\/p>\n<p><strong>Pour plus d&rsquo;informations et d&rsquo;analyses sur la <a href=\"https:\/\/www.africa-press.net\/tchad\">Tchad<\/a>, suivez <a href=\"https:\/\/www.africa-press.net\/\">Africa-Press<\/a><\/strong><\/p>\n","protected":false},"excerpt":{"rendered":"<p>Africa-Press &#8211; Tchad. Les responsables des \u00e9tablissements publics interpellent le gouvernement sur les conditions des \u00e9l\u00e8ves et le probl\u00e8me de l\u2019ins\u00e9curit\u00e9 qui r\u00e8gne dans des \u00e9coles \u00e0 N\u2019Djamena A N\u2019Djamena, les conditions dans lesquelles les \u00e9l\u00e8ves \u00e9tudient dans des \u00e9tablissements scolaires sont d\u00e9plorables. Par manque des tables-bancs, certains \u00e9tudient \u00e0 m\u00eame le sol; d\u2019autres sont [&hellip;]<\/p>\n","protected":false},"author":82,"featured_media":12650,"comment_status":"open","ping_status":"closed","sticky":false,"template":"","format":"standard","meta":{"footnotes":""},"categories":[5,11,10],"tags":[37,292,2153,2152,29],"class_list":["post-12651","post","type-post","status-publish","format-standard","has-post-thumbnail","hentry","category-culture-et-art","category-homepage-french","category-toutes-les-actualites","tag-africa-press","tag-africa-press-tchad","tag-interpellent","tag-responsables","tag-tchad"],"yoast_head":"<!-- This site is optimized with the Yoast SEO Premium plugin v26.1 (Yoast SEO v27.0) - https:\/\/yoast.com\/product\/yoast-seo-premium-wordpress\/ -->\n<title>les responsables des \u00e9coles publiques interpellent le gouvernement sur le sort des \u00e9l\u00e8ves et le probl\u00e8me d\u2019ins\u00e9curit\u00e9 - tchad<\/title>\n<meta name=\"description\" content=\"Les responsables des \u00e9tablissements publics interpellent le gouvernement sur les conditions des \u00e9l\u00e8ves et le probl\u00e8me de ...\" \/>\n<meta name=\"robots\" content=\"index, follow, max-snippet:-1, max-image-preview:large, max-video-preview:-1\" \/>\n<link rel=\"canonical\" href=\"https:\/\/www.africa-press.net\/tchad\/culture-et-art\/les-responsables-des-ecoles-publiques-interpellent-le-gouvernement-sur-le-sort-des-eleves-et-le-probleme-dinsecurite\" \/>\n<meta property=\"og:locale\" content=\"fr_FR\" \/>\n<meta property=\"og:type\" content=\"article\" \/>\n<meta property=\"og:title\" content=\"les responsables des \u00e9coles publiques interpellent le gouvernement sur le sort des \u00e9l\u00e8ves et le probl\u00e8me d\u2019ins\u00e9curit\u00e9\" \/>\n<meta property=\"og:description\" content=\"Les responsables des \u00e9tablissements publics interpellent le gouvernement sur les conditions des \u00e9l\u00e8ves et le probl\u00e8me de ...\" \/>\n<meta property=\"og:url\" content=\"https:\/\/www.africa-press.net\/tchad\/culture-et-art\/les-responsables-des-ecoles-publiques-interpellent-le-gouvernement-sur-le-sort-des-eleves-et-le-probleme-dinsecurite\" \/>\n<meta property=\"og:site_name\" content=\"tchad\" \/>\n<meta property=\"article:published_time\" content=\"2021-10-23T14:09:53+00:00\" \/>\n<meta property=\"article:modified_time\" content=\"2021-10-25T18:45:15+00:00\" \/>\n<meta property=\"og:image\" content=\"https:\/\/static.africa-press.net\/tchad\/sites\/41\/2021\/10\/img-61741e9b7af95.jpg\" \/>\n\t<meta property=\"og:image:width\" content=\"696\" \/>\n\t<meta property=\"og:image:height\" content=\"522\" \/>\n\t<meta property=\"og:image:type\" content=\"image\/jpeg\" \/>\n<meta name=\"author\" content=\"cfeditorfr\" \/>\n<meta name=\"twitter:card\" content=\"summary_large_image\" \/>\n<meta name=\"twitter:label1\" content=\"\u00c9crit par\" \/>\n\t<meta name=\"twitter:data1\" content=\"cfeditorfr\" \/>\n\t<meta name=\"twitter:label2\" content=\"Dur\u00e9e de lecture estim\u00e9e\" \/>\n\t<meta name=\"twitter:data2\" content=\"2 minutes\" \/>\n<script type=\"application\/ld+json\" class=\"yoast-schema-graph\">{\"@context\":\"https:\/\/schema.org\",\"@graph\":[{\"@type\":\"Article\",\"@id\":\"https:\/\/www.africa-press.net\/tchad\/culture-et-art\/les-responsables-des-ecoles-publiques-interpellent-le-gouvernement-sur-le-sort-des-eleves-et-le-probleme-dinsecurite#article\",\"isPartOf\":{\"@id\":\"https:\/\/www.africa-press.net\/tchad\/culture-et-art\/les-responsables-des-ecoles-publiques-interpellent-le-gouvernement-sur-le-sort-des-eleves-et-le-probleme-dinsecurite\"},\"author\":{\"name\":\"cfeditorfr\",\"@id\":\"https:\/\/www.africa-press.net\/tchad\/#\/schema\/person\/2b1cf3cd81a31e3cd26889ca66d677f1\"},\"headline\":\"les responsables des \u00e9coles publiques interpellent le gouvernement sur le sort des \u00e9l\u00e8ves et le probl\u00e8me d\u2019ins\u00e9curit\u00e9\",\"datePublished\":\"2021-10-23T14:09:53+00:00\",\"dateModified\":\"2021-10-25T18:45:15+00:00\",\"mainEntityOfPage\":{\"@id\":\"https:\/\/www.africa-press.net\/tchad\/culture-et-art\/les-responsables-des-ecoles-publiques-interpellent-le-gouvernement-sur-le-sort-des-eleves-et-le-probleme-dinsecurite\"},\"wordCount\":414,\"commentCount\":0,\"image\":{\"@id\":\"https:\/\/www.africa-press.net\/tchad\/culture-et-art\/les-responsables-des-ecoles-publiques-interpellent-le-gouvernement-sur-le-sort-des-eleves-et-le-probleme-dinsecurite#primaryimage\"},\"thumbnailUrl\":\"https:\/\/static.africa-press.net\/tchad\/sites\/41\/2021\/10\/img-61741e9b7af95.jpg\",\"keywords\":[\"Africa Press\",\"Africa Press-Tchad\",\"interpellent\",\"responsables\",\"Tchad\"],\"articleSection\":[\"Culture et Art\",\"homepage-french\",\"Toutes les actualit\u00e9s\"],\"inLanguage\":\"fr-FR\",\"potentialAction\":[{\"@type\":\"CommentAction\",\"name\":\"Comment\",\"target\":[\"https:\/\/www.africa-press.net\/tchad\/culture-et-art\/les-responsables-des-ecoles-publiques-interpellent-le-gouvernement-sur-le-sort-des-eleves-et-le-probleme-dinsecurite#respond\"]}]},{\"@type\":\"WebPage\",\"@id\":\"https:\/\/www.africa-press.net\/tchad\/culture-et-art\/les-responsables-des-ecoles-publiques-interpellent-le-gouvernement-sur-le-sort-des-eleves-et-le-probleme-dinsecurite\",\"url\":\"https:\/\/www.africa-press.net\/tchad\/culture-et-art\/les-responsables-des-ecoles-publiques-interpellent-le-gouvernement-sur-le-sort-des-eleves-et-le-probleme-dinsecurite\",\"name\":\"les responsables des \u00e9coles publiques interpellent le gouvernement sur le sort des \u00e9l\u00e8ves et le probl\u00e8me d\u2019ins\u00e9curit\u00e9 - tchad\",\"isPartOf\":{\"@id\":\"https:\/\/www.africa-press.net\/tchad\/#website\"},\"primaryImageOfPage\":{\"@id\":\"https:\/\/www.africa-press.net\/tchad\/culture-et-art\/les-responsables-des-ecoles-publiques-interpellent-le-gouvernement-sur-le-sort-des-eleves-et-le-probleme-dinsecurite#primaryimage\"},\"image\":{\"@id\":\"https:\/\/www.africa-press.net\/tchad\/culture-et-art\/les-responsables-des-ecoles-publiques-interpellent-le-gouvernement-sur-le-sort-des-eleves-et-le-probleme-dinsecurite#primaryimage\"},\"thumbnailUrl\":\"https:\/\/static.africa-press.net\/tchad\/sites\/41\/2021\/10\/img-61741e9b7af95.jpg\",\"datePublished\":\"2021-10-23T14:09:53+00:00\",\"dateModified\":\"2021-10-25T18:45:15+00:00\",\"author\":{\"@id\":\"https:\/\/www.africa-press.net\/tchad\/#\/schema\/person\/2b1cf3cd81a31e3cd26889ca66d677f1\"},\"description\":\"Les responsables des \u00e9tablissements publics interpellent le gouvernement sur les conditions des \u00e9l\u00e8ves et le probl\u00e8me de ...\",\"breadcrumb\":{\"@id\":\"https:\/\/www.africa-press.net\/tchad\/culture-et-art\/les-responsables-des-ecoles-publiques-interpellent-le-gouvernement-sur-le-sort-des-eleves-et-le-probleme-dinsecurite#breadcrumb\"},\"inLanguage\":\"fr-FR\",\"potentialAction\":[{\"@type\":\"ReadAction\",\"target\":[\"https:\/\/www.africa-press.net\/tchad\/culture-et-art\/les-responsables-des-ecoles-publiques-interpellent-le-gouvernement-sur-le-sort-des-eleves-et-le-probleme-dinsecurite\"]}]},{\"@type\":\"ImageObject\",\"inLanguage\":\"fr-FR\",\"@id\":\"https:\/\/www.africa-press.net\/tchad\/culture-et-art\/les-responsables-des-ecoles-publiques-interpellent-le-gouvernement-sur-le-sort-des-eleves-et-le-probleme-dinsecurite#primaryimage\",\"url\":\"https:\/\/static.africa-press.net\/tchad\/sites\/41\/2021\/10\/img-61741e9b7af95.jpg\",\"contentUrl\":\"https:\/\/static.africa-press.net\/tchad\/sites\/41\/2021\/10\/img-61741e9b7af95.jpg\",\"width\":696,\"height\":522,\"caption\":\"les responsables des \u00e9coles publiques interpellent le gouvernement sur le sort des \u00e9l\u00e8ves et le probl\u00e8me d\u2019ins\u00e9curit\u00e9\"},{\"@type\":\"BreadcrumbList\",\"@id\":\"https:\/\/www.africa-press.net\/tchad\/culture-et-art\/les-responsables-des-ecoles-publiques-interpellent-le-gouvernement-sur-le-sort-des-eleves-et-le-probleme-dinsecurite#breadcrumb\",\"itemListElement\":[{\"@type\":\"ListItem\",\"position\":1,\"name\":\"Accueil\",\"item\":\"https:\/\/www.africa-press.net\/tchad\/\"},{\"@type\":\"ListItem\",\"position\":2,\"name\":\"les responsables des \u00e9coles publiques interpellent le gouvernement sur le sort des \u00e9l\u00e8ves et le probl\u00e8me d\u2019ins\u00e9curit\u00e9\"}]},{\"@type\":\"WebSite\",\"@id\":\"https:\/\/www.africa-press.net\/tchad\/#website\",\"url\":\"https:\/\/www.africa-press.net\/tchad\/\",\"name\":\"tchad\",\"description\":\"Just another Africa News Agency Sites site\",\"potentialAction\":[{\"@type\":\"SearchAction\",\"target\":{\"@type\":\"EntryPoint\",\"urlTemplate\":\"https:\/\/www.africa-press.net\/tchad\/?s={search_term_string}\"},\"query-input\":{\"@type\":\"PropertyValueSpecification\",\"valueRequired\":true,\"valueName\":\"search_term_string\"}}],\"inLanguage\":\"fr-FR\"},{\"@type\":\"Person\",\"@id\":\"https:\/\/www.africa-press.net\/tchad\/#\/schema\/person\/2b1cf3cd81a31e3cd26889ca66d677f1\",\"name\":\"cfeditorfr\"}]}<\/script>\n<!-- \/ Yoast SEO Premium plugin. -->","yoast_head_json":{"title":"les responsables des \u00e9coles publiques interpellent le gouvernement sur le sort des \u00e9l\u00e8ves et le probl\u00e8me d\u2019ins\u00e9curit\u00e9 - tchad","description":"Les responsables des \u00e9tablissements publics interpellent le gouvernement sur les conditions des \u00e9l\u00e8ves et le probl\u00e8me de ...","robots":{"index":"index","follow":"follow","max-snippet":"max-snippet:-1","max-image-preview":"max-image-preview:large","max-video-preview":"max-video-preview:-1"},"canonical":"https:\/\/www.africa-press.net\/tchad\/culture-et-art\/les-responsables-des-ecoles-publiques-interpellent-le-gouvernement-sur-le-sort-des-eleves-et-le-probleme-dinsecurite","og_locale":"fr_FR","og_type":"article","og_title":"les responsables des \u00e9coles publiques interpellent le gouvernement sur le sort des \u00e9l\u00e8ves et le probl\u00e8me d\u2019ins\u00e9curit\u00e9","og_description":"Les responsables des \u00e9tablissements publics interpellent le gouvernement sur les conditions des \u00e9l\u00e8ves et le probl\u00e8me de ...","og_url":"https:\/\/www.africa-press.net\/tchad\/culture-et-art\/les-responsables-des-ecoles-publiques-interpellent-le-gouvernement-sur-le-sort-des-eleves-et-le-probleme-dinsecurite","og_site_name":"tchad","article_published_time":"2021-10-23T14:09:53+00:00","article_modified_time":"2021-10-25T18:45:15+00:00","og_image":[{"width":696,"height":522,"url":"https:\/\/static.africa-press.net\/tchad\/sites\/41\/2021\/10\/img-61741e9b7af95.jpg","type":"image\/jpeg"}],"author":"cfeditorfr","twitter_card":"summary_large_image","twitter_misc":{"\u00c9crit par":"cfeditorfr","Dur\u00e9e de lecture estim\u00e9e":"2 minutes"},"schema":{"@context":"https:\/\/schema.org","@graph":[{"@type":"Article","@id":"https:\/\/www.africa-press.net\/tchad\/culture-et-art\/les-responsables-des-ecoles-publiques-interpellent-le-gouvernement-sur-le-sort-des-eleves-et-le-probleme-dinsecurite#article","isPartOf":{"@id":"https:\/\/www.africa-press.net\/tchad\/culture-et-art\/les-responsables-des-ecoles-publiques-interpellent-le-gouvernement-sur-le-sort-des-eleves-et-le-probleme-dinsecurite"},"author":{"name":"cfeditorfr","@id":"https:\/\/www.africa-press.net\/tchad\/#\/schema\/person\/2b1cf3cd81a31e3cd26889ca66d677f1"},"headline":"les responsables des \u00e9coles publiques interpellent le gouvernement sur le sort des \u00e9l\u00e8ves et le probl\u00e8me d\u2019ins\u00e9curit\u00e9","datePublished":"2021-10-23T14:09:53+00:00","dateModified":"2021-10-25T18:45:15+00:00","mainEntityOfPage":{"@id":"https:\/\/www.africa-press.net\/tchad\/culture-et-art\/les-responsables-des-ecoles-publiques-interpellent-le-gouvernement-sur-le-sort-des-eleves-et-le-probleme-dinsecurite"},"wordCount":414,"commentCount":0,"image":{"@id":"https:\/\/www.africa-press.net\/tchad\/culture-et-art\/les-responsables-des-ecoles-publiques-interpellent-le-gouvernement-sur-le-sort-des-eleves-et-le-probleme-dinsecurite#primaryimage"},"thumbnailUrl":"https:\/\/static.africa-press.net\/tchad\/sites\/41\/2021\/10\/img-61741e9b7af95.jpg","keywords":["Africa Press","Africa Press-Tchad","interpellent","responsables","Tchad"],"articleSection":["Culture et Art","homepage-french","Toutes les actualit\u00e9s"],"inLanguage":"fr-FR","potentialAction":[{"@type":"CommentAction","name":"Comment","target":["https:\/\/www.africa-press.net\/tchad\/culture-et-art\/les-responsables-des-ecoles-publiques-interpellent-le-gouvernement-sur-le-sort-des-eleves-et-le-probleme-dinsecurite#respond"]}]},{"@type":"WebPage","@id":"https:\/\/www.africa-press.net\/tchad\/culture-et-art\/les-responsables-des-ecoles-publiques-interpellent-le-gouvernement-sur-le-sort-des-eleves-et-le-probleme-dinsecurite","url":"https:\/\/www.africa-press.net\/tchad\/culture-et-art\/les-responsables-des-ecoles-publiques-interpellent-le-gouvernement-sur-le-sort-des-eleves-et-le-probleme-dinsecurite","name":"les responsables des \u00e9coles publiques interpellent le gouvernement sur le sort des \u00e9l\u00e8ves et le probl\u00e8me d\u2019ins\u00e9curit\u00e9 - tchad","isPartOf":{"@id":"https:\/\/www.africa-press.net\/tchad\/#website"},"primaryImageOfPage":{"@id":"https:\/\/www.africa-press.net\/tchad\/culture-et-art\/les-responsables-des-ecoles-publiques-interpellent-le-gouvernement-sur-le-sort-des-eleves-et-le-probleme-dinsecurite#primaryimage"},"image":{"@id":"https:\/\/www.africa-press.net\/tchad\/culture-et-art\/les-responsables-des-ecoles-publiques-interpellent-le-gouvernement-sur-le-sort-des-eleves-et-le-probleme-dinsecurite#primaryimage"},"thumbnailUrl":"https:\/\/static.africa-press.net\/tchad\/sites\/41\/2021\/10\/img-61741e9b7af95.jpg","datePublished":"2021-10-23T14:09:53+00:00","dateModified":"2021-10-25T18:45:15+00:00","author":{"@id":"https:\/\/www.africa-press.net\/tchad\/#\/schema\/person\/2b1cf3cd81a31e3cd26889ca66d677f1"},"description":"Les responsables des \u00e9tablissements publics interpellent le gouvernement sur les conditions des \u00e9l\u00e8ves et le probl\u00e8me de ...","breadcrumb":{"@id":"https:\/\/www.africa-press.net\/tchad\/culture-et-art\/les-responsables-des-ecoles-publiques-interpellent-le-gouvernement-sur-le-sort-des-eleves-et-le-probleme-dinsecurite#breadcrumb"},"inLanguage":"fr-FR","potentialAction":[{"@type":"ReadAction","target":["https:\/\/www.africa-press.net\/tchad\/culture-et-art\/les-responsables-des-ecoles-publiques-interpellent-le-gouvernement-sur-le-sort-des-eleves-et-le-probleme-dinsecurite"]}]},{"@type":"ImageObject","inLanguage":"fr-FR","@id":"https:\/\/www.africa-press.net\/tchad\/culture-et-art\/les-responsables-des-ecoles-publiques-interpellent-le-gouvernement-sur-le-sort-des-eleves-et-le-probleme-dinsecurite#primaryimage","url":"https:\/\/static.africa-press.net\/tchad\/sites\/41\/2021\/10\/img-61741e9b7af95.jpg","contentUrl":"https:\/\/static.africa-press.net\/tchad\/sites\/41\/2021\/10\/img-61741e9b7af95.jpg","width":696,"height":522,"caption":"les responsables des \u00e9coles publiques interpellent le gouvernement sur le sort des \u00e9l\u00e8ves et le probl\u00e8me d\u2019ins\u00e9curit\u00e9"},{"@type":"BreadcrumbList","@id":"https:\/\/www.africa-press.net\/tchad\/culture-et-art\/les-responsables-des-ecoles-publiques-interpellent-le-gouvernement-sur-le-sort-des-eleves-et-le-probleme-dinsecurite#breadcrumb","itemListElement":[{"@type":"ListItem","position":1,"name":"Accueil","item":"https:\/\/www.africa-press.net\/tchad\/"},{"@type":"ListItem","position":2,"name":"les responsables des \u00e9coles publiques interpellent le gouvernement sur le sort des \u00e9l\u00e8ves et le probl\u00e8me d\u2019ins\u00e9curit\u00e9"}]},{"@type":"WebSite","@id":"https:\/\/www.africa-press.net\/tchad\/#website","url":"https:\/\/www.africa-press.net\/tchad\/","name":"tchad","description":"Just another Africa News Agency Sites site","potentialAction":[{"@type":"SearchAction","target":{"@type":"EntryPoint","urlTemplate":"https:\/\/www.africa-press.net\/tchad\/?s={search_term_string}"},"query-input":{"@type":"PropertyValueSpecification","valueRequired":true,"valueName":"search_term_string"}}],"inLanguage":"fr-FR"},{"@type":"Person","@id":"https:\/\/www.africa-press.net\/tchad\/#\/schema\/person\/2b1cf3cd81a31e3cd26889ca66d677f1","name":"cfeditorfr"}]}},"_links":{"self":[{"href":"https:\/\/www.africa-press.net\/tchad\/wp-json\/wp\/v2\/posts\/12651","targetHints":{"allow":["GET"]}}],"collection":[{"href":"https:\/\/www.africa-press.net\/tchad\/wp-json\/wp\/v2\/posts"}],"about":[{"href":"https:\/\/www.africa-press.net\/tchad\/wp-json\/wp\/v2\/types\/post"}],"author":[{"embeddable":true,"href":"https:\/\/www.africa-press.net\/tchad\/wp-json\/wp\/v2\/users\/82"}],"replies":[{"embeddable":true,"href":"https:\/\/www.africa-press.net\/tchad\/wp-json\/wp\/v2\/comments?post=12651"}],"version-history":[{"count":0,"href":"https:\/\/www.africa-press.net\/tchad\/wp-json\/wp\/v2\/posts\/12651\/revisions"}],"wp:featuredmedia":[{"embeddable":true,"href":"https:\/\/www.africa-press.net\/tchad\/wp-json\/wp\/v2\/media\/12650"}],"wp:attachment":[{"href":"https:\/\/www.africa-press.net\/tchad\/wp-json\/wp\/v2\/media?parent=12651"}],"wp:term":[{"taxonomy":"category","embeddable":true,"href":"https:\/\/www.africa-press.net\/tchad\/wp-json\/wp\/v2\/categories?post=12651"},{"taxonomy":"post_tag","embeddable":true,"href":"https:\/\/www.africa-press.net\/tchad\/wp-json\/wp\/v2\/tags?post=12651"}],"curies":[{"name":"wp","href":"https:\/\/api.w.org\/{rel}","templated":true}]}}