{"id":12685,"date":"2021-10-24T18:01:18","date_gmt":"2021-10-24T18:01:18","guid":{"rendered":"https:\/\/www.africa-press.net\/tchad\/politique\/un-salon-des-etudes-en-france-ouvert-aux-bacheliers-a-lift"},"modified":"2021-10-25T18:44:11","modified_gmt":"2021-10-25T18:44:11","slug":"un-salon-des-etudes-en-france-ouvert-aux-bacheliers-a-lift","status":"publish","type":"post","link":"https:\/\/www.africa-press.net\/tchad\/culture-et-art\/un-salon-des-etudes-en-france-ouvert-aux-bacheliers-a-lift","title":{"rendered":"un salon des \u00e9tudes en France ouvert aux bacheliers \u00e0 l&rsquo;IFT"},"content":{"rendered":"<p><span style=\"color: #ff6600\"><strong>Africa-Press &#8211; Tchad. <\/strong><\/span>La mission consiste \u00e0 faire la promotion de l\u2019enseignement sup\u00e9rieur et encourager les \u00e9tudiants \u00e9trangers \u00e0 s\u2019inscrire dans l\u2019enseignement sup\u00e9rieur fran\u00e7ais via la plateforme espace Campus France, explique Sylvain Lamourette, attach\u00e9 de coop\u00e9ration scientifique et universitaire de l\u2019ambassade.<\/p>\n<p>Lamourette de poursuivre que Campus France d\u00e9die une place aux \u00e9tudiants tchadiens afin qu&rsquo;ils s&rsquo;inscrivent dans les institutions fran\u00e7aises d\u2019enseignement sup\u00e9rieur, dans tous les domaines qui sont dans la plateforme.<\/p>\n<p>En 2019, il y avait 1500 \u00e9tudiants tchadiens en France et 2800 l\u2019ann\u00e9e derni\u00e8re. Pour l\u2019inscription de septembre 2022, depuis l\u2019ouverture de la plateforme en octobre, plus de 5000 dossiers ont \u00e9t\u00e9 cr\u00e9\u00e9s.<\/p>\n<p>Il n\u2019y a pas de quota limite pour pouvoir postuler \u00e0 l\u2019espace Campus France. Le salon est organis\u00e9 afin d&rsquo;accompagner l\u2019annonce du pr\u00e9sident fran\u00e7ais \u00e0 Ouagadougou qui vise un objectif de 500.000 \u00e9tudiants \u00e9trangers en France \u00e0 l\u2019horizon 2027. La plateforme est ouverte jusqu\u2019au 30 novembre 2021 pour la Licence 1 et jusqu&rsquo;au 31 d\u00e9cembre 2021 pour la Licence 2 jusqu\u2019en Master.<\/p>\n<p><strong>Pour plus d&rsquo;informations et d&rsquo;analyses sur la <a href=\"https:\/\/www.africa-press.net\/tchad\">Tchad<\/a>, suivez <a href=\"https:\/\/www.africa-press.net\/\">Africa-Press<\/a><\/strong><\/p>\n","protected":false},"excerpt":{"rendered":"<p>Africa-Press &#8211; Tchad. La mission consiste \u00e0 faire la promotion de l\u2019enseignement sup\u00e9rieur et encourager les \u00e9tudiants \u00e9trangers \u00e0 s\u2019inscrire dans l\u2019enseignement sup\u00e9rieur fran\u00e7ais via la plateforme espace Campus France, explique Sylvain Lamourette, attach\u00e9 de coop\u00e9ration scientifique et universitaire de l\u2019ambassade. Lamourette de poursuivre que Campus France d\u00e9die une place aux \u00e9tudiants tchadiens afin qu&rsquo;ils [&hellip;]<\/p>\n","protected":false},"author":82,"featured_media":12684,"comment_status":"open","ping_status":"closed","sticky":false,"template":"","format":"standard","meta":{"footnotes":""},"categories":[5,11,10],"tags":[37,292,530,2164,29],"class_list":["post-12685","post","type-post","status-publish","format-standard","has-post-thumbnail","hentry","category-culture-et-art","category-homepage-french","category-toutes-les-actualites","tag-africa-press","tag-africa-press-tchad","tag-france","tag-lift","tag-tchad"],"yoast_head":"<!-- This site is optimized with the Yoast SEO Premium plugin v26.1 (Yoast SEO v27.0) - https:\/\/yoast.com\/product\/yoast-seo-premium-wordpress\/ -->\n<title>un salon des \u00e9tudes en France ouvert aux bacheliers \u00e0 l&#039;IFT - tchad<\/title>\n<meta name=\"description\" content=\"La mission consiste \u00e0 faire la promotion de l\u2019enseignement sup\u00e9rieur et encourager les \u00e9tudiants \u00e9trangers \u00e0 s\u2019inscrire ...\" \/>\n<meta name=\"robots\" content=\"index, follow, max-snippet:-1, max-image-preview:large, max-video-preview:-1\" \/>\n<link rel=\"canonical\" href=\"https:\/\/www.africa-press.net\/tchad\/culture-et-art\/un-salon-des-etudes-en-france-ouvert-aux-bacheliers-a-lift\" \/>\n<meta property=\"og:locale\" content=\"fr_FR\" \/>\n<meta property=\"og:type\" content=\"article\" \/>\n<meta property=\"og:title\" content=\"un salon des \u00e9tudes en France ouvert aux bacheliers \u00e0 l&#039;IFT\" \/>\n<meta property=\"og:description\" content=\"La mission consiste \u00e0 faire la promotion de l\u2019enseignement sup\u00e9rieur et encourager les \u00e9tudiants \u00e9trangers \u00e0 s\u2019inscrire ...\" \/>\n<meta property=\"og:url\" content=\"https:\/\/www.africa-press.net\/tchad\/culture-et-art\/un-salon-des-etudes-en-france-ouvert-aux-bacheliers-a-lift\" \/>\n<meta property=\"og:site_name\" content=\"tchad\" \/>\n<meta property=\"article:published_time\" content=\"2021-10-24T18:01:18+00:00\" \/>\n<meta property=\"article:modified_time\" content=\"2021-10-25T18:44:11+00:00\" \/>\n<meta property=\"og:image\" content=\"https:\/\/static.africa-press.net\/tchad\/sites\/41\/2021\/10\/img-6175a510ddb9a.jpg\" \/>\n\t<meta property=\"og:image:width\" content=\"819\" \/>\n\t<meta property=\"og:image:height\" content=\"545\" \/>\n\t<meta property=\"og:image:type\" content=\"image\/jpeg\" \/>\n<meta name=\"author\" content=\"cfeditorfr\" \/>\n<meta name=\"twitter:card\" content=\"summary_large_image\" \/>\n<meta name=\"twitter:label1\" content=\"\u00c9crit par\" \/>\n\t<meta name=\"twitter:data1\" content=\"cfeditorfr\" \/>\n\t<meta name=\"twitter:label2\" content=\"Dur\u00e9e de lecture estim\u00e9e\" \/>\n\t<meta name=\"twitter:data2\" content=\"1 minute\" \/>\n<script type=\"application\/ld+json\" class=\"yoast-schema-graph\">{\"@context\":\"https:\/\/schema.org\",\"@graph\":[{\"@type\":\"Article\",\"@id\":\"https:\/\/www.africa-press.net\/tchad\/culture-et-art\/un-salon-des-etudes-en-france-ouvert-aux-bacheliers-a-lift#article\",\"isPartOf\":{\"@id\":\"https:\/\/www.africa-press.net\/tchad\/culture-et-art\/un-salon-des-etudes-en-france-ouvert-aux-bacheliers-a-lift\"},\"author\":{\"name\":\"cfeditorfr\",\"@id\":\"https:\/\/www.africa-press.net\/tchad\/#\/schema\/person\/2b1cf3cd81a31e3cd26889ca66d677f1\"},\"headline\":\"un salon des \u00e9tudes en France ouvert aux bacheliers \u00e0 l&rsquo;IFT\",\"datePublished\":\"2021-10-24T18:01:18+00:00\",\"dateModified\":\"2021-10-25T18:44:11+00:00\",\"mainEntityOfPage\":{\"@id\":\"https:\/\/www.africa-press.net\/tchad\/culture-et-art\/un-salon-des-etudes-en-france-ouvert-aux-bacheliers-a-lift\"},\"wordCount\":202,\"commentCount\":0,\"image\":{\"@id\":\"https:\/\/www.africa-press.net\/tchad\/culture-et-art\/un-salon-des-etudes-en-france-ouvert-aux-bacheliers-a-lift#primaryimage\"},\"thumbnailUrl\":\"https:\/\/static.africa-press.net\/tchad\/sites\/41\/2021\/10\/img-6175a510ddb9a.jpg\",\"keywords\":[\"Africa Press\",\"Africa Press-Tchad\",\"France\",\"l'IFT\",\"Tchad\"],\"articleSection\":[\"Culture et Art\",\"homepage-french\",\"Toutes les actualit\u00e9s\"],\"inLanguage\":\"fr-FR\",\"potentialAction\":[{\"@type\":\"CommentAction\",\"name\":\"Comment\",\"target\":[\"https:\/\/www.africa-press.net\/tchad\/culture-et-art\/un-salon-des-etudes-en-france-ouvert-aux-bacheliers-a-lift#respond\"]}]},{\"@type\":\"WebPage\",\"@id\":\"https:\/\/www.africa-press.net\/tchad\/culture-et-art\/un-salon-des-etudes-en-france-ouvert-aux-bacheliers-a-lift\",\"url\":\"https:\/\/www.africa-press.net\/tchad\/culture-et-art\/un-salon-des-etudes-en-france-ouvert-aux-bacheliers-a-lift\",\"name\":\"un salon des \u00e9tudes en France ouvert aux bacheliers \u00e0 l'IFT - tchad\",\"isPartOf\":{\"@id\":\"https:\/\/www.africa-press.net\/tchad\/#website\"},\"primaryImageOfPage\":{\"@id\":\"https:\/\/www.africa-press.net\/tchad\/culture-et-art\/un-salon-des-etudes-en-france-ouvert-aux-bacheliers-a-lift#primaryimage\"},\"image\":{\"@id\":\"https:\/\/www.africa-press.net\/tchad\/culture-et-art\/un-salon-des-etudes-en-france-ouvert-aux-bacheliers-a-lift#primaryimage\"},\"thumbnailUrl\":\"https:\/\/static.africa-press.net\/tchad\/sites\/41\/2021\/10\/img-6175a510ddb9a.jpg\",\"datePublished\":\"2021-10-24T18:01:18+00:00\",\"dateModified\":\"2021-10-25T18:44:11+00:00\",\"author\":{\"@id\":\"https:\/\/www.africa-press.net\/tchad\/#\/schema\/person\/2b1cf3cd81a31e3cd26889ca66d677f1\"},\"description\":\"La mission consiste \u00e0 faire la promotion de l\u2019enseignement sup\u00e9rieur et encourager les \u00e9tudiants \u00e9trangers \u00e0 s\u2019inscrire ...\",\"breadcrumb\":{\"@id\":\"https:\/\/www.africa-press.net\/tchad\/culture-et-art\/un-salon-des-etudes-en-france-ouvert-aux-bacheliers-a-lift#breadcrumb\"},\"inLanguage\":\"fr-FR\",\"potentialAction\":[{\"@type\":\"ReadAction\",\"target\":[\"https:\/\/www.africa-press.net\/tchad\/culture-et-art\/un-salon-des-etudes-en-france-ouvert-aux-bacheliers-a-lift\"]}]},{\"@type\":\"ImageObject\",\"inLanguage\":\"fr-FR\",\"@id\":\"https:\/\/www.africa-press.net\/tchad\/culture-et-art\/un-salon-des-etudes-en-france-ouvert-aux-bacheliers-a-lift#primaryimage\",\"url\":\"https:\/\/static.africa-press.net\/tchad\/sites\/41\/2021\/10\/img-6175a510ddb9a.jpg\",\"contentUrl\":\"https:\/\/static.africa-press.net\/tchad\/sites\/41\/2021\/10\/img-6175a510ddb9a.jpg\",\"width\":819,\"height\":545,\"caption\":\"un salon des \u00e9tudes en France ouvert aux bacheliers \u00e0 l'IFT\"},{\"@type\":\"BreadcrumbList\",\"@id\":\"https:\/\/www.africa-press.net\/tchad\/culture-et-art\/un-salon-des-etudes-en-france-ouvert-aux-bacheliers-a-lift#breadcrumb\",\"itemListElement\":[{\"@type\":\"ListItem\",\"position\":1,\"name\":\"Accueil\",\"item\":\"https:\/\/www.africa-press.net\/tchad\/\"},{\"@type\":\"ListItem\",\"position\":2,\"name\":\"un salon des \u00e9tudes en France ouvert aux bacheliers \u00e0 l&#8217;IFT\"}]},{\"@type\":\"WebSite\",\"@id\":\"https:\/\/www.africa-press.net\/tchad\/#website\",\"url\":\"https:\/\/www.africa-press.net\/tchad\/\",\"name\":\"tchad\",\"description\":\"Just another Africa News Agency Sites site\",\"potentialAction\":[{\"@type\":\"SearchAction\",\"target\":{\"@type\":\"EntryPoint\",\"urlTemplate\":\"https:\/\/www.africa-press.net\/tchad\/?s={search_term_string}\"},\"query-input\":{\"@type\":\"PropertyValueSpecification\",\"valueRequired\":true,\"valueName\":\"search_term_string\"}}],\"inLanguage\":\"fr-FR\"},{\"@type\":\"Person\",\"@id\":\"https:\/\/www.africa-press.net\/tchad\/#\/schema\/person\/2b1cf3cd81a31e3cd26889ca66d677f1\",\"name\":\"cfeditorfr\"}]}<\/script>\n<!-- \/ Yoast SEO Premium plugin. -->","yoast_head_json":{"title":"un salon des \u00e9tudes en France ouvert aux bacheliers \u00e0 l'IFT - tchad","description":"La mission consiste \u00e0 faire la promotion de l\u2019enseignement sup\u00e9rieur et encourager les \u00e9tudiants \u00e9trangers \u00e0 s\u2019inscrire ...","robots":{"index":"index","follow":"follow","max-snippet":"max-snippet:-1","max-image-preview":"max-image-preview:large","max-video-preview":"max-video-preview:-1"},"canonical":"https:\/\/www.africa-press.net\/tchad\/culture-et-art\/un-salon-des-etudes-en-france-ouvert-aux-bacheliers-a-lift","og_locale":"fr_FR","og_type":"article","og_title":"un salon des \u00e9tudes en France ouvert aux bacheliers \u00e0 l'IFT","og_description":"La mission consiste \u00e0 faire la promotion de l\u2019enseignement sup\u00e9rieur et encourager les \u00e9tudiants \u00e9trangers \u00e0 s\u2019inscrire ...","og_url":"https:\/\/www.africa-press.net\/tchad\/culture-et-art\/un-salon-des-etudes-en-france-ouvert-aux-bacheliers-a-lift","og_site_name":"tchad","article_published_time":"2021-10-24T18:01:18+00:00","article_modified_time":"2021-10-25T18:44:11+00:00","og_image":[{"width":819,"height":545,"url":"https:\/\/static.africa-press.net\/tchad\/sites\/41\/2021\/10\/img-6175a510ddb9a.jpg","type":"image\/jpeg"}],"author":"cfeditorfr","twitter_card":"summary_large_image","twitter_misc":{"\u00c9crit par":"cfeditorfr","Dur\u00e9e de lecture estim\u00e9e":"1 minute"},"schema":{"@context":"https:\/\/schema.org","@graph":[{"@type":"Article","@id":"https:\/\/www.africa-press.net\/tchad\/culture-et-art\/un-salon-des-etudes-en-france-ouvert-aux-bacheliers-a-lift#article","isPartOf":{"@id":"https:\/\/www.africa-press.net\/tchad\/culture-et-art\/un-salon-des-etudes-en-france-ouvert-aux-bacheliers-a-lift"},"author":{"name":"cfeditorfr","@id":"https:\/\/www.africa-press.net\/tchad\/#\/schema\/person\/2b1cf3cd81a31e3cd26889ca66d677f1"},"headline":"un salon des \u00e9tudes en France ouvert aux bacheliers \u00e0 l&rsquo;IFT","datePublished":"2021-10-24T18:01:18+00:00","dateModified":"2021-10-25T18:44:11+00:00","mainEntityOfPage":{"@id":"https:\/\/www.africa-press.net\/tchad\/culture-et-art\/un-salon-des-etudes-en-france-ouvert-aux-bacheliers-a-lift"},"wordCount":202,"commentCount":0,"image":{"@id":"https:\/\/www.africa-press.net\/tchad\/culture-et-art\/un-salon-des-etudes-en-france-ouvert-aux-bacheliers-a-lift#primaryimage"},"thumbnailUrl":"https:\/\/static.africa-press.net\/tchad\/sites\/41\/2021\/10\/img-6175a510ddb9a.jpg","keywords":["Africa Press","Africa Press-Tchad","France","l'IFT","Tchad"],"articleSection":["Culture et Art","homepage-french","Toutes les actualit\u00e9s"],"inLanguage":"fr-FR","potentialAction":[{"@type":"CommentAction","name":"Comment","target":["https:\/\/www.africa-press.net\/tchad\/culture-et-art\/un-salon-des-etudes-en-france-ouvert-aux-bacheliers-a-lift#respond"]}]},{"@type":"WebPage","@id":"https:\/\/www.africa-press.net\/tchad\/culture-et-art\/un-salon-des-etudes-en-france-ouvert-aux-bacheliers-a-lift","url":"https:\/\/www.africa-press.net\/tchad\/culture-et-art\/un-salon-des-etudes-en-france-ouvert-aux-bacheliers-a-lift","name":"un salon des \u00e9tudes en France ouvert aux bacheliers \u00e0 l'IFT - tchad","isPartOf":{"@id":"https:\/\/www.africa-press.net\/tchad\/#website"},"primaryImageOfPage":{"@id":"https:\/\/www.africa-press.net\/tchad\/culture-et-art\/un-salon-des-etudes-en-france-ouvert-aux-bacheliers-a-lift#primaryimage"},"image":{"@id":"https:\/\/www.africa-press.net\/tchad\/culture-et-art\/un-salon-des-etudes-en-france-ouvert-aux-bacheliers-a-lift#primaryimage"},"thumbnailUrl":"https:\/\/static.africa-press.net\/tchad\/sites\/41\/2021\/10\/img-6175a510ddb9a.jpg","datePublished":"2021-10-24T18:01:18+00:00","dateModified":"2021-10-25T18:44:11+00:00","author":{"@id":"https:\/\/www.africa-press.net\/tchad\/#\/schema\/person\/2b1cf3cd81a31e3cd26889ca66d677f1"},"description":"La mission consiste \u00e0 faire la promotion de l\u2019enseignement sup\u00e9rieur et encourager les \u00e9tudiants \u00e9trangers \u00e0 s\u2019inscrire ...","breadcrumb":{"@id":"https:\/\/www.africa-press.net\/tchad\/culture-et-art\/un-salon-des-etudes-en-france-ouvert-aux-bacheliers-a-lift#breadcrumb"},"inLanguage":"fr-FR","potentialAction":[{"@type":"ReadAction","target":["https:\/\/www.africa-press.net\/tchad\/culture-et-art\/un-salon-des-etudes-en-france-ouvert-aux-bacheliers-a-lift"]}]},{"@type":"ImageObject","inLanguage":"fr-FR","@id":"https:\/\/www.africa-press.net\/tchad\/culture-et-art\/un-salon-des-etudes-en-france-ouvert-aux-bacheliers-a-lift#primaryimage","url":"https:\/\/static.africa-press.net\/tchad\/sites\/41\/2021\/10\/img-6175a510ddb9a.jpg","contentUrl":"https:\/\/static.africa-press.net\/tchad\/sites\/41\/2021\/10\/img-6175a510ddb9a.jpg","width":819,"height":545,"caption":"un salon des \u00e9tudes en France ouvert aux bacheliers \u00e0 l'IFT"},{"@type":"BreadcrumbList","@id":"https:\/\/www.africa-press.net\/tchad\/culture-et-art\/un-salon-des-etudes-en-france-ouvert-aux-bacheliers-a-lift#breadcrumb","itemListElement":[{"@type":"ListItem","position":1,"name":"Accueil","item":"https:\/\/www.africa-press.net\/tchad\/"},{"@type":"ListItem","position":2,"name":"un salon des \u00e9tudes en France ouvert aux bacheliers \u00e0 l&#8217;IFT"}]},{"@type":"WebSite","@id":"https:\/\/www.africa-press.net\/tchad\/#website","url":"https:\/\/www.africa-press.net\/tchad\/","name":"tchad","description":"Just another Africa News Agency Sites site","potentialAction":[{"@type":"SearchAction","target":{"@type":"EntryPoint","urlTemplate":"https:\/\/www.africa-press.net\/tchad\/?s={search_term_string}"},"query-input":{"@type":"PropertyValueSpecification","valueRequired":true,"valueName":"search_term_string"}}],"inLanguage":"fr-FR"},{"@type":"Person","@id":"https:\/\/www.africa-press.net\/tchad\/#\/schema\/person\/2b1cf3cd81a31e3cd26889ca66d677f1","name":"cfeditorfr"}]}},"_links":{"self":[{"href":"https:\/\/www.africa-press.net\/tchad\/wp-json\/wp\/v2\/posts\/12685","targetHints":{"allow":["GET"]}}],"collection":[{"href":"https:\/\/www.africa-press.net\/tchad\/wp-json\/wp\/v2\/posts"}],"about":[{"href":"https:\/\/www.africa-press.net\/tchad\/wp-json\/wp\/v2\/types\/post"}],"author":[{"embeddable":true,"href":"https:\/\/www.africa-press.net\/tchad\/wp-json\/wp\/v2\/users\/82"}],"replies":[{"embeddable":true,"href":"https:\/\/www.africa-press.net\/tchad\/wp-json\/wp\/v2\/comments?post=12685"}],"version-history":[{"count":0,"href":"https:\/\/www.africa-press.net\/tchad\/wp-json\/wp\/v2\/posts\/12685\/revisions"}],"wp:featuredmedia":[{"embeddable":true,"href":"https:\/\/www.africa-press.net\/tchad\/wp-json\/wp\/v2\/media\/12684"}],"wp:attachment":[{"href":"https:\/\/www.africa-press.net\/tchad\/wp-json\/wp\/v2\/media?parent=12685"}],"wp:term":[{"taxonomy":"category","embeddable":true,"href":"https:\/\/www.africa-press.net\/tchad\/wp-json\/wp\/v2\/categories?post=12685"},{"taxonomy":"post_tag","embeddable":true,"href":"https:\/\/www.africa-press.net\/tchad\/wp-json\/wp\/v2\/tags?post=12685"}],"curies":[{"name":"wp","href":"https:\/\/api.w.org\/{rel}","templated":true}]}}