{"id":12867,"date":"2021-10-27T15:53:48","date_gmt":"2021-10-27T15:53:48","guid":{"rendered":"https:\/\/www.africa-press.net\/tchad\/politique\/tchad-une-delegation-de-la-beac-a-ndjamena-pour-projet-de-monetisation-de-lor"},"modified":"2021-10-28T22:42:07","modified_gmt":"2021-10-28T22:42:07","slug":"tchad-une-delegation-de-la-beac-a-ndjamena-pour-projet-de-monetisation-de-lor","status":"publish","type":"post","link":"https:\/\/www.africa-press.net\/tchad\/economie\/tchad-une-delegation-de-la-beac-a-ndjamena-pour-projet-de-monetisation-de-lor","title":{"rendered":"une d\u00e9l\u00e9gation de la BEAC \u00e0 N\u2019Djamena pour projet de mon\u00e9tisation de l\u2019Or"},"content":{"rendered":"<p><span style=\"color: #ff6600\"><strong>Africa-Press &#8211; Tchad. <\/strong><\/span>Dans le cadre du projet \u00bb Monetisation de l\u2019Or \u00bb inscrit dans le plan strat\u00e9gique de la BEAC, le Ministre des Mines et de la G\u00e9ologie Monsieur Abdelkerim Mahamat Abdelkerim une d\u00e9l\u00e9gation des cadres de la BEAC. La mission est conduite par le Directeur National accompagn\u00e9 par le Directeur Central des Op\u00e9rations Financi\u00e8res et trois autres personnalit\u00e9s de la Banque.<\/p>\n<p>Le Ministre a remerci\u00e9 la d\u00e9l\u00e9gation pour son d\u00e9placement et a salu\u00e9 cette initiative. Il a estim\u00e9 que le Tchad regorge beaucoup de l\u2019or, mais son circuit commercial n\u2019est pas bien ma\u00eetris\u00e9. Abdelkerim Mahamat Abdelkerim \u00e0 accompagner le projet et a demand\u00e9 \u00e0 ce que soit mis un point focal au sein du Minist\u00e8re pour suivre les \u00e9tapes de la mise en \u0153uvre de ce projet<\/p>\n<p>Le Directeur des Op\u00e9rations Financi\u00e8res de la BEAC, Mahamat Djibrine a soulign\u00e9 que ce projet permettra aux \u00c9tats de la CEMAC d\u2019engranger des plus-values importantes pour financer leurs budgets respectifs.<\/p>\n<p><strong>Pour plus d&rsquo;informations et d&rsquo;analyses sur la <a href=\"https:\/\/www.africa-press.net\/tchad\">Tchad<\/a>, suivez <a href=\"https:\/\/www.africa-press.net\/\">Africa-Press<\/a><\/strong><\/p>\n","protected":false},"excerpt":{"rendered":"<p>Africa-Press &#8211; Tchad. Dans le cadre du projet \u00bb Monetisation de l\u2019Or \u00bb inscrit dans le plan strat\u00e9gique de la BEAC, le Ministre des Mines et de la G\u00e9ologie Monsieur Abdelkerim Mahamat Abdelkerim une d\u00e9l\u00e9gation des cadres de la BEAC. La mission est conduite par le Directeur National accompagn\u00e9 par le Directeur Central des Op\u00e9rations [&hellip;]<\/p>\n","protected":false},"author":82,"featured_media":12866,"comment_status":"open","ping_status":"closed","sticky":false,"template":"","format":"standard","meta":{"footnotes":""},"categories":[3,11,10],"tags":[37,292,761,2205,29],"class_list":["post-12867","post","type-post","status-publish","format-standard","has-post-thumbnail","hentry","category-economie","category-homepage-french","category-toutes-les-actualites","tag-africa-press","tag-africa-press-tchad","tag-beac","tag-projet-de-monetisation-de-lor","tag-tchad"],"yoast_head":"<!-- This site is optimized with the Yoast SEO Premium plugin v26.1 (Yoast SEO v27.0) - https:\/\/yoast.com\/product\/yoast-seo-premium-wordpress\/ -->\n<title>une d\u00e9l\u00e9gation de la BEAC \u00e0 N\u2019Djamena pour projet de mon\u00e9tisation de l\u2019Or - tchad<\/title>\n<meta name=\"description\" content=\"Dans le cadre du projet \u00bb Monetisation de l\u2019Or \u00bb inscrit dans le plan strat\u00e9gique de la BEAC, le Ministre des Mines et d ...\" \/>\n<meta name=\"robots\" content=\"index, follow, max-snippet:-1, max-image-preview:large, max-video-preview:-1\" \/>\n<link rel=\"canonical\" href=\"https:\/\/www.africa-press.net\/tchad\/economie\/tchad-une-delegation-de-la-beac-a-ndjamena-pour-projet-de-monetisation-de-lor\" \/>\n<meta property=\"og:locale\" content=\"fr_FR\" \/>\n<meta property=\"og:type\" content=\"article\" \/>\n<meta property=\"og:title\" content=\"une d\u00e9l\u00e9gation de la BEAC \u00e0 N\u2019Djamena pour projet de mon\u00e9tisation de l\u2019Or\" \/>\n<meta property=\"og:description\" content=\"Dans le cadre du projet \u00bb Monetisation de l\u2019Or \u00bb inscrit dans le plan strat\u00e9gique de la BEAC, le Ministre des Mines et d ...\" \/>\n<meta property=\"og:url\" content=\"https:\/\/www.africa-press.net\/tchad\/economie\/tchad-une-delegation-de-la-beac-a-ndjamena-pour-projet-de-monetisation-de-lor\" \/>\n<meta property=\"og:site_name\" content=\"tchad\" \/>\n<meta property=\"article:published_time\" content=\"2021-10-27T15:53:48+00:00\" \/>\n<meta property=\"article:modified_time\" content=\"2021-10-28T22:42:07+00:00\" \/>\n<meta property=\"og:image\" content=\"https:\/\/static.africa-press.net\/tchad\/sites\/41\/2021\/10\/img-61797e723d6fb.jpg\" \/>\n\t<meta property=\"og:image:width\" content=\"780\" \/>\n\t<meta property=\"og:image:height\" content=\"440\" \/>\n\t<meta property=\"og:image:type\" content=\"image\/jpeg\" \/>\n<meta name=\"author\" content=\"cfeditorfr\" \/>\n<meta name=\"twitter:card\" content=\"summary_large_image\" \/>\n<meta name=\"twitter:label1\" content=\"\u00c9crit par\" \/>\n\t<meta name=\"twitter:data1\" content=\"cfeditorfr\" \/>\n\t<meta name=\"twitter:label2\" content=\"Dur\u00e9e de lecture estim\u00e9e\" \/>\n\t<meta name=\"twitter:data2\" content=\"1 minute\" \/>\n<script type=\"application\/ld+json\" class=\"yoast-schema-graph\">{\"@context\":\"https:\/\/schema.org\",\"@graph\":[{\"@type\":\"Article\",\"@id\":\"https:\/\/www.africa-press.net\/tchad\/economie\/tchad-une-delegation-de-la-beac-a-ndjamena-pour-projet-de-monetisation-de-lor#article\",\"isPartOf\":{\"@id\":\"https:\/\/www.africa-press.net\/tchad\/economie\/tchad-une-delegation-de-la-beac-a-ndjamena-pour-projet-de-monetisation-de-lor\"},\"author\":{\"name\":\"cfeditorfr\",\"@id\":\"https:\/\/www.africa-press.net\/tchad\/#\/schema\/person\/2b1cf3cd81a31e3cd26889ca66d677f1\"},\"headline\":\"une d\u00e9l\u00e9gation de la BEAC \u00e0 N\u2019Djamena pour projet de mon\u00e9tisation de l\u2019Or\",\"datePublished\":\"2021-10-27T15:53:48+00:00\",\"dateModified\":\"2021-10-28T22:42:07+00:00\",\"mainEntityOfPage\":{\"@id\":\"https:\/\/www.africa-press.net\/tchad\/economie\/tchad-une-delegation-de-la-beac-a-ndjamena-pour-projet-de-monetisation-de-lor\"},\"wordCount\":202,\"commentCount\":0,\"image\":{\"@id\":\"https:\/\/www.africa-press.net\/tchad\/economie\/tchad-une-delegation-de-la-beac-a-ndjamena-pour-projet-de-monetisation-de-lor#primaryimage\"},\"thumbnailUrl\":\"https:\/\/static.africa-press.net\/tchad\/sites\/41\/2021\/10\/img-61797e723d6fb.jpg\",\"keywords\":[\"Africa Press\",\"Africa Press-Tchad\",\"BEAC\",\"Projet de mon\u00e9tisation de l'or\",\"Tchad\"],\"articleSection\":[\"\u00c9conomie\",\"homepage-french\",\"Toutes les actualit\u00e9s\"],\"inLanguage\":\"fr-FR\",\"potentialAction\":[{\"@type\":\"CommentAction\",\"name\":\"Comment\",\"target\":[\"https:\/\/www.africa-press.net\/tchad\/economie\/tchad-une-delegation-de-la-beac-a-ndjamena-pour-projet-de-monetisation-de-lor#respond\"]}]},{\"@type\":\"WebPage\",\"@id\":\"https:\/\/www.africa-press.net\/tchad\/economie\/tchad-une-delegation-de-la-beac-a-ndjamena-pour-projet-de-monetisation-de-lor\",\"url\":\"https:\/\/www.africa-press.net\/tchad\/economie\/tchad-une-delegation-de-la-beac-a-ndjamena-pour-projet-de-monetisation-de-lor\",\"name\":\"une d\u00e9l\u00e9gation de la BEAC \u00e0 N\u2019Djamena pour projet de mon\u00e9tisation de l\u2019Or - tchad\",\"isPartOf\":{\"@id\":\"https:\/\/www.africa-press.net\/tchad\/#website\"},\"primaryImageOfPage\":{\"@id\":\"https:\/\/www.africa-press.net\/tchad\/economie\/tchad-une-delegation-de-la-beac-a-ndjamena-pour-projet-de-monetisation-de-lor#primaryimage\"},\"image\":{\"@id\":\"https:\/\/www.africa-press.net\/tchad\/economie\/tchad-une-delegation-de-la-beac-a-ndjamena-pour-projet-de-monetisation-de-lor#primaryimage\"},\"thumbnailUrl\":\"https:\/\/static.africa-press.net\/tchad\/sites\/41\/2021\/10\/img-61797e723d6fb.jpg\",\"datePublished\":\"2021-10-27T15:53:48+00:00\",\"dateModified\":\"2021-10-28T22:42:07+00:00\",\"author\":{\"@id\":\"https:\/\/www.africa-press.net\/tchad\/#\/schema\/person\/2b1cf3cd81a31e3cd26889ca66d677f1\"},\"description\":\"Dans le cadre du projet \u00bb Monetisation de l\u2019Or \u00bb inscrit dans le plan strat\u00e9gique de la BEAC, le Ministre des Mines et d ...\",\"breadcrumb\":{\"@id\":\"https:\/\/www.africa-press.net\/tchad\/economie\/tchad-une-delegation-de-la-beac-a-ndjamena-pour-projet-de-monetisation-de-lor#breadcrumb\"},\"inLanguage\":\"fr-FR\",\"potentialAction\":[{\"@type\":\"ReadAction\",\"target\":[\"https:\/\/www.africa-press.net\/tchad\/economie\/tchad-une-delegation-de-la-beac-a-ndjamena-pour-projet-de-monetisation-de-lor\"]}]},{\"@type\":\"ImageObject\",\"inLanguage\":\"fr-FR\",\"@id\":\"https:\/\/www.africa-press.net\/tchad\/economie\/tchad-une-delegation-de-la-beac-a-ndjamena-pour-projet-de-monetisation-de-lor#primaryimage\",\"url\":\"https:\/\/static.africa-press.net\/tchad\/sites\/41\/2021\/10\/img-61797e723d6fb.jpg\",\"contentUrl\":\"https:\/\/static.africa-press.net\/tchad\/sites\/41\/2021\/10\/img-61797e723d6fb.jpg\",\"width\":780,\"height\":440,\"caption\":\"Tchad : une d\u00e9l\u00e9gation de la BEAC \u00e0 N\u2019Djamena pour projet de mon\u00e9tisation de l\u2019Or\"},{\"@type\":\"BreadcrumbList\",\"@id\":\"https:\/\/www.africa-press.net\/tchad\/economie\/tchad-une-delegation-de-la-beac-a-ndjamena-pour-projet-de-monetisation-de-lor#breadcrumb\",\"itemListElement\":[{\"@type\":\"ListItem\",\"position\":1,\"name\":\"Accueil\",\"item\":\"https:\/\/www.africa-press.net\/tchad\/\"},{\"@type\":\"ListItem\",\"position\":2,\"name\":\"une d\u00e9l\u00e9gation de la BEAC \u00e0 N\u2019Djamena pour projet de mon\u00e9tisation de l\u2019Or\"}]},{\"@type\":\"WebSite\",\"@id\":\"https:\/\/www.africa-press.net\/tchad\/#website\",\"url\":\"https:\/\/www.africa-press.net\/tchad\/\",\"name\":\"tchad\",\"description\":\"Just another Africa News Agency Sites site\",\"potentialAction\":[{\"@type\":\"SearchAction\",\"target\":{\"@type\":\"EntryPoint\",\"urlTemplate\":\"https:\/\/www.africa-press.net\/tchad\/?s={search_term_string}\"},\"query-input\":{\"@type\":\"PropertyValueSpecification\",\"valueRequired\":true,\"valueName\":\"search_term_string\"}}],\"inLanguage\":\"fr-FR\"},{\"@type\":\"Person\",\"@id\":\"https:\/\/www.africa-press.net\/tchad\/#\/schema\/person\/2b1cf3cd81a31e3cd26889ca66d677f1\",\"name\":\"cfeditorfr\"}]}<\/script>\n<!-- \/ Yoast SEO Premium plugin. -->","yoast_head_json":{"title":"une d\u00e9l\u00e9gation de la BEAC \u00e0 N\u2019Djamena pour projet de mon\u00e9tisation de l\u2019Or - tchad","description":"Dans le cadre du projet \u00bb Monetisation de l\u2019Or \u00bb inscrit dans le plan strat\u00e9gique de la BEAC, le Ministre des Mines et d ...","robots":{"index":"index","follow":"follow","max-snippet":"max-snippet:-1","max-image-preview":"max-image-preview:large","max-video-preview":"max-video-preview:-1"},"canonical":"https:\/\/www.africa-press.net\/tchad\/economie\/tchad-une-delegation-de-la-beac-a-ndjamena-pour-projet-de-monetisation-de-lor","og_locale":"fr_FR","og_type":"article","og_title":"une d\u00e9l\u00e9gation de la BEAC \u00e0 N\u2019Djamena pour projet de mon\u00e9tisation de l\u2019Or","og_description":"Dans le cadre du projet \u00bb Monetisation de l\u2019Or \u00bb inscrit dans le plan strat\u00e9gique de la BEAC, le Ministre des Mines et d ...","og_url":"https:\/\/www.africa-press.net\/tchad\/economie\/tchad-une-delegation-de-la-beac-a-ndjamena-pour-projet-de-monetisation-de-lor","og_site_name":"tchad","article_published_time":"2021-10-27T15:53:48+00:00","article_modified_time":"2021-10-28T22:42:07+00:00","og_image":[{"width":780,"height":440,"url":"https:\/\/static.africa-press.net\/tchad\/sites\/41\/2021\/10\/img-61797e723d6fb.jpg","type":"image\/jpeg"}],"author":"cfeditorfr","twitter_card":"summary_large_image","twitter_misc":{"\u00c9crit par":"cfeditorfr","Dur\u00e9e de lecture estim\u00e9e":"1 minute"},"schema":{"@context":"https:\/\/schema.org","@graph":[{"@type":"Article","@id":"https:\/\/www.africa-press.net\/tchad\/economie\/tchad-une-delegation-de-la-beac-a-ndjamena-pour-projet-de-monetisation-de-lor#article","isPartOf":{"@id":"https:\/\/www.africa-press.net\/tchad\/economie\/tchad-une-delegation-de-la-beac-a-ndjamena-pour-projet-de-monetisation-de-lor"},"author":{"name":"cfeditorfr","@id":"https:\/\/www.africa-press.net\/tchad\/#\/schema\/person\/2b1cf3cd81a31e3cd26889ca66d677f1"},"headline":"une d\u00e9l\u00e9gation de la BEAC \u00e0 N\u2019Djamena pour projet de mon\u00e9tisation de l\u2019Or","datePublished":"2021-10-27T15:53:48+00:00","dateModified":"2021-10-28T22:42:07+00:00","mainEntityOfPage":{"@id":"https:\/\/www.africa-press.net\/tchad\/economie\/tchad-une-delegation-de-la-beac-a-ndjamena-pour-projet-de-monetisation-de-lor"},"wordCount":202,"commentCount":0,"image":{"@id":"https:\/\/www.africa-press.net\/tchad\/economie\/tchad-une-delegation-de-la-beac-a-ndjamena-pour-projet-de-monetisation-de-lor#primaryimage"},"thumbnailUrl":"https:\/\/static.africa-press.net\/tchad\/sites\/41\/2021\/10\/img-61797e723d6fb.jpg","keywords":["Africa Press","Africa Press-Tchad","BEAC","Projet de mon\u00e9tisation de l'or","Tchad"],"articleSection":["\u00c9conomie","homepage-french","Toutes les actualit\u00e9s"],"inLanguage":"fr-FR","potentialAction":[{"@type":"CommentAction","name":"Comment","target":["https:\/\/www.africa-press.net\/tchad\/economie\/tchad-une-delegation-de-la-beac-a-ndjamena-pour-projet-de-monetisation-de-lor#respond"]}]},{"@type":"WebPage","@id":"https:\/\/www.africa-press.net\/tchad\/economie\/tchad-une-delegation-de-la-beac-a-ndjamena-pour-projet-de-monetisation-de-lor","url":"https:\/\/www.africa-press.net\/tchad\/economie\/tchad-une-delegation-de-la-beac-a-ndjamena-pour-projet-de-monetisation-de-lor","name":"une d\u00e9l\u00e9gation de la BEAC \u00e0 N\u2019Djamena pour projet de mon\u00e9tisation de l\u2019Or - tchad","isPartOf":{"@id":"https:\/\/www.africa-press.net\/tchad\/#website"},"primaryImageOfPage":{"@id":"https:\/\/www.africa-press.net\/tchad\/economie\/tchad-une-delegation-de-la-beac-a-ndjamena-pour-projet-de-monetisation-de-lor#primaryimage"},"image":{"@id":"https:\/\/www.africa-press.net\/tchad\/economie\/tchad-une-delegation-de-la-beac-a-ndjamena-pour-projet-de-monetisation-de-lor#primaryimage"},"thumbnailUrl":"https:\/\/static.africa-press.net\/tchad\/sites\/41\/2021\/10\/img-61797e723d6fb.jpg","datePublished":"2021-10-27T15:53:48+00:00","dateModified":"2021-10-28T22:42:07+00:00","author":{"@id":"https:\/\/www.africa-press.net\/tchad\/#\/schema\/person\/2b1cf3cd81a31e3cd26889ca66d677f1"},"description":"Dans le cadre du projet \u00bb Monetisation de l\u2019Or \u00bb inscrit dans le plan strat\u00e9gique de la BEAC, le Ministre des Mines et d ...","breadcrumb":{"@id":"https:\/\/www.africa-press.net\/tchad\/economie\/tchad-une-delegation-de-la-beac-a-ndjamena-pour-projet-de-monetisation-de-lor#breadcrumb"},"inLanguage":"fr-FR","potentialAction":[{"@type":"ReadAction","target":["https:\/\/www.africa-press.net\/tchad\/economie\/tchad-une-delegation-de-la-beac-a-ndjamena-pour-projet-de-monetisation-de-lor"]}]},{"@type":"ImageObject","inLanguage":"fr-FR","@id":"https:\/\/www.africa-press.net\/tchad\/economie\/tchad-une-delegation-de-la-beac-a-ndjamena-pour-projet-de-monetisation-de-lor#primaryimage","url":"https:\/\/static.africa-press.net\/tchad\/sites\/41\/2021\/10\/img-61797e723d6fb.jpg","contentUrl":"https:\/\/static.africa-press.net\/tchad\/sites\/41\/2021\/10\/img-61797e723d6fb.jpg","width":780,"height":440,"caption":"Tchad : une d\u00e9l\u00e9gation de la BEAC \u00e0 N\u2019Djamena pour projet de mon\u00e9tisation de l\u2019Or"},{"@type":"BreadcrumbList","@id":"https:\/\/www.africa-press.net\/tchad\/economie\/tchad-une-delegation-de-la-beac-a-ndjamena-pour-projet-de-monetisation-de-lor#breadcrumb","itemListElement":[{"@type":"ListItem","position":1,"name":"Accueil","item":"https:\/\/www.africa-press.net\/tchad\/"},{"@type":"ListItem","position":2,"name":"une d\u00e9l\u00e9gation de la BEAC \u00e0 N\u2019Djamena pour projet de mon\u00e9tisation de l\u2019Or"}]},{"@type":"WebSite","@id":"https:\/\/www.africa-press.net\/tchad\/#website","url":"https:\/\/www.africa-press.net\/tchad\/","name":"tchad","description":"Just another Africa News Agency Sites site","potentialAction":[{"@type":"SearchAction","target":{"@type":"EntryPoint","urlTemplate":"https:\/\/www.africa-press.net\/tchad\/?s={search_term_string}"},"query-input":{"@type":"PropertyValueSpecification","valueRequired":true,"valueName":"search_term_string"}}],"inLanguage":"fr-FR"},{"@type":"Person","@id":"https:\/\/www.africa-press.net\/tchad\/#\/schema\/person\/2b1cf3cd81a31e3cd26889ca66d677f1","name":"cfeditorfr"}]}},"_links":{"self":[{"href":"https:\/\/www.africa-press.net\/tchad\/wp-json\/wp\/v2\/posts\/12867","targetHints":{"allow":["GET"]}}],"collection":[{"href":"https:\/\/www.africa-press.net\/tchad\/wp-json\/wp\/v2\/posts"}],"about":[{"href":"https:\/\/www.africa-press.net\/tchad\/wp-json\/wp\/v2\/types\/post"}],"author":[{"embeddable":true,"href":"https:\/\/www.africa-press.net\/tchad\/wp-json\/wp\/v2\/users\/82"}],"replies":[{"embeddable":true,"href":"https:\/\/www.africa-press.net\/tchad\/wp-json\/wp\/v2\/comments?post=12867"}],"version-history":[{"count":0,"href":"https:\/\/www.africa-press.net\/tchad\/wp-json\/wp\/v2\/posts\/12867\/revisions"}],"wp:featuredmedia":[{"embeddable":true,"href":"https:\/\/www.africa-press.net\/tchad\/wp-json\/wp\/v2\/media\/12866"}],"wp:attachment":[{"href":"https:\/\/www.africa-press.net\/tchad\/wp-json\/wp\/v2\/media?parent=12867"}],"wp:term":[{"taxonomy":"category","embeddable":true,"href":"https:\/\/www.africa-press.net\/tchad\/wp-json\/wp\/v2\/categories?post=12867"},{"taxonomy":"post_tag","embeddable":true,"href":"https:\/\/www.africa-press.net\/tchad\/wp-json\/wp\/v2\/tags?post=12867"}],"curies":[{"name":"wp","href":"https:\/\/api.w.org\/{rel}","templated":true}]}}