{"id":13133,"date":"2021-11-02T17:32:40","date_gmt":"2021-11-02T17:32:40","guid":{"rendered":"https:\/\/www.africa-press.net\/tchad\/politique\/le-parti-reformiste-inaugure-son-siege-au-ouaddai"},"modified":"2021-11-04T22:22:17","modified_gmt":"2021-11-04T22:22:17","slug":"le-parti-reformiste-inaugure-son-siege-au-ouaddai","status":"publish","type":"post","link":"https:\/\/www.africa-press.net\/tchad\/politique\/le-parti-reformiste-inaugure-son-siege-au-ouaddai","title":{"rendered":"le Parti R\u00e9formiste inaugure son si\u00e8ge au Ouadda\u00ef"},"content":{"rendered":"<p><span style=\"color: #ff6600\"><strong>Africa-Press &#8211; Tchad. <\/strong><\/span>Le pr\u00e9sident du Parti R\u00e9formiste, Yacine Abdramane, a officiellement inaugur\u00e9 le bureau provincial de sa formation politique dans le Ouadda\u00ef. L\u2019ouverture a eu lieu le 31 octobre 2021 \u00e0 Ab\u00e9ch\u00e9 au sein du si\u00e8ge social situ\u00e9 dans le 4\u00e8me arrondissement de la ville.<\/p>\n<p>La c\u00e9r\u00e9monie a vu la participation des membres du parti et des repr\u00e9sentants des autres partis politiques amis r\u00e9sidents \u00e0 Ab\u00e9ch\u00e9. Dans son mot de bienvenue, le pr\u00e9sident provincial du Ouadda\u00ef, Mahamat Habib Mahadi Bourma a indiqu\u00e9 que d\u00e9sormais, les activit\u00e9s du parti dans la zone Nord Est du pays seront d\u00e9sormais visibles et lisibles. Il a promis au fondateur qu&rsquo;ils vont se mettre en ordre de bataille, pour le triomphe du parti.<\/p>\n<p>Habib Mahadi de poursuivre qu\u2019une grande mobilisation sera organis\u00e9e dans les jours \u00e0 venir, afin de transmettre le message \u00e0 la base pour une adh\u00e9sion massive, car \u00ab le Parti R\u00e9formiste a une vision lointaine et pour atteindre ses objectifs, tous les militants et militantes ainsi que les partis alli\u00e9s devront mener une bataille de synergie afin d&rsquo;atteindre ses objectifs \u00bb.<\/p>\n<p>Prenant la parole \u00e0 son tour, le pr\u00e9sident du parti a pr\u00e9sent\u00e9 le programme qui a pour but de lutter contre l&rsquo;injustice sociale et parvenir \u00e0 l&rsquo;unit\u00e9 de tous les Tchadiens, sans distinction d\u2019ethnie, r\u00e9gion et\/ou de religion.<\/p>\n<p>Yacine Abdramane a soulign\u00e9 aussi que le Ouadda\u00ef est une province \u00e0 part enti\u00e8re pour le parti, puisque cette province constitue la capitale de la zone Nord Est du Tchad.<\/p>\n<p>Avec l\u2019ouverture de ce bureau provincial \u00e0 Ab\u00e9ch\u00e9, les militants et sympathisants du parti pourront se retrouver pour \u00e9changer afin d&rsquo;apporter leurs contributions au changement int\u00e9gral du pays.<\/p>\n<p>Le pr\u00e9sident du Parti R\u00e9formiste n\u2019a pas perdu de vue le pr\u00e9 forum du dialogue national inclusif organis\u00e9 \u00e0 Ab\u00e9ch\u00e9. Pour lui, la consultation de ce dialogue dans le Ouadda\u00ef \u00e9tait un \u00e9chec, car ce preforum devait regrouper toutes les forces vives de la province (.<\/p>\n<p>la soci\u00e9t\u00e9 civile, les partis politiques, les religieux, les leaders traditionnels. . . ). Mais h\u00e9las, le choix de pr\u00e9s\u00e9lection des participants est mal r\u00e9parti, confisqu\u00e9 et g\u00e9r\u00e9 par le Mouvement patriotique (MPS) du salut du Ouadda\u00ef.<\/p>\n<p>Pour lui, il consid\u00e8re ce dialogue national inclusif comme un congr\u00e8s du MPS. C&rsquo;est pourquoi il lance un appel aux organisateurs de la prochaine consultation du dialogue national inclusif de revoir le choix des participants.<\/p>\n<p>Il a enfin exhort\u00e9 les militants du Ouadda\u00ef, ainsi que les autres partis politiques de l&rsquo;opposition, d&rsquo;\u00eatre solidaires pour d\u00e9fendre les couleurs des leurs partis afin d&rsquo;aspirer \u00e0 une justice sociale. Il faut noter que le bureau ex\u00e9cutif est compos\u00e9 de 30 membres, dirig\u00e9 par Mahamat Habib Mahadi Bourma est second\u00e9 le Dr Adam Dabouk Adam<\/p>\n<p><strong>Pour plus d&rsquo;informations et d&rsquo;analyses sur la <a href=\"https:\/\/www.africa-press.net\/tchad\">Tchad<\/a>, suivez <a href=\"https:\/\/www.africa-press.net\/\">Africa-Press<\/a><\/strong><\/p>\n","protected":false},"excerpt":{"rendered":"<p>Africa-Press &#8211; Tchad. Le pr\u00e9sident du Parti R\u00e9formiste, Yacine Abdramane, a officiellement inaugur\u00e9 le bureau provincial de sa formation politique dans le Ouadda\u00ef. L\u2019ouverture a eu lieu le 31 octobre 2021 \u00e0 Ab\u00e9ch\u00e9 au sein du si\u00e8ge social situ\u00e9 dans le 4\u00e8me arrondissement de la ville. La c\u00e9r\u00e9monie a vu la participation des membres du [&hellip;]<\/p>\n","protected":false},"author":82,"featured_media":13132,"comment_status":"open","ping_status":"closed","sticky":false,"template":"","format":"standard","meta":{"footnotes":""},"categories":[11,4,2,10],"tags":[37,292,358,203,29],"class_list":["post-13133","post","type-post","status-publish","format-standard","has-post-thumbnail","hentry","category-homepage-french","category-parties","category-politique","category-toutes-les-actualites","tag-africa-press","tag-africa-press-tchad","tag-ouaddai","tag-parti-reformiste","tag-tchad"],"yoast_head":"<!-- This site is optimized with the Yoast SEO Premium plugin v26.1 (Yoast SEO v27.0) - https:\/\/yoast.com\/product\/yoast-seo-premium-wordpress\/ -->\n<title>le Parti R\u00e9formiste inaugure son si\u00e8ge au Ouadda\u00ef - tchad<\/title>\n<meta name=\"robots\" content=\"index, follow, max-snippet:-1, max-image-preview:large, max-video-preview:-1\" \/>\n<link rel=\"canonical\" href=\"https:\/\/www.africa-press.net\/tchad\/politique\/le-parti-reformiste-inaugure-son-siege-au-ouaddai\" \/>\n<meta property=\"og:locale\" content=\"fr_FR\" \/>\n<meta property=\"og:type\" content=\"article\" \/>\n<meta property=\"og:title\" content=\"le Parti R\u00e9formiste inaugure son si\u00e8ge au Ouadda\u00ef\" \/>\n<meta property=\"og:description\" content=\"Africa-Press &#8211; Tchad. Le pr\u00e9sident du Parti R\u00e9formiste, Yacine Abdramane, a officiellement inaugur\u00e9 le bureau provincial de sa formation politique dans le Ouadda\u00ef. L\u2019ouverture a eu lieu le 31 octobre 2021 \u00e0 Ab\u00e9ch\u00e9 au sein du si\u00e8ge social situ\u00e9 dans le 4\u00e8me arrondissement de la ville. La c\u00e9r\u00e9monie a vu la participation des membres du [&hellip;]\" \/>\n<meta property=\"og:url\" content=\"https:\/\/www.africa-press.net\/tchad\/politique\/le-parti-reformiste-inaugure-son-siege-au-ouaddai\" \/>\n<meta property=\"og:site_name\" content=\"tchad\" \/>\n<meta property=\"article:published_time\" content=\"2021-11-02T17:32:40+00:00\" \/>\n<meta property=\"article:modified_time\" content=\"2021-11-04T22:22:17+00:00\" \/>\n<meta property=\"og:image\" content=\"https:\/\/static.africa-press.net\/tchad\/sites\/41\/2021\/11\/img-618185abc554a.jpg\" \/>\n\t<meta property=\"og:image:width\" content=\"868\" \/>\n\t<meta property=\"og:image:height\" content=\"391\" \/>\n\t<meta property=\"og:image:type\" content=\"image\/jpeg\" \/>\n<meta name=\"author\" content=\"cfeditorfr\" \/>\n<meta name=\"twitter:card\" content=\"summary_large_image\" \/>\n<meta name=\"twitter:label1\" content=\"\u00c9crit par\" \/>\n\t<meta name=\"twitter:data1\" content=\"cfeditorfr\" \/>\n\t<meta name=\"twitter:label2\" content=\"Dur\u00e9e de lecture estim\u00e9e\" \/>\n\t<meta name=\"twitter:data2\" content=\"2 minutes\" \/>\n<script type=\"application\/ld+json\" class=\"yoast-schema-graph\">{\"@context\":\"https:\/\/schema.org\",\"@graph\":[{\"@type\":\"Article\",\"@id\":\"https:\/\/www.africa-press.net\/tchad\/politique\/le-parti-reformiste-inaugure-son-siege-au-ouaddai#article\",\"isPartOf\":{\"@id\":\"https:\/\/www.africa-press.net\/tchad\/politique\/le-parti-reformiste-inaugure-son-siege-au-ouaddai\"},\"author\":{\"name\":\"cfeditorfr\",\"@id\":\"https:\/\/www.africa-press.net\/tchad\/#\/schema\/person\/2b1cf3cd81a31e3cd26889ca66d677f1\"},\"headline\":\"le Parti R\u00e9formiste inaugure son si\u00e8ge au Ouadda\u00ef\",\"datePublished\":\"2021-11-02T17:32:40+00:00\",\"dateModified\":\"2021-11-04T22:22:17+00:00\",\"mainEntityOfPage\":{\"@id\":\"https:\/\/www.africa-press.net\/tchad\/politique\/le-parti-reformiste-inaugure-son-siege-au-ouaddai\"},\"wordCount\":504,\"commentCount\":0,\"image\":{\"@id\":\"https:\/\/www.africa-press.net\/tchad\/politique\/le-parti-reformiste-inaugure-son-siege-au-ouaddai#primaryimage\"},\"thumbnailUrl\":\"https:\/\/static.africa-press.net\/tchad\/sites\/41\/2021\/11\/img-618185abc554a.jpg\",\"keywords\":[\"Africa Press\",\"Africa Press-Tchad\",\"Ouadda\u00ef\",\"Parti r\u00e9formiste\",\"Tchad\"],\"articleSection\":[\"homepage-french\",\"Parties\",\"Politique\",\"Toutes les actualit\u00e9s\"],\"inLanguage\":\"fr-FR\",\"potentialAction\":[{\"@type\":\"CommentAction\",\"name\":\"Comment\",\"target\":[\"https:\/\/www.africa-press.net\/tchad\/politique\/le-parti-reformiste-inaugure-son-siege-au-ouaddai#respond\"]}]},{\"@type\":\"WebPage\",\"@id\":\"https:\/\/www.africa-press.net\/tchad\/politique\/le-parti-reformiste-inaugure-son-siege-au-ouaddai\",\"url\":\"https:\/\/www.africa-press.net\/tchad\/politique\/le-parti-reformiste-inaugure-son-siege-au-ouaddai\",\"name\":\"le Parti R\u00e9formiste inaugure son si\u00e8ge au Ouadda\u00ef - tchad\",\"isPartOf\":{\"@id\":\"https:\/\/www.africa-press.net\/tchad\/#website\"},\"primaryImageOfPage\":{\"@id\":\"https:\/\/www.africa-press.net\/tchad\/politique\/le-parti-reformiste-inaugure-son-siege-au-ouaddai#primaryimage\"},\"image\":{\"@id\":\"https:\/\/www.africa-press.net\/tchad\/politique\/le-parti-reformiste-inaugure-son-siege-au-ouaddai#primaryimage\"},\"thumbnailUrl\":\"https:\/\/static.africa-press.net\/tchad\/sites\/41\/2021\/11\/img-618185abc554a.jpg\",\"datePublished\":\"2021-11-02T17:32:40+00:00\",\"dateModified\":\"2021-11-04T22:22:17+00:00\",\"author\":{\"@id\":\"https:\/\/www.africa-press.net\/tchad\/#\/schema\/person\/2b1cf3cd81a31e3cd26889ca66d677f1\"},\"breadcrumb\":{\"@id\":\"https:\/\/www.africa-press.net\/tchad\/politique\/le-parti-reformiste-inaugure-son-siege-au-ouaddai#breadcrumb\"},\"inLanguage\":\"fr-FR\",\"potentialAction\":[{\"@type\":\"ReadAction\",\"target\":[\"https:\/\/www.africa-press.net\/tchad\/politique\/le-parti-reformiste-inaugure-son-siege-au-ouaddai\"]}]},{\"@type\":\"ImageObject\",\"inLanguage\":\"fr-FR\",\"@id\":\"https:\/\/www.africa-press.net\/tchad\/politique\/le-parti-reformiste-inaugure-son-siege-au-ouaddai#primaryimage\",\"url\":\"https:\/\/static.africa-press.net\/tchad\/sites\/41\/2021\/11\/img-618185abc554a.jpg\",\"contentUrl\":\"https:\/\/static.africa-press.net\/tchad\/sites\/41\/2021\/11\/img-618185abc554a.jpg\",\"width\":868,\"height\":391,\"caption\":\"le Parti R\u00e9formiste inaugure son si\u00e8ge au Ouadda\u00ef\"},{\"@type\":\"BreadcrumbList\",\"@id\":\"https:\/\/www.africa-press.net\/tchad\/politique\/le-parti-reformiste-inaugure-son-siege-au-ouaddai#breadcrumb\",\"itemListElement\":[{\"@type\":\"ListItem\",\"position\":1,\"name\":\"Accueil\",\"item\":\"https:\/\/www.africa-press.net\/tchad\/\"},{\"@type\":\"ListItem\",\"position\":2,\"name\":\"le Parti R\u00e9formiste inaugure son si\u00e8ge au Ouadda\u00ef\"}]},{\"@type\":\"WebSite\",\"@id\":\"https:\/\/www.africa-press.net\/tchad\/#website\",\"url\":\"https:\/\/www.africa-press.net\/tchad\/\",\"name\":\"tchad\",\"description\":\"Just another Africa News Agency Sites site\",\"potentialAction\":[{\"@type\":\"SearchAction\",\"target\":{\"@type\":\"EntryPoint\",\"urlTemplate\":\"https:\/\/www.africa-press.net\/tchad\/?s={search_term_string}\"},\"query-input\":{\"@type\":\"PropertyValueSpecification\",\"valueRequired\":true,\"valueName\":\"search_term_string\"}}],\"inLanguage\":\"fr-FR\"},{\"@type\":\"Person\",\"@id\":\"https:\/\/www.africa-press.net\/tchad\/#\/schema\/person\/2b1cf3cd81a31e3cd26889ca66d677f1\",\"name\":\"cfeditorfr\"}]}<\/script>\n<!-- \/ Yoast SEO Premium plugin. -->","yoast_head_json":{"title":"le Parti R\u00e9formiste inaugure son si\u00e8ge au Ouadda\u00ef - tchad","robots":{"index":"index","follow":"follow","max-snippet":"max-snippet:-1","max-image-preview":"max-image-preview:large","max-video-preview":"max-video-preview:-1"},"canonical":"https:\/\/www.africa-press.net\/tchad\/politique\/le-parti-reformiste-inaugure-son-siege-au-ouaddai","og_locale":"fr_FR","og_type":"article","og_title":"le Parti R\u00e9formiste inaugure son si\u00e8ge au Ouadda\u00ef","og_description":"Africa-Press &#8211; Tchad. Le pr\u00e9sident du Parti R\u00e9formiste, Yacine Abdramane, a officiellement inaugur\u00e9 le bureau provincial de sa formation politique dans le Ouadda\u00ef. L\u2019ouverture a eu lieu le 31 octobre 2021 \u00e0 Ab\u00e9ch\u00e9 au sein du si\u00e8ge social situ\u00e9 dans le 4\u00e8me arrondissement de la ville. La c\u00e9r\u00e9monie a vu la participation des membres du [&hellip;]","og_url":"https:\/\/www.africa-press.net\/tchad\/politique\/le-parti-reformiste-inaugure-son-siege-au-ouaddai","og_site_name":"tchad","article_published_time":"2021-11-02T17:32:40+00:00","article_modified_time":"2021-11-04T22:22:17+00:00","og_image":[{"width":868,"height":391,"url":"https:\/\/static.africa-press.net\/tchad\/sites\/41\/2021\/11\/img-618185abc554a.jpg","type":"image\/jpeg"}],"author":"cfeditorfr","twitter_card":"summary_large_image","twitter_misc":{"\u00c9crit par":"cfeditorfr","Dur\u00e9e de lecture estim\u00e9e":"2 minutes"},"schema":{"@context":"https:\/\/schema.org","@graph":[{"@type":"Article","@id":"https:\/\/www.africa-press.net\/tchad\/politique\/le-parti-reformiste-inaugure-son-siege-au-ouaddai#article","isPartOf":{"@id":"https:\/\/www.africa-press.net\/tchad\/politique\/le-parti-reformiste-inaugure-son-siege-au-ouaddai"},"author":{"name":"cfeditorfr","@id":"https:\/\/www.africa-press.net\/tchad\/#\/schema\/person\/2b1cf3cd81a31e3cd26889ca66d677f1"},"headline":"le Parti R\u00e9formiste inaugure son si\u00e8ge au Ouadda\u00ef","datePublished":"2021-11-02T17:32:40+00:00","dateModified":"2021-11-04T22:22:17+00:00","mainEntityOfPage":{"@id":"https:\/\/www.africa-press.net\/tchad\/politique\/le-parti-reformiste-inaugure-son-siege-au-ouaddai"},"wordCount":504,"commentCount":0,"image":{"@id":"https:\/\/www.africa-press.net\/tchad\/politique\/le-parti-reformiste-inaugure-son-siege-au-ouaddai#primaryimage"},"thumbnailUrl":"https:\/\/static.africa-press.net\/tchad\/sites\/41\/2021\/11\/img-618185abc554a.jpg","keywords":["Africa Press","Africa Press-Tchad","Ouadda\u00ef","Parti r\u00e9formiste","Tchad"],"articleSection":["homepage-french","Parties","Politique","Toutes les actualit\u00e9s"],"inLanguage":"fr-FR","potentialAction":[{"@type":"CommentAction","name":"Comment","target":["https:\/\/www.africa-press.net\/tchad\/politique\/le-parti-reformiste-inaugure-son-siege-au-ouaddai#respond"]}]},{"@type":"WebPage","@id":"https:\/\/www.africa-press.net\/tchad\/politique\/le-parti-reformiste-inaugure-son-siege-au-ouaddai","url":"https:\/\/www.africa-press.net\/tchad\/politique\/le-parti-reformiste-inaugure-son-siege-au-ouaddai","name":"le Parti R\u00e9formiste inaugure son si\u00e8ge au Ouadda\u00ef - tchad","isPartOf":{"@id":"https:\/\/www.africa-press.net\/tchad\/#website"},"primaryImageOfPage":{"@id":"https:\/\/www.africa-press.net\/tchad\/politique\/le-parti-reformiste-inaugure-son-siege-au-ouaddai#primaryimage"},"image":{"@id":"https:\/\/www.africa-press.net\/tchad\/politique\/le-parti-reformiste-inaugure-son-siege-au-ouaddai#primaryimage"},"thumbnailUrl":"https:\/\/static.africa-press.net\/tchad\/sites\/41\/2021\/11\/img-618185abc554a.jpg","datePublished":"2021-11-02T17:32:40+00:00","dateModified":"2021-11-04T22:22:17+00:00","author":{"@id":"https:\/\/www.africa-press.net\/tchad\/#\/schema\/person\/2b1cf3cd81a31e3cd26889ca66d677f1"},"breadcrumb":{"@id":"https:\/\/www.africa-press.net\/tchad\/politique\/le-parti-reformiste-inaugure-son-siege-au-ouaddai#breadcrumb"},"inLanguage":"fr-FR","potentialAction":[{"@type":"ReadAction","target":["https:\/\/www.africa-press.net\/tchad\/politique\/le-parti-reformiste-inaugure-son-siege-au-ouaddai"]}]},{"@type":"ImageObject","inLanguage":"fr-FR","@id":"https:\/\/www.africa-press.net\/tchad\/politique\/le-parti-reformiste-inaugure-son-siege-au-ouaddai#primaryimage","url":"https:\/\/static.africa-press.net\/tchad\/sites\/41\/2021\/11\/img-618185abc554a.jpg","contentUrl":"https:\/\/static.africa-press.net\/tchad\/sites\/41\/2021\/11\/img-618185abc554a.jpg","width":868,"height":391,"caption":"le Parti R\u00e9formiste inaugure son si\u00e8ge au Ouadda\u00ef"},{"@type":"BreadcrumbList","@id":"https:\/\/www.africa-press.net\/tchad\/politique\/le-parti-reformiste-inaugure-son-siege-au-ouaddai#breadcrumb","itemListElement":[{"@type":"ListItem","position":1,"name":"Accueil","item":"https:\/\/www.africa-press.net\/tchad\/"},{"@type":"ListItem","position":2,"name":"le Parti R\u00e9formiste inaugure son si\u00e8ge au Ouadda\u00ef"}]},{"@type":"WebSite","@id":"https:\/\/www.africa-press.net\/tchad\/#website","url":"https:\/\/www.africa-press.net\/tchad\/","name":"tchad","description":"Just another Africa News Agency Sites site","potentialAction":[{"@type":"SearchAction","target":{"@type":"EntryPoint","urlTemplate":"https:\/\/www.africa-press.net\/tchad\/?s={search_term_string}"},"query-input":{"@type":"PropertyValueSpecification","valueRequired":true,"valueName":"search_term_string"}}],"inLanguage":"fr-FR"},{"@type":"Person","@id":"https:\/\/www.africa-press.net\/tchad\/#\/schema\/person\/2b1cf3cd81a31e3cd26889ca66d677f1","name":"cfeditorfr"}]}},"_links":{"self":[{"href":"https:\/\/www.africa-press.net\/tchad\/wp-json\/wp\/v2\/posts\/13133","targetHints":{"allow":["GET"]}}],"collection":[{"href":"https:\/\/www.africa-press.net\/tchad\/wp-json\/wp\/v2\/posts"}],"about":[{"href":"https:\/\/www.africa-press.net\/tchad\/wp-json\/wp\/v2\/types\/post"}],"author":[{"embeddable":true,"href":"https:\/\/www.africa-press.net\/tchad\/wp-json\/wp\/v2\/users\/82"}],"replies":[{"embeddable":true,"href":"https:\/\/www.africa-press.net\/tchad\/wp-json\/wp\/v2\/comments?post=13133"}],"version-history":[{"count":0,"href":"https:\/\/www.africa-press.net\/tchad\/wp-json\/wp\/v2\/posts\/13133\/revisions"}],"wp:featuredmedia":[{"embeddable":true,"href":"https:\/\/www.africa-press.net\/tchad\/wp-json\/wp\/v2\/media\/13132"}],"wp:attachment":[{"href":"https:\/\/www.africa-press.net\/tchad\/wp-json\/wp\/v2\/media?parent=13133"}],"wp:term":[{"taxonomy":"category","embeddable":true,"href":"https:\/\/www.africa-press.net\/tchad\/wp-json\/wp\/v2\/categories?post=13133"},{"taxonomy":"post_tag","embeddable":true,"href":"https:\/\/www.africa-press.net\/tchad\/wp-json\/wp\/v2\/tags?post=13133"}],"curies":[{"name":"wp","href":"https:\/\/api.w.org\/{rel}","templated":true}]}}