{"id":13137,"date":"2021-11-02T17:35:14","date_gmt":"2021-11-02T17:35:14","guid":{"rendered":"https:\/\/www.africa-press.net\/tchad\/politique\/lancement-officiel-de-la-5eme-edition-du-mois-du-livre-et-de-la-lecture"},"modified":"2021-11-04T22:22:31","modified_gmt":"2021-11-04T22:22:31","slug":"lancement-officiel-de-la-5eme-edition-du-mois-du-livre-et-de-la-lecture","status":"publish","type":"post","link":"https:\/\/www.africa-press.net\/tchad\/culture-et-art\/lancement-officiel-de-la-5eme-edition-du-mois-du-livre-et-de-la-lecture","title":{"rendered":"lancement officiel de la 5\u00e8me \u00e9dition du Mois du livre et de la lecture"},"content":{"rendered":"<p><span style=\"color: #ff6600\"><strong>Africa-Press &#8211; Tchad. <\/strong><\/span>La c\u00e9r\u00e9monie du lancement des activit\u00e9s de la 5\u00e8me \u00e9dition du mois du livre et de la lecture au Tchad a \u00e9t\u00e9 lanc\u00e9e sous le th\u00e8me : \u00ab le livre, vecteur de la paix et le vivre ensemble \u00bb, ce 02 novembre 2021 par la ministre de la Culture et de la Promotion de la diversit\u00e9, \u00e0 la Biblioth\u00e8que nationale.<\/p>\n<p>La c\u00e9r\u00e9monie a commenc\u00e9 par le mot du directeur de la Maison des patrimoines culturels du Tchad (MPCT). Dans son intervention, le directeur a rappel\u00e9 le caract\u00e8re national de cet \u00e9v\u00e8nement et la pertinence du th\u00e8me de cette Edition.<\/p>\n<p>La Maison des patrimoines culturels du Tchad (MPCT), en collaboration avec le minist\u00e8re de la Culture et de la Promotion de la diversit\u00e9, les acteurs de la chaine du livre, les chefs des \u00e9tablissements scolaires ainsi que les chercheurs et enseignant du sup\u00e9rieur, organisent plusieurs activit\u00e9s li\u00e9es au livre et la lecture.<\/p>\n<p>En outre, un prix litt\u00e9raire est mis en jeu pour les meilleurs \u00e9crivains vivant au Tchad, de m\u00eame que ceux vivant \u00e0 l\u2019\u00e9tranger. Un autre prix litt\u00e9raire sera d\u00e9di\u00e9 aux meilleurs \u00e9crivains en arabophone aussi aura lieu a-t-il conclu.<\/p>\n<p>Pour la ministre en charge de la Culture et de la Promotion de la diversit\u00e9 Mme Achta Djibrine Sy, \u00ab le Mois du livre et de la lecture constitue particuli\u00e8rement un moment d\u2019\u00e9changes et de partage entre les acteurs de la chaine du livre, \u00e0 savoir, les auteurs, les \u00e9diteurs, les libraires et les lecteurs \u00bb.<\/p>\n<p>Comme le th\u00e8me l\u2019indique, \u00ab le livre vecteur de la paix et du vivre ensemble \u00bb, elle invite le public en g\u00e9n\u00e9ral et la jeunesse en particulier, \u00e0 s\u2019adonner \u00e0 la lecture car c\u2019est \u00e0 travers le livre qu\u2019ils peuvent enrichir leur langage, am\u00e9liorer leur \u00e9criture, d\u00e9couvrir comment \u0153uvrer pour le vivre ensemble, pour la coh\u00e9sion sociale.<\/p>\n<p><strong>Pour plus d&rsquo;informations et d&rsquo;analyses sur la <a href=\"https:\/\/www.africa-press.net\/tchad\">Tchad<\/a>, suivez <a href=\"https:\/\/www.africa-press.net\/\">Africa-Press<\/a><\/strong><\/p>\n","protected":false},"excerpt":{"rendered":"<p>Africa-Press &#8211; Tchad. La c\u00e9r\u00e9monie du lancement des activit\u00e9s de la 5\u00e8me \u00e9dition du mois du livre et de la lecture au Tchad a \u00e9t\u00e9 lanc\u00e9e sous le th\u00e8me : \u00ab le livre, vecteur de la paix et le vivre ensemble \u00bb, ce 02 novembre 2021 par la ministre de la Culture et de la [&hellip;]<\/p>\n","protected":false},"author":82,"featured_media":13136,"comment_status":"open","ping_status":"closed","sticky":false,"template":"","format":"standard","meta":{"footnotes":""},"categories":[5,11,10],"tags":[37,292,2290,2289,29],"class_list":["post-13137","post","type-post","status-publish","format-standard","has-post-thumbnail","hentry","category-culture-et-art","category-homepage-french","category-toutes-les-actualites","tag-africa-press","tag-africa-press-tchad","tag-lancement","tag-lecture","tag-tchad"],"yoast_head":"<!-- This site is optimized with the Yoast SEO Premium plugin v26.1 (Yoast SEO v27.0) - https:\/\/yoast.com\/product\/yoast-seo-premium-wordpress\/ -->\n<title>lancement officiel de la 5\u00e8me \u00e9dition du Mois du livre et de la lecture - tchad<\/title>\n<meta name=\"robots\" content=\"index, follow, max-snippet:-1, max-image-preview:large, max-video-preview:-1\" \/>\n<link rel=\"canonical\" href=\"https:\/\/www.africa-press.net\/tchad\/culture-et-art\/lancement-officiel-de-la-5eme-edition-du-mois-du-livre-et-de-la-lecture\" \/>\n<meta property=\"og:locale\" content=\"fr_FR\" \/>\n<meta property=\"og:type\" content=\"article\" \/>\n<meta property=\"og:title\" content=\"lancement officiel de la 5\u00e8me \u00e9dition du Mois du livre et de la lecture\" \/>\n<meta property=\"og:description\" content=\"Africa-Press &#8211; Tchad. La c\u00e9r\u00e9monie du lancement des activit\u00e9s de la 5\u00e8me \u00e9dition du mois du livre et de la lecture au Tchad a \u00e9t\u00e9 lanc\u00e9e sous le th\u00e8me : \u00ab le livre, vecteur de la paix et le vivre ensemble \u00bb, ce 02 novembre 2021 par la ministre de la Culture et de la [&hellip;]\" \/>\n<meta property=\"og:url\" content=\"https:\/\/www.africa-press.net\/tchad\/culture-et-art\/lancement-officiel-de-la-5eme-edition-du-mois-du-livre-et-de-la-lecture\" \/>\n<meta property=\"og:site_name\" content=\"tchad\" \/>\n<meta property=\"article:published_time\" content=\"2021-11-02T17:35:14+00:00\" \/>\n<meta property=\"article:modified_time\" content=\"2021-11-04T22:22:31+00:00\" \/>\n<meta property=\"og:image\" content=\"https:\/\/static.africa-press.net\/tchad\/sites\/41\/2021\/11\/img-6181867a226ae.jpg\" \/>\n\t<meta property=\"og:image:width\" content=\"869\" \/>\n\t<meta property=\"og:image:height\" content=\"401\" \/>\n\t<meta property=\"og:image:type\" content=\"image\/jpeg\" \/>\n<meta name=\"author\" content=\"cfeditorfr\" \/>\n<meta name=\"twitter:card\" content=\"summary_large_image\" \/>\n<meta name=\"twitter:label1\" content=\"\u00c9crit par\" \/>\n\t<meta name=\"twitter:data1\" content=\"cfeditorfr\" \/>\n\t<meta name=\"twitter:label2\" content=\"Dur\u00e9e de lecture estim\u00e9e\" \/>\n\t<meta name=\"twitter:data2\" content=\"2 minutes\" \/>\n<script type=\"application\/ld+json\" class=\"yoast-schema-graph\">{\"@context\":\"https:\/\/schema.org\",\"@graph\":[{\"@type\":\"Article\",\"@id\":\"https:\/\/www.africa-press.net\/tchad\/culture-et-art\/lancement-officiel-de-la-5eme-edition-du-mois-du-livre-et-de-la-lecture#article\",\"isPartOf\":{\"@id\":\"https:\/\/www.africa-press.net\/tchad\/culture-et-art\/lancement-officiel-de-la-5eme-edition-du-mois-du-livre-et-de-la-lecture\"},\"author\":{\"name\":\"cfeditorfr\",\"@id\":\"https:\/\/www.africa-press.net\/tchad\/#\/schema\/person\/2b1cf3cd81a31e3cd26889ca66d677f1\"},\"headline\":\"lancement officiel de la 5\u00e8me \u00e9dition du Mois du livre et de la lecture\",\"datePublished\":\"2021-11-02T17:35:14+00:00\",\"dateModified\":\"2021-11-04T22:22:31+00:00\",\"mainEntityOfPage\":{\"@id\":\"https:\/\/www.africa-press.net\/tchad\/culture-et-art\/lancement-officiel-de-la-5eme-edition-du-mois-du-livre-et-de-la-lecture\"},\"wordCount\":349,\"commentCount\":0,\"image\":{\"@id\":\"https:\/\/www.africa-press.net\/tchad\/culture-et-art\/lancement-officiel-de-la-5eme-edition-du-mois-du-livre-et-de-la-lecture#primaryimage\"},\"thumbnailUrl\":\"https:\/\/static.africa-press.net\/tchad\/sites\/41\/2021\/11\/img-6181867a226ae.jpg\",\"keywords\":[\"Africa Press\",\"Africa Press-Tchad\",\"lancement\",\"lecture\",\"Tchad\"],\"articleSection\":[\"Culture et Art\",\"homepage-french\",\"Toutes les actualit\u00e9s\"],\"inLanguage\":\"fr-FR\",\"potentialAction\":[{\"@type\":\"CommentAction\",\"name\":\"Comment\",\"target\":[\"https:\/\/www.africa-press.net\/tchad\/culture-et-art\/lancement-officiel-de-la-5eme-edition-du-mois-du-livre-et-de-la-lecture#respond\"]}]},{\"@type\":\"WebPage\",\"@id\":\"https:\/\/www.africa-press.net\/tchad\/culture-et-art\/lancement-officiel-de-la-5eme-edition-du-mois-du-livre-et-de-la-lecture\",\"url\":\"https:\/\/www.africa-press.net\/tchad\/culture-et-art\/lancement-officiel-de-la-5eme-edition-du-mois-du-livre-et-de-la-lecture\",\"name\":\"lancement officiel de la 5\u00e8me \u00e9dition du Mois du livre et de la lecture - tchad\",\"isPartOf\":{\"@id\":\"https:\/\/www.africa-press.net\/tchad\/#website\"},\"primaryImageOfPage\":{\"@id\":\"https:\/\/www.africa-press.net\/tchad\/culture-et-art\/lancement-officiel-de-la-5eme-edition-du-mois-du-livre-et-de-la-lecture#primaryimage\"},\"image\":{\"@id\":\"https:\/\/www.africa-press.net\/tchad\/culture-et-art\/lancement-officiel-de-la-5eme-edition-du-mois-du-livre-et-de-la-lecture#primaryimage\"},\"thumbnailUrl\":\"https:\/\/static.africa-press.net\/tchad\/sites\/41\/2021\/11\/img-6181867a226ae.jpg\",\"datePublished\":\"2021-11-02T17:35:14+00:00\",\"dateModified\":\"2021-11-04T22:22:31+00:00\",\"author\":{\"@id\":\"https:\/\/www.africa-press.net\/tchad\/#\/schema\/person\/2b1cf3cd81a31e3cd26889ca66d677f1\"},\"breadcrumb\":{\"@id\":\"https:\/\/www.africa-press.net\/tchad\/culture-et-art\/lancement-officiel-de-la-5eme-edition-du-mois-du-livre-et-de-la-lecture#breadcrumb\"},\"inLanguage\":\"fr-FR\",\"potentialAction\":[{\"@type\":\"ReadAction\",\"target\":[\"https:\/\/www.africa-press.net\/tchad\/culture-et-art\/lancement-officiel-de-la-5eme-edition-du-mois-du-livre-et-de-la-lecture\"]}]},{\"@type\":\"ImageObject\",\"inLanguage\":\"fr-FR\",\"@id\":\"https:\/\/www.africa-press.net\/tchad\/culture-et-art\/lancement-officiel-de-la-5eme-edition-du-mois-du-livre-et-de-la-lecture#primaryimage\",\"url\":\"https:\/\/static.africa-press.net\/tchad\/sites\/41\/2021\/11\/img-6181867a226ae.jpg\",\"contentUrl\":\"https:\/\/static.africa-press.net\/tchad\/sites\/41\/2021\/11\/img-6181867a226ae.jpg\",\"width\":869,\"height\":401,\"caption\":\"lancement officiel de la 5\u00e8me \u00e9dition du Mois du livre et de la lecture\"},{\"@type\":\"BreadcrumbList\",\"@id\":\"https:\/\/www.africa-press.net\/tchad\/culture-et-art\/lancement-officiel-de-la-5eme-edition-du-mois-du-livre-et-de-la-lecture#breadcrumb\",\"itemListElement\":[{\"@type\":\"ListItem\",\"position\":1,\"name\":\"Accueil\",\"item\":\"https:\/\/www.africa-press.net\/tchad\/\"},{\"@type\":\"ListItem\",\"position\":2,\"name\":\"lancement officiel de la 5\u00e8me \u00e9dition du Mois du livre et de la lecture\"}]},{\"@type\":\"WebSite\",\"@id\":\"https:\/\/www.africa-press.net\/tchad\/#website\",\"url\":\"https:\/\/www.africa-press.net\/tchad\/\",\"name\":\"tchad\",\"description\":\"Just another Africa News Agency Sites site\",\"potentialAction\":[{\"@type\":\"SearchAction\",\"target\":{\"@type\":\"EntryPoint\",\"urlTemplate\":\"https:\/\/www.africa-press.net\/tchad\/?s={search_term_string}\"},\"query-input\":{\"@type\":\"PropertyValueSpecification\",\"valueRequired\":true,\"valueName\":\"search_term_string\"}}],\"inLanguage\":\"fr-FR\"},{\"@type\":\"Person\",\"@id\":\"https:\/\/www.africa-press.net\/tchad\/#\/schema\/person\/2b1cf3cd81a31e3cd26889ca66d677f1\",\"name\":\"cfeditorfr\"}]}<\/script>\n<!-- \/ Yoast SEO Premium plugin. -->","yoast_head_json":{"title":"lancement officiel de la 5\u00e8me \u00e9dition du Mois du livre et de la lecture - tchad","robots":{"index":"index","follow":"follow","max-snippet":"max-snippet:-1","max-image-preview":"max-image-preview:large","max-video-preview":"max-video-preview:-1"},"canonical":"https:\/\/www.africa-press.net\/tchad\/culture-et-art\/lancement-officiel-de-la-5eme-edition-du-mois-du-livre-et-de-la-lecture","og_locale":"fr_FR","og_type":"article","og_title":"lancement officiel de la 5\u00e8me \u00e9dition du Mois du livre et de la lecture","og_description":"Africa-Press &#8211; Tchad. La c\u00e9r\u00e9monie du lancement des activit\u00e9s de la 5\u00e8me \u00e9dition du mois du livre et de la lecture au Tchad a \u00e9t\u00e9 lanc\u00e9e sous le th\u00e8me : \u00ab le livre, vecteur de la paix et le vivre ensemble \u00bb, ce 02 novembre 2021 par la ministre de la Culture et de la [&hellip;]","og_url":"https:\/\/www.africa-press.net\/tchad\/culture-et-art\/lancement-officiel-de-la-5eme-edition-du-mois-du-livre-et-de-la-lecture","og_site_name":"tchad","article_published_time":"2021-11-02T17:35:14+00:00","article_modified_time":"2021-11-04T22:22:31+00:00","og_image":[{"width":869,"height":401,"url":"https:\/\/static.africa-press.net\/tchad\/sites\/41\/2021\/11\/img-6181867a226ae.jpg","type":"image\/jpeg"}],"author":"cfeditorfr","twitter_card":"summary_large_image","twitter_misc":{"\u00c9crit par":"cfeditorfr","Dur\u00e9e de lecture estim\u00e9e":"2 minutes"},"schema":{"@context":"https:\/\/schema.org","@graph":[{"@type":"Article","@id":"https:\/\/www.africa-press.net\/tchad\/culture-et-art\/lancement-officiel-de-la-5eme-edition-du-mois-du-livre-et-de-la-lecture#article","isPartOf":{"@id":"https:\/\/www.africa-press.net\/tchad\/culture-et-art\/lancement-officiel-de-la-5eme-edition-du-mois-du-livre-et-de-la-lecture"},"author":{"name":"cfeditorfr","@id":"https:\/\/www.africa-press.net\/tchad\/#\/schema\/person\/2b1cf3cd81a31e3cd26889ca66d677f1"},"headline":"lancement officiel de la 5\u00e8me \u00e9dition du Mois du livre et de la lecture","datePublished":"2021-11-02T17:35:14+00:00","dateModified":"2021-11-04T22:22:31+00:00","mainEntityOfPage":{"@id":"https:\/\/www.africa-press.net\/tchad\/culture-et-art\/lancement-officiel-de-la-5eme-edition-du-mois-du-livre-et-de-la-lecture"},"wordCount":349,"commentCount":0,"image":{"@id":"https:\/\/www.africa-press.net\/tchad\/culture-et-art\/lancement-officiel-de-la-5eme-edition-du-mois-du-livre-et-de-la-lecture#primaryimage"},"thumbnailUrl":"https:\/\/static.africa-press.net\/tchad\/sites\/41\/2021\/11\/img-6181867a226ae.jpg","keywords":["Africa Press","Africa Press-Tchad","lancement","lecture","Tchad"],"articleSection":["Culture et Art","homepage-french","Toutes les actualit\u00e9s"],"inLanguage":"fr-FR","potentialAction":[{"@type":"CommentAction","name":"Comment","target":["https:\/\/www.africa-press.net\/tchad\/culture-et-art\/lancement-officiel-de-la-5eme-edition-du-mois-du-livre-et-de-la-lecture#respond"]}]},{"@type":"WebPage","@id":"https:\/\/www.africa-press.net\/tchad\/culture-et-art\/lancement-officiel-de-la-5eme-edition-du-mois-du-livre-et-de-la-lecture","url":"https:\/\/www.africa-press.net\/tchad\/culture-et-art\/lancement-officiel-de-la-5eme-edition-du-mois-du-livre-et-de-la-lecture","name":"lancement officiel de la 5\u00e8me \u00e9dition du Mois du livre et de la lecture - tchad","isPartOf":{"@id":"https:\/\/www.africa-press.net\/tchad\/#website"},"primaryImageOfPage":{"@id":"https:\/\/www.africa-press.net\/tchad\/culture-et-art\/lancement-officiel-de-la-5eme-edition-du-mois-du-livre-et-de-la-lecture#primaryimage"},"image":{"@id":"https:\/\/www.africa-press.net\/tchad\/culture-et-art\/lancement-officiel-de-la-5eme-edition-du-mois-du-livre-et-de-la-lecture#primaryimage"},"thumbnailUrl":"https:\/\/static.africa-press.net\/tchad\/sites\/41\/2021\/11\/img-6181867a226ae.jpg","datePublished":"2021-11-02T17:35:14+00:00","dateModified":"2021-11-04T22:22:31+00:00","author":{"@id":"https:\/\/www.africa-press.net\/tchad\/#\/schema\/person\/2b1cf3cd81a31e3cd26889ca66d677f1"},"breadcrumb":{"@id":"https:\/\/www.africa-press.net\/tchad\/culture-et-art\/lancement-officiel-de-la-5eme-edition-du-mois-du-livre-et-de-la-lecture#breadcrumb"},"inLanguage":"fr-FR","potentialAction":[{"@type":"ReadAction","target":["https:\/\/www.africa-press.net\/tchad\/culture-et-art\/lancement-officiel-de-la-5eme-edition-du-mois-du-livre-et-de-la-lecture"]}]},{"@type":"ImageObject","inLanguage":"fr-FR","@id":"https:\/\/www.africa-press.net\/tchad\/culture-et-art\/lancement-officiel-de-la-5eme-edition-du-mois-du-livre-et-de-la-lecture#primaryimage","url":"https:\/\/static.africa-press.net\/tchad\/sites\/41\/2021\/11\/img-6181867a226ae.jpg","contentUrl":"https:\/\/static.africa-press.net\/tchad\/sites\/41\/2021\/11\/img-6181867a226ae.jpg","width":869,"height":401,"caption":"lancement officiel de la 5\u00e8me \u00e9dition du Mois du livre et de la lecture"},{"@type":"BreadcrumbList","@id":"https:\/\/www.africa-press.net\/tchad\/culture-et-art\/lancement-officiel-de-la-5eme-edition-du-mois-du-livre-et-de-la-lecture#breadcrumb","itemListElement":[{"@type":"ListItem","position":1,"name":"Accueil","item":"https:\/\/www.africa-press.net\/tchad\/"},{"@type":"ListItem","position":2,"name":"lancement officiel de la 5\u00e8me \u00e9dition du Mois du livre et de la lecture"}]},{"@type":"WebSite","@id":"https:\/\/www.africa-press.net\/tchad\/#website","url":"https:\/\/www.africa-press.net\/tchad\/","name":"tchad","description":"Just another Africa News Agency Sites site","potentialAction":[{"@type":"SearchAction","target":{"@type":"EntryPoint","urlTemplate":"https:\/\/www.africa-press.net\/tchad\/?s={search_term_string}"},"query-input":{"@type":"PropertyValueSpecification","valueRequired":true,"valueName":"search_term_string"}}],"inLanguage":"fr-FR"},{"@type":"Person","@id":"https:\/\/www.africa-press.net\/tchad\/#\/schema\/person\/2b1cf3cd81a31e3cd26889ca66d677f1","name":"cfeditorfr"}]}},"_links":{"self":[{"href":"https:\/\/www.africa-press.net\/tchad\/wp-json\/wp\/v2\/posts\/13137","targetHints":{"allow":["GET"]}}],"collection":[{"href":"https:\/\/www.africa-press.net\/tchad\/wp-json\/wp\/v2\/posts"}],"about":[{"href":"https:\/\/www.africa-press.net\/tchad\/wp-json\/wp\/v2\/types\/post"}],"author":[{"embeddable":true,"href":"https:\/\/www.africa-press.net\/tchad\/wp-json\/wp\/v2\/users\/82"}],"replies":[{"embeddable":true,"href":"https:\/\/www.africa-press.net\/tchad\/wp-json\/wp\/v2\/comments?post=13137"}],"version-history":[{"count":0,"href":"https:\/\/www.africa-press.net\/tchad\/wp-json\/wp\/v2\/posts\/13137\/revisions"}],"wp:featuredmedia":[{"embeddable":true,"href":"https:\/\/www.africa-press.net\/tchad\/wp-json\/wp\/v2\/media\/13136"}],"wp:attachment":[{"href":"https:\/\/www.africa-press.net\/tchad\/wp-json\/wp\/v2\/media?parent=13137"}],"wp:term":[{"taxonomy":"category","embeddable":true,"href":"https:\/\/www.africa-press.net\/tchad\/wp-json\/wp\/v2\/categories?post=13137"},{"taxonomy":"post_tag","embeddable":true,"href":"https:\/\/www.africa-press.net\/tchad\/wp-json\/wp\/v2\/tags?post=13137"}],"curies":[{"name":"wp","href":"https:\/\/api.w.org\/{rel}","templated":true}]}}