{"id":13143,"date":"2021-11-02T17:45:14","date_gmt":"2021-11-02T17:45:14","guid":{"rendered":"https:\/\/www.africa-press.net\/tchad\/politique\/lancement-de-la-7eme-edition-du-novembre-numerique"},"modified":"2021-11-04T22:22:55","modified_gmt":"2021-11-04T22:22:55","slug":"lancement-de-la-7eme-edition-du-novembre-numerique","status":"publish","type":"post","link":"https:\/\/www.africa-press.net\/tchad\/politique\/lancement-de-la-7eme-edition-du-novembre-numerique","title":{"rendered":"lancement de la 7\u00e8me \u00e9dition du novembre num\u00e9rique"},"content":{"rendered":"<p><span style=\"color: #ff6600\"><strong>Africa-Press &#8211; Tchad. <\/strong><\/span>L&rsquo;Institut Fran\u00e7ais du Tchad (IFT), en collaboration avec les responsables de Reindos Social et Wenak Labs, ont anim\u00e9 conjointement un point de presse sur le lancement officiel du novembre num\u00e9rique, c\u00e9l\u00e9br\u00e9 sous le th\u00e8me : \u00ab la transition num\u00e9rique \u00bb, ce mardi 02 novembre 2021 aux locaux de l&rsquo;IFT.<\/p>\n<p>Promouvoir l&rsquo;usage num\u00e9rique et la vulgarisation du digital est l&rsquo;objectif de cette \u00e9dition. Selon les organisateurs, le choix de ce th\u00e8me n&rsquo;est pas fortuit, car ils affirment qu\u2019avec l\u2019apparition du Covid-19, c&rsquo;est le num\u00e9rique qui les a sortis de l&rsquo;impasse et leur a permis de pouvoir exercer leurs travaux quotidiens via les TIC.<\/p>\n<p>Donc, le num\u00e9rique a des potentialit\u00e9s et il faut encourager davantage les jeunes \u00e0 des cr\u00e9ativit\u00e9s digitales pour leur \u00e9panouissement. Le num\u00e9rique n&rsquo;est pas seulement un atout pour les recherches et la communication, mais c&rsquo;est un moyen d&rsquo;entreprendre et de monter son propre business, ajoutent-ils.<\/p>\n<p>Il faut donc faire la promotion de cet atout \u00e0 la jeunesse tchadienne et donner un coup de pouce \u00e0 la transformation \u00e0 travers Wenaklabs, Reindos Social et l&rsquo;IFT.<\/p>\n<p>Selon eux, le mois de novembre sera largement consacr\u00e9 \u00e0 plusieurs activit\u00e9s promotrices et valorisantes de la digitalisation pour les jeunes de N&rsquo;Djam\u00e9na et certaines provinces.<\/p>\n<p>Amzine Amine Djalal de Wenaklabs Achta Adoum Abdoulaye de Reindos Social, le directeur ex\u00e9cutif Abdessalam Safi de wenaklabs et Corentin, charg\u00e9 de communication de l\u2019IFT, ont tous annonc\u00e9 au public que plusieurs activit\u00e9s enrichissantes seront men\u00e9es durant ce mois, notamment le g\u00e9nie en herbe, la formation sur les activit\u00e9s num\u00e9riques, etc.<\/p>\n<p>Un tour des formations de jeunes \u00e0 Massakory est pr\u00e9vu par Wenaklabs, et pour toute information ou participation, il faut consulter la page Facebook de l&rsquo;institution. Il en est de m\u00eame pour les formations de l&rsquo;IFT.<\/p>\n<p><strong>Pour plus d&rsquo;informations et d&rsquo;analyses sur la <a href=\"https:\/\/www.africa-press.net\/tchad\">Tchad<\/a>, suivez <a href=\"https:\/\/www.africa-press.net\/\">Africa-Press<\/a><\/strong><\/p>\n","protected":false},"excerpt":{"rendered":"<p>Africa-Press &#8211; Tchad. L&rsquo;Institut Fran\u00e7ais du Tchad (IFT), en collaboration avec les responsables de Reindos Social et Wenak Labs, ont anim\u00e9 conjointement un point de presse sur le lancement officiel du novembre num\u00e9rique, c\u00e9l\u00e9br\u00e9 sous le th\u00e8me : \u00ab la transition num\u00e9rique \u00bb, ce mardi 02 novembre 2021 aux locaux de l&rsquo;IFT. Promouvoir l&rsquo;usage num\u00e9rique [&hellip;]<\/p>\n","protected":false},"author":82,"featured_media":13142,"comment_status":"open","ping_status":"closed","sticky":false,"template":"","format":"standard","meta":{"footnotes":""},"categories":[11,2,10],"tags":[37,292,2290,2293,29],"class_list":["post-13143","post","type-post","status-publish","format-standard","has-post-thumbnail","hentry","category-homepage-french","category-politique","category-toutes-les-actualites","tag-africa-press","tag-africa-press-tchad","tag-lancement","tag-novembre","tag-tchad"],"yoast_head":"<!-- This site is optimized with the Yoast SEO Premium plugin v26.1 (Yoast SEO v27.0) - https:\/\/yoast.com\/product\/yoast-seo-premium-wordpress\/ -->\n<title>lancement de la 7\u00e8me \u00e9dition du novembre num\u00e9rique - tchad<\/title>\n<meta name=\"robots\" content=\"index, follow, max-snippet:-1, max-image-preview:large, max-video-preview:-1\" \/>\n<link rel=\"canonical\" href=\"https:\/\/www.africa-press.net\/tchad\/politique\/lancement-de-la-7eme-edition-du-novembre-numerique\" \/>\n<meta property=\"og:locale\" content=\"fr_FR\" \/>\n<meta property=\"og:type\" content=\"article\" \/>\n<meta property=\"og:title\" content=\"lancement de la 7\u00e8me \u00e9dition du novembre num\u00e9rique\" \/>\n<meta property=\"og:description\" content=\"Africa-Press &#8211; Tchad. L&rsquo;Institut Fran\u00e7ais du Tchad (IFT), en collaboration avec les responsables de Reindos Social et Wenak Labs, ont anim\u00e9 conjointement un point de presse sur le lancement officiel du novembre num\u00e9rique, c\u00e9l\u00e9br\u00e9 sous le th\u00e8me : \u00ab la transition num\u00e9rique \u00bb, ce mardi 02 novembre 2021 aux locaux de l&rsquo;IFT. Promouvoir l&rsquo;usage num\u00e9rique [&hellip;]\" \/>\n<meta property=\"og:url\" content=\"https:\/\/www.africa-press.net\/tchad\/politique\/lancement-de-la-7eme-edition-du-novembre-numerique\" \/>\n<meta property=\"og:site_name\" content=\"tchad\" \/>\n<meta property=\"article:published_time\" content=\"2021-11-02T17:45:14+00:00\" \/>\n<meta property=\"article:modified_time\" content=\"2021-11-04T22:22:55+00:00\" \/>\n<meta property=\"og:image\" content=\"https:\/\/static.africa-press.net\/tchad\/sites\/41\/2021\/11\/img-61818755c3592.jpg\" \/>\n\t<meta property=\"og:image:width\" content=\"869\" \/>\n\t<meta property=\"og:image:height\" content=\"459\" \/>\n\t<meta property=\"og:image:type\" content=\"image\/jpeg\" \/>\n<meta name=\"author\" content=\"cfeditorfr\" \/>\n<meta name=\"twitter:card\" content=\"summary_large_image\" \/>\n<meta name=\"twitter:label1\" content=\"\u00c9crit par\" \/>\n\t<meta name=\"twitter:data1\" content=\"cfeditorfr\" \/>\n\t<meta name=\"twitter:label2\" content=\"Dur\u00e9e de lecture estim\u00e9e\" \/>\n\t<meta name=\"twitter:data2\" content=\"2 minutes\" \/>\n<script type=\"application\/ld+json\" class=\"yoast-schema-graph\">{\"@context\":\"https:\/\/schema.org\",\"@graph\":[{\"@type\":\"Article\",\"@id\":\"https:\/\/www.africa-press.net\/tchad\/politique\/lancement-de-la-7eme-edition-du-novembre-numerique#article\",\"isPartOf\":{\"@id\":\"https:\/\/www.africa-press.net\/tchad\/politique\/lancement-de-la-7eme-edition-du-novembre-numerique\"},\"author\":{\"name\":\"cfeditorfr\",\"@id\":\"https:\/\/www.africa-press.net\/tchad\/#\/schema\/person\/2b1cf3cd81a31e3cd26889ca66d677f1\"},\"headline\":\"lancement de la 7\u00e8me \u00e9dition du novembre num\u00e9rique\",\"datePublished\":\"2021-11-02T17:45:14+00:00\",\"dateModified\":\"2021-11-04T22:22:55+00:00\",\"mainEntityOfPage\":{\"@id\":\"https:\/\/www.africa-press.net\/tchad\/politique\/lancement-de-la-7eme-edition-du-novembre-numerique\"},\"wordCount\":343,\"commentCount\":0,\"image\":{\"@id\":\"https:\/\/www.africa-press.net\/tchad\/politique\/lancement-de-la-7eme-edition-du-novembre-numerique#primaryimage\"},\"thumbnailUrl\":\"https:\/\/static.africa-press.net\/tchad\/sites\/41\/2021\/11\/img-61818755c3592.jpg\",\"keywords\":[\"Africa Press\",\"Africa Press-Tchad\",\"lancement\",\"novembre\",\"Tchad\"],\"articleSection\":[\"homepage-french\",\"Politique\",\"Toutes les actualit\u00e9s\"],\"inLanguage\":\"fr-FR\",\"potentialAction\":[{\"@type\":\"CommentAction\",\"name\":\"Comment\",\"target\":[\"https:\/\/www.africa-press.net\/tchad\/politique\/lancement-de-la-7eme-edition-du-novembre-numerique#respond\"]}]},{\"@type\":\"WebPage\",\"@id\":\"https:\/\/www.africa-press.net\/tchad\/politique\/lancement-de-la-7eme-edition-du-novembre-numerique\",\"url\":\"https:\/\/www.africa-press.net\/tchad\/politique\/lancement-de-la-7eme-edition-du-novembre-numerique\",\"name\":\"lancement de la 7\u00e8me \u00e9dition du novembre num\u00e9rique - tchad\",\"isPartOf\":{\"@id\":\"https:\/\/www.africa-press.net\/tchad\/#website\"},\"primaryImageOfPage\":{\"@id\":\"https:\/\/www.africa-press.net\/tchad\/politique\/lancement-de-la-7eme-edition-du-novembre-numerique#primaryimage\"},\"image\":{\"@id\":\"https:\/\/www.africa-press.net\/tchad\/politique\/lancement-de-la-7eme-edition-du-novembre-numerique#primaryimage\"},\"thumbnailUrl\":\"https:\/\/static.africa-press.net\/tchad\/sites\/41\/2021\/11\/img-61818755c3592.jpg\",\"datePublished\":\"2021-11-02T17:45:14+00:00\",\"dateModified\":\"2021-11-04T22:22:55+00:00\",\"author\":{\"@id\":\"https:\/\/www.africa-press.net\/tchad\/#\/schema\/person\/2b1cf3cd81a31e3cd26889ca66d677f1\"},\"breadcrumb\":{\"@id\":\"https:\/\/www.africa-press.net\/tchad\/politique\/lancement-de-la-7eme-edition-du-novembre-numerique#breadcrumb\"},\"inLanguage\":\"fr-FR\",\"potentialAction\":[{\"@type\":\"ReadAction\",\"target\":[\"https:\/\/www.africa-press.net\/tchad\/politique\/lancement-de-la-7eme-edition-du-novembre-numerique\"]}]},{\"@type\":\"ImageObject\",\"inLanguage\":\"fr-FR\",\"@id\":\"https:\/\/www.africa-press.net\/tchad\/politique\/lancement-de-la-7eme-edition-du-novembre-numerique#primaryimage\",\"url\":\"https:\/\/static.africa-press.net\/tchad\/sites\/41\/2021\/11\/img-61818755c3592.jpg\",\"contentUrl\":\"https:\/\/static.africa-press.net\/tchad\/sites\/41\/2021\/11\/img-61818755c3592.jpg\",\"width\":869,\"height\":459,\"caption\":\"lancement de la 7\u00e8me \u00e9dition du novembre num\u00e9rique\"},{\"@type\":\"BreadcrumbList\",\"@id\":\"https:\/\/www.africa-press.net\/tchad\/politique\/lancement-de-la-7eme-edition-du-novembre-numerique#breadcrumb\",\"itemListElement\":[{\"@type\":\"ListItem\",\"position\":1,\"name\":\"Accueil\",\"item\":\"https:\/\/www.africa-press.net\/tchad\/\"},{\"@type\":\"ListItem\",\"position\":2,\"name\":\"lancement de la 7\u00e8me \u00e9dition du novembre num\u00e9rique\"}]},{\"@type\":\"WebSite\",\"@id\":\"https:\/\/www.africa-press.net\/tchad\/#website\",\"url\":\"https:\/\/www.africa-press.net\/tchad\/\",\"name\":\"tchad\",\"description\":\"Just another Africa News Agency Sites site\",\"potentialAction\":[{\"@type\":\"SearchAction\",\"target\":{\"@type\":\"EntryPoint\",\"urlTemplate\":\"https:\/\/www.africa-press.net\/tchad\/?s={search_term_string}\"},\"query-input\":{\"@type\":\"PropertyValueSpecification\",\"valueRequired\":true,\"valueName\":\"search_term_string\"}}],\"inLanguage\":\"fr-FR\"},{\"@type\":\"Person\",\"@id\":\"https:\/\/www.africa-press.net\/tchad\/#\/schema\/person\/2b1cf3cd81a31e3cd26889ca66d677f1\",\"name\":\"cfeditorfr\"}]}<\/script>\n<!-- \/ Yoast SEO Premium plugin. -->","yoast_head_json":{"title":"lancement de la 7\u00e8me \u00e9dition du novembre num\u00e9rique - tchad","robots":{"index":"index","follow":"follow","max-snippet":"max-snippet:-1","max-image-preview":"max-image-preview:large","max-video-preview":"max-video-preview:-1"},"canonical":"https:\/\/www.africa-press.net\/tchad\/politique\/lancement-de-la-7eme-edition-du-novembre-numerique","og_locale":"fr_FR","og_type":"article","og_title":"lancement de la 7\u00e8me \u00e9dition du novembre num\u00e9rique","og_description":"Africa-Press &#8211; Tchad. L&rsquo;Institut Fran\u00e7ais du Tchad (IFT), en collaboration avec les responsables de Reindos Social et Wenak Labs, ont anim\u00e9 conjointement un point de presse sur le lancement officiel du novembre num\u00e9rique, c\u00e9l\u00e9br\u00e9 sous le th\u00e8me : \u00ab la transition num\u00e9rique \u00bb, ce mardi 02 novembre 2021 aux locaux de l&rsquo;IFT. Promouvoir l&rsquo;usage num\u00e9rique [&hellip;]","og_url":"https:\/\/www.africa-press.net\/tchad\/politique\/lancement-de-la-7eme-edition-du-novembre-numerique","og_site_name":"tchad","article_published_time":"2021-11-02T17:45:14+00:00","article_modified_time":"2021-11-04T22:22:55+00:00","og_image":[{"width":869,"height":459,"url":"https:\/\/static.africa-press.net\/tchad\/sites\/41\/2021\/11\/img-61818755c3592.jpg","type":"image\/jpeg"}],"author":"cfeditorfr","twitter_card":"summary_large_image","twitter_misc":{"\u00c9crit par":"cfeditorfr","Dur\u00e9e de lecture estim\u00e9e":"2 minutes"},"schema":{"@context":"https:\/\/schema.org","@graph":[{"@type":"Article","@id":"https:\/\/www.africa-press.net\/tchad\/politique\/lancement-de-la-7eme-edition-du-novembre-numerique#article","isPartOf":{"@id":"https:\/\/www.africa-press.net\/tchad\/politique\/lancement-de-la-7eme-edition-du-novembre-numerique"},"author":{"name":"cfeditorfr","@id":"https:\/\/www.africa-press.net\/tchad\/#\/schema\/person\/2b1cf3cd81a31e3cd26889ca66d677f1"},"headline":"lancement de la 7\u00e8me \u00e9dition du novembre num\u00e9rique","datePublished":"2021-11-02T17:45:14+00:00","dateModified":"2021-11-04T22:22:55+00:00","mainEntityOfPage":{"@id":"https:\/\/www.africa-press.net\/tchad\/politique\/lancement-de-la-7eme-edition-du-novembre-numerique"},"wordCount":343,"commentCount":0,"image":{"@id":"https:\/\/www.africa-press.net\/tchad\/politique\/lancement-de-la-7eme-edition-du-novembre-numerique#primaryimage"},"thumbnailUrl":"https:\/\/static.africa-press.net\/tchad\/sites\/41\/2021\/11\/img-61818755c3592.jpg","keywords":["Africa Press","Africa Press-Tchad","lancement","novembre","Tchad"],"articleSection":["homepage-french","Politique","Toutes les actualit\u00e9s"],"inLanguage":"fr-FR","potentialAction":[{"@type":"CommentAction","name":"Comment","target":["https:\/\/www.africa-press.net\/tchad\/politique\/lancement-de-la-7eme-edition-du-novembre-numerique#respond"]}]},{"@type":"WebPage","@id":"https:\/\/www.africa-press.net\/tchad\/politique\/lancement-de-la-7eme-edition-du-novembre-numerique","url":"https:\/\/www.africa-press.net\/tchad\/politique\/lancement-de-la-7eme-edition-du-novembre-numerique","name":"lancement de la 7\u00e8me \u00e9dition du novembre num\u00e9rique - tchad","isPartOf":{"@id":"https:\/\/www.africa-press.net\/tchad\/#website"},"primaryImageOfPage":{"@id":"https:\/\/www.africa-press.net\/tchad\/politique\/lancement-de-la-7eme-edition-du-novembre-numerique#primaryimage"},"image":{"@id":"https:\/\/www.africa-press.net\/tchad\/politique\/lancement-de-la-7eme-edition-du-novembre-numerique#primaryimage"},"thumbnailUrl":"https:\/\/static.africa-press.net\/tchad\/sites\/41\/2021\/11\/img-61818755c3592.jpg","datePublished":"2021-11-02T17:45:14+00:00","dateModified":"2021-11-04T22:22:55+00:00","author":{"@id":"https:\/\/www.africa-press.net\/tchad\/#\/schema\/person\/2b1cf3cd81a31e3cd26889ca66d677f1"},"breadcrumb":{"@id":"https:\/\/www.africa-press.net\/tchad\/politique\/lancement-de-la-7eme-edition-du-novembre-numerique#breadcrumb"},"inLanguage":"fr-FR","potentialAction":[{"@type":"ReadAction","target":["https:\/\/www.africa-press.net\/tchad\/politique\/lancement-de-la-7eme-edition-du-novembre-numerique"]}]},{"@type":"ImageObject","inLanguage":"fr-FR","@id":"https:\/\/www.africa-press.net\/tchad\/politique\/lancement-de-la-7eme-edition-du-novembre-numerique#primaryimage","url":"https:\/\/static.africa-press.net\/tchad\/sites\/41\/2021\/11\/img-61818755c3592.jpg","contentUrl":"https:\/\/static.africa-press.net\/tchad\/sites\/41\/2021\/11\/img-61818755c3592.jpg","width":869,"height":459,"caption":"lancement de la 7\u00e8me \u00e9dition du novembre num\u00e9rique"},{"@type":"BreadcrumbList","@id":"https:\/\/www.africa-press.net\/tchad\/politique\/lancement-de-la-7eme-edition-du-novembre-numerique#breadcrumb","itemListElement":[{"@type":"ListItem","position":1,"name":"Accueil","item":"https:\/\/www.africa-press.net\/tchad\/"},{"@type":"ListItem","position":2,"name":"lancement de la 7\u00e8me \u00e9dition du novembre num\u00e9rique"}]},{"@type":"WebSite","@id":"https:\/\/www.africa-press.net\/tchad\/#website","url":"https:\/\/www.africa-press.net\/tchad\/","name":"tchad","description":"Just another Africa News Agency Sites site","potentialAction":[{"@type":"SearchAction","target":{"@type":"EntryPoint","urlTemplate":"https:\/\/www.africa-press.net\/tchad\/?s={search_term_string}"},"query-input":{"@type":"PropertyValueSpecification","valueRequired":true,"valueName":"search_term_string"}}],"inLanguage":"fr-FR"},{"@type":"Person","@id":"https:\/\/www.africa-press.net\/tchad\/#\/schema\/person\/2b1cf3cd81a31e3cd26889ca66d677f1","name":"cfeditorfr"}]}},"_links":{"self":[{"href":"https:\/\/www.africa-press.net\/tchad\/wp-json\/wp\/v2\/posts\/13143","targetHints":{"allow":["GET"]}}],"collection":[{"href":"https:\/\/www.africa-press.net\/tchad\/wp-json\/wp\/v2\/posts"}],"about":[{"href":"https:\/\/www.africa-press.net\/tchad\/wp-json\/wp\/v2\/types\/post"}],"author":[{"embeddable":true,"href":"https:\/\/www.africa-press.net\/tchad\/wp-json\/wp\/v2\/users\/82"}],"replies":[{"embeddable":true,"href":"https:\/\/www.africa-press.net\/tchad\/wp-json\/wp\/v2\/comments?post=13143"}],"version-history":[{"count":0,"href":"https:\/\/www.africa-press.net\/tchad\/wp-json\/wp\/v2\/posts\/13143\/revisions"}],"wp:featuredmedia":[{"embeddable":true,"href":"https:\/\/www.africa-press.net\/tchad\/wp-json\/wp\/v2\/media\/13142"}],"wp:attachment":[{"href":"https:\/\/www.africa-press.net\/tchad\/wp-json\/wp\/v2\/media?parent=13143"}],"wp:term":[{"taxonomy":"category","embeddable":true,"href":"https:\/\/www.africa-press.net\/tchad\/wp-json\/wp\/v2\/categories?post=13143"},{"taxonomy":"post_tag","embeddable":true,"href":"https:\/\/www.africa-press.net\/tchad\/wp-json\/wp\/v2\/tags?post=13143"}],"curies":[{"name":"wp","href":"https:\/\/api.w.org\/{rel}","templated":true}]}}