{"id":13151,"date":"2021-11-03T15:51:36","date_gmt":"2021-11-03T15:51:36","guid":{"rendered":"https:\/\/www.africa-press.net\/tchad\/politique\/lujt-exige-la-fin-des-menaces-et-crimes-contre-les-journalistes"},"modified":"2021-11-04T22:17:56","modified_gmt":"2021-11-04T22:17:56","slug":"lujt-exige-la-fin-des-menaces-et-crimes-contre-les-journalistes","status":"publish","type":"post","link":"https:\/\/www.africa-press.net\/tchad\/toutes-les-actualites\/lujt-exige-la-fin-des-menaces-et-crimes-contre-les-journalistes","title":{"rendered":"l\u2019UJT exige la fin des menaces et crimes contre les journalistes"},"content":{"rendered":"<p><span style=\"color: #ff6600\"><strong>Africa-Press &#8211; Tchad. <\/strong><\/span><b>L\u2019Union des journalistes tchadiens interpelle une fois de plus sur les exactions commis sur les hommes des m\u00e9dias. L\u2019organisation exige la fin des menaces, des crimes et intimidations contre les professionnelles de la communication.<\/b><\/p>\n<p>Le 02 novembre marque, la Journ\u00e9e internationale pour la fin des crimes commis contre les journalistes. A cet effet, l\u2019Union des journalistes du Tchad a pr\u00e9sent\u00e9 le panorama des exactions contre les journalistes au Tchad. D\u2019apr\u00e8s l\u2019UJT, \u00e7a va du harc\u00e8lement des forces de s\u00e9curit\u00e9, l\u2019intimidation en justice, au meurtre en passant par les enl\u00e8vements et d\u00e9tentions arbitraires. Des professionnels des m\u00e9dias sont parfois victimes des violences sexistes et sexuelles, regrette l\u2019UJT.<\/p>\n<p>Le pr\u00e9sident de l\u2019Union des journalistes tchadiens, Abbas Mahamoud Tahir rappelle les violences physiques exerc\u00e9es sur un cam\u00e9raman de l\u2019antenne ONAMA le 06 octobre 2021 \u00e0 Barda\u00ef. Ce dernier avait \u00e9t\u00e9 brutalis\u00e9 par le gouverneur du Tibesti. Le cam\u00e9raman Issakha Adoum Kirch\u00e9 est victime alors qu\u2019il ne disposait pas de mat\u00e9riels de travail pour assurer la couverture m\u00e9diatique d\u2019une sortie du gouverneur.<\/p>\n<p>Un autre confr\u00e8re de la Radio Tob de Koumra, Alladimbaye Ngarond\u00e9 Innocent a essuy\u00e9 des joutes incendiaires de la gouverneure sortante du Mandoul, pour avoir relay\u00e9 l\u2019information sur le malheureux accord sur la r\u00e9paration civile des infractions graves.<\/p>\n<p>\u00ab Or, en cette p\u00e9riode de transition politique, les m\u00e9dias tchadiens et les journalistes ont besoin de travailler en toute qui\u00e9tude afin d\u2019appuyer les efforts des uns et des autres pour une sortie heureuse de cette crise institutionnelle \u00bb, note Abbas Mahamoud Tahir. L\u2019UJT demande \u00e0 l\u2019\u00c9tat tchadien prenne des mesures pr\u00e9cises pour combattre la culture d\u2019impunit\u00e9 pour que les journalistes tchadiens. L\u2019Union insiste sur la fin des crimes, des menaces, des intimidations, des tortures, des attaques non mortelles, des disparitions forc\u00e9es, les arrestations arbitraires et des harc\u00e8lements.<\/p>\n<p><strong>Pour plus d&rsquo;informations et d&rsquo;analyses sur la <a href=\"https:\/\/www.africa-press.net\/tchad\">Tchad<\/a>, suivez <a href=\"https:\/\/www.africa-press.net\/\">Africa-Press<\/a><\/strong><\/p>\n","protected":false},"excerpt":{"rendered":"<p>Africa-Press &#8211; Tchad. L\u2019Union des journalistes tchadiens interpelle une fois de plus sur les exactions commis sur les hommes des m\u00e9dias. L\u2019organisation exige la fin des menaces, des crimes et intimidations contre les professionnelles de la communication. Le 02 novembre marque, la Journ\u00e9e internationale pour la fin des crimes commis contre les journalistes. A cet [&hellip;]<\/p>\n","protected":false},"author":82,"featured_media":13150,"comment_status":"open","ping_status":"closed","sticky":false,"template":"","format":"standard","meta":{"footnotes":""},"categories":[21,11,20,10],"tags":[37,292,165,2300,2299,29],"class_list":["post-13151","post","type-post","status-publish","format-standard","has-post-thumbnail","hentry","category-communaute","category-homepage-french","category-top-nouvelles","category-toutes-les-actualites","tag-africa-press","tag-africa-press-tchad","tag-journalistes","tag-lujt-exige-la-fin-des-menaces-et-crimes","tag-menaces","tag-tchad"],"yoast_head":"<!-- This site is optimized with the Yoast SEO Premium plugin v26.1 (Yoast SEO v27.0) - https:\/\/yoast.com\/product\/yoast-seo-premium-wordpress\/ -->\n<title>l\u2019UJT exige la fin des menaces et crimes contre les journalistes - tchad<\/title>\n<meta name=\"robots\" content=\"index, follow, max-snippet:-1, max-image-preview:large, max-video-preview:-1\" \/>\n<link rel=\"canonical\" href=\"https:\/\/www.africa-press.net\/tchad\/toutes-les-actualites\/lujt-exige-la-fin-des-menaces-et-crimes-contre-les-journalistes\" \/>\n<meta property=\"og:locale\" content=\"fr_FR\" \/>\n<meta property=\"og:type\" content=\"article\" \/>\n<meta property=\"og:title\" content=\"l\u2019UJT exige la fin des menaces et crimes contre les journalistes\" \/>\n<meta property=\"og:description\" content=\"Africa-Press &#8211; Tchad. L\u2019Union des journalistes tchadiens interpelle une fois de plus sur les exactions commis sur les hommes des m\u00e9dias. L\u2019organisation exige la fin des menaces, des crimes et intimidations contre les professionnelles de la communication. Le 02 novembre marque, la Journ\u00e9e internationale pour la fin des crimes commis contre les journalistes. A cet [&hellip;]\" \/>\n<meta property=\"og:url\" content=\"https:\/\/www.africa-press.net\/tchad\/toutes-les-actualites\/lujt-exige-la-fin-des-menaces-et-crimes-contre-les-journalistes\" \/>\n<meta property=\"og:site_name\" content=\"tchad\" \/>\n<meta property=\"article:published_time\" content=\"2021-11-03T15:51:36+00:00\" \/>\n<meta property=\"article:modified_time\" content=\"2021-11-04T22:17:56+00:00\" \/>\n<meta property=\"og:image\" content=\"https:\/\/static.africa-press.net\/tchad\/sites\/41\/2021\/11\/img-6182d098bb085.jpg\" \/>\n\t<meta property=\"og:image:width\" content=\"780\" \/>\n\t<meta property=\"og:image:height\" content=\"440\" \/>\n\t<meta property=\"og:image:type\" content=\"image\/jpeg\" \/>\n<meta name=\"author\" content=\"cfeditorfr\" \/>\n<meta name=\"twitter:card\" content=\"summary_large_image\" \/>\n<meta name=\"twitter:label1\" content=\"\u00c9crit par\" \/>\n\t<meta name=\"twitter:data1\" content=\"cfeditorfr\" \/>\n\t<meta name=\"twitter:label2\" content=\"Dur\u00e9e de lecture estim\u00e9e\" \/>\n\t<meta name=\"twitter:data2\" content=\"2 minutes\" \/>\n<script type=\"application\/ld+json\" class=\"yoast-schema-graph\">{\"@context\":\"https:\/\/schema.org\",\"@graph\":[{\"@type\":\"Article\",\"@id\":\"https:\/\/www.africa-press.net\/tchad\/toutes-les-actualites\/lujt-exige-la-fin-des-menaces-et-crimes-contre-les-journalistes#article\",\"isPartOf\":{\"@id\":\"https:\/\/www.africa-press.net\/tchad\/toutes-les-actualites\/lujt-exige-la-fin-des-menaces-et-crimes-contre-les-journalistes\"},\"author\":{\"name\":\"cfeditorfr\",\"@id\":\"https:\/\/www.africa-press.net\/tchad\/#\/schema\/person\/2b1cf3cd81a31e3cd26889ca66d677f1\"},\"headline\":\"l\u2019UJT exige la fin des menaces et crimes contre les journalistes\",\"datePublished\":\"2021-11-03T15:51:36+00:00\",\"dateModified\":\"2021-11-04T22:17:56+00:00\",\"mainEntityOfPage\":{\"@id\":\"https:\/\/www.africa-press.net\/tchad\/toutes-les-actualites\/lujt-exige-la-fin-des-menaces-et-crimes-contre-les-journalistes\"},\"wordCount\":354,\"commentCount\":0,\"image\":{\"@id\":\"https:\/\/www.africa-press.net\/tchad\/toutes-les-actualites\/lujt-exige-la-fin-des-menaces-et-crimes-contre-les-journalistes#primaryimage\"},\"thumbnailUrl\":\"https:\/\/static.africa-press.net\/tchad\/sites\/41\/2021\/11\/img-6182d098bb085.jpg\",\"keywords\":[\"Africa Press\",\"Africa Press-Tchad\",\"journalistes\",\"l\u2019UJT exige la fin des menaces et crimes\",\"menaces\",\"Tchad\"],\"articleSection\":[\"Communaut\u00e9\",\"homepage-french\",\"Top Nouvelles\",\"Toutes les actualit\u00e9s\"],\"inLanguage\":\"fr-FR\",\"potentialAction\":[{\"@type\":\"CommentAction\",\"name\":\"Comment\",\"target\":[\"https:\/\/www.africa-press.net\/tchad\/toutes-les-actualites\/lujt-exige-la-fin-des-menaces-et-crimes-contre-les-journalistes#respond\"]}]},{\"@type\":\"WebPage\",\"@id\":\"https:\/\/www.africa-press.net\/tchad\/toutes-les-actualites\/lujt-exige-la-fin-des-menaces-et-crimes-contre-les-journalistes\",\"url\":\"https:\/\/www.africa-press.net\/tchad\/toutes-les-actualites\/lujt-exige-la-fin-des-menaces-et-crimes-contre-les-journalistes\",\"name\":\"l\u2019UJT exige la fin des menaces et crimes contre les journalistes - tchad\",\"isPartOf\":{\"@id\":\"https:\/\/www.africa-press.net\/tchad\/#website\"},\"primaryImageOfPage\":{\"@id\":\"https:\/\/www.africa-press.net\/tchad\/toutes-les-actualites\/lujt-exige-la-fin-des-menaces-et-crimes-contre-les-journalistes#primaryimage\"},\"image\":{\"@id\":\"https:\/\/www.africa-press.net\/tchad\/toutes-les-actualites\/lujt-exige-la-fin-des-menaces-et-crimes-contre-les-journalistes#primaryimage\"},\"thumbnailUrl\":\"https:\/\/static.africa-press.net\/tchad\/sites\/41\/2021\/11\/img-6182d098bb085.jpg\",\"datePublished\":\"2021-11-03T15:51:36+00:00\",\"dateModified\":\"2021-11-04T22:17:56+00:00\",\"author\":{\"@id\":\"https:\/\/www.africa-press.net\/tchad\/#\/schema\/person\/2b1cf3cd81a31e3cd26889ca66d677f1\"},\"breadcrumb\":{\"@id\":\"https:\/\/www.africa-press.net\/tchad\/toutes-les-actualites\/lujt-exige-la-fin-des-menaces-et-crimes-contre-les-journalistes#breadcrumb\"},\"inLanguage\":\"fr-FR\",\"potentialAction\":[{\"@type\":\"ReadAction\",\"target\":[\"https:\/\/www.africa-press.net\/tchad\/toutes-les-actualites\/lujt-exige-la-fin-des-menaces-et-crimes-contre-les-journalistes\"]}]},{\"@type\":\"ImageObject\",\"inLanguage\":\"fr-FR\",\"@id\":\"https:\/\/www.africa-press.net\/tchad\/toutes-les-actualites\/lujt-exige-la-fin-des-menaces-et-crimes-contre-les-journalistes#primaryimage\",\"url\":\"https:\/\/static.africa-press.net\/tchad\/sites\/41\/2021\/11\/img-6182d098bb085.jpg\",\"contentUrl\":\"https:\/\/static.africa-press.net\/tchad\/sites\/41\/2021\/11\/img-6182d098bb085.jpg\",\"width\":780,\"height\":440,\"caption\":\"l\u2019UJT exige la fin des menaces et crimes contre les journalistes\"},{\"@type\":\"BreadcrumbList\",\"@id\":\"https:\/\/www.africa-press.net\/tchad\/toutes-les-actualites\/lujt-exige-la-fin-des-menaces-et-crimes-contre-les-journalistes#breadcrumb\",\"itemListElement\":[{\"@type\":\"ListItem\",\"position\":1,\"name\":\"Accueil\",\"item\":\"https:\/\/www.africa-press.net\/tchad\/\"},{\"@type\":\"ListItem\",\"position\":2,\"name\":\"l\u2019UJT exige la fin des menaces et crimes contre les journalistes\"}]},{\"@type\":\"WebSite\",\"@id\":\"https:\/\/www.africa-press.net\/tchad\/#website\",\"url\":\"https:\/\/www.africa-press.net\/tchad\/\",\"name\":\"tchad\",\"description\":\"Just another Africa News Agency Sites site\",\"potentialAction\":[{\"@type\":\"SearchAction\",\"target\":{\"@type\":\"EntryPoint\",\"urlTemplate\":\"https:\/\/www.africa-press.net\/tchad\/?s={search_term_string}\"},\"query-input\":{\"@type\":\"PropertyValueSpecification\",\"valueRequired\":true,\"valueName\":\"search_term_string\"}}],\"inLanguage\":\"fr-FR\"},{\"@type\":\"Person\",\"@id\":\"https:\/\/www.africa-press.net\/tchad\/#\/schema\/person\/2b1cf3cd81a31e3cd26889ca66d677f1\",\"name\":\"cfeditorfr\"}]}<\/script>\n<!-- \/ Yoast SEO Premium plugin. -->","yoast_head_json":{"title":"l\u2019UJT exige la fin des menaces et crimes contre les journalistes - tchad","robots":{"index":"index","follow":"follow","max-snippet":"max-snippet:-1","max-image-preview":"max-image-preview:large","max-video-preview":"max-video-preview:-1"},"canonical":"https:\/\/www.africa-press.net\/tchad\/toutes-les-actualites\/lujt-exige-la-fin-des-menaces-et-crimes-contre-les-journalistes","og_locale":"fr_FR","og_type":"article","og_title":"l\u2019UJT exige la fin des menaces et crimes contre les journalistes","og_description":"Africa-Press &#8211; Tchad. L\u2019Union des journalistes tchadiens interpelle une fois de plus sur les exactions commis sur les hommes des m\u00e9dias. L\u2019organisation exige la fin des menaces, des crimes et intimidations contre les professionnelles de la communication. Le 02 novembre marque, la Journ\u00e9e internationale pour la fin des crimes commis contre les journalistes. A cet [&hellip;]","og_url":"https:\/\/www.africa-press.net\/tchad\/toutes-les-actualites\/lujt-exige-la-fin-des-menaces-et-crimes-contre-les-journalistes","og_site_name":"tchad","article_published_time":"2021-11-03T15:51:36+00:00","article_modified_time":"2021-11-04T22:17:56+00:00","og_image":[{"width":780,"height":440,"url":"https:\/\/static.africa-press.net\/tchad\/sites\/41\/2021\/11\/img-6182d098bb085.jpg","type":"image\/jpeg"}],"author":"cfeditorfr","twitter_card":"summary_large_image","twitter_misc":{"\u00c9crit par":"cfeditorfr","Dur\u00e9e de lecture estim\u00e9e":"2 minutes"},"schema":{"@context":"https:\/\/schema.org","@graph":[{"@type":"Article","@id":"https:\/\/www.africa-press.net\/tchad\/toutes-les-actualites\/lujt-exige-la-fin-des-menaces-et-crimes-contre-les-journalistes#article","isPartOf":{"@id":"https:\/\/www.africa-press.net\/tchad\/toutes-les-actualites\/lujt-exige-la-fin-des-menaces-et-crimes-contre-les-journalistes"},"author":{"name":"cfeditorfr","@id":"https:\/\/www.africa-press.net\/tchad\/#\/schema\/person\/2b1cf3cd81a31e3cd26889ca66d677f1"},"headline":"l\u2019UJT exige la fin des menaces et crimes contre les journalistes","datePublished":"2021-11-03T15:51:36+00:00","dateModified":"2021-11-04T22:17:56+00:00","mainEntityOfPage":{"@id":"https:\/\/www.africa-press.net\/tchad\/toutes-les-actualites\/lujt-exige-la-fin-des-menaces-et-crimes-contre-les-journalistes"},"wordCount":354,"commentCount":0,"image":{"@id":"https:\/\/www.africa-press.net\/tchad\/toutes-les-actualites\/lujt-exige-la-fin-des-menaces-et-crimes-contre-les-journalistes#primaryimage"},"thumbnailUrl":"https:\/\/static.africa-press.net\/tchad\/sites\/41\/2021\/11\/img-6182d098bb085.jpg","keywords":["Africa Press","Africa Press-Tchad","journalistes","l\u2019UJT exige la fin des menaces et crimes","menaces","Tchad"],"articleSection":["Communaut\u00e9","homepage-french","Top Nouvelles","Toutes les actualit\u00e9s"],"inLanguage":"fr-FR","potentialAction":[{"@type":"CommentAction","name":"Comment","target":["https:\/\/www.africa-press.net\/tchad\/toutes-les-actualites\/lujt-exige-la-fin-des-menaces-et-crimes-contre-les-journalistes#respond"]}]},{"@type":"WebPage","@id":"https:\/\/www.africa-press.net\/tchad\/toutes-les-actualites\/lujt-exige-la-fin-des-menaces-et-crimes-contre-les-journalistes","url":"https:\/\/www.africa-press.net\/tchad\/toutes-les-actualites\/lujt-exige-la-fin-des-menaces-et-crimes-contre-les-journalistes","name":"l\u2019UJT exige la fin des menaces et crimes contre les journalistes - tchad","isPartOf":{"@id":"https:\/\/www.africa-press.net\/tchad\/#website"},"primaryImageOfPage":{"@id":"https:\/\/www.africa-press.net\/tchad\/toutes-les-actualites\/lujt-exige-la-fin-des-menaces-et-crimes-contre-les-journalistes#primaryimage"},"image":{"@id":"https:\/\/www.africa-press.net\/tchad\/toutes-les-actualites\/lujt-exige-la-fin-des-menaces-et-crimes-contre-les-journalistes#primaryimage"},"thumbnailUrl":"https:\/\/static.africa-press.net\/tchad\/sites\/41\/2021\/11\/img-6182d098bb085.jpg","datePublished":"2021-11-03T15:51:36+00:00","dateModified":"2021-11-04T22:17:56+00:00","author":{"@id":"https:\/\/www.africa-press.net\/tchad\/#\/schema\/person\/2b1cf3cd81a31e3cd26889ca66d677f1"},"breadcrumb":{"@id":"https:\/\/www.africa-press.net\/tchad\/toutes-les-actualites\/lujt-exige-la-fin-des-menaces-et-crimes-contre-les-journalistes#breadcrumb"},"inLanguage":"fr-FR","potentialAction":[{"@type":"ReadAction","target":["https:\/\/www.africa-press.net\/tchad\/toutes-les-actualites\/lujt-exige-la-fin-des-menaces-et-crimes-contre-les-journalistes"]}]},{"@type":"ImageObject","inLanguage":"fr-FR","@id":"https:\/\/www.africa-press.net\/tchad\/toutes-les-actualites\/lujt-exige-la-fin-des-menaces-et-crimes-contre-les-journalistes#primaryimage","url":"https:\/\/static.africa-press.net\/tchad\/sites\/41\/2021\/11\/img-6182d098bb085.jpg","contentUrl":"https:\/\/static.africa-press.net\/tchad\/sites\/41\/2021\/11\/img-6182d098bb085.jpg","width":780,"height":440,"caption":"l\u2019UJT exige la fin des menaces et crimes contre les journalistes"},{"@type":"BreadcrumbList","@id":"https:\/\/www.africa-press.net\/tchad\/toutes-les-actualites\/lujt-exige-la-fin-des-menaces-et-crimes-contre-les-journalistes#breadcrumb","itemListElement":[{"@type":"ListItem","position":1,"name":"Accueil","item":"https:\/\/www.africa-press.net\/tchad\/"},{"@type":"ListItem","position":2,"name":"l\u2019UJT exige la fin des menaces et crimes contre les journalistes"}]},{"@type":"WebSite","@id":"https:\/\/www.africa-press.net\/tchad\/#website","url":"https:\/\/www.africa-press.net\/tchad\/","name":"tchad","description":"Just another Africa News Agency Sites site","potentialAction":[{"@type":"SearchAction","target":{"@type":"EntryPoint","urlTemplate":"https:\/\/www.africa-press.net\/tchad\/?s={search_term_string}"},"query-input":{"@type":"PropertyValueSpecification","valueRequired":true,"valueName":"search_term_string"}}],"inLanguage":"fr-FR"},{"@type":"Person","@id":"https:\/\/www.africa-press.net\/tchad\/#\/schema\/person\/2b1cf3cd81a31e3cd26889ca66d677f1","name":"cfeditorfr"}]}},"_links":{"self":[{"href":"https:\/\/www.africa-press.net\/tchad\/wp-json\/wp\/v2\/posts\/13151","targetHints":{"allow":["GET"]}}],"collection":[{"href":"https:\/\/www.africa-press.net\/tchad\/wp-json\/wp\/v2\/posts"}],"about":[{"href":"https:\/\/www.africa-press.net\/tchad\/wp-json\/wp\/v2\/types\/post"}],"author":[{"embeddable":true,"href":"https:\/\/www.africa-press.net\/tchad\/wp-json\/wp\/v2\/users\/82"}],"replies":[{"embeddable":true,"href":"https:\/\/www.africa-press.net\/tchad\/wp-json\/wp\/v2\/comments?post=13151"}],"version-history":[{"count":0,"href":"https:\/\/www.africa-press.net\/tchad\/wp-json\/wp\/v2\/posts\/13151\/revisions"}],"wp:featuredmedia":[{"embeddable":true,"href":"https:\/\/www.africa-press.net\/tchad\/wp-json\/wp\/v2\/media\/13150"}],"wp:attachment":[{"href":"https:\/\/www.africa-press.net\/tchad\/wp-json\/wp\/v2\/media?parent=13151"}],"wp:term":[{"taxonomy":"category","embeddable":true,"href":"https:\/\/www.africa-press.net\/tchad\/wp-json\/wp\/v2\/categories?post=13151"},{"taxonomy":"post_tag","embeddable":true,"href":"https:\/\/www.africa-press.net\/tchad\/wp-json\/wp\/v2\/tags?post=13151"}],"curies":[{"name":"wp","href":"https:\/\/api.w.org\/{rel}","templated":true}]}}