{"id":13175,"date":"2021-11-04T16:02:54","date_gmt":"2021-11-04T16:02:54","guid":{"rendered":"https:\/\/www.africa-press.net\/tchad\/politique\/le-pasoc-cloture-la-2eme-phase-de-formation-des-osc-a-abeche"},"modified":"2021-11-04T22:19:29","modified_gmt":"2021-11-04T22:19:29","slug":"le-pasoc-cloture-la-2eme-phase-de-formation-des-osc-a-abeche","status":"publish","type":"post","link":"https:\/\/www.africa-press.net\/tchad\/culture-et-art\/le-pasoc-cloture-la-2eme-phase-de-formation-des-osc-a-abeche","title":{"rendered":"le PASOC cl\u00f4ture la 2\u00e8me phase de formation des OSC \u00e0 Ab\u00e9ch\u00e9"},"content":{"rendered":"<p><span style=\"color: #ff6600\"><strong>Africa-Press &#8211; Tchad. <\/strong><\/span>La deuxi\u00e8me session de renforcement des capacit\u00e9s des organisations de la soci\u00e9t\u00e9 civile des provinces de Sila, Waddi-Fira et du Ouadda\u00ef, a pris fin ce mardi 02 novembre 2021 \u00e0 Ab\u00e9ch\u00e9.<\/p>\n<p>La c\u00e9r\u00e9monie de cl\u00f4ture \u00e9tait pr\u00e9sid\u00e9e par Mme la secr\u00e9taire g\u00e9n\u00e9rale du d\u00e9partement de Ouara, Meram Diker Bau\u00e9, repr\u00e9sentant le gouverneur de la province du Ouadda\u00ef.<\/p>\n<p>C&rsquo;\u00e9tait au centre des documentations et des recherches de la soci\u00e9t\u00e9 civile d\u00b4Ab\u00e9ch\u00e9, en pr\u00e9sence du 3\u00e8me adjoint au maire de la ville d\u2019Ab\u00e9ch\u00e9, Daoud Doungous Taguilo. Au total, une dizaine de participants venus de trois provinces de la zone nord Est du pays ont pris part \u00e0 ses assises qui ont dur\u00e9 huit jours.<\/p>\n<p>Les participants \u00e0 cette formation ont adress\u00e9 une motion de recommandations au gouvernement et au Projet d\u2019appui aux organisations de la soci\u00e9t\u00e9 civile (PASOC), dans laquelle ils demandent, entre autres, au gouvernement : d\u00b4appuyer les initiatives des OSC dans les trois provinces ; d&rsquo;impliquer davantage les OSC dans les instances de prise de d\u00e9cisions provinciales, nationales et internationales ; d\u2019impliquer les OSC provinciales dans la gestion des conflits inter communautaires.<\/p>\n<p>Au PASOC, il est demand\u00e9 d&rsquo;intensifier ce genre de formation pour l\u00b4atteinte des objectifs fix\u00e9s par le projet ; faire des OSC des acteurs incontournables ; soutenir les OSC \u00e0 travers des financements et des mat\u00e9riels pour accomplir leurs missions.<\/p>\n<p>Dans son intervention, le chef de mission PASOC, par ailleurs animateur en charge de suivi du plan de renforcement des capacit\u00e9s, Mahamat Seby Lougoum, s&rsquo;est r\u00e9joui du d\u00e9roulement des travaux, avant de demander aux participants de vulgariser les connaissances pour l\u00b4\u00e9panouissement de la soci\u00e9t\u00e9 civile dans leurs localit\u00e9s respectives.<\/p>\n<p>Mettant un terme aux travaux, la secr\u00e9taire g\u00e9n\u00e9rale du d\u00e9partement de Ouara, Meram Diker Bau\u00e9 a parl\u00e9 des objectifs du projet PASOC qui s&rsquo;inscrit selon elle, en droite ligne de la politique du gouvernement de la transition qui fait de la soci\u00e9t\u00e9 civile un partenaire cr\u00e9dible.<\/p>\n<p>Elle a ensuite fait savoir que cette deuxi\u00e8me session de renforcement des capacit\u00e9s des organisations de la soci\u00e9t\u00e9 civile doit faire en sorte que ces enseignements re\u00e7us soient dupliqu\u00e9s, restitu\u00e9s au sein de leurs organisations respectives.<\/p>\n<p>Il faut noter que cette formation est organis\u00e9e par le minist\u00e8re de l&rsquo;Int\u00e9rieur et de l\u2019Administration du territoire, \u00e0 travers le PASOC et gr\u00e2ce \u00e0 l\u00b4appui technique et financier de l&rsquo;Union europ\u00e9enne et le 11\u00e8me FED.<\/p>\n<p><strong>Pour plus d&rsquo;informations et d&rsquo;analyses sur la <a href=\"https:\/\/www.africa-press.net\/tchad\">Tchad<\/a>, suivez <a href=\"https:\/\/www.africa-press.net\/\">Africa-Press<\/a><\/strong><\/p>\n","protected":false},"excerpt":{"rendered":"<p>Africa-Press &#8211; Tchad. La deuxi\u00e8me session de renforcement des capacit\u00e9s des organisations de la soci\u00e9t\u00e9 civile des provinces de Sila, Waddi-Fira et du Ouadda\u00ef, a pris fin ce mardi 02 novembre 2021 \u00e0 Ab\u00e9ch\u00e9. La c\u00e9r\u00e9monie de cl\u00f4ture \u00e9tait pr\u00e9sid\u00e9e par Mme la secr\u00e9taire g\u00e9n\u00e9rale du d\u00e9partement de Ouara, Meram Diker Bau\u00e9, repr\u00e9sentant le gouverneur [&hellip;]<\/p>\n","protected":false},"author":82,"featured_media":13174,"comment_status":"open","ping_status":"closed","sticky":false,"template":"","format":"standard","meta":{"footnotes":""},"categories":[5,11,10],"tags":[67,37,292,2309,29],"class_list":["post-13175","post","type-post","status-publish","format-standard","has-post-thumbnail","hentry","category-culture-et-art","category-homepage-french","category-toutes-les-actualites","tag-abeche","tag-africa-press","tag-africa-press-tchad","tag-pasoc","tag-tchad"],"yoast_head":"<!-- This site is optimized with the Yoast SEO Premium plugin v26.1 (Yoast SEO v27.0) - https:\/\/yoast.com\/product\/yoast-seo-premium-wordpress\/ -->\n<title>le PASOC cl\u00f4ture la 2\u00e8me phase de formation des OSC \u00e0 Ab\u00e9ch\u00e9 - tchad<\/title>\n<meta name=\"robots\" content=\"index, follow, max-snippet:-1, max-image-preview:large, max-video-preview:-1\" \/>\n<link rel=\"canonical\" href=\"https:\/\/www.africa-press.net\/tchad\/culture-et-art\/le-pasoc-cloture-la-2eme-phase-de-formation-des-osc-a-abeche\" \/>\n<meta property=\"og:locale\" content=\"fr_FR\" \/>\n<meta property=\"og:type\" content=\"article\" \/>\n<meta property=\"og:title\" content=\"le PASOC cl\u00f4ture la 2\u00e8me phase de formation des OSC \u00e0 Ab\u00e9ch\u00e9\" \/>\n<meta property=\"og:description\" content=\"Africa-Press &#8211; Tchad. La deuxi\u00e8me session de renforcement des capacit\u00e9s des organisations de la soci\u00e9t\u00e9 civile des provinces de Sila, Waddi-Fira et du Ouadda\u00ef, a pris fin ce mardi 02 novembre 2021 \u00e0 Ab\u00e9ch\u00e9. La c\u00e9r\u00e9monie de cl\u00f4ture \u00e9tait pr\u00e9sid\u00e9e par Mme la secr\u00e9taire g\u00e9n\u00e9rale du d\u00e9partement de Ouara, Meram Diker Bau\u00e9, repr\u00e9sentant le gouverneur [&hellip;]\" \/>\n<meta property=\"og:url\" content=\"https:\/\/www.africa-press.net\/tchad\/culture-et-art\/le-pasoc-cloture-la-2eme-phase-de-formation-des-osc-a-abeche\" \/>\n<meta property=\"og:site_name\" content=\"tchad\" \/>\n<meta property=\"article:published_time\" content=\"2021-11-04T16:02:54+00:00\" \/>\n<meta property=\"article:modified_time\" content=\"2021-11-04T22:19:29+00:00\" \/>\n<meta property=\"og:image\" content=\"https:\/\/static.africa-press.net\/tchad\/sites\/41\/2021\/11\/img-61841fb84b6b5.jpg\" \/>\n\t<meta property=\"og:image:width\" content=\"868\" \/>\n\t<meta property=\"og:image:height\" content=\"391\" \/>\n\t<meta property=\"og:image:type\" content=\"image\/jpeg\" \/>\n<meta name=\"author\" content=\"cfeditorfr\" \/>\n<meta name=\"twitter:card\" content=\"summary_large_image\" \/>\n<meta name=\"twitter:label1\" content=\"\u00c9crit par\" \/>\n\t<meta name=\"twitter:data1\" content=\"cfeditorfr\" \/>\n\t<meta name=\"twitter:label2\" content=\"Dur\u00e9e de lecture estim\u00e9e\" \/>\n\t<meta name=\"twitter:data2\" content=\"2 minutes\" \/>\n<script type=\"application\/ld+json\" class=\"yoast-schema-graph\">{\"@context\":\"https:\/\/schema.org\",\"@graph\":[{\"@type\":\"Article\",\"@id\":\"https:\/\/www.africa-press.net\/tchad\/culture-et-art\/le-pasoc-cloture-la-2eme-phase-de-formation-des-osc-a-abeche#article\",\"isPartOf\":{\"@id\":\"https:\/\/www.africa-press.net\/tchad\/culture-et-art\/le-pasoc-cloture-la-2eme-phase-de-formation-des-osc-a-abeche\"},\"author\":{\"name\":\"cfeditorfr\",\"@id\":\"https:\/\/www.africa-press.net\/tchad\/#\/schema\/person\/2b1cf3cd81a31e3cd26889ca66d677f1\"},\"headline\":\"le PASOC cl\u00f4ture la 2\u00e8me phase de formation des OSC \u00e0 Ab\u00e9ch\u00e9\",\"datePublished\":\"2021-11-04T16:02:54+00:00\",\"dateModified\":\"2021-11-04T22:19:29+00:00\",\"mainEntityOfPage\":{\"@id\":\"https:\/\/www.africa-press.net\/tchad\/culture-et-art\/le-pasoc-cloture-la-2eme-phase-de-formation-des-osc-a-abeche\"},\"wordCount\":464,\"commentCount\":0,\"image\":{\"@id\":\"https:\/\/www.africa-press.net\/tchad\/culture-et-art\/le-pasoc-cloture-la-2eme-phase-de-formation-des-osc-a-abeche#primaryimage\"},\"thumbnailUrl\":\"https:\/\/static.africa-press.net\/tchad\/sites\/41\/2021\/11\/img-61841fb84b6b5.jpg\",\"keywords\":[\"Ab\u00e9ch\u00e9\",\"Africa Press\",\"Africa Press-Tchad\",\"PASOC\",\"Tchad\"],\"articleSection\":[\"Culture et Art\",\"homepage-french\",\"Toutes les actualit\u00e9s\"],\"inLanguage\":\"fr-FR\",\"potentialAction\":[{\"@type\":\"CommentAction\",\"name\":\"Comment\",\"target\":[\"https:\/\/www.africa-press.net\/tchad\/culture-et-art\/le-pasoc-cloture-la-2eme-phase-de-formation-des-osc-a-abeche#respond\"]}]},{\"@type\":\"WebPage\",\"@id\":\"https:\/\/www.africa-press.net\/tchad\/culture-et-art\/le-pasoc-cloture-la-2eme-phase-de-formation-des-osc-a-abeche\",\"url\":\"https:\/\/www.africa-press.net\/tchad\/culture-et-art\/le-pasoc-cloture-la-2eme-phase-de-formation-des-osc-a-abeche\",\"name\":\"le PASOC cl\u00f4ture la 2\u00e8me phase de formation des OSC \u00e0 Ab\u00e9ch\u00e9 - tchad\",\"isPartOf\":{\"@id\":\"https:\/\/www.africa-press.net\/tchad\/#website\"},\"primaryImageOfPage\":{\"@id\":\"https:\/\/www.africa-press.net\/tchad\/culture-et-art\/le-pasoc-cloture-la-2eme-phase-de-formation-des-osc-a-abeche#primaryimage\"},\"image\":{\"@id\":\"https:\/\/www.africa-press.net\/tchad\/culture-et-art\/le-pasoc-cloture-la-2eme-phase-de-formation-des-osc-a-abeche#primaryimage\"},\"thumbnailUrl\":\"https:\/\/static.africa-press.net\/tchad\/sites\/41\/2021\/11\/img-61841fb84b6b5.jpg\",\"datePublished\":\"2021-11-04T16:02:54+00:00\",\"dateModified\":\"2021-11-04T22:19:29+00:00\",\"author\":{\"@id\":\"https:\/\/www.africa-press.net\/tchad\/#\/schema\/person\/2b1cf3cd81a31e3cd26889ca66d677f1\"},\"breadcrumb\":{\"@id\":\"https:\/\/www.africa-press.net\/tchad\/culture-et-art\/le-pasoc-cloture-la-2eme-phase-de-formation-des-osc-a-abeche#breadcrumb\"},\"inLanguage\":\"fr-FR\",\"potentialAction\":[{\"@type\":\"ReadAction\",\"target\":[\"https:\/\/www.africa-press.net\/tchad\/culture-et-art\/le-pasoc-cloture-la-2eme-phase-de-formation-des-osc-a-abeche\"]}]},{\"@type\":\"ImageObject\",\"inLanguage\":\"fr-FR\",\"@id\":\"https:\/\/www.africa-press.net\/tchad\/culture-et-art\/le-pasoc-cloture-la-2eme-phase-de-formation-des-osc-a-abeche#primaryimage\",\"url\":\"https:\/\/static.africa-press.net\/tchad\/sites\/41\/2021\/11\/img-61841fb84b6b5.jpg\",\"contentUrl\":\"https:\/\/static.africa-press.net\/tchad\/sites\/41\/2021\/11\/img-61841fb84b6b5.jpg\",\"width\":868,\"height\":391,\"caption\":\"le PASOC cl\u00f4ture la 2\u00e8me phase de formation des OSC \u00e0 Ab\u00e9ch\u00e9\"},{\"@type\":\"BreadcrumbList\",\"@id\":\"https:\/\/www.africa-press.net\/tchad\/culture-et-art\/le-pasoc-cloture-la-2eme-phase-de-formation-des-osc-a-abeche#breadcrumb\",\"itemListElement\":[{\"@type\":\"ListItem\",\"position\":1,\"name\":\"Accueil\",\"item\":\"https:\/\/www.africa-press.net\/tchad\/\"},{\"@type\":\"ListItem\",\"position\":2,\"name\":\"le PASOC cl\u00f4ture la 2\u00e8me phase de formation des OSC \u00e0 Ab\u00e9ch\u00e9\"}]},{\"@type\":\"WebSite\",\"@id\":\"https:\/\/www.africa-press.net\/tchad\/#website\",\"url\":\"https:\/\/www.africa-press.net\/tchad\/\",\"name\":\"tchad\",\"description\":\"Just another Africa News Agency Sites site\",\"potentialAction\":[{\"@type\":\"SearchAction\",\"target\":{\"@type\":\"EntryPoint\",\"urlTemplate\":\"https:\/\/www.africa-press.net\/tchad\/?s={search_term_string}\"},\"query-input\":{\"@type\":\"PropertyValueSpecification\",\"valueRequired\":true,\"valueName\":\"search_term_string\"}}],\"inLanguage\":\"fr-FR\"},{\"@type\":\"Person\",\"@id\":\"https:\/\/www.africa-press.net\/tchad\/#\/schema\/person\/2b1cf3cd81a31e3cd26889ca66d677f1\",\"name\":\"cfeditorfr\"}]}<\/script>\n<!-- \/ Yoast SEO Premium plugin. -->","yoast_head_json":{"title":"le PASOC cl\u00f4ture la 2\u00e8me phase de formation des OSC \u00e0 Ab\u00e9ch\u00e9 - tchad","robots":{"index":"index","follow":"follow","max-snippet":"max-snippet:-1","max-image-preview":"max-image-preview:large","max-video-preview":"max-video-preview:-1"},"canonical":"https:\/\/www.africa-press.net\/tchad\/culture-et-art\/le-pasoc-cloture-la-2eme-phase-de-formation-des-osc-a-abeche","og_locale":"fr_FR","og_type":"article","og_title":"le PASOC cl\u00f4ture la 2\u00e8me phase de formation des OSC \u00e0 Ab\u00e9ch\u00e9","og_description":"Africa-Press &#8211; Tchad. La deuxi\u00e8me session de renforcement des capacit\u00e9s des organisations de la soci\u00e9t\u00e9 civile des provinces de Sila, Waddi-Fira et du Ouadda\u00ef, a pris fin ce mardi 02 novembre 2021 \u00e0 Ab\u00e9ch\u00e9. La c\u00e9r\u00e9monie de cl\u00f4ture \u00e9tait pr\u00e9sid\u00e9e par Mme la secr\u00e9taire g\u00e9n\u00e9rale du d\u00e9partement de Ouara, Meram Diker Bau\u00e9, repr\u00e9sentant le gouverneur [&hellip;]","og_url":"https:\/\/www.africa-press.net\/tchad\/culture-et-art\/le-pasoc-cloture-la-2eme-phase-de-formation-des-osc-a-abeche","og_site_name":"tchad","article_published_time":"2021-11-04T16:02:54+00:00","article_modified_time":"2021-11-04T22:19:29+00:00","og_image":[{"width":868,"height":391,"url":"https:\/\/static.africa-press.net\/tchad\/sites\/41\/2021\/11\/img-61841fb84b6b5.jpg","type":"image\/jpeg"}],"author":"cfeditorfr","twitter_card":"summary_large_image","twitter_misc":{"\u00c9crit par":"cfeditorfr","Dur\u00e9e de lecture estim\u00e9e":"2 minutes"},"schema":{"@context":"https:\/\/schema.org","@graph":[{"@type":"Article","@id":"https:\/\/www.africa-press.net\/tchad\/culture-et-art\/le-pasoc-cloture-la-2eme-phase-de-formation-des-osc-a-abeche#article","isPartOf":{"@id":"https:\/\/www.africa-press.net\/tchad\/culture-et-art\/le-pasoc-cloture-la-2eme-phase-de-formation-des-osc-a-abeche"},"author":{"name":"cfeditorfr","@id":"https:\/\/www.africa-press.net\/tchad\/#\/schema\/person\/2b1cf3cd81a31e3cd26889ca66d677f1"},"headline":"le PASOC cl\u00f4ture la 2\u00e8me phase de formation des OSC \u00e0 Ab\u00e9ch\u00e9","datePublished":"2021-11-04T16:02:54+00:00","dateModified":"2021-11-04T22:19:29+00:00","mainEntityOfPage":{"@id":"https:\/\/www.africa-press.net\/tchad\/culture-et-art\/le-pasoc-cloture-la-2eme-phase-de-formation-des-osc-a-abeche"},"wordCount":464,"commentCount":0,"image":{"@id":"https:\/\/www.africa-press.net\/tchad\/culture-et-art\/le-pasoc-cloture-la-2eme-phase-de-formation-des-osc-a-abeche#primaryimage"},"thumbnailUrl":"https:\/\/static.africa-press.net\/tchad\/sites\/41\/2021\/11\/img-61841fb84b6b5.jpg","keywords":["Ab\u00e9ch\u00e9","Africa Press","Africa Press-Tchad","PASOC","Tchad"],"articleSection":["Culture et Art","homepage-french","Toutes les actualit\u00e9s"],"inLanguage":"fr-FR","potentialAction":[{"@type":"CommentAction","name":"Comment","target":["https:\/\/www.africa-press.net\/tchad\/culture-et-art\/le-pasoc-cloture-la-2eme-phase-de-formation-des-osc-a-abeche#respond"]}]},{"@type":"WebPage","@id":"https:\/\/www.africa-press.net\/tchad\/culture-et-art\/le-pasoc-cloture-la-2eme-phase-de-formation-des-osc-a-abeche","url":"https:\/\/www.africa-press.net\/tchad\/culture-et-art\/le-pasoc-cloture-la-2eme-phase-de-formation-des-osc-a-abeche","name":"le PASOC cl\u00f4ture la 2\u00e8me phase de formation des OSC \u00e0 Ab\u00e9ch\u00e9 - tchad","isPartOf":{"@id":"https:\/\/www.africa-press.net\/tchad\/#website"},"primaryImageOfPage":{"@id":"https:\/\/www.africa-press.net\/tchad\/culture-et-art\/le-pasoc-cloture-la-2eme-phase-de-formation-des-osc-a-abeche#primaryimage"},"image":{"@id":"https:\/\/www.africa-press.net\/tchad\/culture-et-art\/le-pasoc-cloture-la-2eme-phase-de-formation-des-osc-a-abeche#primaryimage"},"thumbnailUrl":"https:\/\/static.africa-press.net\/tchad\/sites\/41\/2021\/11\/img-61841fb84b6b5.jpg","datePublished":"2021-11-04T16:02:54+00:00","dateModified":"2021-11-04T22:19:29+00:00","author":{"@id":"https:\/\/www.africa-press.net\/tchad\/#\/schema\/person\/2b1cf3cd81a31e3cd26889ca66d677f1"},"breadcrumb":{"@id":"https:\/\/www.africa-press.net\/tchad\/culture-et-art\/le-pasoc-cloture-la-2eme-phase-de-formation-des-osc-a-abeche#breadcrumb"},"inLanguage":"fr-FR","potentialAction":[{"@type":"ReadAction","target":["https:\/\/www.africa-press.net\/tchad\/culture-et-art\/le-pasoc-cloture-la-2eme-phase-de-formation-des-osc-a-abeche"]}]},{"@type":"ImageObject","inLanguage":"fr-FR","@id":"https:\/\/www.africa-press.net\/tchad\/culture-et-art\/le-pasoc-cloture-la-2eme-phase-de-formation-des-osc-a-abeche#primaryimage","url":"https:\/\/static.africa-press.net\/tchad\/sites\/41\/2021\/11\/img-61841fb84b6b5.jpg","contentUrl":"https:\/\/static.africa-press.net\/tchad\/sites\/41\/2021\/11\/img-61841fb84b6b5.jpg","width":868,"height":391,"caption":"le PASOC cl\u00f4ture la 2\u00e8me phase de formation des OSC \u00e0 Ab\u00e9ch\u00e9"},{"@type":"BreadcrumbList","@id":"https:\/\/www.africa-press.net\/tchad\/culture-et-art\/le-pasoc-cloture-la-2eme-phase-de-formation-des-osc-a-abeche#breadcrumb","itemListElement":[{"@type":"ListItem","position":1,"name":"Accueil","item":"https:\/\/www.africa-press.net\/tchad\/"},{"@type":"ListItem","position":2,"name":"le PASOC cl\u00f4ture la 2\u00e8me phase de formation des OSC \u00e0 Ab\u00e9ch\u00e9"}]},{"@type":"WebSite","@id":"https:\/\/www.africa-press.net\/tchad\/#website","url":"https:\/\/www.africa-press.net\/tchad\/","name":"tchad","description":"Just another Africa News Agency Sites site","potentialAction":[{"@type":"SearchAction","target":{"@type":"EntryPoint","urlTemplate":"https:\/\/www.africa-press.net\/tchad\/?s={search_term_string}"},"query-input":{"@type":"PropertyValueSpecification","valueRequired":true,"valueName":"search_term_string"}}],"inLanguage":"fr-FR"},{"@type":"Person","@id":"https:\/\/www.africa-press.net\/tchad\/#\/schema\/person\/2b1cf3cd81a31e3cd26889ca66d677f1","name":"cfeditorfr"}]}},"_links":{"self":[{"href":"https:\/\/www.africa-press.net\/tchad\/wp-json\/wp\/v2\/posts\/13175","targetHints":{"allow":["GET"]}}],"collection":[{"href":"https:\/\/www.africa-press.net\/tchad\/wp-json\/wp\/v2\/posts"}],"about":[{"href":"https:\/\/www.africa-press.net\/tchad\/wp-json\/wp\/v2\/types\/post"}],"author":[{"embeddable":true,"href":"https:\/\/www.africa-press.net\/tchad\/wp-json\/wp\/v2\/users\/82"}],"replies":[{"embeddable":true,"href":"https:\/\/www.africa-press.net\/tchad\/wp-json\/wp\/v2\/comments?post=13175"}],"version-history":[{"count":0,"href":"https:\/\/www.africa-press.net\/tchad\/wp-json\/wp\/v2\/posts\/13175\/revisions"}],"wp:featuredmedia":[{"embeddable":true,"href":"https:\/\/www.africa-press.net\/tchad\/wp-json\/wp\/v2\/media\/13174"}],"wp:attachment":[{"href":"https:\/\/www.africa-press.net\/tchad\/wp-json\/wp\/v2\/media?parent=13175"}],"wp:term":[{"taxonomy":"category","embeddable":true,"href":"https:\/\/www.africa-press.net\/tchad\/wp-json\/wp\/v2\/categories?post=13175"},{"taxonomy":"post_tag","embeddable":true,"href":"https:\/\/www.africa-press.net\/tchad\/wp-json\/wp\/v2\/tags?post=13175"}],"curies":[{"name":"wp","href":"https:\/\/api.w.org\/{rel}","templated":true}]}}