{"id":13239,"date":"2021-11-05T15:23:29","date_gmt":"2021-11-05T15:23:29","guid":{"rendered":"https:\/\/www.africa-press.net\/tchad\/politique\/je-rentrerai-a-ndjamena-quand-il-y-aura-des-negociations-le-chef-rebelle-timan-erdimi"},"modified":"2021-11-06T23:37:03","modified_gmt":"2021-11-06T23:37:03","slug":"je-rentrerai-a-ndjamena-quand-il-y-aura-des-negociations-le-chef-rebelle-timan-erdimi","status":"publish","type":"post","link":"https:\/\/www.africa-press.net\/tchad\/politique\/je-rentrerai-a-ndjamena-quand-il-y-aura-des-negociations-le-chef-rebelle-timan-erdimi","title":{"rendered":"\u00abJe rentrerai \u00e0 Ndjamena quand il y aura des n\u00e9gociations\u00bb le chef rebelle Timan Erdimi"},"content":{"rendered":"<p><span style=\"color: #ff6600\"><strong>Africa-Press &#8211; Tchad. <\/strong><\/span>Le Tchad vient d\u2019engager la premi\u00e8re \u00e9tape du processus de paix promis par le gouvernement de transition. Au cours des dix derniers jours, un comit\u00e9 technique sp\u00e9cial men\u00e9 par l\u2019ancien pr\u00e9sident Goukouni Oueddei a rencontr\u00e9 l\u2019opposition ainsi que les rebelles pour initier un dialogue national inclusif.<\/p>\n<p>Les r\u00e9unions ont eu lieu dans plusieurs villes, dont Paris, Le Caire, et Doha. Au total, 18 groupes politico-militaires ont particip\u00e9 aux r\u00e9unions. Timan Erdimi, qui dirige le RFC (Rassemblement des forces pour le changement) ainsi que l\u2019UFR, une coalition de plusieurs mouvements rebelles, est condamn\u00e9 \u00e0 mort dans son pays et vit au Qatar depuis plus de dix ans.<\/p>\n<p>Il a rencontr\u00e9 lundi 1er novembre les membres du comit\u00e9 technique \u00e0 Doha. Journaliste : Le moment de faire la paix au Tchad est-il arriv\u00e9 ? Timan Erdimi : Comme la tradition le veut, il y a un moment pour faire la guerre et un moment pour faire la paix.<\/p>\n<p>Pr\u00e9sentement, nous sommes r\u00e9solus \u00e0 faire la paix et le fait que le pouvoir en place envoie une admission \u00e0 Doha pour discuter avec nous les th\u00e8mes de pr\u00e9-dialogue comme ils le disent, nous sommes contents.<\/p>\n<p>Nous avons appr\u00e9ci\u00e9 cette d\u00e9marche et nous avons sign\u00e9 un proc\u00e8s-verbal. Mais dans ce proc\u00e8s-verbal, nous avons tr\u00e8s bien indiqu\u00e9 nos pr\u00e9alables. Quelles sont alors vos conditions pour initier le dialogue ?<\/p>\n<p>L\u2019amnistie g\u00e9n\u00e9rale pour tous les condamn\u00e9s collectivement et individuellement. Il y a des gens qui sont condamn\u00e9s \u00e0 mort, il y a des gens qui sont condamn\u00e9s \u00e0 perp\u00e9tuit\u00e9, il y a des gens qui sont condamn\u00e9s \u00e0 dix ans, vingt ans, ainsi de suite.<\/p>\n<p>Et pour des raisons strictement politiques. Deuxi\u00e8mement, il faut effectivement la lib\u00e9ration de tous les d\u00e9tenus politiques et des d\u00e9tenus d\u2019opinion bien s\u00fbr.<\/p>\n<p>Nous avons dit principalement, le docteur Tom Erdimi [fr\u00e8re jumeau de Timane] qui a \u00e9t\u00e9 arr\u00eat\u00e9 par le pouvoir de Ndjamena, m\u00eame si ce n\u2019est pas monsieur Mahamat Idriss Kaka, c\u2019\u00e9tait son p\u00e8re, mais l\u2019administration est une continuit\u00e9, et le pouvoir en place ne peut pas se d\u00e9rober en disant : \u00ab non, ce n\u2019est pas nous qui avons arr\u00eat\u00e9 Tom \u00bb.<\/p>\n<p>Non. Cela ne se dit pas et cela ne se fait pas comme \u00e7a. Il s\u2019agit de votre fr\u00e8re jumeau, arr\u00eat\u00e9 au Caire fin 2020\u2026 Il a \u00e9t\u00e9 arr\u00eat\u00e9 avec la complicit\u00e9 du r\u00e9gime tchadien et des services fran\u00e7ais.<\/p>\n<p>Et vous ne savez pas s\u2019il a \u00e9t\u00e9 extrad\u00e9 vers le Tchad et s\u2019il est en vie ? On n\u2019a aucune nouvelle pr\u00e9cision. Aucune. Et nous les avons aussi ajout\u00e9 dans cette liste, \u00e0 lib\u00e9rer monsieur Adouma Hassaballah qui a \u00e9t\u00e9 le vice-pr\u00e9sident de l\u2019UFR.<\/p>\n<p>Il a \u00e9t\u00e9 arr\u00eat\u00e9 en \u00c9thiopie et transf\u00e9r\u00e9 \u00e0 Ndjamena. Et nous savons de sources s\u00fbres et cr\u00e9dibles qu\u2019il est \u00e0 Ndjamena. Il est dans une cellule, isol\u00e9 depuis plus de dix ans, il est \u00e0 Ndjamena et il faut le lib\u00e9rer.<\/p>\n<p>Troisi\u00e8me point, on a demand\u00e9 la restitution de tous les biens, mat\u00e9riels et financiers, confisqu\u00e9s par l\u2019\u00c9tat pour les personnes d\u00e9tenues pour des raisons strictement politiques. Donc, nous avons pos\u00e9 ces trois conditions pr\u00e9alables et je crois que ce ne sont pas des conditions infranchissables.<\/p>\n<p>Donc, s\u2019il y a de la bonne volont\u00e9, si le CNT [Conseil national de transition] veut marquer sa bonne volont\u00e9 de faire la paix, il doit n\u00e9cessairement accepter ces trois pr\u00e9alables. De qui la d\u00e9l\u00e9gation que vous avez rencontr\u00e9e \u00e0 Doha \u00e9tait-elle compos\u00e9e ?<\/p>\n<p>D\u2019abord, c\u2019est le pr\u00e9sident Goukouni Oueddei, puis Aboubakar Assidick Choroma qui est le chef de mission, et ensuite quelques membres influents de l\u2019entourage de monsieur Mahamat Idriss D\u00e9by.<\/p>\n<p>Quand allez-vous reprendre les discussions. Est-ce que vous attendez que ces conditions que vous avez pos\u00e9es soient d\u2019abord appliqu\u00e9es ou comment cela va se passer pour les prochaines \u00e9tapes ?<\/p>\n<p>Vraiment, on n\u2019a pas discut\u00e9 pour les prochaines \u00e9tapes. Mais, les conditions que j\u2019ai pos\u00e9es ne sont pas des conditions impossibles. Pas du tout. Et \u00e7a, je crois qu\u2019il est des pr\u00e9rogatives du pr\u00e9sident de les prendre automatiquement.<\/p>\n<p>\u00c7a ne pose pas de probl\u00e8me. Mais le comit\u00e9 dirig\u00e9 par l\u2019ex-pr\u00e9sident Goukouni [Oueddei] a envoy\u00e9 des \u00e9missaires un peu partout. Je pense que logiquement, toutes ces d\u00e9l\u00e9gations rentrent \u00e0 Ndjamena.<\/p>\n<p>Ils vont compiler les donn\u00e9es et les exigences des uns et des autres. Ensuite, ils doivent revenir, mais on les attend dans les plus brefs d\u00e9lais. Est-ce que vous allez rentrer bient\u00f4t \u00e0 Ndjamena ?<\/p>\n<p>(rires) Non. Je ne rentrerai que quand il y aura des n\u00e9gociations. Il n\u2019y a pas eu de n\u00e9gociations. Et le fait que je rentre \u00e0 Ndjamena n\u2019est pas dans le programme de la d\u00e9l\u00e9gation qui est pass\u00e9e ici.<\/p>\n<p>La d\u00e9l\u00e9gation m\u2019a transmis une invitation \u00e0 assister au pr\u00e9-dialogue et apr\u00e8s le pr\u00e9-dialogue, s\u00fbrement on va rentrer \u00e0 Ndjamena. Je l\u2019esp\u00e8re. Vos coll\u00e8gues de la coalition de l\u2019UFR vous reprochent d\u2019\u00eatre le seul responsable \u00e0 avoir rencontr\u00e9 la d\u00e9l\u00e9gation tchadienne.<\/p>\n<p>Seront-ils pr\u00e9sents, \u00e0 vos c\u00f4t\u00e9s, \u00e0 l\u2018avenir ? Mais bien s\u00fbr, madame. L\u00e0, parce que, nous sommes trois ici. Trois, c\u2019est mon petit staff qui travaille avec moi depuis une dizaine d\u2019ann\u00e9es, mais l\u2019UFR en tant que tel, je crois que ce n\u2019est pas une r\u00e9union de n\u00e9gociation ce que nous avons fait.<\/p>\n<p>Ils m\u2019ont transmis une invitation \u00e0 assister au pr\u00e9-dialogue. Donc, prochainement, si effectivement il y a des assises de pr\u00e9-dialogue ici \u00e0 Doha, tout le bureau sera pr\u00e9sent.<\/p>\n<p>Si ce n\u2019est pas \u00e0 100%, nous allons d\u00e9signer une d\u00e9l\u00e9gation \u00e0 assister \u00e0 ces assises. Donc, l\u2019UFR \u00e9tant une coalition, tous les membres dirigeants de la coalition doivent \u00eatre pr\u00e9sents, doivent prendre part \u00e0 ces assises.<\/p>\n<p>Que ce soit clair et net. Quelle a \u00e9t\u00e9 votre impression en rencontrant dette d\u00e9l\u00e9gation. L\u2019approche a-t-elle convaincue ? On ne peut pas lire ce qui est dans leur fond, mais apparemment, ils sont conscients du probl\u00e8me, parce que si on voulait vraiment b\u00e2tir le pays, il faut d\u2019abord n\u00e9cessairement la paix.<\/p>\n<p>Sans la paix, il n\u2019y aura pas de d\u00e9veloppement, et la paix ne peut se faire qu\u2019avec les politico-militaires, les gens qui ont des armes et qui entourent tous les territoires, de l\u2019Est \u00e0 l\u2019Ouest, du Nord au Sud.<\/p>\n<p>Il faut faire la paix avec eux, pour qu\u2019il y ait la paix et la tranquillit\u00e9 de c\u0153ur et d\u2019esprit. Moi, je n\u2019ai pas senti une mauvaise volont\u00e9 ou de la mauvaise foi, mais ils ont fait ce qu\u2019ils devaient faire.<\/p>\n<p>Depuis 2008, vous avez refus\u00e9 les discussions et le dialogue avec les autorit\u00e9s tchadiennes. Qu\u2019est-ce qui fait qu\u2019aujourd\u2019hui, vous avez chang\u00e9 d\u2019avis ?<\/p>\n<p>(rires). Ce sont des charabias que les gens racontent dans les quartiers.<\/p>\n<p>Moi, depuis 2008 jusqu\u2019\u00e0 aujourd\u2019hui, personne ne m\u2019a contact\u00e9 pour faire la paix. Cela va vous surprendre et \u00e7a va vous \u00e9tonner, mais c\u2019est comme \u00e7a.<\/p>\n<p>Ce sont les gens qui racontent dans les quartiers \u00ab que Timan est r\u00e9ductible, que Timan est fondamentaliste, qu\u2019il ne veut pas n\u00e9gocier, qu\u2019il ne veut pas rentrer \u00bb.<\/p>\n<p>Non, personne ne m\u2019a contact\u00e9, malheureusement personne. \u00c0 l\u2019origine, Idriss D\u00e9by a dit aux Soudanais qu\u2019il ne discutera pas avec moi, ni avec le g\u00e9n\u00e9ral Nouri.<\/p>\n<p>Et une fois assis \u00e0 Doha, ils ont dit que \u00ab non, on ne va pas discuter avec Timan \u00bb, puisque le g\u00e9n\u00e9ral Nouri n\u2019\u00e9tait plus ici. Donc, c\u2019est eux qui ont bloqu\u00e9 les n\u00e9gociations.<\/p>\n<p>Ce n\u2019est pas nous, du tout. La situation au Tchad est-elle aujourd\u2019hui plus propice au dialogue ? Il y a un eu changement radical. Monsieur Idriss D\u00e9by p\u00e8re est d\u00e9c\u00e9d\u00e9, paix \u00e0 son \u00e2me.<\/p>\n<p>Son fils [Mahamat Idriss D\u00e9by] a pris le pouvoir. Il faut qu\u2019il prenne ses marques. Il y a une nouvelle \u00e8re et il faut qu\u2019il montre \u00e0 l\u2019opinion nationale et internationale qu\u2019il veut changer les choses.<\/p>\n<p>Il y a n\u00e9cessairement des choses \u00e0 changer. Il est \u00e0 la fleur de l\u2019\u00e2ge. S\u2019il veut construire le pays, dans l\u2019avenir, il faut qu\u2019il change du tout au tout.<\/p>\n<p>Il ne peut pas continuer dans la ligne de son p\u00e8re. Non. Cela ne peut pas marcher. Cette prise de contact avec vous survient six mois apr\u00e8s le d\u00e9c\u00e8s du pr\u00e9sident Idriss D\u00e9by, le 20 avril 2021.<\/p>\n<p>Est-ce une co\u00efncidence ? Non. C\u2019est une d\u00e9marche tout \u00e0 fait normale et naturelle. La rencontre aurait d\u00fb avoir lieu deux mois, trois mois ou quatre mois apr\u00e8s le d\u00e9c\u00e8s d\u2019Idriss.<\/p>\n<p>Il faut que le nouveau responsable du pays change quand m\u00eame de politique et marque son souhait de changer de direction politique. Donc, il est tout \u00e0 fait normal qu\u2019il prenne contact avec les politico-militaires pour faire taire les armes et commencer \u00e0 b\u00e2tir un \u00c9tat d\u00e9mocratique, un \u00c9tat de d\u00e9veloppement.<\/p>\n<p>Pour vous, est-il plus facile de parler avec le fils qu\u2019avec le p\u00e8re ? Le p\u00e8re a refus\u00e9 de parler avec nous. Le p\u00e8re n\u2019a jamais demand\u00e9 \u00e0 discuter, \u00e0 dialoguer avec nous.<\/p>\n<p>Le Conseil national de transition (CNT) au Tchad s\u2019est inspir\u00e9 de la transition au Soudan. Les \u00e9v\u00e8nements \u00e0 Khartoum vous inqui\u00e8tent-ils pour l\u2019avenir de votre pays ? Je ne peux pas pr\u00e9dire l\u2019avenir. Mais je crois que le syst\u00e8me soudanais ne peut pas \u00eatre expos\u00e9 au Tchad. Je ne pense pas.<\/p>\n<p>Il y a des raisons sociales, il y a des raisons historiques, il y a des raisons sociologiques qui font que le Soudan est toujours mouvement\u00e9, depuis la chute de Jaafar Numeiri. Non, je ne pense pas que \u00e7a sera la m\u00eame chose pour le Tchad.<\/p>\n<p><strong>Pour plus d&rsquo;informations et d&rsquo;analyses sur la <a href=\"https:\/\/www.africa-press.net\/tchad\">Tchad<\/a>, suivez <a href=\"https:\/\/www.africa-press.net\/\">Africa-Press<\/a><\/strong><\/p>\n","protected":false},"excerpt":{"rendered":"<p>Africa-Press &#8211; Tchad. Le Tchad vient d\u2019engager la premi\u00e8re \u00e9tape du processus de paix promis par le gouvernement de transition. Au cours des dix derniers jours, un comit\u00e9 technique sp\u00e9cial men\u00e9 par l\u2019ancien pr\u00e9sident Goukouni Oueddei a rencontr\u00e9 l\u2019opposition ainsi que les rebelles pour initier un dialogue national inclusif. Les r\u00e9unions ont eu lieu dans [&hellip;]<\/p>\n","protected":false},"author":82,"featured_media":13238,"comment_status":"open","ping_status":"closed","sticky":false,"template":"","format":"standard","meta":{"footnotes":""},"categories":[11,2,20,10],"tags":[37,292,2323,29,2288],"class_list":["post-13239","post","type-post","status-publish","format-standard","has-post-thumbnail","hentry","category-homepage-french","category-politique","category-top-nouvelles","category-toutes-les-actualites","tag-africa-press","tag-africa-press-tchad","tag-negociations","tag-tchad","tag-timan-erdimi"],"yoast_head":"<!-- This site is optimized with the Yoast SEO Premium plugin v26.1 (Yoast SEO v27.0) - https:\/\/yoast.com\/product\/yoast-seo-premium-wordpress\/ -->\n<title>\u00abJe rentrerai \u00e0 Ndjamena quand il y aura des n\u00e9gociations\u00bb le chef rebelle Timan Erdimi - tchad<\/title>\n<meta name=\"description\" content=\"Le Tchad vient d\u2019engager la premi\u00e8re \u00e9tape du processus de paix promis par le gouvernement de transition. Au cours des d ...\" \/>\n<meta name=\"robots\" content=\"index, follow, max-snippet:-1, max-image-preview:large, max-video-preview:-1\" \/>\n<link rel=\"canonical\" href=\"https:\/\/www.africa-press.net\/tchad\/politique\/je-rentrerai-a-ndjamena-quand-il-y-aura-des-negociations-le-chef-rebelle-timan-erdimi\" \/>\n<meta property=\"og:locale\" content=\"fr_FR\" \/>\n<meta property=\"og:type\" content=\"article\" \/>\n<meta property=\"og:title\" content=\"\u00abJe rentrerai \u00e0 Ndjamena quand il y aura des n\u00e9gociations\u00bb le chef rebelle Timan Erdimi\" \/>\n<meta property=\"og:description\" content=\"Le Tchad vient d\u2019engager la premi\u00e8re \u00e9tape du processus de paix promis par le gouvernement de transition. Au cours des d ...\" \/>\n<meta property=\"og:url\" content=\"https:\/\/www.africa-press.net\/tchad\/politique\/je-rentrerai-a-ndjamena-quand-il-y-aura-des-negociations-le-chef-rebelle-timan-erdimi\" \/>\n<meta property=\"og:site_name\" content=\"tchad\" \/>\n<meta property=\"article:published_time\" content=\"2021-11-05T15:23:29+00:00\" \/>\n<meta property=\"article:modified_time\" content=\"2021-11-06T23:37:03+00:00\" \/>\n<meta property=\"og:image\" content=\"https:\/\/static.africa-press.net\/tchad\/sites\/41\/2021\/11\/img-61855a841fa8b.jpg\" \/>\n\t<meta property=\"og:image:width\" content=\"719\" \/>\n\t<meta property=\"og:image:height\" content=\"405\" \/>\n\t<meta property=\"og:image:type\" content=\"image\/jpeg\" \/>\n<meta name=\"author\" content=\"cfeditorfr\" \/>\n<meta name=\"twitter:card\" content=\"summary_large_image\" \/>\n<meta name=\"twitter:label1\" content=\"\u00c9crit par\" \/>\n\t<meta name=\"twitter:data1\" content=\"cfeditorfr\" \/>\n\t<meta name=\"twitter:label2\" content=\"Dur\u00e9e de lecture estim\u00e9e\" \/>\n\t<meta name=\"twitter:data2\" content=\"9 minutes\" \/>\n<script type=\"application\/ld+json\" class=\"yoast-schema-graph\">{\"@context\":\"https:\/\/schema.org\",\"@graph\":[{\"@type\":\"Article\",\"@id\":\"https:\/\/www.africa-press.net\/tchad\/politique\/je-rentrerai-a-ndjamena-quand-il-y-aura-des-negociations-le-chef-rebelle-timan-erdimi#article\",\"isPartOf\":{\"@id\":\"https:\/\/www.africa-press.net\/tchad\/politique\/je-rentrerai-a-ndjamena-quand-il-y-aura-des-negociations-le-chef-rebelle-timan-erdimi\"},\"author\":{\"name\":\"cfeditorfr\",\"@id\":\"https:\/\/www.africa-press.net\/tchad\/#\/schema\/person\/2b1cf3cd81a31e3cd26889ca66d677f1\"},\"headline\":\"\u00abJe rentrerai \u00e0 Ndjamena quand il y aura des n\u00e9gociations\u00bb le chef rebelle Timan Erdimi\",\"datePublished\":\"2021-11-05T15:23:29+00:00\",\"dateModified\":\"2021-11-06T23:37:03+00:00\",\"mainEntityOfPage\":{\"@id\":\"https:\/\/www.africa-press.net\/tchad\/politique\/je-rentrerai-a-ndjamena-quand-il-y-aura-des-negociations-le-chef-rebelle-timan-erdimi\"},\"wordCount\":1750,\"commentCount\":0,\"image\":{\"@id\":\"https:\/\/www.africa-press.net\/tchad\/politique\/je-rentrerai-a-ndjamena-quand-il-y-aura-des-negociations-le-chef-rebelle-timan-erdimi#primaryimage\"},\"thumbnailUrl\":\"https:\/\/static.africa-press.net\/tchad\/sites\/41\/2021\/11\/img-61855a841fa8b.jpg\",\"keywords\":[\"Africa Press\",\"Africa Press-Tchad\",\"n\u00e9gociations\u00bb\",\"Tchad\",\"Timan Erdimi\"],\"articleSection\":[\"homepage-french\",\"Politique\",\"Top Nouvelles\",\"Toutes les actualit\u00e9s\"],\"inLanguage\":\"fr-FR\",\"potentialAction\":[{\"@type\":\"CommentAction\",\"name\":\"Comment\",\"target\":[\"https:\/\/www.africa-press.net\/tchad\/politique\/je-rentrerai-a-ndjamena-quand-il-y-aura-des-negociations-le-chef-rebelle-timan-erdimi#respond\"]}]},{\"@type\":\"WebPage\",\"@id\":\"https:\/\/www.africa-press.net\/tchad\/politique\/je-rentrerai-a-ndjamena-quand-il-y-aura-des-negociations-le-chef-rebelle-timan-erdimi\",\"url\":\"https:\/\/www.africa-press.net\/tchad\/politique\/je-rentrerai-a-ndjamena-quand-il-y-aura-des-negociations-le-chef-rebelle-timan-erdimi\",\"name\":\"\u00abJe rentrerai \u00e0 Ndjamena quand il y aura des n\u00e9gociations\u00bb le chef rebelle Timan Erdimi - tchad\",\"isPartOf\":{\"@id\":\"https:\/\/www.africa-press.net\/tchad\/#website\"},\"primaryImageOfPage\":{\"@id\":\"https:\/\/www.africa-press.net\/tchad\/politique\/je-rentrerai-a-ndjamena-quand-il-y-aura-des-negociations-le-chef-rebelle-timan-erdimi#primaryimage\"},\"image\":{\"@id\":\"https:\/\/www.africa-press.net\/tchad\/politique\/je-rentrerai-a-ndjamena-quand-il-y-aura-des-negociations-le-chef-rebelle-timan-erdimi#primaryimage\"},\"thumbnailUrl\":\"https:\/\/static.africa-press.net\/tchad\/sites\/41\/2021\/11\/img-61855a841fa8b.jpg\",\"datePublished\":\"2021-11-05T15:23:29+00:00\",\"dateModified\":\"2021-11-06T23:37:03+00:00\",\"author\":{\"@id\":\"https:\/\/www.africa-press.net\/tchad\/#\/schema\/person\/2b1cf3cd81a31e3cd26889ca66d677f1\"},\"description\":\"Le Tchad vient d\u2019engager la premi\u00e8re \u00e9tape du processus de paix promis par le gouvernement de transition. Au cours des d ...\",\"breadcrumb\":{\"@id\":\"https:\/\/www.africa-press.net\/tchad\/politique\/je-rentrerai-a-ndjamena-quand-il-y-aura-des-negociations-le-chef-rebelle-timan-erdimi#breadcrumb\"},\"inLanguage\":\"fr-FR\",\"potentialAction\":[{\"@type\":\"ReadAction\",\"target\":[\"https:\/\/www.africa-press.net\/tchad\/politique\/je-rentrerai-a-ndjamena-quand-il-y-aura-des-negociations-le-chef-rebelle-timan-erdimi\"]}]},{\"@type\":\"ImageObject\",\"inLanguage\":\"fr-FR\",\"@id\":\"https:\/\/www.africa-press.net\/tchad\/politique\/je-rentrerai-a-ndjamena-quand-il-y-aura-des-negociations-le-chef-rebelle-timan-erdimi#primaryimage\",\"url\":\"https:\/\/static.africa-press.net\/tchad\/sites\/41\/2021\/11\/img-61855a841fa8b.jpg\",\"contentUrl\":\"https:\/\/static.africa-press.net\/tchad\/sites\/41\/2021\/11\/img-61855a841fa8b.jpg\",\"width\":719,\"height\":405,\"caption\":\"\u00abJe rentrerai \u00e0 Ndjamena quand il y aura des n\u00e9gociations\u00bb le chef rebelle Timan Erdimi\"},{\"@type\":\"BreadcrumbList\",\"@id\":\"https:\/\/www.africa-press.net\/tchad\/politique\/je-rentrerai-a-ndjamena-quand-il-y-aura-des-negociations-le-chef-rebelle-timan-erdimi#breadcrumb\",\"itemListElement\":[{\"@type\":\"ListItem\",\"position\":1,\"name\":\"Accueil\",\"item\":\"https:\/\/www.africa-press.net\/tchad\/\"},{\"@type\":\"ListItem\",\"position\":2,\"name\":\"\u00abJe rentrerai \u00e0 Ndjamena quand il y aura des n\u00e9gociations\u00bb le chef rebelle Timan Erdimi\"}]},{\"@type\":\"WebSite\",\"@id\":\"https:\/\/www.africa-press.net\/tchad\/#website\",\"url\":\"https:\/\/www.africa-press.net\/tchad\/\",\"name\":\"tchad\",\"description\":\"Just another Africa News Agency Sites site\",\"potentialAction\":[{\"@type\":\"SearchAction\",\"target\":{\"@type\":\"EntryPoint\",\"urlTemplate\":\"https:\/\/www.africa-press.net\/tchad\/?s={search_term_string}\"},\"query-input\":{\"@type\":\"PropertyValueSpecification\",\"valueRequired\":true,\"valueName\":\"search_term_string\"}}],\"inLanguage\":\"fr-FR\"},{\"@type\":\"Person\",\"@id\":\"https:\/\/www.africa-press.net\/tchad\/#\/schema\/person\/2b1cf3cd81a31e3cd26889ca66d677f1\",\"name\":\"cfeditorfr\"}]}<\/script>\n<!-- \/ Yoast SEO Premium plugin. -->","yoast_head_json":{"title":"\u00abJe rentrerai \u00e0 Ndjamena quand il y aura des n\u00e9gociations\u00bb le chef rebelle Timan Erdimi - tchad","description":"Le Tchad vient d\u2019engager la premi\u00e8re \u00e9tape du processus de paix promis par le gouvernement de transition. Au cours des d ...","robots":{"index":"index","follow":"follow","max-snippet":"max-snippet:-1","max-image-preview":"max-image-preview:large","max-video-preview":"max-video-preview:-1"},"canonical":"https:\/\/www.africa-press.net\/tchad\/politique\/je-rentrerai-a-ndjamena-quand-il-y-aura-des-negociations-le-chef-rebelle-timan-erdimi","og_locale":"fr_FR","og_type":"article","og_title":"\u00abJe rentrerai \u00e0 Ndjamena quand il y aura des n\u00e9gociations\u00bb le chef rebelle Timan Erdimi","og_description":"Le Tchad vient d\u2019engager la premi\u00e8re \u00e9tape du processus de paix promis par le gouvernement de transition. Au cours des d ...","og_url":"https:\/\/www.africa-press.net\/tchad\/politique\/je-rentrerai-a-ndjamena-quand-il-y-aura-des-negociations-le-chef-rebelle-timan-erdimi","og_site_name":"tchad","article_published_time":"2021-11-05T15:23:29+00:00","article_modified_time":"2021-11-06T23:37:03+00:00","og_image":[{"width":719,"height":405,"url":"https:\/\/static.africa-press.net\/tchad\/sites\/41\/2021\/11\/img-61855a841fa8b.jpg","type":"image\/jpeg"}],"author":"cfeditorfr","twitter_card":"summary_large_image","twitter_misc":{"\u00c9crit par":"cfeditorfr","Dur\u00e9e de lecture estim\u00e9e":"9 minutes"},"schema":{"@context":"https:\/\/schema.org","@graph":[{"@type":"Article","@id":"https:\/\/www.africa-press.net\/tchad\/politique\/je-rentrerai-a-ndjamena-quand-il-y-aura-des-negociations-le-chef-rebelle-timan-erdimi#article","isPartOf":{"@id":"https:\/\/www.africa-press.net\/tchad\/politique\/je-rentrerai-a-ndjamena-quand-il-y-aura-des-negociations-le-chef-rebelle-timan-erdimi"},"author":{"name":"cfeditorfr","@id":"https:\/\/www.africa-press.net\/tchad\/#\/schema\/person\/2b1cf3cd81a31e3cd26889ca66d677f1"},"headline":"\u00abJe rentrerai \u00e0 Ndjamena quand il y aura des n\u00e9gociations\u00bb le chef rebelle Timan Erdimi","datePublished":"2021-11-05T15:23:29+00:00","dateModified":"2021-11-06T23:37:03+00:00","mainEntityOfPage":{"@id":"https:\/\/www.africa-press.net\/tchad\/politique\/je-rentrerai-a-ndjamena-quand-il-y-aura-des-negociations-le-chef-rebelle-timan-erdimi"},"wordCount":1750,"commentCount":0,"image":{"@id":"https:\/\/www.africa-press.net\/tchad\/politique\/je-rentrerai-a-ndjamena-quand-il-y-aura-des-negociations-le-chef-rebelle-timan-erdimi#primaryimage"},"thumbnailUrl":"https:\/\/static.africa-press.net\/tchad\/sites\/41\/2021\/11\/img-61855a841fa8b.jpg","keywords":["Africa Press","Africa Press-Tchad","n\u00e9gociations\u00bb","Tchad","Timan Erdimi"],"articleSection":["homepage-french","Politique","Top Nouvelles","Toutes les actualit\u00e9s"],"inLanguage":"fr-FR","potentialAction":[{"@type":"CommentAction","name":"Comment","target":["https:\/\/www.africa-press.net\/tchad\/politique\/je-rentrerai-a-ndjamena-quand-il-y-aura-des-negociations-le-chef-rebelle-timan-erdimi#respond"]}]},{"@type":"WebPage","@id":"https:\/\/www.africa-press.net\/tchad\/politique\/je-rentrerai-a-ndjamena-quand-il-y-aura-des-negociations-le-chef-rebelle-timan-erdimi","url":"https:\/\/www.africa-press.net\/tchad\/politique\/je-rentrerai-a-ndjamena-quand-il-y-aura-des-negociations-le-chef-rebelle-timan-erdimi","name":"\u00abJe rentrerai \u00e0 Ndjamena quand il y aura des n\u00e9gociations\u00bb le chef rebelle Timan Erdimi - tchad","isPartOf":{"@id":"https:\/\/www.africa-press.net\/tchad\/#website"},"primaryImageOfPage":{"@id":"https:\/\/www.africa-press.net\/tchad\/politique\/je-rentrerai-a-ndjamena-quand-il-y-aura-des-negociations-le-chef-rebelle-timan-erdimi#primaryimage"},"image":{"@id":"https:\/\/www.africa-press.net\/tchad\/politique\/je-rentrerai-a-ndjamena-quand-il-y-aura-des-negociations-le-chef-rebelle-timan-erdimi#primaryimage"},"thumbnailUrl":"https:\/\/static.africa-press.net\/tchad\/sites\/41\/2021\/11\/img-61855a841fa8b.jpg","datePublished":"2021-11-05T15:23:29+00:00","dateModified":"2021-11-06T23:37:03+00:00","author":{"@id":"https:\/\/www.africa-press.net\/tchad\/#\/schema\/person\/2b1cf3cd81a31e3cd26889ca66d677f1"},"description":"Le Tchad vient d\u2019engager la premi\u00e8re \u00e9tape du processus de paix promis par le gouvernement de transition. Au cours des d ...","breadcrumb":{"@id":"https:\/\/www.africa-press.net\/tchad\/politique\/je-rentrerai-a-ndjamena-quand-il-y-aura-des-negociations-le-chef-rebelle-timan-erdimi#breadcrumb"},"inLanguage":"fr-FR","potentialAction":[{"@type":"ReadAction","target":["https:\/\/www.africa-press.net\/tchad\/politique\/je-rentrerai-a-ndjamena-quand-il-y-aura-des-negociations-le-chef-rebelle-timan-erdimi"]}]},{"@type":"ImageObject","inLanguage":"fr-FR","@id":"https:\/\/www.africa-press.net\/tchad\/politique\/je-rentrerai-a-ndjamena-quand-il-y-aura-des-negociations-le-chef-rebelle-timan-erdimi#primaryimage","url":"https:\/\/static.africa-press.net\/tchad\/sites\/41\/2021\/11\/img-61855a841fa8b.jpg","contentUrl":"https:\/\/static.africa-press.net\/tchad\/sites\/41\/2021\/11\/img-61855a841fa8b.jpg","width":719,"height":405,"caption":"\u00abJe rentrerai \u00e0 Ndjamena quand il y aura des n\u00e9gociations\u00bb le chef rebelle Timan Erdimi"},{"@type":"BreadcrumbList","@id":"https:\/\/www.africa-press.net\/tchad\/politique\/je-rentrerai-a-ndjamena-quand-il-y-aura-des-negociations-le-chef-rebelle-timan-erdimi#breadcrumb","itemListElement":[{"@type":"ListItem","position":1,"name":"Accueil","item":"https:\/\/www.africa-press.net\/tchad\/"},{"@type":"ListItem","position":2,"name":"\u00abJe rentrerai \u00e0 Ndjamena quand il y aura des n\u00e9gociations\u00bb le chef rebelle Timan Erdimi"}]},{"@type":"WebSite","@id":"https:\/\/www.africa-press.net\/tchad\/#website","url":"https:\/\/www.africa-press.net\/tchad\/","name":"tchad","description":"Just another Africa News Agency Sites site","potentialAction":[{"@type":"SearchAction","target":{"@type":"EntryPoint","urlTemplate":"https:\/\/www.africa-press.net\/tchad\/?s={search_term_string}"},"query-input":{"@type":"PropertyValueSpecification","valueRequired":true,"valueName":"search_term_string"}}],"inLanguage":"fr-FR"},{"@type":"Person","@id":"https:\/\/www.africa-press.net\/tchad\/#\/schema\/person\/2b1cf3cd81a31e3cd26889ca66d677f1","name":"cfeditorfr"}]}},"_links":{"self":[{"href":"https:\/\/www.africa-press.net\/tchad\/wp-json\/wp\/v2\/posts\/13239","targetHints":{"allow":["GET"]}}],"collection":[{"href":"https:\/\/www.africa-press.net\/tchad\/wp-json\/wp\/v2\/posts"}],"about":[{"href":"https:\/\/www.africa-press.net\/tchad\/wp-json\/wp\/v2\/types\/post"}],"author":[{"embeddable":true,"href":"https:\/\/www.africa-press.net\/tchad\/wp-json\/wp\/v2\/users\/82"}],"replies":[{"embeddable":true,"href":"https:\/\/www.africa-press.net\/tchad\/wp-json\/wp\/v2\/comments?post=13239"}],"version-history":[{"count":0,"href":"https:\/\/www.africa-press.net\/tchad\/wp-json\/wp\/v2\/posts\/13239\/revisions"}],"wp:featuredmedia":[{"embeddable":true,"href":"https:\/\/www.africa-press.net\/tchad\/wp-json\/wp\/v2\/media\/13238"}],"wp:attachment":[{"href":"https:\/\/www.africa-press.net\/tchad\/wp-json\/wp\/v2\/media?parent=13239"}],"wp:term":[{"taxonomy":"category","embeddable":true,"href":"https:\/\/www.africa-press.net\/tchad\/wp-json\/wp\/v2\/categories?post=13239"},{"taxonomy":"post_tag","embeddable":true,"href":"https:\/\/www.africa-press.net\/tchad\/wp-json\/wp\/v2\/tags?post=13239"}],"curies":[{"name":"wp","href":"https:\/\/api.w.org\/{rel}","templated":true}]}}