{"id":13251,"date":"2021-11-06T14:49:23","date_gmt":"2021-11-06T14:49:23","guid":{"rendered":"https:\/\/www.africa-press.net\/tchad\/politique\/les-forces-vives-reunies-a-ndjamena-pour-un-pre-dialogue"},"modified":"2021-11-06T23:37:39","modified_gmt":"2021-11-06T23:37:39","slug":"les-forces-vives-reunies-a-ndjamena-pour-un-pre-dialogue","status":"publish","type":"post","link":"https:\/\/www.africa-press.net\/tchad\/politique\/les-forces-vives-reunies-a-ndjamena-pour-un-pre-dialogue","title":{"rendered":"les forces vives r\u00e9unies \u00e0 N&rsquo;Djamena pour un pr\u00e9-dialogue"},"content":{"rendered":"<p><span style=\"color: #ff6600\"><strong>Africa-Press &#8211; Tchad. <\/strong><\/span>Le pr\u00e9-dialogue de N&rsquo;Djamena a \u00e9t\u00e9 lanc\u00e9 ce 5 novembre au Palais du 15 janvier, en pr\u00e9lude du dialogue national inclusif. C&rsquo;est un grand moment d&rsquo;\u00e9valuation et de proposition pour les citoyens de la ville, a rappel\u00e9 Ali Haroun, maire de la ville de N&rsquo;Djamena.<\/p>\n<p>\u00ab\u00a0Nous connaissons mieux que quiconque nos probl\u00e8mes et difficult\u00e9s. Nous sommes capables de les r\u00e9soudre nous-m\u00eames\u00a0\u00bb, a indiqu\u00e9 Ali Haroun.<\/p>\n<p>Toutes les forces vives de la ville sont repr\u00e9sent\u00e9es dans la salle. Le pr\u00e9sident de la commission provinciale d&rsquo;organisation, Brahim Se\u00efd Mahamat, a assur\u00e9 qu&rsquo;il n&rsquo;y a pas de sujet tabou.<\/p>\n<p>Un rapport final des synth\u00e8ses des travaux, conclusions et recommandations sera transmis au comit\u00e9 d&rsquo;organisation du dialogue national inclusif. Le pr\u00e9-dialogue prendra fin le 7 novembre.<\/p>\n<p><strong>Pour plus d&rsquo;informations et d&rsquo;analyses sur la <a href=\"https:\/\/www.africa-press.net\/tchad\">Tchad<\/a>, suivez <a href=\"https:\/\/www.africa-press.net\/\">Africa-Press<\/a><\/strong><\/p>\n","protected":false},"excerpt":{"rendered":"<p>Africa-Press &#8211; Tchad. Le pr\u00e9-dialogue de N&rsquo;Djamena a \u00e9t\u00e9 lanc\u00e9 ce 5 novembre au Palais du 15 janvier, en pr\u00e9lude du dialogue national inclusif. C&rsquo;est un grand moment d&rsquo;\u00e9valuation et de proposition pour les citoyens de la ville, a rappel\u00e9 Ali Haroun, maire de la ville de N&rsquo;Djamena. \u00ab\u00a0Nous connaissons mieux que quiconque nos probl\u00e8mes [&hellip;]<\/p>\n","protected":false},"author":82,"featured_media":13250,"comment_status":"open","ping_status":"closed","sticky":false,"template":"","format":"standard","meta":{"footnotes":""},"categories":[11,2,10],"tags":[37,292,2328,41,29],"class_list":["post-13251","post","type-post","status-publish","format-standard","has-post-thumbnail","hentry","category-homepage-french","category-politique","category-toutes-les-actualites","tag-africa-press","tag-africa-press-tchad","tag-forces","tag-ndjamena","tag-tchad"],"yoast_head":"<!-- This site is optimized with the Yoast SEO Premium plugin v26.1 (Yoast SEO v27.0) - https:\/\/yoast.com\/product\/yoast-seo-premium-wordpress\/ -->\n<title>les forces vives r\u00e9unies \u00e0 N&#039;Djamena pour un pr\u00e9-dialogue - tchad<\/title>\n<meta name=\"description\" content=\"Le pr\u00e9-dialogue de N&#039;Djamena a \u00e9t\u00e9 lanc\u00e9 ce 5 novembre au Palais du 15 janvier, en pr\u00e9lude du dialogue national inclusif ...\" \/>\n<meta name=\"robots\" content=\"index, follow, max-snippet:-1, max-image-preview:large, max-video-preview:-1\" \/>\n<link rel=\"canonical\" href=\"https:\/\/www.africa-press.net\/tchad\/politique\/les-forces-vives-reunies-a-ndjamena-pour-un-pre-dialogue\" \/>\n<meta property=\"og:locale\" content=\"fr_FR\" \/>\n<meta property=\"og:type\" content=\"article\" \/>\n<meta property=\"og:title\" content=\"les forces vives r\u00e9unies \u00e0 N&#039;Djamena pour un pr\u00e9-dialogue\" \/>\n<meta property=\"og:description\" content=\"Le pr\u00e9-dialogue de N&#039;Djamena a \u00e9t\u00e9 lanc\u00e9 ce 5 novembre au Palais du 15 janvier, en pr\u00e9lude du dialogue national inclusif ...\" \/>\n<meta property=\"og:url\" content=\"https:\/\/www.africa-press.net\/tchad\/politique\/les-forces-vives-reunies-a-ndjamena-pour-un-pre-dialogue\" \/>\n<meta property=\"og:site_name\" content=\"tchad\" \/>\n<meta property=\"article:published_time\" content=\"2021-11-06T14:49:23+00:00\" \/>\n<meta property=\"article:modified_time\" content=\"2021-11-06T23:37:39+00:00\" \/>\n<meta property=\"og:image\" content=\"https:\/\/static.africa-press.net\/tchad\/sites\/41\/2021\/11\/img-61869a8abe564.jpg\" \/>\n\t<meta property=\"og:image:width\" content=\"870\" \/>\n\t<meta property=\"og:image:height\" content=\"412\" \/>\n\t<meta property=\"og:image:type\" content=\"image\/jpeg\" \/>\n<meta name=\"author\" content=\"cfeditorfr\" \/>\n<meta name=\"twitter:card\" content=\"summary_large_image\" \/>\n<meta name=\"twitter:label1\" content=\"\u00c9crit par\" \/>\n\t<meta name=\"twitter:data1\" content=\"cfeditorfr\" \/>\n\t<meta name=\"twitter:label2\" content=\"Dur\u00e9e de lecture estim\u00e9e\" \/>\n\t<meta name=\"twitter:data2\" content=\"1 minute\" \/>\n<script type=\"application\/ld+json\" class=\"yoast-schema-graph\">{\"@context\":\"https:\/\/schema.org\",\"@graph\":[{\"@type\":\"Article\",\"@id\":\"https:\/\/www.africa-press.net\/tchad\/politique\/les-forces-vives-reunies-a-ndjamena-pour-un-pre-dialogue#article\",\"isPartOf\":{\"@id\":\"https:\/\/www.africa-press.net\/tchad\/politique\/les-forces-vives-reunies-a-ndjamena-pour-un-pre-dialogue\"},\"author\":{\"name\":\"cfeditorfr\",\"@id\":\"https:\/\/www.africa-press.net\/tchad\/#\/schema\/person\/2b1cf3cd81a31e3cd26889ca66d677f1\"},\"headline\":\"les forces vives r\u00e9unies \u00e0 N&rsquo;Djamena pour un pr\u00e9-dialogue\",\"datePublished\":\"2021-11-06T14:49:23+00:00\",\"dateModified\":\"2021-11-06T23:37:39+00:00\",\"mainEntityOfPage\":{\"@id\":\"https:\/\/www.africa-press.net\/tchad\/politique\/les-forces-vives-reunies-a-ndjamena-pour-un-pre-dialogue\"},\"wordCount\":165,\"commentCount\":0,\"image\":{\"@id\":\"https:\/\/www.africa-press.net\/tchad\/politique\/les-forces-vives-reunies-a-ndjamena-pour-un-pre-dialogue#primaryimage\"},\"thumbnailUrl\":\"https:\/\/static.africa-press.net\/tchad\/sites\/41\/2021\/11\/img-61869a8abe564.jpg\",\"keywords\":[\"Africa Press\",\"Africa Press-Tchad\",\"forces\",\"N'Djamena\",\"Tchad\"],\"articleSection\":[\"homepage-french\",\"Politique\",\"Toutes les actualit\u00e9s\"],\"inLanguage\":\"fr-FR\",\"potentialAction\":[{\"@type\":\"CommentAction\",\"name\":\"Comment\",\"target\":[\"https:\/\/www.africa-press.net\/tchad\/politique\/les-forces-vives-reunies-a-ndjamena-pour-un-pre-dialogue#respond\"]}]},{\"@type\":\"WebPage\",\"@id\":\"https:\/\/www.africa-press.net\/tchad\/politique\/les-forces-vives-reunies-a-ndjamena-pour-un-pre-dialogue\",\"url\":\"https:\/\/www.africa-press.net\/tchad\/politique\/les-forces-vives-reunies-a-ndjamena-pour-un-pre-dialogue\",\"name\":\"les forces vives r\u00e9unies \u00e0 N'Djamena pour un pr\u00e9-dialogue - tchad\",\"isPartOf\":{\"@id\":\"https:\/\/www.africa-press.net\/tchad\/#website\"},\"primaryImageOfPage\":{\"@id\":\"https:\/\/www.africa-press.net\/tchad\/politique\/les-forces-vives-reunies-a-ndjamena-pour-un-pre-dialogue#primaryimage\"},\"image\":{\"@id\":\"https:\/\/www.africa-press.net\/tchad\/politique\/les-forces-vives-reunies-a-ndjamena-pour-un-pre-dialogue#primaryimage\"},\"thumbnailUrl\":\"https:\/\/static.africa-press.net\/tchad\/sites\/41\/2021\/11\/img-61869a8abe564.jpg\",\"datePublished\":\"2021-11-06T14:49:23+00:00\",\"dateModified\":\"2021-11-06T23:37:39+00:00\",\"author\":{\"@id\":\"https:\/\/www.africa-press.net\/tchad\/#\/schema\/person\/2b1cf3cd81a31e3cd26889ca66d677f1\"},\"description\":\"Le pr\u00e9-dialogue de N'Djamena a \u00e9t\u00e9 lanc\u00e9 ce 5 novembre au Palais du 15 janvier, en pr\u00e9lude du dialogue national inclusif ...\",\"breadcrumb\":{\"@id\":\"https:\/\/www.africa-press.net\/tchad\/politique\/les-forces-vives-reunies-a-ndjamena-pour-un-pre-dialogue#breadcrumb\"},\"inLanguage\":\"fr-FR\",\"potentialAction\":[{\"@type\":\"ReadAction\",\"target\":[\"https:\/\/www.africa-press.net\/tchad\/politique\/les-forces-vives-reunies-a-ndjamena-pour-un-pre-dialogue\"]}]},{\"@type\":\"ImageObject\",\"inLanguage\":\"fr-FR\",\"@id\":\"https:\/\/www.africa-press.net\/tchad\/politique\/les-forces-vives-reunies-a-ndjamena-pour-un-pre-dialogue#primaryimage\",\"url\":\"https:\/\/static.africa-press.net\/tchad\/sites\/41\/2021\/11\/img-61869a8abe564.jpg\",\"contentUrl\":\"https:\/\/static.africa-press.net\/tchad\/sites\/41\/2021\/11\/img-61869a8abe564.jpg\",\"width\":870,\"height\":412,\"caption\":\"les forces vives r\u00e9unies \u00e0 N'Djamena pour un pr\u00e9-dialogue\"},{\"@type\":\"BreadcrumbList\",\"@id\":\"https:\/\/www.africa-press.net\/tchad\/politique\/les-forces-vives-reunies-a-ndjamena-pour-un-pre-dialogue#breadcrumb\",\"itemListElement\":[{\"@type\":\"ListItem\",\"position\":1,\"name\":\"Accueil\",\"item\":\"https:\/\/www.africa-press.net\/tchad\/\"},{\"@type\":\"ListItem\",\"position\":2,\"name\":\"les forces vives r\u00e9unies \u00e0 N&#8217;Djamena pour un pr\u00e9-dialogue\"}]},{\"@type\":\"WebSite\",\"@id\":\"https:\/\/www.africa-press.net\/tchad\/#website\",\"url\":\"https:\/\/www.africa-press.net\/tchad\/\",\"name\":\"tchad\",\"description\":\"Just another Africa News Agency Sites site\",\"potentialAction\":[{\"@type\":\"SearchAction\",\"target\":{\"@type\":\"EntryPoint\",\"urlTemplate\":\"https:\/\/www.africa-press.net\/tchad\/?s={search_term_string}\"},\"query-input\":{\"@type\":\"PropertyValueSpecification\",\"valueRequired\":true,\"valueName\":\"search_term_string\"}}],\"inLanguage\":\"fr-FR\"},{\"@type\":\"Person\",\"@id\":\"https:\/\/www.africa-press.net\/tchad\/#\/schema\/person\/2b1cf3cd81a31e3cd26889ca66d677f1\",\"name\":\"cfeditorfr\"}]}<\/script>\n<!-- \/ Yoast SEO Premium plugin. -->","yoast_head_json":{"title":"les forces vives r\u00e9unies \u00e0 N'Djamena pour un pr\u00e9-dialogue - tchad","description":"Le pr\u00e9-dialogue de N'Djamena a \u00e9t\u00e9 lanc\u00e9 ce 5 novembre au Palais du 15 janvier, en pr\u00e9lude du dialogue national inclusif ...","robots":{"index":"index","follow":"follow","max-snippet":"max-snippet:-1","max-image-preview":"max-image-preview:large","max-video-preview":"max-video-preview:-1"},"canonical":"https:\/\/www.africa-press.net\/tchad\/politique\/les-forces-vives-reunies-a-ndjamena-pour-un-pre-dialogue","og_locale":"fr_FR","og_type":"article","og_title":"les forces vives r\u00e9unies \u00e0 N'Djamena pour un pr\u00e9-dialogue","og_description":"Le pr\u00e9-dialogue de N'Djamena a \u00e9t\u00e9 lanc\u00e9 ce 5 novembre au Palais du 15 janvier, en pr\u00e9lude du dialogue national inclusif ...","og_url":"https:\/\/www.africa-press.net\/tchad\/politique\/les-forces-vives-reunies-a-ndjamena-pour-un-pre-dialogue","og_site_name":"tchad","article_published_time":"2021-11-06T14:49:23+00:00","article_modified_time":"2021-11-06T23:37:39+00:00","og_image":[{"width":870,"height":412,"url":"https:\/\/static.africa-press.net\/tchad\/sites\/41\/2021\/11\/img-61869a8abe564.jpg","type":"image\/jpeg"}],"author":"cfeditorfr","twitter_card":"summary_large_image","twitter_misc":{"\u00c9crit par":"cfeditorfr","Dur\u00e9e de lecture estim\u00e9e":"1 minute"},"schema":{"@context":"https:\/\/schema.org","@graph":[{"@type":"Article","@id":"https:\/\/www.africa-press.net\/tchad\/politique\/les-forces-vives-reunies-a-ndjamena-pour-un-pre-dialogue#article","isPartOf":{"@id":"https:\/\/www.africa-press.net\/tchad\/politique\/les-forces-vives-reunies-a-ndjamena-pour-un-pre-dialogue"},"author":{"name":"cfeditorfr","@id":"https:\/\/www.africa-press.net\/tchad\/#\/schema\/person\/2b1cf3cd81a31e3cd26889ca66d677f1"},"headline":"les forces vives r\u00e9unies \u00e0 N&rsquo;Djamena pour un pr\u00e9-dialogue","datePublished":"2021-11-06T14:49:23+00:00","dateModified":"2021-11-06T23:37:39+00:00","mainEntityOfPage":{"@id":"https:\/\/www.africa-press.net\/tchad\/politique\/les-forces-vives-reunies-a-ndjamena-pour-un-pre-dialogue"},"wordCount":165,"commentCount":0,"image":{"@id":"https:\/\/www.africa-press.net\/tchad\/politique\/les-forces-vives-reunies-a-ndjamena-pour-un-pre-dialogue#primaryimage"},"thumbnailUrl":"https:\/\/static.africa-press.net\/tchad\/sites\/41\/2021\/11\/img-61869a8abe564.jpg","keywords":["Africa Press","Africa Press-Tchad","forces","N'Djamena","Tchad"],"articleSection":["homepage-french","Politique","Toutes les actualit\u00e9s"],"inLanguage":"fr-FR","potentialAction":[{"@type":"CommentAction","name":"Comment","target":["https:\/\/www.africa-press.net\/tchad\/politique\/les-forces-vives-reunies-a-ndjamena-pour-un-pre-dialogue#respond"]}]},{"@type":"WebPage","@id":"https:\/\/www.africa-press.net\/tchad\/politique\/les-forces-vives-reunies-a-ndjamena-pour-un-pre-dialogue","url":"https:\/\/www.africa-press.net\/tchad\/politique\/les-forces-vives-reunies-a-ndjamena-pour-un-pre-dialogue","name":"les forces vives r\u00e9unies \u00e0 N'Djamena pour un pr\u00e9-dialogue - tchad","isPartOf":{"@id":"https:\/\/www.africa-press.net\/tchad\/#website"},"primaryImageOfPage":{"@id":"https:\/\/www.africa-press.net\/tchad\/politique\/les-forces-vives-reunies-a-ndjamena-pour-un-pre-dialogue#primaryimage"},"image":{"@id":"https:\/\/www.africa-press.net\/tchad\/politique\/les-forces-vives-reunies-a-ndjamena-pour-un-pre-dialogue#primaryimage"},"thumbnailUrl":"https:\/\/static.africa-press.net\/tchad\/sites\/41\/2021\/11\/img-61869a8abe564.jpg","datePublished":"2021-11-06T14:49:23+00:00","dateModified":"2021-11-06T23:37:39+00:00","author":{"@id":"https:\/\/www.africa-press.net\/tchad\/#\/schema\/person\/2b1cf3cd81a31e3cd26889ca66d677f1"},"description":"Le pr\u00e9-dialogue de N'Djamena a \u00e9t\u00e9 lanc\u00e9 ce 5 novembre au Palais du 15 janvier, en pr\u00e9lude du dialogue national inclusif ...","breadcrumb":{"@id":"https:\/\/www.africa-press.net\/tchad\/politique\/les-forces-vives-reunies-a-ndjamena-pour-un-pre-dialogue#breadcrumb"},"inLanguage":"fr-FR","potentialAction":[{"@type":"ReadAction","target":["https:\/\/www.africa-press.net\/tchad\/politique\/les-forces-vives-reunies-a-ndjamena-pour-un-pre-dialogue"]}]},{"@type":"ImageObject","inLanguage":"fr-FR","@id":"https:\/\/www.africa-press.net\/tchad\/politique\/les-forces-vives-reunies-a-ndjamena-pour-un-pre-dialogue#primaryimage","url":"https:\/\/static.africa-press.net\/tchad\/sites\/41\/2021\/11\/img-61869a8abe564.jpg","contentUrl":"https:\/\/static.africa-press.net\/tchad\/sites\/41\/2021\/11\/img-61869a8abe564.jpg","width":870,"height":412,"caption":"les forces vives r\u00e9unies \u00e0 N'Djamena pour un pr\u00e9-dialogue"},{"@type":"BreadcrumbList","@id":"https:\/\/www.africa-press.net\/tchad\/politique\/les-forces-vives-reunies-a-ndjamena-pour-un-pre-dialogue#breadcrumb","itemListElement":[{"@type":"ListItem","position":1,"name":"Accueil","item":"https:\/\/www.africa-press.net\/tchad\/"},{"@type":"ListItem","position":2,"name":"les forces vives r\u00e9unies \u00e0 N&#8217;Djamena pour un pr\u00e9-dialogue"}]},{"@type":"WebSite","@id":"https:\/\/www.africa-press.net\/tchad\/#website","url":"https:\/\/www.africa-press.net\/tchad\/","name":"tchad","description":"Just another Africa News Agency Sites site","potentialAction":[{"@type":"SearchAction","target":{"@type":"EntryPoint","urlTemplate":"https:\/\/www.africa-press.net\/tchad\/?s={search_term_string}"},"query-input":{"@type":"PropertyValueSpecification","valueRequired":true,"valueName":"search_term_string"}}],"inLanguage":"fr-FR"},{"@type":"Person","@id":"https:\/\/www.africa-press.net\/tchad\/#\/schema\/person\/2b1cf3cd81a31e3cd26889ca66d677f1","name":"cfeditorfr"}]}},"_links":{"self":[{"href":"https:\/\/www.africa-press.net\/tchad\/wp-json\/wp\/v2\/posts\/13251","targetHints":{"allow":["GET"]}}],"collection":[{"href":"https:\/\/www.africa-press.net\/tchad\/wp-json\/wp\/v2\/posts"}],"about":[{"href":"https:\/\/www.africa-press.net\/tchad\/wp-json\/wp\/v2\/types\/post"}],"author":[{"embeddable":true,"href":"https:\/\/www.africa-press.net\/tchad\/wp-json\/wp\/v2\/users\/82"}],"replies":[{"embeddable":true,"href":"https:\/\/www.africa-press.net\/tchad\/wp-json\/wp\/v2\/comments?post=13251"}],"version-history":[{"count":0,"href":"https:\/\/www.africa-press.net\/tchad\/wp-json\/wp\/v2\/posts\/13251\/revisions"}],"wp:featuredmedia":[{"embeddable":true,"href":"https:\/\/www.africa-press.net\/tchad\/wp-json\/wp\/v2\/media\/13250"}],"wp:attachment":[{"href":"https:\/\/www.africa-press.net\/tchad\/wp-json\/wp\/v2\/media?parent=13251"}],"wp:term":[{"taxonomy":"category","embeddable":true,"href":"https:\/\/www.africa-press.net\/tchad\/wp-json\/wp\/v2\/categories?post=13251"},{"taxonomy":"post_tag","embeddable":true,"href":"https:\/\/www.africa-press.net\/tchad\/wp-json\/wp\/v2\/tags?post=13251"}],"curies":[{"name":"wp","href":"https:\/\/api.w.org\/{rel}","templated":true}]}}