{"id":13279,"date":"2021-11-07T17:51:37","date_gmt":"2021-11-07T17:51:37","guid":{"rendered":"https:\/\/www.africa-press.net\/tchad\/politique\/la-chargee-daffaires-de-lambassade-des-usa-en-visite-a-abeche"},"modified":"2021-11-07T18:06:04","modified_gmt":"2021-11-07T18:06:04","slug":"la-chargee-daffaires-de-lambassade-des-usa-en-visite-a-abeche","status":"publish","type":"post","link":"https:\/\/www.africa-press.net\/tchad\/politique\/la-chargee-daffaires-de-lambassade-des-usa-en-visite-a-abeche","title":{"rendered":"la charg\u00e9e d&rsquo;affaires de l&rsquo;ambassade des USA en visite \u00e0 Ab\u00e9ch\u00e9"},"content":{"rendered":"<p><span style=\"color: #ff6600\"><strong>Africa-Press &#8211; Tchad. <\/strong><\/span>Aussit\u00f4t arriv\u00e9e, elle a eu une rencontre avec le gouverneur de la province du Ouadda\u00ef, Ahmat Dari Bazine. La question s\u00e9curitaire et la situation des r\u00e9fugi\u00e9s \u00e9taient au centre des \u00e9changes entre les deux personnalit\u00e9s.<\/p>\n<p>Le gouverneur a abord\u00e9 avec la charg\u00e9e d&rsquo;affaires plusieurs sujets d&rsquo;actualit\u00e9 notamment la s\u00e9curit\u00e9 des personnes et des r\u00e9fugi\u00e9s soudanais install\u00e9s \u00e0 l&rsquo;Est du pays ainsi que les travaux des assises des forces vives organis\u00e9s la semaine derni\u00e8re dans la province en vue de la tenue prochaine du dialogue national inclusif.<\/p>\n<p>Occasion pour le gouverneur de la province du Ouadda\u00ef, Ahmat Dari Bazine, de pr\u00e9senter \u00e0 la d\u00e9l\u00e9gation les besoins de la population notamment : le probl\u00e8me d&rsquo;acc\u00e8s \u00e0 l&rsquo;eau et l&rsquo;\u00e9nergie.<\/p>\n<p>Le gouverneur a parl\u00e9 des difficult\u00e9s du centre hospitalier universitaire d&rsquo;Ab\u00e9ch\u00e9 qui re\u00e7oit les patients de l\u00b4Est et du Nord Est du pays. Il estime n\u00e9cessaire de doter ce centre de moyens cons\u00e9quents pour r\u00e9pondre aux besoins des populations en mati\u00e8re de sant\u00e9.<\/p>\n<p>La charg\u00e9e d&rsquo;affaires de l&rsquo;ambassade des \u00c9tats-Unis d&rsquo;Am\u00e9rique, Josie Ratcliffe, s&rsquo;est r\u00e9jouie du calme qui pr\u00e9vaut \u00e0 l&rsquo;Est du pays avant de situer le mobile de son d\u00e9placement \u00e0 Ab\u00e9ch\u00e9. Pour elle, c&rsquo;est une mission d&rsquo;inspection dans le Ouadda\u00ef afin de recenser les besoins des populations et r\u00e9pondre dans la limite des possibilit\u00e9s.<\/p>\n<p>L&rsquo;agenda de la charg\u00e9e d&rsquo;affaires \u00e0 l&rsquo;ambassade des \u00c9tats-Unis \u00e0 Ab\u00e9ch\u00e9 pr\u00e9voit des rencontres avec les autorit\u00e9s traditionnelles et les organisations des femmes dans des sites de r\u00e9fugi\u00e9s.<\/p>\n<p><strong>Pour plus d&rsquo;informations et d&rsquo;analyses sur la <a href=\"https:\/\/www.africa-press.net\/tchad\">Tchad<\/a>, suivez <a href=\"https:\/\/www.africa-press.net\/\">Africa-Press<\/a><\/strong><\/p>\n","protected":false},"excerpt":{"rendered":"<p>Africa-Press &#8211; Tchad. Aussit\u00f4t arriv\u00e9e, elle a eu une rencontre avec le gouverneur de la province du Ouadda\u00ef, Ahmat Dari Bazine. La question s\u00e9curitaire et la situation des r\u00e9fugi\u00e9s \u00e9taient au centre des \u00e9changes entre les deux personnalit\u00e9s. Le gouverneur a abord\u00e9 avec la charg\u00e9e d&rsquo;affaires plusieurs sujets d&rsquo;actualit\u00e9 notamment la s\u00e9curit\u00e9 des personnes et [&hellip;]<\/p>\n","protected":false},"author":82,"featured_media":13278,"comment_status":"open","ping_status":"closed","sticky":false,"template":"","format":"standard","meta":{"footnotes":""},"categories":[11,2,10],"tags":[67,37,292,29,1765],"class_list":["post-13279","post","type-post","status-publish","format-standard","has-post-thumbnail","hentry","category-homepage-french","category-politique","category-toutes-les-actualites","tag-abeche","tag-africa-press","tag-africa-press-tchad","tag-tchad","tag-usa"],"yoast_head":"<!-- This site is optimized with the Yoast SEO Premium plugin v26.1 (Yoast SEO v27.0) - https:\/\/yoast.com\/product\/yoast-seo-premium-wordpress\/ -->\n<title>la charg\u00e9e d&#039;affaires de l&#039;ambassade des USA en visite \u00e0 Ab\u00e9ch\u00e9 - tchad<\/title>\n<meta name=\"description\" content=\"Aussit\u00f4t arriv\u00e9e, elle a eu une rencontre avec le gouverneur de la province du Ouadda\u00ef, Ahmat Dari Bazine. La question s ...\" \/>\n<meta name=\"robots\" content=\"index, follow, max-snippet:-1, max-image-preview:large, max-video-preview:-1\" \/>\n<link rel=\"canonical\" href=\"https:\/\/www.africa-press.net\/tchad\/politique\/la-chargee-daffaires-de-lambassade-des-usa-en-visite-a-abeche\" \/>\n<meta property=\"og:locale\" content=\"fr_FR\" \/>\n<meta property=\"og:type\" content=\"article\" \/>\n<meta property=\"og:title\" content=\"la charg\u00e9e d&#039;affaires de l&#039;ambassade des USA en visite \u00e0 Ab\u00e9ch\u00e9\" \/>\n<meta property=\"og:description\" content=\"Aussit\u00f4t arriv\u00e9e, elle a eu une rencontre avec le gouverneur de la province du Ouadda\u00ef, Ahmat Dari Bazine. La question s ...\" \/>\n<meta property=\"og:url\" content=\"https:\/\/www.africa-press.net\/tchad\/politique\/la-chargee-daffaires-de-lambassade-des-usa-en-visite-a-abeche\" \/>\n<meta property=\"og:site_name\" content=\"tchad\" \/>\n<meta property=\"article:published_time\" content=\"2021-11-07T17:51:37+00:00\" \/>\n<meta property=\"article:modified_time\" content=\"2021-11-07T18:06:04+00:00\" \/>\n<meta property=\"og:image\" content=\"https:\/\/static.africa-press.net\/tchad\/sites\/41\/2021\/11\/img-6188156ab6882.jpg\" \/>\n\t<meta property=\"og:image:width\" content=\"869\" \/>\n\t<meta property=\"og:image:height\" content=\"489\" \/>\n\t<meta property=\"og:image:type\" content=\"image\/jpeg\" \/>\n<meta name=\"author\" content=\"cfeditorfr\" \/>\n<meta name=\"twitter:card\" content=\"summary_large_image\" \/>\n<meta name=\"twitter:label1\" content=\"\u00c9crit par\" \/>\n\t<meta name=\"twitter:data1\" content=\"cfeditorfr\" \/>\n\t<meta name=\"twitter:label2\" content=\"Dur\u00e9e de lecture estim\u00e9e\" \/>\n\t<meta name=\"twitter:data2\" content=\"1 minute\" \/>\n<script type=\"application\/ld+json\" class=\"yoast-schema-graph\">{\"@context\":\"https:\/\/schema.org\",\"@graph\":[{\"@type\":\"Article\",\"@id\":\"https:\/\/www.africa-press.net\/tchad\/politique\/la-chargee-daffaires-de-lambassade-des-usa-en-visite-a-abeche#article\",\"isPartOf\":{\"@id\":\"https:\/\/www.africa-press.net\/tchad\/politique\/la-chargee-daffaires-de-lambassade-des-usa-en-visite-a-abeche\"},\"author\":{\"name\":\"cfeditorfr\",\"@id\":\"https:\/\/www.africa-press.net\/tchad\/#\/schema\/person\/2b1cf3cd81a31e3cd26889ca66d677f1\"},\"headline\":\"la charg\u00e9e d&rsquo;affaires de l&rsquo;ambassade des USA en visite \u00e0 Ab\u00e9ch\u00e9\",\"datePublished\":\"2021-11-07T17:51:37+00:00\",\"dateModified\":\"2021-11-07T18:06:04+00:00\",\"mainEntityOfPage\":{\"@id\":\"https:\/\/www.africa-press.net\/tchad\/politique\/la-chargee-daffaires-de-lambassade-des-usa-en-visite-a-abeche\"},\"wordCount\":319,\"commentCount\":0,\"image\":{\"@id\":\"https:\/\/www.africa-press.net\/tchad\/politique\/la-chargee-daffaires-de-lambassade-des-usa-en-visite-a-abeche#primaryimage\"},\"thumbnailUrl\":\"https:\/\/static.africa-press.net\/tchad\/sites\/41\/2021\/11\/img-6188156ab6882.jpg\",\"keywords\":[\"Ab\u00e9ch\u00e9\",\"Africa Press\",\"Africa Press-Tchad\",\"Tchad\",\"USA\"],\"articleSection\":[\"homepage-french\",\"Politique\",\"Toutes les actualit\u00e9s\"],\"inLanguage\":\"fr-FR\",\"potentialAction\":[{\"@type\":\"CommentAction\",\"name\":\"Comment\",\"target\":[\"https:\/\/www.africa-press.net\/tchad\/politique\/la-chargee-daffaires-de-lambassade-des-usa-en-visite-a-abeche#respond\"]}]},{\"@type\":\"WebPage\",\"@id\":\"https:\/\/www.africa-press.net\/tchad\/politique\/la-chargee-daffaires-de-lambassade-des-usa-en-visite-a-abeche\",\"url\":\"https:\/\/www.africa-press.net\/tchad\/politique\/la-chargee-daffaires-de-lambassade-des-usa-en-visite-a-abeche\",\"name\":\"la charg\u00e9e d'affaires de l'ambassade des USA en visite \u00e0 Ab\u00e9ch\u00e9 - tchad\",\"isPartOf\":{\"@id\":\"https:\/\/www.africa-press.net\/tchad\/#website\"},\"primaryImageOfPage\":{\"@id\":\"https:\/\/www.africa-press.net\/tchad\/politique\/la-chargee-daffaires-de-lambassade-des-usa-en-visite-a-abeche#primaryimage\"},\"image\":{\"@id\":\"https:\/\/www.africa-press.net\/tchad\/politique\/la-chargee-daffaires-de-lambassade-des-usa-en-visite-a-abeche#primaryimage\"},\"thumbnailUrl\":\"https:\/\/static.africa-press.net\/tchad\/sites\/41\/2021\/11\/img-6188156ab6882.jpg\",\"datePublished\":\"2021-11-07T17:51:37+00:00\",\"dateModified\":\"2021-11-07T18:06:04+00:00\",\"author\":{\"@id\":\"https:\/\/www.africa-press.net\/tchad\/#\/schema\/person\/2b1cf3cd81a31e3cd26889ca66d677f1\"},\"description\":\"Aussit\u00f4t arriv\u00e9e, elle a eu une rencontre avec le gouverneur de la province du Ouadda\u00ef, Ahmat Dari Bazine. La question s ...\",\"breadcrumb\":{\"@id\":\"https:\/\/www.africa-press.net\/tchad\/politique\/la-chargee-daffaires-de-lambassade-des-usa-en-visite-a-abeche#breadcrumb\"},\"inLanguage\":\"fr-FR\",\"potentialAction\":[{\"@type\":\"ReadAction\",\"target\":[\"https:\/\/www.africa-press.net\/tchad\/politique\/la-chargee-daffaires-de-lambassade-des-usa-en-visite-a-abeche\"]}]},{\"@type\":\"ImageObject\",\"inLanguage\":\"fr-FR\",\"@id\":\"https:\/\/www.africa-press.net\/tchad\/politique\/la-chargee-daffaires-de-lambassade-des-usa-en-visite-a-abeche#primaryimage\",\"url\":\"https:\/\/static.africa-press.net\/tchad\/sites\/41\/2021\/11\/img-6188156ab6882.jpg\",\"contentUrl\":\"https:\/\/static.africa-press.net\/tchad\/sites\/41\/2021\/11\/img-6188156ab6882.jpg\",\"width\":869,\"height\":489,\"caption\":\"la charg\u00e9e d'affaires de l'ambassade des USA en visite \u00e0 Ab\u00e9ch\u00e9\"},{\"@type\":\"BreadcrumbList\",\"@id\":\"https:\/\/www.africa-press.net\/tchad\/politique\/la-chargee-daffaires-de-lambassade-des-usa-en-visite-a-abeche#breadcrumb\",\"itemListElement\":[{\"@type\":\"ListItem\",\"position\":1,\"name\":\"Accueil\",\"item\":\"https:\/\/www.africa-press.net\/tchad\/\"},{\"@type\":\"ListItem\",\"position\":2,\"name\":\"la charg\u00e9e d&#8217;affaires de l&#8217;ambassade des USA en visite \u00e0 Ab\u00e9ch\u00e9\"}]},{\"@type\":\"WebSite\",\"@id\":\"https:\/\/www.africa-press.net\/tchad\/#website\",\"url\":\"https:\/\/www.africa-press.net\/tchad\/\",\"name\":\"tchad\",\"description\":\"Just another Africa News Agency Sites site\",\"potentialAction\":[{\"@type\":\"SearchAction\",\"target\":{\"@type\":\"EntryPoint\",\"urlTemplate\":\"https:\/\/www.africa-press.net\/tchad\/?s={search_term_string}\"},\"query-input\":{\"@type\":\"PropertyValueSpecification\",\"valueRequired\":true,\"valueName\":\"search_term_string\"}}],\"inLanguage\":\"fr-FR\"},{\"@type\":\"Person\",\"@id\":\"https:\/\/www.africa-press.net\/tchad\/#\/schema\/person\/2b1cf3cd81a31e3cd26889ca66d677f1\",\"name\":\"cfeditorfr\"}]}<\/script>\n<!-- \/ Yoast SEO Premium plugin. -->","yoast_head_json":{"title":"la charg\u00e9e d'affaires de l'ambassade des USA en visite \u00e0 Ab\u00e9ch\u00e9 - tchad","description":"Aussit\u00f4t arriv\u00e9e, elle a eu une rencontre avec le gouverneur de la province du Ouadda\u00ef, Ahmat Dari Bazine. La question s ...","robots":{"index":"index","follow":"follow","max-snippet":"max-snippet:-1","max-image-preview":"max-image-preview:large","max-video-preview":"max-video-preview:-1"},"canonical":"https:\/\/www.africa-press.net\/tchad\/politique\/la-chargee-daffaires-de-lambassade-des-usa-en-visite-a-abeche","og_locale":"fr_FR","og_type":"article","og_title":"la charg\u00e9e d'affaires de l'ambassade des USA en visite \u00e0 Ab\u00e9ch\u00e9","og_description":"Aussit\u00f4t arriv\u00e9e, elle a eu une rencontre avec le gouverneur de la province du Ouadda\u00ef, Ahmat Dari Bazine. La question s ...","og_url":"https:\/\/www.africa-press.net\/tchad\/politique\/la-chargee-daffaires-de-lambassade-des-usa-en-visite-a-abeche","og_site_name":"tchad","article_published_time":"2021-11-07T17:51:37+00:00","article_modified_time":"2021-11-07T18:06:04+00:00","og_image":[{"width":869,"height":489,"url":"https:\/\/static.africa-press.net\/tchad\/sites\/41\/2021\/11\/img-6188156ab6882.jpg","type":"image\/jpeg"}],"author":"cfeditorfr","twitter_card":"summary_large_image","twitter_misc":{"\u00c9crit par":"cfeditorfr","Dur\u00e9e de lecture estim\u00e9e":"1 minute"},"schema":{"@context":"https:\/\/schema.org","@graph":[{"@type":"Article","@id":"https:\/\/www.africa-press.net\/tchad\/politique\/la-chargee-daffaires-de-lambassade-des-usa-en-visite-a-abeche#article","isPartOf":{"@id":"https:\/\/www.africa-press.net\/tchad\/politique\/la-chargee-daffaires-de-lambassade-des-usa-en-visite-a-abeche"},"author":{"name":"cfeditorfr","@id":"https:\/\/www.africa-press.net\/tchad\/#\/schema\/person\/2b1cf3cd81a31e3cd26889ca66d677f1"},"headline":"la charg\u00e9e d&rsquo;affaires de l&rsquo;ambassade des USA en visite \u00e0 Ab\u00e9ch\u00e9","datePublished":"2021-11-07T17:51:37+00:00","dateModified":"2021-11-07T18:06:04+00:00","mainEntityOfPage":{"@id":"https:\/\/www.africa-press.net\/tchad\/politique\/la-chargee-daffaires-de-lambassade-des-usa-en-visite-a-abeche"},"wordCount":319,"commentCount":0,"image":{"@id":"https:\/\/www.africa-press.net\/tchad\/politique\/la-chargee-daffaires-de-lambassade-des-usa-en-visite-a-abeche#primaryimage"},"thumbnailUrl":"https:\/\/static.africa-press.net\/tchad\/sites\/41\/2021\/11\/img-6188156ab6882.jpg","keywords":["Ab\u00e9ch\u00e9","Africa Press","Africa Press-Tchad","Tchad","USA"],"articleSection":["homepage-french","Politique","Toutes les actualit\u00e9s"],"inLanguage":"fr-FR","potentialAction":[{"@type":"CommentAction","name":"Comment","target":["https:\/\/www.africa-press.net\/tchad\/politique\/la-chargee-daffaires-de-lambassade-des-usa-en-visite-a-abeche#respond"]}]},{"@type":"WebPage","@id":"https:\/\/www.africa-press.net\/tchad\/politique\/la-chargee-daffaires-de-lambassade-des-usa-en-visite-a-abeche","url":"https:\/\/www.africa-press.net\/tchad\/politique\/la-chargee-daffaires-de-lambassade-des-usa-en-visite-a-abeche","name":"la charg\u00e9e d'affaires de l'ambassade des USA en visite \u00e0 Ab\u00e9ch\u00e9 - tchad","isPartOf":{"@id":"https:\/\/www.africa-press.net\/tchad\/#website"},"primaryImageOfPage":{"@id":"https:\/\/www.africa-press.net\/tchad\/politique\/la-chargee-daffaires-de-lambassade-des-usa-en-visite-a-abeche#primaryimage"},"image":{"@id":"https:\/\/www.africa-press.net\/tchad\/politique\/la-chargee-daffaires-de-lambassade-des-usa-en-visite-a-abeche#primaryimage"},"thumbnailUrl":"https:\/\/static.africa-press.net\/tchad\/sites\/41\/2021\/11\/img-6188156ab6882.jpg","datePublished":"2021-11-07T17:51:37+00:00","dateModified":"2021-11-07T18:06:04+00:00","author":{"@id":"https:\/\/www.africa-press.net\/tchad\/#\/schema\/person\/2b1cf3cd81a31e3cd26889ca66d677f1"},"description":"Aussit\u00f4t arriv\u00e9e, elle a eu une rencontre avec le gouverneur de la province du Ouadda\u00ef, Ahmat Dari Bazine. La question s ...","breadcrumb":{"@id":"https:\/\/www.africa-press.net\/tchad\/politique\/la-chargee-daffaires-de-lambassade-des-usa-en-visite-a-abeche#breadcrumb"},"inLanguage":"fr-FR","potentialAction":[{"@type":"ReadAction","target":["https:\/\/www.africa-press.net\/tchad\/politique\/la-chargee-daffaires-de-lambassade-des-usa-en-visite-a-abeche"]}]},{"@type":"ImageObject","inLanguage":"fr-FR","@id":"https:\/\/www.africa-press.net\/tchad\/politique\/la-chargee-daffaires-de-lambassade-des-usa-en-visite-a-abeche#primaryimage","url":"https:\/\/static.africa-press.net\/tchad\/sites\/41\/2021\/11\/img-6188156ab6882.jpg","contentUrl":"https:\/\/static.africa-press.net\/tchad\/sites\/41\/2021\/11\/img-6188156ab6882.jpg","width":869,"height":489,"caption":"la charg\u00e9e d'affaires de l'ambassade des USA en visite \u00e0 Ab\u00e9ch\u00e9"},{"@type":"BreadcrumbList","@id":"https:\/\/www.africa-press.net\/tchad\/politique\/la-chargee-daffaires-de-lambassade-des-usa-en-visite-a-abeche#breadcrumb","itemListElement":[{"@type":"ListItem","position":1,"name":"Accueil","item":"https:\/\/www.africa-press.net\/tchad\/"},{"@type":"ListItem","position":2,"name":"la charg\u00e9e d&#8217;affaires de l&#8217;ambassade des USA en visite \u00e0 Ab\u00e9ch\u00e9"}]},{"@type":"WebSite","@id":"https:\/\/www.africa-press.net\/tchad\/#website","url":"https:\/\/www.africa-press.net\/tchad\/","name":"tchad","description":"Just another Africa News Agency Sites site","potentialAction":[{"@type":"SearchAction","target":{"@type":"EntryPoint","urlTemplate":"https:\/\/www.africa-press.net\/tchad\/?s={search_term_string}"},"query-input":{"@type":"PropertyValueSpecification","valueRequired":true,"valueName":"search_term_string"}}],"inLanguage":"fr-FR"},{"@type":"Person","@id":"https:\/\/www.africa-press.net\/tchad\/#\/schema\/person\/2b1cf3cd81a31e3cd26889ca66d677f1","name":"cfeditorfr"}]}},"_links":{"self":[{"href":"https:\/\/www.africa-press.net\/tchad\/wp-json\/wp\/v2\/posts\/13279","targetHints":{"allow":["GET"]}}],"collection":[{"href":"https:\/\/www.africa-press.net\/tchad\/wp-json\/wp\/v2\/posts"}],"about":[{"href":"https:\/\/www.africa-press.net\/tchad\/wp-json\/wp\/v2\/types\/post"}],"author":[{"embeddable":true,"href":"https:\/\/www.africa-press.net\/tchad\/wp-json\/wp\/v2\/users\/82"}],"replies":[{"embeddable":true,"href":"https:\/\/www.africa-press.net\/tchad\/wp-json\/wp\/v2\/comments?post=13279"}],"version-history":[{"count":0,"href":"https:\/\/www.africa-press.net\/tchad\/wp-json\/wp\/v2\/posts\/13279\/revisions"}],"wp:featuredmedia":[{"embeddable":true,"href":"https:\/\/www.africa-press.net\/tchad\/wp-json\/wp\/v2\/media\/13278"}],"wp:attachment":[{"href":"https:\/\/www.africa-press.net\/tchad\/wp-json\/wp\/v2\/media?parent=13279"}],"wp:term":[{"taxonomy":"category","embeddable":true,"href":"https:\/\/www.africa-press.net\/tchad\/wp-json\/wp\/v2\/categories?post=13279"},{"taxonomy":"post_tag","embeddable":true,"href":"https:\/\/www.africa-press.net\/tchad\/wp-json\/wp\/v2\/tags?post=13279"}],"curies":[{"name":"wp","href":"https:\/\/api.w.org\/{rel}","templated":true}]}}