{"id":13288,"date":"2021-11-07T17:53:53","date_gmt":"2021-11-07T17:53:53","guid":{"rendered":"https:\/\/www.africa-press.net\/tchad\/politique\/les-forces-de-securite-du-logone-occidental-sensibilisees-sur-les-droits-de-lhomme"},"modified":"2021-11-07T18:08:24","modified_gmt":"2021-11-07T18:08:24","slug":"les-forces-de-securite-du-logone-occidental-sensibilisees-sur-les-droits-de-lhomme","status":"publish","type":"post","link":"https:\/\/www.africa-press.net\/tchad\/politique\/les-forces-de-securite-du-logone-occidental-sensibilisees-sur-les-droits-de-lhomme","title":{"rendered":"les forces de s\u00e9curit\u00e9 du Logone Occidental sensibilis\u00e9es sur les droits de l&rsquo;Homme"},"content":{"rendered":"<p><span style=\"color: #ff6600\"><strong>Africa-Press &#8211; Tchad. <\/strong><\/span>\u00ab\u00a0Nous esp\u00e9rons \u00e0 travers cette activit\u00e9 renforcer le partenariat entre les forces de d\u00e9fense et de s\u00e9curit\u00e9 avec qui nous faisons le m\u00eame travail qui tend \u00e0 la protection des personnes\u00a0\u00bb, a affirm\u00e9 Dassy Flora, coordinatrice de l&rsquo;unit\u00e9 de protection et documentation de l&rsquo;UNHCR.<\/p>\n<p>Le gouverneur de la province du Logone Occidental, Bachar Ali Souleymane, a rappel\u00e9 que le Tchad a connu plusieurs ann\u00e9es de guerre perturbant la stabilit\u00e9 et entrainant la m\u00e9fiance entre la population et les forces de l&rsquo;ordre.<\/p>\n<p>\u00ab\u00a0Ces derni\u00e8res d\u00e9cennies, nous aspirons \u00e0 la paix et le climat de confiance s&rsquo;installe de mani\u00e8re progressive\u00a0\u00bb, selon le gouverneur.<\/p>\n<p>Bachar Ali Souleymane a estim\u00e9 que cette s\u00e9ance de sensibilisation est importante pour apporter un changement de comportement. Les participants ont d\u00e9battu des questions li\u00e9es au droit \u00e9lectoral, le recours \u00e0 la force et l&rsquo;utilisation des armes \u00e0 feu.<\/p>\n<p><strong>Pour plus d&rsquo;informations et d&rsquo;analyses sur la <a href=\"https:\/\/www.africa-press.net\/tchad\">Tchad<\/a>, suivez <a href=\"https:\/\/www.africa-press.net\/\">Africa-Press<\/a><\/strong><\/p>\n","protected":false},"excerpt":{"rendered":"<p>Africa-Press &#8211; Tchad. \u00ab\u00a0Nous esp\u00e9rons \u00e0 travers cette activit\u00e9 renforcer le partenariat entre les forces de d\u00e9fense et de s\u00e9curit\u00e9 avec qui nous faisons le m\u00eame travail qui tend \u00e0 la protection des personnes\u00a0\u00bb, a affirm\u00e9 Dassy Flora, coordinatrice de l&rsquo;unit\u00e9 de protection et documentation de l&rsquo;UNHCR. Le gouverneur de la province du Logone Occidental, [&hellip;]<\/p>\n","protected":false},"author":82,"featured_media":13287,"comment_status":"open","ping_status":"closed","sticky":false,"template":"","format":"standard","meta":{"footnotes":""},"categories":[11,2,20,10],"tags":[37,292,2328,2342,29],"class_list":["post-13288","post","type-post","status-publish","format-standard","has-post-thumbnail","hentry","category-homepage-french","category-politique","category-top-nouvelles","category-toutes-les-actualites","tag-africa-press","tag-africa-press-tchad","tag-forces","tag-sensibilisees","tag-tchad"],"yoast_head":"<!-- This site is optimized with the Yoast SEO Premium plugin v26.1 (Yoast SEO v27.0) - https:\/\/yoast.com\/product\/yoast-seo-premium-wordpress\/ -->\n<title>les forces de s\u00e9curit\u00e9 du Logone Occidental sensibilis\u00e9es sur les droits de l&#039;Homme - tchad<\/title>\n<meta name=\"description\" content=\"&quot;Nous esp\u00e9rons \u00e0 travers cette activit\u00e9 renforcer le partenariat entre les forces de d\u00e9fense et de s\u00e9curit\u00e9 avec qui nou ...\" \/>\n<meta name=\"robots\" content=\"index, follow, max-snippet:-1, max-image-preview:large, max-video-preview:-1\" \/>\n<link rel=\"canonical\" href=\"https:\/\/www.africa-press.net\/tchad\/politique\/les-forces-de-securite-du-logone-occidental-sensibilisees-sur-les-droits-de-lhomme\" \/>\n<meta property=\"og:locale\" content=\"fr_FR\" \/>\n<meta property=\"og:type\" content=\"article\" \/>\n<meta property=\"og:title\" content=\"les forces de s\u00e9curit\u00e9 du Logone Occidental sensibilis\u00e9es sur les droits de l&#039;Homme\" \/>\n<meta property=\"og:description\" content=\"&quot;Nous esp\u00e9rons \u00e0 travers cette activit\u00e9 renforcer le partenariat entre les forces de d\u00e9fense et de s\u00e9curit\u00e9 avec qui nou ...\" \/>\n<meta property=\"og:url\" content=\"https:\/\/www.africa-press.net\/tchad\/politique\/les-forces-de-securite-du-logone-occidental-sensibilisees-sur-les-droits-de-lhomme\" \/>\n<meta property=\"og:site_name\" content=\"tchad\" \/>\n<meta property=\"article:published_time\" content=\"2021-11-07T17:53:53+00:00\" \/>\n<meta property=\"article:modified_time\" content=\"2021-11-07T18:08:24+00:00\" \/>\n<meta property=\"og:image\" content=\"https:\/\/static.africa-press.net\/tchad\/sites\/41\/2021\/11\/img-618815fa7bc86.jpg\" \/>\n\t<meta property=\"og:image:width\" content=\"870\" \/>\n\t<meta property=\"og:image:height\" content=\"581\" \/>\n\t<meta property=\"og:image:type\" content=\"image\/jpeg\" \/>\n<meta name=\"author\" content=\"cfeditorfr\" \/>\n<meta name=\"twitter:card\" content=\"summary_large_image\" \/>\n<meta name=\"twitter:label1\" content=\"\u00c9crit par\" \/>\n\t<meta name=\"twitter:data1\" content=\"cfeditorfr\" \/>\n\t<meta name=\"twitter:label2\" content=\"Dur\u00e9e de lecture estim\u00e9e\" \/>\n\t<meta name=\"twitter:data2\" content=\"1 minute\" \/>\n<script type=\"application\/ld+json\" class=\"yoast-schema-graph\">{\"@context\":\"https:\/\/schema.org\",\"@graph\":[{\"@type\":\"Article\",\"@id\":\"https:\/\/www.africa-press.net\/tchad\/politique\/les-forces-de-securite-du-logone-occidental-sensibilisees-sur-les-droits-de-lhomme#article\",\"isPartOf\":{\"@id\":\"https:\/\/www.africa-press.net\/tchad\/politique\/les-forces-de-securite-du-logone-occidental-sensibilisees-sur-les-droits-de-lhomme\"},\"author\":{\"name\":\"cfeditorfr\",\"@id\":\"https:\/\/www.africa-press.net\/tchad\/#\/schema\/person\/2b1cf3cd81a31e3cd26889ca66d677f1\"},\"headline\":\"les forces de s\u00e9curit\u00e9 du Logone Occidental sensibilis\u00e9es sur les droits de l&rsquo;Homme\",\"datePublished\":\"2021-11-07T17:53:53+00:00\",\"dateModified\":\"2021-11-07T18:08:24+00:00\",\"mainEntityOfPage\":{\"@id\":\"https:\/\/www.africa-press.net\/tchad\/politique\/les-forces-de-securite-du-logone-occidental-sensibilisees-sur-les-droits-de-lhomme\"},\"wordCount\":183,\"commentCount\":0,\"image\":{\"@id\":\"https:\/\/www.africa-press.net\/tchad\/politique\/les-forces-de-securite-du-logone-occidental-sensibilisees-sur-les-droits-de-lhomme#primaryimage\"},\"thumbnailUrl\":\"https:\/\/static.africa-press.net\/tchad\/sites\/41\/2021\/11\/img-618815fa7bc86.jpg\",\"keywords\":[\"Africa Press\",\"Africa Press-Tchad\",\"forces\",\"sensibilis\u00e9es\",\"Tchad\"],\"articleSection\":[\"homepage-french\",\"Politique\",\"Top Nouvelles\",\"Toutes les actualit\u00e9s\"],\"inLanguage\":\"fr-FR\",\"potentialAction\":[{\"@type\":\"CommentAction\",\"name\":\"Comment\",\"target\":[\"https:\/\/www.africa-press.net\/tchad\/politique\/les-forces-de-securite-du-logone-occidental-sensibilisees-sur-les-droits-de-lhomme#respond\"]}]},{\"@type\":\"WebPage\",\"@id\":\"https:\/\/www.africa-press.net\/tchad\/politique\/les-forces-de-securite-du-logone-occidental-sensibilisees-sur-les-droits-de-lhomme\",\"url\":\"https:\/\/www.africa-press.net\/tchad\/politique\/les-forces-de-securite-du-logone-occidental-sensibilisees-sur-les-droits-de-lhomme\",\"name\":\"les forces de s\u00e9curit\u00e9 du Logone Occidental sensibilis\u00e9es sur les droits de l'Homme - tchad\",\"isPartOf\":{\"@id\":\"https:\/\/www.africa-press.net\/tchad\/#website\"},\"primaryImageOfPage\":{\"@id\":\"https:\/\/www.africa-press.net\/tchad\/politique\/les-forces-de-securite-du-logone-occidental-sensibilisees-sur-les-droits-de-lhomme#primaryimage\"},\"image\":{\"@id\":\"https:\/\/www.africa-press.net\/tchad\/politique\/les-forces-de-securite-du-logone-occidental-sensibilisees-sur-les-droits-de-lhomme#primaryimage\"},\"thumbnailUrl\":\"https:\/\/static.africa-press.net\/tchad\/sites\/41\/2021\/11\/img-618815fa7bc86.jpg\",\"datePublished\":\"2021-11-07T17:53:53+00:00\",\"dateModified\":\"2021-11-07T18:08:24+00:00\",\"author\":{\"@id\":\"https:\/\/www.africa-press.net\/tchad\/#\/schema\/person\/2b1cf3cd81a31e3cd26889ca66d677f1\"},\"description\":\"\\\"Nous esp\u00e9rons \u00e0 travers cette activit\u00e9 renforcer le partenariat entre les forces de d\u00e9fense et de s\u00e9curit\u00e9 avec qui nou ...\",\"breadcrumb\":{\"@id\":\"https:\/\/www.africa-press.net\/tchad\/politique\/les-forces-de-securite-du-logone-occidental-sensibilisees-sur-les-droits-de-lhomme#breadcrumb\"},\"inLanguage\":\"fr-FR\",\"potentialAction\":[{\"@type\":\"ReadAction\",\"target\":[\"https:\/\/www.africa-press.net\/tchad\/politique\/les-forces-de-securite-du-logone-occidental-sensibilisees-sur-les-droits-de-lhomme\"]}]},{\"@type\":\"ImageObject\",\"inLanguage\":\"fr-FR\",\"@id\":\"https:\/\/www.africa-press.net\/tchad\/politique\/les-forces-de-securite-du-logone-occidental-sensibilisees-sur-les-droits-de-lhomme#primaryimage\",\"url\":\"https:\/\/static.africa-press.net\/tchad\/sites\/41\/2021\/11\/img-618815fa7bc86.jpg\",\"contentUrl\":\"https:\/\/static.africa-press.net\/tchad\/sites\/41\/2021\/11\/img-618815fa7bc86.jpg\",\"width\":870,\"height\":581,\"caption\":\"les forces de s\u00e9curit\u00e9 du Logone Occidental sensibilis\u00e9es sur les droits de l'Homme\"},{\"@type\":\"BreadcrumbList\",\"@id\":\"https:\/\/www.africa-press.net\/tchad\/politique\/les-forces-de-securite-du-logone-occidental-sensibilisees-sur-les-droits-de-lhomme#breadcrumb\",\"itemListElement\":[{\"@type\":\"ListItem\",\"position\":1,\"name\":\"Accueil\",\"item\":\"https:\/\/www.africa-press.net\/tchad\/\"},{\"@type\":\"ListItem\",\"position\":2,\"name\":\"les forces de s\u00e9curit\u00e9 du Logone Occidental sensibilis\u00e9es sur les droits de l&#8217;Homme\"}]},{\"@type\":\"WebSite\",\"@id\":\"https:\/\/www.africa-press.net\/tchad\/#website\",\"url\":\"https:\/\/www.africa-press.net\/tchad\/\",\"name\":\"tchad\",\"description\":\"Just another Africa News Agency Sites site\",\"potentialAction\":[{\"@type\":\"SearchAction\",\"target\":{\"@type\":\"EntryPoint\",\"urlTemplate\":\"https:\/\/www.africa-press.net\/tchad\/?s={search_term_string}\"},\"query-input\":{\"@type\":\"PropertyValueSpecification\",\"valueRequired\":true,\"valueName\":\"search_term_string\"}}],\"inLanguage\":\"fr-FR\"},{\"@type\":\"Person\",\"@id\":\"https:\/\/www.africa-press.net\/tchad\/#\/schema\/person\/2b1cf3cd81a31e3cd26889ca66d677f1\",\"name\":\"cfeditorfr\"}]}<\/script>\n<!-- \/ Yoast SEO Premium plugin. -->","yoast_head_json":{"title":"les forces de s\u00e9curit\u00e9 du Logone Occidental sensibilis\u00e9es sur les droits de l'Homme - tchad","description":"\"Nous esp\u00e9rons \u00e0 travers cette activit\u00e9 renforcer le partenariat entre les forces de d\u00e9fense et de s\u00e9curit\u00e9 avec qui nou ...","robots":{"index":"index","follow":"follow","max-snippet":"max-snippet:-1","max-image-preview":"max-image-preview:large","max-video-preview":"max-video-preview:-1"},"canonical":"https:\/\/www.africa-press.net\/tchad\/politique\/les-forces-de-securite-du-logone-occidental-sensibilisees-sur-les-droits-de-lhomme","og_locale":"fr_FR","og_type":"article","og_title":"les forces de s\u00e9curit\u00e9 du Logone Occidental sensibilis\u00e9es sur les droits de l'Homme","og_description":"\"Nous esp\u00e9rons \u00e0 travers cette activit\u00e9 renforcer le partenariat entre les forces de d\u00e9fense et de s\u00e9curit\u00e9 avec qui nou ...","og_url":"https:\/\/www.africa-press.net\/tchad\/politique\/les-forces-de-securite-du-logone-occidental-sensibilisees-sur-les-droits-de-lhomme","og_site_name":"tchad","article_published_time":"2021-11-07T17:53:53+00:00","article_modified_time":"2021-11-07T18:08:24+00:00","og_image":[{"width":870,"height":581,"url":"https:\/\/static.africa-press.net\/tchad\/sites\/41\/2021\/11\/img-618815fa7bc86.jpg","type":"image\/jpeg"}],"author":"cfeditorfr","twitter_card":"summary_large_image","twitter_misc":{"\u00c9crit par":"cfeditorfr","Dur\u00e9e de lecture estim\u00e9e":"1 minute"},"schema":{"@context":"https:\/\/schema.org","@graph":[{"@type":"Article","@id":"https:\/\/www.africa-press.net\/tchad\/politique\/les-forces-de-securite-du-logone-occidental-sensibilisees-sur-les-droits-de-lhomme#article","isPartOf":{"@id":"https:\/\/www.africa-press.net\/tchad\/politique\/les-forces-de-securite-du-logone-occidental-sensibilisees-sur-les-droits-de-lhomme"},"author":{"name":"cfeditorfr","@id":"https:\/\/www.africa-press.net\/tchad\/#\/schema\/person\/2b1cf3cd81a31e3cd26889ca66d677f1"},"headline":"les forces de s\u00e9curit\u00e9 du Logone Occidental sensibilis\u00e9es sur les droits de l&rsquo;Homme","datePublished":"2021-11-07T17:53:53+00:00","dateModified":"2021-11-07T18:08:24+00:00","mainEntityOfPage":{"@id":"https:\/\/www.africa-press.net\/tchad\/politique\/les-forces-de-securite-du-logone-occidental-sensibilisees-sur-les-droits-de-lhomme"},"wordCount":183,"commentCount":0,"image":{"@id":"https:\/\/www.africa-press.net\/tchad\/politique\/les-forces-de-securite-du-logone-occidental-sensibilisees-sur-les-droits-de-lhomme#primaryimage"},"thumbnailUrl":"https:\/\/static.africa-press.net\/tchad\/sites\/41\/2021\/11\/img-618815fa7bc86.jpg","keywords":["Africa Press","Africa Press-Tchad","forces","sensibilis\u00e9es","Tchad"],"articleSection":["homepage-french","Politique","Top Nouvelles","Toutes les actualit\u00e9s"],"inLanguage":"fr-FR","potentialAction":[{"@type":"CommentAction","name":"Comment","target":["https:\/\/www.africa-press.net\/tchad\/politique\/les-forces-de-securite-du-logone-occidental-sensibilisees-sur-les-droits-de-lhomme#respond"]}]},{"@type":"WebPage","@id":"https:\/\/www.africa-press.net\/tchad\/politique\/les-forces-de-securite-du-logone-occidental-sensibilisees-sur-les-droits-de-lhomme","url":"https:\/\/www.africa-press.net\/tchad\/politique\/les-forces-de-securite-du-logone-occidental-sensibilisees-sur-les-droits-de-lhomme","name":"les forces de s\u00e9curit\u00e9 du Logone Occidental sensibilis\u00e9es sur les droits de l'Homme - tchad","isPartOf":{"@id":"https:\/\/www.africa-press.net\/tchad\/#website"},"primaryImageOfPage":{"@id":"https:\/\/www.africa-press.net\/tchad\/politique\/les-forces-de-securite-du-logone-occidental-sensibilisees-sur-les-droits-de-lhomme#primaryimage"},"image":{"@id":"https:\/\/www.africa-press.net\/tchad\/politique\/les-forces-de-securite-du-logone-occidental-sensibilisees-sur-les-droits-de-lhomme#primaryimage"},"thumbnailUrl":"https:\/\/static.africa-press.net\/tchad\/sites\/41\/2021\/11\/img-618815fa7bc86.jpg","datePublished":"2021-11-07T17:53:53+00:00","dateModified":"2021-11-07T18:08:24+00:00","author":{"@id":"https:\/\/www.africa-press.net\/tchad\/#\/schema\/person\/2b1cf3cd81a31e3cd26889ca66d677f1"},"description":"\"Nous esp\u00e9rons \u00e0 travers cette activit\u00e9 renforcer le partenariat entre les forces de d\u00e9fense et de s\u00e9curit\u00e9 avec qui nou ...","breadcrumb":{"@id":"https:\/\/www.africa-press.net\/tchad\/politique\/les-forces-de-securite-du-logone-occidental-sensibilisees-sur-les-droits-de-lhomme#breadcrumb"},"inLanguage":"fr-FR","potentialAction":[{"@type":"ReadAction","target":["https:\/\/www.africa-press.net\/tchad\/politique\/les-forces-de-securite-du-logone-occidental-sensibilisees-sur-les-droits-de-lhomme"]}]},{"@type":"ImageObject","inLanguage":"fr-FR","@id":"https:\/\/www.africa-press.net\/tchad\/politique\/les-forces-de-securite-du-logone-occidental-sensibilisees-sur-les-droits-de-lhomme#primaryimage","url":"https:\/\/static.africa-press.net\/tchad\/sites\/41\/2021\/11\/img-618815fa7bc86.jpg","contentUrl":"https:\/\/static.africa-press.net\/tchad\/sites\/41\/2021\/11\/img-618815fa7bc86.jpg","width":870,"height":581,"caption":"les forces de s\u00e9curit\u00e9 du Logone Occidental sensibilis\u00e9es sur les droits de l'Homme"},{"@type":"BreadcrumbList","@id":"https:\/\/www.africa-press.net\/tchad\/politique\/les-forces-de-securite-du-logone-occidental-sensibilisees-sur-les-droits-de-lhomme#breadcrumb","itemListElement":[{"@type":"ListItem","position":1,"name":"Accueil","item":"https:\/\/www.africa-press.net\/tchad\/"},{"@type":"ListItem","position":2,"name":"les forces de s\u00e9curit\u00e9 du Logone Occidental sensibilis\u00e9es sur les droits de l&#8217;Homme"}]},{"@type":"WebSite","@id":"https:\/\/www.africa-press.net\/tchad\/#website","url":"https:\/\/www.africa-press.net\/tchad\/","name":"tchad","description":"Just another Africa News Agency Sites site","potentialAction":[{"@type":"SearchAction","target":{"@type":"EntryPoint","urlTemplate":"https:\/\/www.africa-press.net\/tchad\/?s={search_term_string}"},"query-input":{"@type":"PropertyValueSpecification","valueRequired":true,"valueName":"search_term_string"}}],"inLanguage":"fr-FR"},{"@type":"Person","@id":"https:\/\/www.africa-press.net\/tchad\/#\/schema\/person\/2b1cf3cd81a31e3cd26889ca66d677f1","name":"cfeditorfr"}]}},"_links":{"self":[{"href":"https:\/\/www.africa-press.net\/tchad\/wp-json\/wp\/v2\/posts\/13288","targetHints":{"allow":["GET"]}}],"collection":[{"href":"https:\/\/www.africa-press.net\/tchad\/wp-json\/wp\/v2\/posts"}],"about":[{"href":"https:\/\/www.africa-press.net\/tchad\/wp-json\/wp\/v2\/types\/post"}],"author":[{"embeddable":true,"href":"https:\/\/www.africa-press.net\/tchad\/wp-json\/wp\/v2\/users\/82"}],"replies":[{"embeddable":true,"href":"https:\/\/www.africa-press.net\/tchad\/wp-json\/wp\/v2\/comments?post=13288"}],"version-history":[{"count":0,"href":"https:\/\/www.africa-press.net\/tchad\/wp-json\/wp\/v2\/posts\/13288\/revisions"}],"wp:featuredmedia":[{"embeddable":true,"href":"https:\/\/www.africa-press.net\/tchad\/wp-json\/wp\/v2\/media\/13287"}],"wp:attachment":[{"href":"https:\/\/www.africa-press.net\/tchad\/wp-json\/wp\/v2\/media?parent=13288"}],"wp:term":[{"taxonomy":"category","embeddable":true,"href":"https:\/\/www.africa-press.net\/tchad\/wp-json\/wp\/v2\/categories?post=13288"},{"taxonomy":"post_tag","embeddable":true,"href":"https:\/\/www.africa-press.net\/tchad\/wp-json\/wp\/v2\/tags?post=13288"}],"curies":[{"name":"wp","href":"https:\/\/api.w.org\/{rel}","templated":true}]}}