{"id":13393,"date":"2021-11-09T18:15:54","date_gmt":"2021-11-09T18:15:54","guid":{"rendered":"https:\/\/www.africa-press.net\/tchad\/politique\/tchad-covid19-le-port-de-masque-redevient-obligatoire-dans-tous-les-lieux-publics"},"modified":"2021-11-09T19:18:30","modified_gmt":"2021-11-09T19:18:30","slug":"tchad-covid19-le-port-de-masque-redevient-obligatoire-dans-tous-les-lieux-publics","status":"publish","type":"post","link":"https:\/\/www.africa-press.net\/tchad\/politique\/tchad-covid19-le-port-de-masque-redevient-obligatoire-dans-tous-les-lieux-publics","title":{"rendered":"Tchad-Covid19 : le port de masque redevient obligatoire dans tous les lieux publics"},"content":{"rendered":"<p><span style=\"color: #ff6600\"><strong>Africa-Press &#8211; Tchad. <\/strong><\/span><b>Compte tenu de la recrudescence des cas de Covid-19 en d\u00e9but de ce mois de novembre, le gouvernement rend de nouveau le port du masque obligatoire. Une d\u00e9cision adopt\u00e9e \u00e0 l\u2019issue de la r\u00e9union du 8 novembre 2021.<\/b><\/p>\n<p>Le Comit\u00e9 interminist\u00e9riel de Gestion du Covid-19 s\u2019est r\u00e9uni pour la premi\u00e8re fois le 08 novembre 2021. Il en ressort que, la situation \u00e9pid\u00e9miologique de la maladie \u00e0 coronavirus connait une hausse. Laquelle est constat\u00e9e depuis le d\u00e9but du mois de novembre. Cela a \u00e9t\u00e9 le cas l\u2019ann\u00e9e derni\u00e8re \u00e0 la m\u00eame p\u00e9riode. \u00ab Rien que pour la 1\u00e8re Semaine de novembre, 88 cas communautaires ont \u00e9t\u00e9 d\u00e9tect\u00e9s \u00bb, apprend-on. La recrudescence des cas est enregistr\u00e9e dans 6 provinces, informe le communiqu\u00e9.<\/p>\n<p>Ainsi, il a \u00e9t\u00e9 d\u00e9cid\u00e9 que l\u2019obligation du port de masque en vigueur soit scrupuleusement respect\u00e9e dans tous les lieux de rassemblement ferm\u00e9s et dans les transports en commun. Aussi, il est fortement recommand\u00e9 \u00e0 la population le port de masque dans les autres lieux de rassemblement ; march\u00e9s, lieux de culte, places mortuaires, etc.<\/p>\n<p>\u00ab En fonction de l\u2019\u00e9volution du contexte pand\u00e9mique, d\u2019autres mesures pourraient \u00eatre prises. \u00bb Enfin, il est demand\u00e9 aux citoyens de se faire massivement vacciner pour contrer un probable hausse des cas de contamination.<\/p>\n<p><strong>Pour plus d&rsquo;informations et d&rsquo;analyses sur la <a href=\"https:\/\/www.africa-press.net\/tchad\">Tchad<\/a>, suivez <a href=\"https:\/\/www.africa-press.net\/\">Africa-Press<\/a><\/strong><\/p>\n","protected":false},"excerpt":{"rendered":"<p>Africa-Press &#8211; Tchad. Compte tenu de la recrudescence des cas de Covid-19 en d\u00e9but de ce mois de novembre, le gouvernement rend de nouveau le port du masque obligatoire. Une d\u00e9cision adopt\u00e9e \u00e0 l\u2019issue de la r\u00e9union du 8 novembre 2021. Le Comit\u00e9 interminist\u00e9riel de Gestion du Covid-19 s\u2019est r\u00e9uni pour la premi\u00e8re fois le [&hellip;]<\/p>\n","protected":false},"author":82,"featured_media":13392,"comment_status":"open","ping_status":"closed","sticky":false,"template":"","format":"standard","meta":{"footnotes":""},"categories":[11,2,20,10],"tags":[37,292,89,2385,29],"class_list":["post-13393","post","type-post","status-publish","format-standard","has-post-thumbnail","hentry","category-homepage-french","category-politique","category-top-nouvelles","category-toutes-les-actualites","tag-africa-press","tag-africa-press-tchad","tag-covid-19","tag-le-port-de-masque-redevient-obligatoire","tag-tchad"],"yoast_head":"<!-- This site is optimized with the Yoast SEO Premium plugin v26.1 (Yoast SEO v27.0) - https:\/\/yoast.com\/product\/yoast-seo-premium-wordpress\/ -->\n<title>Tchad-Covid19 : le port de masque redevient obligatoire dans tous les lieux publics - tchad<\/title>\n<meta name=\"description\" content=\"Compte tenu de la recrudescence des cas de Covid-19 en d\u00e9but de ce mois de novembre, le gouvernement rend de nouveau ...\" \/>\n<meta name=\"robots\" content=\"index, follow, max-snippet:-1, max-image-preview:large, max-video-preview:-1\" \/>\n<link rel=\"canonical\" href=\"https:\/\/www.africa-press.net\/tchad\/politique\/tchad-covid19-le-port-de-masque-redevient-obligatoire-dans-tous-les-lieux-publics\" \/>\n<meta property=\"og:locale\" content=\"fr_FR\" \/>\n<meta property=\"og:type\" content=\"article\" \/>\n<meta property=\"og:title\" content=\"Tchad-Covid19 : le port de masque redevient obligatoire dans tous les lieux publics\" \/>\n<meta property=\"og:description\" content=\"Compte tenu de la recrudescence des cas de Covid-19 en d\u00e9but de ce mois de novembre, le gouvernement rend de nouveau ...\" \/>\n<meta property=\"og:url\" content=\"https:\/\/www.africa-press.net\/tchad\/politique\/tchad-covid19-le-port-de-masque-redevient-obligatoire-dans-tous-les-lieux-publics\" \/>\n<meta property=\"og:site_name\" content=\"tchad\" \/>\n<meta property=\"article:published_time\" content=\"2021-11-09T18:15:54+00:00\" \/>\n<meta property=\"article:modified_time\" content=\"2021-11-09T19:18:30+00:00\" \/>\n<meta property=\"og:image\" content=\"https:\/\/static.africa-press.net\/tchad\/sites\/41\/2021\/11\/img-618ac9602386a.jpg\" \/>\n\t<meta property=\"og:image:width\" content=\"780\" \/>\n\t<meta property=\"og:image:height\" content=\"440\" \/>\n\t<meta property=\"og:image:type\" content=\"image\/jpeg\" \/>\n<meta name=\"author\" content=\"cfeditorfr\" \/>\n<meta name=\"twitter:card\" content=\"summary_large_image\" \/>\n<meta name=\"twitter:label1\" content=\"\u00c9crit par\" \/>\n\t<meta name=\"twitter:data1\" content=\"cfeditorfr\" \/>\n\t<meta name=\"twitter:label2\" content=\"Dur\u00e9e de lecture estim\u00e9e\" \/>\n\t<meta name=\"twitter:data2\" content=\"1 minute\" \/>\n<script type=\"application\/ld+json\" class=\"yoast-schema-graph\">{\"@context\":\"https:\/\/schema.org\",\"@graph\":[{\"@type\":\"Article\",\"@id\":\"https:\/\/www.africa-press.net\/tchad\/politique\/tchad-covid19-le-port-de-masque-redevient-obligatoire-dans-tous-les-lieux-publics#article\",\"isPartOf\":{\"@id\":\"https:\/\/www.africa-press.net\/tchad\/politique\/tchad-covid19-le-port-de-masque-redevient-obligatoire-dans-tous-les-lieux-publics\"},\"author\":{\"name\":\"cfeditorfr\",\"@id\":\"https:\/\/www.africa-press.net\/tchad\/#\/schema\/person\/2b1cf3cd81a31e3cd26889ca66d677f1\"},\"headline\":\"Tchad-Covid19 : le port de masque redevient obligatoire dans tous les lieux publics\",\"datePublished\":\"2021-11-09T18:15:54+00:00\",\"dateModified\":\"2021-11-09T19:18:30+00:00\",\"mainEntityOfPage\":{\"@id\":\"https:\/\/www.africa-press.net\/tchad\/politique\/tchad-covid19-le-port-de-masque-redevient-obligatoire-dans-tous-les-lieux-publics\"},\"wordCount\":249,\"commentCount\":0,\"image\":{\"@id\":\"https:\/\/www.africa-press.net\/tchad\/politique\/tchad-covid19-le-port-de-masque-redevient-obligatoire-dans-tous-les-lieux-publics#primaryimage\"},\"thumbnailUrl\":\"https:\/\/static.africa-press.net\/tchad\/sites\/41\/2021\/11\/img-618ac9602386a.jpg\",\"keywords\":[\"Africa Press\",\"Africa Press-Tchad\",\"COVID 19\",\"le port de masque redevient obligatoire\",\"Tchad\"],\"articleSection\":[\"homepage-french\",\"Politique\",\"Top Nouvelles\",\"Toutes les actualit\u00e9s\"],\"inLanguage\":\"fr-FR\",\"potentialAction\":[{\"@type\":\"CommentAction\",\"name\":\"Comment\",\"target\":[\"https:\/\/www.africa-press.net\/tchad\/politique\/tchad-covid19-le-port-de-masque-redevient-obligatoire-dans-tous-les-lieux-publics#respond\"]}]},{\"@type\":\"WebPage\",\"@id\":\"https:\/\/www.africa-press.net\/tchad\/politique\/tchad-covid19-le-port-de-masque-redevient-obligatoire-dans-tous-les-lieux-publics\",\"url\":\"https:\/\/www.africa-press.net\/tchad\/politique\/tchad-covid19-le-port-de-masque-redevient-obligatoire-dans-tous-les-lieux-publics\",\"name\":\"Tchad-Covid19 : le port de masque redevient obligatoire dans tous les lieux publics - tchad\",\"isPartOf\":{\"@id\":\"https:\/\/www.africa-press.net\/tchad\/#website\"},\"primaryImageOfPage\":{\"@id\":\"https:\/\/www.africa-press.net\/tchad\/politique\/tchad-covid19-le-port-de-masque-redevient-obligatoire-dans-tous-les-lieux-publics#primaryimage\"},\"image\":{\"@id\":\"https:\/\/www.africa-press.net\/tchad\/politique\/tchad-covid19-le-port-de-masque-redevient-obligatoire-dans-tous-les-lieux-publics#primaryimage\"},\"thumbnailUrl\":\"https:\/\/static.africa-press.net\/tchad\/sites\/41\/2021\/11\/img-618ac9602386a.jpg\",\"datePublished\":\"2021-11-09T18:15:54+00:00\",\"dateModified\":\"2021-11-09T19:18:30+00:00\",\"author\":{\"@id\":\"https:\/\/www.africa-press.net\/tchad\/#\/schema\/person\/2b1cf3cd81a31e3cd26889ca66d677f1\"},\"description\":\"Compte tenu de la recrudescence des cas de Covid-19 en d\u00e9but de ce mois de novembre, le gouvernement rend de nouveau ...\",\"breadcrumb\":{\"@id\":\"https:\/\/www.africa-press.net\/tchad\/politique\/tchad-covid19-le-port-de-masque-redevient-obligatoire-dans-tous-les-lieux-publics#breadcrumb\"},\"inLanguage\":\"fr-FR\",\"potentialAction\":[{\"@type\":\"ReadAction\",\"target\":[\"https:\/\/www.africa-press.net\/tchad\/politique\/tchad-covid19-le-port-de-masque-redevient-obligatoire-dans-tous-les-lieux-publics\"]}]},{\"@type\":\"ImageObject\",\"inLanguage\":\"fr-FR\",\"@id\":\"https:\/\/www.africa-press.net\/tchad\/politique\/tchad-covid19-le-port-de-masque-redevient-obligatoire-dans-tous-les-lieux-publics#primaryimage\",\"url\":\"https:\/\/static.africa-press.net\/tchad\/sites\/41\/2021\/11\/img-618ac9602386a.jpg\",\"contentUrl\":\"https:\/\/static.africa-press.net\/tchad\/sites\/41\/2021\/11\/img-618ac9602386a.jpg\",\"width\":780,\"height\":440,\"caption\":\"Tchad-Covid19 : le port de masque redevient obligatoire dans tous les lieux publics\"},{\"@type\":\"BreadcrumbList\",\"@id\":\"https:\/\/www.africa-press.net\/tchad\/politique\/tchad-covid19-le-port-de-masque-redevient-obligatoire-dans-tous-les-lieux-publics#breadcrumb\",\"itemListElement\":[{\"@type\":\"ListItem\",\"position\":1,\"name\":\"Accueil\",\"item\":\"https:\/\/www.africa-press.net\/tchad\/\"},{\"@type\":\"ListItem\",\"position\":2,\"name\":\"Tchad-Covid19 : le port de masque redevient obligatoire dans tous les lieux publics\"}]},{\"@type\":\"WebSite\",\"@id\":\"https:\/\/www.africa-press.net\/tchad\/#website\",\"url\":\"https:\/\/www.africa-press.net\/tchad\/\",\"name\":\"tchad\",\"description\":\"Just another Africa News Agency Sites site\",\"potentialAction\":[{\"@type\":\"SearchAction\",\"target\":{\"@type\":\"EntryPoint\",\"urlTemplate\":\"https:\/\/www.africa-press.net\/tchad\/?s={search_term_string}\"},\"query-input\":{\"@type\":\"PropertyValueSpecification\",\"valueRequired\":true,\"valueName\":\"search_term_string\"}}],\"inLanguage\":\"fr-FR\"},{\"@type\":\"Person\",\"@id\":\"https:\/\/www.africa-press.net\/tchad\/#\/schema\/person\/2b1cf3cd81a31e3cd26889ca66d677f1\",\"name\":\"cfeditorfr\"}]}<\/script>\n<!-- \/ Yoast SEO Premium plugin. -->","yoast_head_json":{"title":"Tchad-Covid19 : le port de masque redevient obligatoire dans tous les lieux publics - tchad","description":"Compte tenu de la recrudescence des cas de Covid-19 en d\u00e9but de ce mois de novembre, le gouvernement rend de nouveau ...","robots":{"index":"index","follow":"follow","max-snippet":"max-snippet:-1","max-image-preview":"max-image-preview:large","max-video-preview":"max-video-preview:-1"},"canonical":"https:\/\/www.africa-press.net\/tchad\/politique\/tchad-covid19-le-port-de-masque-redevient-obligatoire-dans-tous-les-lieux-publics","og_locale":"fr_FR","og_type":"article","og_title":"Tchad-Covid19 : le port de masque redevient obligatoire dans tous les lieux publics","og_description":"Compte tenu de la recrudescence des cas de Covid-19 en d\u00e9but de ce mois de novembre, le gouvernement rend de nouveau ...","og_url":"https:\/\/www.africa-press.net\/tchad\/politique\/tchad-covid19-le-port-de-masque-redevient-obligatoire-dans-tous-les-lieux-publics","og_site_name":"tchad","article_published_time":"2021-11-09T18:15:54+00:00","article_modified_time":"2021-11-09T19:18:30+00:00","og_image":[{"width":780,"height":440,"url":"https:\/\/static.africa-press.net\/tchad\/sites\/41\/2021\/11\/img-618ac9602386a.jpg","type":"image\/jpeg"}],"author":"cfeditorfr","twitter_card":"summary_large_image","twitter_misc":{"\u00c9crit par":"cfeditorfr","Dur\u00e9e de lecture estim\u00e9e":"1 minute"},"schema":{"@context":"https:\/\/schema.org","@graph":[{"@type":"Article","@id":"https:\/\/www.africa-press.net\/tchad\/politique\/tchad-covid19-le-port-de-masque-redevient-obligatoire-dans-tous-les-lieux-publics#article","isPartOf":{"@id":"https:\/\/www.africa-press.net\/tchad\/politique\/tchad-covid19-le-port-de-masque-redevient-obligatoire-dans-tous-les-lieux-publics"},"author":{"name":"cfeditorfr","@id":"https:\/\/www.africa-press.net\/tchad\/#\/schema\/person\/2b1cf3cd81a31e3cd26889ca66d677f1"},"headline":"Tchad-Covid19 : le port de masque redevient obligatoire dans tous les lieux publics","datePublished":"2021-11-09T18:15:54+00:00","dateModified":"2021-11-09T19:18:30+00:00","mainEntityOfPage":{"@id":"https:\/\/www.africa-press.net\/tchad\/politique\/tchad-covid19-le-port-de-masque-redevient-obligatoire-dans-tous-les-lieux-publics"},"wordCount":249,"commentCount":0,"image":{"@id":"https:\/\/www.africa-press.net\/tchad\/politique\/tchad-covid19-le-port-de-masque-redevient-obligatoire-dans-tous-les-lieux-publics#primaryimage"},"thumbnailUrl":"https:\/\/static.africa-press.net\/tchad\/sites\/41\/2021\/11\/img-618ac9602386a.jpg","keywords":["Africa Press","Africa Press-Tchad","COVID 19","le port de masque redevient obligatoire","Tchad"],"articleSection":["homepage-french","Politique","Top Nouvelles","Toutes les actualit\u00e9s"],"inLanguage":"fr-FR","potentialAction":[{"@type":"CommentAction","name":"Comment","target":["https:\/\/www.africa-press.net\/tchad\/politique\/tchad-covid19-le-port-de-masque-redevient-obligatoire-dans-tous-les-lieux-publics#respond"]}]},{"@type":"WebPage","@id":"https:\/\/www.africa-press.net\/tchad\/politique\/tchad-covid19-le-port-de-masque-redevient-obligatoire-dans-tous-les-lieux-publics","url":"https:\/\/www.africa-press.net\/tchad\/politique\/tchad-covid19-le-port-de-masque-redevient-obligatoire-dans-tous-les-lieux-publics","name":"Tchad-Covid19 : le port de masque redevient obligatoire dans tous les lieux publics - tchad","isPartOf":{"@id":"https:\/\/www.africa-press.net\/tchad\/#website"},"primaryImageOfPage":{"@id":"https:\/\/www.africa-press.net\/tchad\/politique\/tchad-covid19-le-port-de-masque-redevient-obligatoire-dans-tous-les-lieux-publics#primaryimage"},"image":{"@id":"https:\/\/www.africa-press.net\/tchad\/politique\/tchad-covid19-le-port-de-masque-redevient-obligatoire-dans-tous-les-lieux-publics#primaryimage"},"thumbnailUrl":"https:\/\/static.africa-press.net\/tchad\/sites\/41\/2021\/11\/img-618ac9602386a.jpg","datePublished":"2021-11-09T18:15:54+00:00","dateModified":"2021-11-09T19:18:30+00:00","author":{"@id":"https:\/\/www.africa-press.net\/tchad\/#\/schema\/person\/2b1cf3cd81a31e3cd26889ca66d677f1"},"description":"Compte tenu de la recrudescence des cas de Covid-19 en d\u00e9but de ce mois de novembre, le gouvernement rend de nouveau ...","breadcrumb":{"@id":"https:\/\/www.africa-press.net\/tchad\/politique\/tchad-covid19-le-port-de-masque-redevient-obligatoire-dans-tous-les-lieux-publics#breadcrumb"},"inLanguage":"fr-FR","potentialAction":[{"@type":"ReadAction","target":["https:\/\/www.africa-press.net\/tchad\/politique\/tchad-covid19-le-port-de-masque-redevient-obligatoire-dans-tous-les-lieux-publics"]}]},{"@type":"ImageObject","inLanguage":"fr-FR","@id":"https:\/\/www.africa-press.net\/tchad\/politique\/tchad-covid19-le-port-de-masque-redevient-obligatoire-dans-tous-les-lieux-publics#primaryimage","url":"https:\/\/static.africa-press.net\/tchad\/sites\/41\/2021\/11\/img-618ac9602386a.jpg","contentUrl":"https:\/\/static.africa-press.net\/tchad\/sites\/41\/2021\/11\/img-618ac9602386a.jpg","width":780,"height":440,"caption":"Tchad-Covid19 : le port de masque redevient obligatoire dans tous les lieux publics"},{"@type":"BreadcrumbList","@id":"https:\/\/www.africa-press.net\/tchad\/politique\/tchad-covid19-le-port-de-masque-redevient-obligatoire-dans-tous-les-lieux-publics#breadcrumb","itemListElement":[{"@type":"ListItem","position":1,"name":"Accueil","item":"https:\/\/www.africa-press.net\/tchad\/"},{"@type":"ListItem","position":2,"name":"Tchad-Covid19 : le port de masque redevient obligatoire dans tous les lieux publics"}]},{"@type":"WebSite","@id":"https:\/\/www.africa-press.net\/tchad\/#website","url":"https:\/\/www.africa-press.net\/tchad\/","name":"tchad","description":"Just another Africa News Agency Sites site","potentialAction":[{"@type":"SearchAction","target":{"@type":"EntryPoint","urlTemplate":"https:\/\/www.africa-press.net\/tchad\/?s={search_term_string}"},"query-input":{"@type":"PropertyValueSpecification","valueRequired":true,"valueName":"search_term_string"}}],"inLanguage":"fr-FR"},{"@type":"Person","@id":"https:\/\/www.africa-press.net\/tchad\/#\/schema\/person\/2b1cf3cd81a31e3cd26889ca66d677f1","name":"cfeditorfr"}]}},"_links":{"self":[{"href":"https:\/\/www.africa-press.net\/tchad\/wp-json\/wp\/v2\/posts\/13393","targetHints":{"allow":["GET"]}}],"collection":[{"href":"https:\/\/www.africa-press.net\/tchad\/wp-json\/wp\/v2\/posts"}],"about":[{"href":"https:\/\/www.africa-press.net\/tchad\/wp-json\/wp\/v2\/types\/post"}],"author":[{"embeddable":true,"href":"https:\/\/www.africa-press.net\/tchad\/wp-json\/wp\/v2\/users\/82"}],"replies":[{"embeddable":true,"href":"https:\/\/www.africa-press.net\/tchad\/wp-json\/wp\/v2\/comments?post=13393"}],"version-history":[{"count":0,"href":"https:\/\/www.africa-press.net\/tchad\/wp-json\/wp\/v2\/posts\/13393\/revisions"}],"wp:featuredmedia":[{"embeddable":true,"href":"https:\/\/www.africa-press.net\/tchad\/wp-json\/wp\/v2\/media\/13392"}],"wp:attachment":[{"href":"https:\/\/www.africa-press.net\/tchad\/wp-json\/wp\/v2\/media?parent=13393"}],"wp:term":[{"taxonomy":"category","embeddable":true,"href":"https:\/\/www.africa-press.net\/tchad\/wp-json\/wp\/v2\/categories?post=13393"},{"taxonomy":"post_tag","embeddable":true,"href":"https:\/\/www.africa-press.net\/tchad\/wp-json\/wp\/v2\/tags?post=13393"}],"curies":[{"name":"wp","href":"https:\/\/api.w.org\/{rel}","templated":true}]}}