{"id":13417,"date":"2021-11-09T18:33:32","date_gmt":"2021-11-09T18:33:32","guid":{"rendered":"https:\/\/www.africa-press.net\/tchad\/politique\/oxfam-tchad-rebati-sa-relation-avec-ses-partenaires"},"modified":"2021-11-10T23:15:25","modified_gmt":"2021-11-10T23:15:25","slug":"oxfam-tchad-rebati-sa-relation-avec-ses-partenaires","status":"publish","type":"post","link":"https:\/\/www.africa-press.net\/tchad\/politique\/oxfam-tchad-rebati-sa-relation-avec-ses-partenaires","title":{"rendered":"Oxfam Tchad reb\u00e2ti sa relation avec ses partenaires"},"content":{"rendered":"<p><span style=\"color: #ff6600\"><strong>Africa-Press &#8211; Tchad. <\/strong><\/span>L\u2019Ong Oxfam Tchad organise ce mardi 9 novembre un atelier de renforcement de partenariat avec les partenaires strat\u00e9giques pour la r\u00e9alisation de sa vision qui est celle de vaincre la pauvret\u00e9 et de r\u00e9duire les in\u00e9galit\u00e9s.<br \/>\nC\u2019est dans le cadre de ses activit\u00e9s de renforcement du partenariat que cette agence onusienne a initi\u00e9 cet atelier plac\u00e9 sous le th\u00e8me : \u00ab ensemble allons plus loin dans la lutte contre la pauvret\u00e9 et l\u2019injustice au Tchad \u00bb.<br \/>\nCes assises qui dureront deux jours ont pour but de reb\u00e2tir une relation plus solide, plus efficace, permettant de mieux contribuer \u00e0 la r\u00e9alisation de la vision strat\u00e9gique de l\u2019agence au Tchad, celle de vaincre la pauvret\u00e9 et de r\u00e9duire les in\u00e9galit\u00e9s.<br \/>\nPour le Directeur pays de Oxfam Tchad Dedeou Yahiya, cette rencontre permettra aux participants de recueillir la perception du travail de l\u2019Oxfam. \u00ab L\u2019id\u00e9e est de d\u00e9gager ensemble les points forts et les points faibles de notre partenariat en vue d\u2019\u00e9laborer une strat\u00e9gie de partenariat qui va guider notre future collaboration sur la base de la vision globale et nos outils d\u2019\u00e9valuation des partenaires \u00bb, a indiqu\u00e9 Dedeou Yahiya.<br \/>\nSelon lui \u00ab il est opportun pour Oxfam et ses partenaires que nous puissions ensemble nous associer pour en discuter et tirer des le\u00e7ons pour mieux apporter notre contribution \u00e0 la mise en \u0153uvre de notre strat\u00e9gie afin de contribuer efficacement \u00e0 la lutte contre la pauvret\u00e9 et l\u2019injustice \u00bb.<br \/>\nLe Directeur pays de Oxfam Tchad Dedeou Yahiya rappelle que les partenaires sont au c\u0153ur de la mani\u00e8re dont Oxfam appr\u00e9hende le monde et des efforts qu\u2019elle d\u00e9ploie en vue de le changer.<\/p>\n<p><strong>Pour plus d&rsquo;informations et d&rsquo;analyses sur la <a href=\"https:\/\/www.africa-press.net\/tchad\">Tchad<\/a>, suivez <a href=\"https:\/\/www.africa-press.net\/\">Africa-Press<\/a><\/strong><\/p>\n","protected":false},"excerpt":{"rendered":"<p>Africa-Press &#8211; Tchad. L\u2019Ong Oxfam Tchad organise ce mardi 9 novembre un atelier de renforcement de partenariat avec les partenaires strat\u00e9giques pour la r\u00e9alisation de sa vision qui est celle de vaincre la pauvret\u00e9 et de r\u00e9duire les in\u00e9galit\u00e9s. C\u2019est dans le cadre de ses activit\u00e9s de renforcement du partenariat que cette agence onusienne a [&hellip;]<\/p>\n","protected":false},"author":82,"featured_media":13416,"comment_status":"open","ping_status":"closed","sticky":false,"template":"","format":"standard","meta":{"footnotes":""},"categories":[11,2,10],"tags":[37,292,2398,2397,29],"class_list":["post-13417","post","type-post","status-publish","format-standard","has-post-thumbnail","hentry","category-homepage-french","category-politique","category-toutes-les-actualites","tag-africa-press","tag-africa-press-tchad","tag-oxfam","tag-rebati","tag-tchad"],"yoast_head":"<!-- This site is optimized with the Yoast SEO Premium plugin v26.1 (Yoast SEO v27.0) - https:\/\/yoast.com\/product\/yoast-seo-premium-wordpress\/ -->\n<title>Oxfam Tchad reb\u00e2ti sa relation avec ses partenaires - tchad<\/title>\n<meta name=\"description\" content=\"L\u2019Ong Oxfam Tchad organise ce mardi 9 novembre un atelier de renforcement de partenariat avec les partenaires strat\u00e9giqu ...\" \/>\n<meta name=\"robots\" content=\"index, follow, max-snippet:-1, max-image-preview:large, max-video-preview:-1\" \/>\n<link rel=\"canonical\" href=\"https:\/\/www.africa-press.net\/tchad\/politique\/oxfam-tchad-rebati-sa-relation-avec-ses-partenaires\" \/>\n<meta property=\"og:locale\" content=\"fr_FR\" \/>\n<meta property=\"og:type\" content=\"article\" \/>\n<meta property=\"og:title\" content=\"Oxfam Tchad reb\u00e2ti sa relation avec ses partenaires\" \/>\n<meta property=\"og:description\" content=\"L\u2019Ong Oxfam Tchad organise ce mardi 9 novembre un atelier de renforcement de partenariat avec les partenaires strat\u00e9giqu ...\" \/>\n<meta property=\"og:url\" content=\"https:\/\/www.africa-press.net\/tchad\/politique\/oxfam-tchad-rebati-sa-relation-avec-ses-partenaires\" \/>\n<meta property=\"og:site_name\" content=\"tchad\" \/>\n<meta property=\"article:published_time\" content=\"2021-11-09T18:33:32+00:00\" \/>\n<meta property=\"article:modified_time\" content=\"2021-11-10T23:15:25+00:00\" \/>\n<meta property=\"og:image\" content=\"https:\/\/static.africa-press.net\/tchad\/sites\/41\/2021\/11\/img-618acacf05b69.jpg\" \/>\n\t<meta property=\"og:image:width\" content=\"1280\" \/>\n\t<meta property=\"og:image:height\" content=\"846\" \/>\n\t<meta property=\"og:image:type\" content=\"image\/jpeg\" \/>\n<meta name=\"author\" content=\"cfeditorfr\" \/>\n<meta name=\"twitter:card\" content=\"summary_large_image\" \/>\n<meta name=\"twitter:label1\" content=\"\u00c9crit par\" \/>\n\t<meta name=\"twitter:data1\" content=\"cfeditorfr\" \/>\n\t<meta name=\"twitter:label2\" content=\"Dur\u00e9e de lecture estim\u00e9e\" \/>\n\t<meta name=\"twitter:data2\" content=\"2 minutes\" \/>\n<script type=\"application\/ld+json\" class=\"yoast-schema-graph\">{\"@context\":\"https:\/\/schema.org\",\"@graph\":[{\"@type\":\"Article\",\"@id\":\"https:\/\/www.africa-press.net\/tchad\/politique\/oxfam-tchad-rebati-sa-relation-avec-ses-partenaires#article\",\"isPartOf\":{\"@id\":\"https:\/\/www.africa-press.net\/tchad\/politique\/oxfam-tchad-rebati-sa-relation-avec-ses-partenaires\"},\"author\":{\"name\":\"cfeditorfr\",\"@id\":\"https:\/\/www.africa-press.net\/tchad\/#\/schema\/person\/2b1cf3cd81a31e3cd26889ca66d677f1\"},\"headline\":\"Oxfam Tchad reb\u00e2ti sa relation avec ses partenaires\",\"datePublished\":\"2021-11-09T18:33:32+00:00\",\"dateModified\":\"2021-11-10T23:15:25+00:00\",\"mainEntityOfPage\":{\"@id\":\"https:\/\/www.africa-press.net\/tchad\/politique\/oxfam-tchad-rebati-sa-relation-avec-ses-partenaires\"},\"wordCount\":315,\"commentCount\":0,\"image\":{\"@id\":\"https:\/\/www.africa-press.net\/tchad\/politique\/oxfam-tchad-rebati-sa-relation-avec-ses-partenaires#primaryimage\"},\"thumbnailUrl\":\"https:\/\/static.africa-press.net\/tchad\/sites\/41\/2021\/11\/img-618acacf05b69.jpg\",\"keywords\":[\"Africa Press\",\"Africa Press-Tchad\",\"Oxfam\",\"reb\u00e2ti\",\"Tchad\"],\"articleSection\":[\"homepage-french\",\"Politique\",\"Toutes les actualit\u00e9s\"],\"inLanguage\":\"fr-FR\",\"potentialAction\":[{\"@type\":\"CommentAction\",\"name\":\"Comment\",\"target\":[\"https:\/\/www.africa-press.net\/tchad\/politique\/oxfam-tchad-rebati-sa-relation-avec-ses-partenaires#respond\"]}]},{\"@type\":\"WebPage\",\"@id\":\"https:\/\/www.africa-press.net\/tchad\/politique\/oxfam-tchad-rebati-sa-relation-avec-ses-partenaires\",\"url\":\"https:\/\/www.africa-press.net\/tchad\/politique\/oxfam-tchad-rebati-sa-relation-avec-ses-partenaires\",\"name\":\"Oxfam Tchad reb\u00e2ti sa relation avec ses partenaires - tchad\",\"isPartOf\":{\"@id\":\"https:\/\/www.africa-press.net\/tchad\/#website\"},\"primaryImageOfPage\":{\"@id\":\"https:\/\/www.africa-press.net\/tchad\/politique\/oxfam-tchad-rebati-sa-relation-avec-ses-partenaires#primaryimage\"},\"image\":{\"@id\":\"https:\/\/www.africa-press.net\/tchad\/politique\/oxfam-tchad-rebati-sa-relation-avec-ses-partenaires#primaryimage\"},\"thumbnailUrl\":\"https:\/\/static.africa-press.net\/tchad\/sites\/41\/2021\/11\/img-618acacf05b69.jpg\",\"datePublished\":\"2021-11-09T18:33:32+00:00\",\"dateModified\":\"2021-11-10T23:15:25+00:00\",\"author\":{\"@id\":\"https:\/\/www.africa-press.net\/tchad\/#\/schema\/person\/2b1cf3cd81a31e3cd26889ca66d677f1\"},\"description\":\"L\u2019Ong Oxfam Tchad organise ce mardi 9 novembre un atelier de renforcement de partenariat avec les partenaires strat\u00e9giqu ...\",\"breadcrumb\":{\"@id\":\"https:\/\/www.africa-press.net\/tchad\/politique\/oxfam-tchad-rebati-sa-relation-avec-ses-partenaires#breadcrumb\"},\"inLanguage\":\"fr-FR\",\"potentialAction\":[{\"@type\":\"ReadAction\",\"target\":[\"https:\/\/www.africa-press.net\/tchad\/politique\/oxfam-tchad-rebati-sa-relation-avec-ses-partenaires\"]}]},{\"@type\":\"ImageObject\",\"inLanguage\":\"fr-FR\",\"@id\":\"https:\/\/www.africa-press.net\/tchad\/politique\/oxfam-tchad-rebati-sa-relation-avec-ses-partenaires#primaryimage\",\"url\":\"https:\/\/static.africa-press.net\/tchad\/sites\/41\/2021\/11\/img-618acacf05b69.jpg\",\"contentUrl\":\"https:\/\/static.africa-press.net\/tchad\/sites\/41\/2021\/11\/img-618acacf05b69.jpg\",\"width\":1280,\"height\":846,\"caption\":\"Oxfam Tchad reb\u00e2ti sa relation avec ses partenaires\"},{\"@type\":\"BreadcrumbList\",\"@id\":\"https:\/\/www.africa-press.net\/tchad\/politique\/oxfam-tchad-rebati-sa-relation-avec-ses-partenaires#breadcrumb\",\"itemListElement\":[{\"@type\":\"ListItem\",\"position\":1,\"name\":\"Accueil\",\"item\":\"https:\/\/www.africa-press.net\/tchad\/\"},{\"@type\":\"ListItem\",\"position\":2,\"name\":\"Oxfam Tchad reb\u00e2ti sa relation avec ses partenaires\"}]},{\"@type\":\"WebSite\",\"@id\":\"https:\/\/www.africa-press.net\/tchad\/#website\",\"url\":\"https:\/\/www.africa-press.net\/tchad\/\",\"name\":\"tchad\",\"description\":\"Just another Africa News Agency Sites site\",\"potentialAction\":[{\"@type\":\"SearchAction\",\"target\":{\"@type\":\"EntryPoint\",\"urlTemplate\":\"https:\/\/www.africa-press.net\/tchad\/?s={search_term_string}\"},\"query-input\":{\"@type\":\"PropertyValueSpecification\",\"valueRequired\":true,\"valueName\":\"search_term_string\"}}],\"inLanguage\":\"fr-FR\"},{\"@type\":\"Person\",\"@id\":\"https:\/\/www.africa-press.net\/tchad\/#\/schema\/person\/2b1cf3cd81a31e3cd26889ca66d677f1\",\"name\":\"cfeditorfr\"}]}<\/script>\n<!-- \/ Yoast SEO Premium plugin. -->","yoast_head_json":{"title":"Oxfam Tchad reb\u00e2ti sa relation avec ses partenaires - tchad","description":"L\u2019Ong Oxfam Tchad organise ce mardi 9 novembre un atelier de renforcement de partenariat avec les partenaires strat\u00e9giqu ...","robots":{"index":"index","follow":"follow","max-snippet":"max-snippet:-1","max-image-preview":"max-image-preview:large","max-video-preview":"max-video-preview:-1"},"canonical":"https:\/\/www.africa-press.net\/tchad\/politique\/oxfam-tchad-rebati-sa-relation-avec-ses-partenaires","og_locale":"fr_FR","og_type":"article","og_title":"Oxfam Tchad reb\u00e2ti sa relation avec ses partenaires","og_description":"L\u2019Ong Oxfam Tchad organise ce mardi 9 novembre un atelier de renforcement de partenariat avec les partenaires strat\u00e9giqu ...","og_url":"https:\/\/www.africa-press.net\/tchad\/politique\/oxfam-tchad-rebati-sa-relation-avec-ses-partenaires","og_site_name":"tchad","article_published_time":"2021-11-09T18:33:32+00:00","article_modified_time":"2021-11-10T23:15:25+00:00","og_image":[{"width":1280,"height":846,"url":"https:\/\/static.africa-press.net\/tchad\/sites\/41\/2021\/11\/img-618acacf05b69.jpg","type":"image\/jpeg"}],"author":"cfeditorfr","twitter_card":"summary_large_image","twitter_misc":{"\u00c9crit par":"cfeditorfr","Dur\u00e9e de lecture estim\u00e9e":"2 minutes"},"schema":{"@context":"https:\/\/schema.org","@graph":[{"@type":"Article","@id":"https:\/\/www.africa-press.net\/tchad\/politique\/oxfam-tchad-rebati-sa-relation-avec-ses-partenaires#article","isPartOf":{"@id":"https:\/\/www.africa-press.net\/tchad\/politique\/oxfam-tchad-rebati-sa-relation-avec-ses-partenaires"},"author":{"name":"cfeditorfr","@id":"https:\/\/www.africa-press.net\/tchad\/#\/schema\/person\/2b1cf3cd81a31e3cd26889ca66d677f1"},"headline":"Oxfam Tchad reb\u00e2ti sa relation avec ses partenaires","datePublished":"2021-11-09T18:33:32+00:00","dateModified":"2021-11-10T23:15:25+00:00","mainEntityOfPage":{"@id":"https:\/\/www.africa-press.net\/tchad\/politique\/oxfam-tchad-rebati-sa-relation-avec-ses-partenaires"},"wordCount":315,"commentCount":0,"image":{"@id":"https:\/\/www.africa-press.net\/tchad\/politique\/oxfam-tchad-rebati-sa-relation-avec-ses-partenaires#primaryimage"},"thumbnailUrl":"https:\/\/static.africa-press.net\/tchad\/sites\/41\/2021\/11\/img-618acacf05b69.jpg","keywords":["Africa Press","Africa Press-Tchad","Oxfam","reb\u00e2ti","Tchad"],"articleSection":["homepage-french","Politique","Toutes les actualit\u00e9s"],"inLanguage":"fr-FR","potentialAction":[{"@type":"CommentAction","name":"Comment","target":["https:\/\/www.africa-press.net\/tchad\/politique\/oxfam-tchad-rebati-sa-relation-avec-ses-partenaires#respond"]}]},{"@type":"WebPage","@id":"https:\/\/www.africa-press.net\/tchad\/politique\/oxfam-tchad-rebati-sa-relation-avec-ses-partenaires","url":"https:\/\/www.africa-press.net\/tchad\/politique\/oxfam-tchad-rebati-sa-relation-avec-ses-partenaires","name":"Oxfam Tchad reb\u00e2ti sa relation avec ses partenaires - tchad","isPartOf":{"@id":"https:\/\/www.africa-press.net\/tchad\/#website"},"primaryImageOfPage":{"@id":"https:\/\/www.africa-press.net\/tchad\/politique\/oxfam-tchad-rebati-sa-relation-avec-ses-partenaires#primaryimage"},"image":{"@id":"https:\/\/www.africa-press.net\/tchad\/politique\/oxfam-tchad-rebati-sa-relation-avec-ses-partenaires#primaryimage"},"thumbnailUrl":"https:\/\/static.africa-press.net\/tchad\/sites\/41\/2021\/11\/img-618acacf05b69.jpg","datePublished":"2021-11-09T18:33:32+00:00","dateModified":"2021-11-10T23:15:25+00:00","author":{"@id":"https:\/\/www.africa-press.net\/tchad\/#\/schema\/person\/2b1cf3cd81a31e3cd26889ca66d677f1"},"description":"L\u2019Ong Oxfam Tchad organise ce mardi 9 novembre un atelier de renforcement de partenariat avec les partenaires strat\u00e9giqu ...","breadcrumb":{"@id":"https:\/\/www.africa-press.net\/tchad\/politique\/oxfam-tchad-rebati-sa-relation-avec-ses-partenaires#breadcrumb"},"inLanguage":"fr-FR","potentialAction":[{"@type":"ReadAction","target":["https:\/\/www.africa-press.net\/tchad\/politique\/oxfam-tchad-rebati-sa-relation-avec-ses-partenaires"]}]},{"@type":"ImageObject","inLanguage":"fr-FR","@id":"https:\/\/www.africa-press.net\/tchad\/politique\/oxfam-tchad-rebati-sa-relation-avec-ses-partenaires#primaryimage","url":"https:\/\/static.africa-press.net\/tchad\/sites\/41\/2021\/11\/img-618acacf05b69.jpg","contentUrl":"https:\/\/static.africa-press.net\/tchad\/sites\/41\/2021\/11\/img-618acacf05b69.jpg","width":1280,"height":846,"caption":"Oxfam Tchad reb\u00e2ti sa relation avec ses partenaires"},{"@type":"BreadcrumbList","@id":"https:\/\/www.africa-press.net\/tchad\/politique\/oxfam-tchad-rebati-sa-relation-avec-ses-partenaires#breadcrumb","itemListElement":[{"@type":"ListItem","position":1,"name":"Accueil","item":"https:\/\/www.africa-press.net\/tchad\/"},{"@type":"ListItem","position":2,"name":"Oxfam Tchad reb\u00e2ti sa relation avec ses partenaires"}]},{"@type":"WebSite","@id":"https:\/\/www.africa-press.net\/tchad\/#website","url":"https:\/\/www.africa-press.net\/tchad\/","name":"tchad","description":"Just another Africa News Agency Sites site","potentialAction":[{"@type":"SearchAction","target":{"@type":"EntryPoint","urlTemplate":"https:\/\/www.africa-press.net\/tchad\/?s={search_term_string}"},"query-input":{"@type":"PropertyValueSpecification","valueRequired":true,"valueName":"search_term_string"}}],"inLanguage":"fr-FR"},{"@type":"Person","@id":"https:\/\/www.africa-press.net\/tchad\/#\/schema\/person\/2b1cf3cd81a31e3cd26889ca66d677f1","name":"cfeditorfr"}]}},"_links":{"self":[{"href":"https:\/\/www.africa-press.net\/tchad\/wp-json\/wp\/v2\/posts\/13417","targetHints":{"allow":["GET"]}}],"collection":[{"href":"https:\/\/www.africa-press.net\/tchad\/wp-json\/wp\/v2\/posts"}],"about":[{"href":"https:\/\/www.africa-press.net\/tchad\/wp-json\/wp\/v2\/types\/post"}],"author":[{"embeddable":true,"href":"https:\/\/www.africa-press.net\/tchad\/wp-json\/wp\/v2\/users\/82"}],"replies":[{"embeddable":true,"href":"https:\/\/www.africa-press.net\/tchad\/wp-json\/wp\/v2\/comments?post=13417"}],"version-history":[{"count":0,"href":"https:\/\/www.africa-press.net\/tchad\/wp-json\/wp\/v2\/posts\/13417\/revisions"}],"wp:featuredmedia":[{"embeddable":true,"href":"https:\/\/www.africa-press.net\/tchad\/wp-json\/wp\/v2\/media\/13416"}],"wp:attachment":[{"href":"https:\/\/www.africa-press.net\/tchad\/wp-json\/wp\/v2\/media?parent=13417"}],"wp:term":[{"taxonomy":"category","embeddable":true,"href":"https:\/\/www.africa-press.net\/tchad\/wp-json\/wp\/v2\/categories?post=13417"},{"taxonomy":"post_tag","embeddable":true,"href":"https:\/\/www.africa-press.net\/tchad\/wp-json\/wp\/v2\/tags?post=13417"}],"curies":[{"name":"wp","href":"https:\/\/api.w.org\/{rel}","templated":true}]}}