{"id":13425,"date":"2021-11-10T17:34:44","date_gmt":"2021-11-10T17:34:44","guid":{"rendered":"https:\/\/www.africa-press.net\/tchad\/politique\/ali-koloutou-tchaimi-devient-vice-president-du-parlement-de-la-cemac"},"modified":"2021-11-10T23:13:03","modified_gmt":"2021-11-10T23:13:03","slug":"ali-koloutou-tchaimi-devient-vice-president-du-parlement-de-la-cemac","status":"publish","type":"post","link":"https:\/\/www.africa-press.net\/tchad\/politique\/ali-koloutou-tchaimi-devient-vice-president-du-parlement-de-la-cemac","title":{"rendered":"Ali Koloutou Tcha\u00efmi devient vice-pr\u00e9sident du Parlement de la CEMAC"},"content":{"rendered":"<p><span style=\"color: #ff6600\"><strong>Africa-Press &#8211; Tchad. <\/strong><\/span>L&rsquo;ancien d\u00e9put\u00e9 et actuel conseiller au Conseil national de transition (CNT), Ali Koloutou Tcha\u00efmi, a \u00e9t\u00e9 d\u00e9sign\u00e9 ce 9 novembre 2021 en tant que vice-pr\u00e9sident du Parlement de la CEMAC.<\/p>\n<p>Mahamat Saleh Moussa, Felix Nialbe, Bomra Robert et Catia Djounfoune, membres du CNT, deviennent \u00e9galement d\u00e9put\u00e9s du Parlement de la CEMAC en remplacement de d\u00e9put\u00e9s sortants.<\/p>\n<p>\u00ab\u00a0Je suis tr\u00e8s \u00e9mu par les charges qui sont les miennes aujourd&rsquo;hui. Je voudrais remercier tr\u00e8s sinc\u00e8rement les hautes autorit\u00e9s de mon pays\u00a0\u00bb, a-t-il d\u00e9clar\u00e9. \u00ab\u00a0La mission est lourde.<\/p>\n<p>Nous avons besoin du soutien de tous les tchadiens\u00a0\u00bb, selon Ali Koloutou Tcha\u00efmi. Le Parlement de la CEMAC compte 30 d\u00e9put\u00e9s \u00e0 raison de cinq par \u00c9tat membre.<\/p>\n<p><strong>Pour plus d&rsquo;informations et d&rsquo;analyses sur la <a href=\"https:\/\/www.africa-press.net\/tchad\">Tchad<\/a>, suivez <a href=\"https:\/\/www.africa-press.net\/\">Africa-Press<\/a><\/strong><\/p>\n","protected":false},"excerpt":{"rendered":"<p>Africa-Press &#8211; Tchad. L&rsquo;ancien d\u00e9put\u00e9 et actuel conseiller au Conseil national de transition (CNT), Ali Koloutou Tcha\u00efmi, a \u00e9t\u00e9 d\u00e9sign\u00e9 ce 9 novembre 2021 en tant que vice-pr\u00e9sident du Parlement de la CEMAC. Mahamat Saleh Moussa, Felix Nialbe, Bomra Robert et Catia Djounfoune, membres du CNT, deviennent \u00e9galement d\u00e9put\u00e9s du Parlement de la CEMAC en [&hellip;]<\/p>\n","protected":false},"author":82,"featured_media":13424,"comment_status":"open","ping_status":"closed","sticky":false,"template":"","format":"standard","meta":{"footnotes":""},"categories":[11,2,10],"tags":[37,292,1235,1794,29],"class_list":["post-13425","post","type-post","status-publish","format-standard","has-post-thumbnail","hentry","category-homepage-french","category-politique","category-toutes-les-actualites","tag-africa-press","tag-africa-press-tchad","tag-cemac","tag-parlement","tag-tchad"],"yoast_head":"<!-- This site is optimized with the Yoast SEO Premium plugin v26.1 (Yoast SEO v27.0) - https:\/\/yoast.com\/product\/yoast-seo-premium-wordpress\/ -->\n<title>Ali Koloutou Tcha\u00efmi devient vice-pr\u00e9sident du Parlement de la CEMAC - tchad<\/title>\n<meta name=\"robots\" content=\"index, follow, max-snippet:-1, max-image-preview:large, max-video-preview:-1\" \/>\n<link rel=\"canonical\" href=\"https:\/\/www.africa-press.net\/tchad\/politique\/ali-koloutou-tchaimi-devient-vice-president-du-parlement-de-la-cemac\" \/>\n<meta property=\"og:locale\" content=\"fr_FR\" \/>\n<meta property=\"og:type\" content=\"article\" \/>\n<meta property=\"og:title\" content=\"Ali Koloutou Tcha\u00efmi devient vice-pr\u00e9sident du Parlement de la CEMAC\" \/>\n<meta property=\"og:description\" content=\"Africa-Press &#8211; Tchad. L&rsquo;ancien d\u00e9put\u00e9 et actuel conseiller au Conseil national de transition (CNT), Ali Koloutou Tcha\u00efmi, a \u00e9t\u00e9 d\u00e9sign\u00e9 ce 9 novembre 2021 en tant que vice-pr\u00e9sident du Parlement de la CEMAC. Mahamat Saleh Moussa, Felix Nialbe, Bomra Robert et Catia Djounfoune, membres du CNT, deviennent \u00e9galement d\u00e9put\u00e9s du Parlement de la CEMAC en [&hellip;]\" \/>\n<meta property=\"og:url\" content=\"https:\/\/www.africa-press.net\/tchad\/politique\/ali-koloutou-tchaimi-devient-vice-president-du-parlement-de-la-cemac\" \/>\n<meta property=\"og:site_name\" content=\"tchad\" \/>\n<meta property=\"article:published_time\" content=\"2021-11-10T17:34:44+00:00\" \/>\n<meta property=\"article:modified_time\" content=\"2021-11-10T23:13:03+00:00\" \/>\n<meta property=\"og:image\" content=\"https:\/\/static.africa-press.net\/tchad\/sites\/41\/2021\/11\/img-618c0914decb0.jpg\" \/>\n\t<meta property=\"og:image:width\" content=\"674\" \/>\n\t<meta property=\"og:image:height\" content=\"426\" \/>\n\t<meta property=\"og:image:type\" content=\"image\/jpeg\" \/>\n<meta name=\"author\" content=\"cfeditorfr\" \/>\n<meta name=\"twitter:card\" content=\"summary_large_image\" \/>\n<meta name=\"twitter:label1\" content=\"\u00c9crit par\" \/>\n\t<meta name=\"twitter:data1\" content=\"cfeditorfr\" \/>\n\t<meta name=\"twitter:label2\" content=\"Dur\u00e9e de lecture estim\u00e9e\" \/>\n\t<meta name=\"twitter:data2\" content=\"1 minute\" \/>\n<script type=\"application\/ld+json\" class=\"yoast-schema-graph\">{\"@context\":\"https:\/\/schema.org\",\"@graph\":[{\"@type\":\"Article\",\"@id\":\"https:\/\/www.africa-press.net\/tchad\/politique\/ali-koloutou-tchaimi-devient-vice-president-du-parlement-de-la-cemac#article\",\"isPartOf\":{\"@id\":\"https:\/\/www.africa-press.net\/tchad\/politique\/ali-koloutou-tchaimi-devient-vice-president-du-parlement-de-la-cemac\"},\"author\":{\"name\":\"cfeditorfr\",\"@id\":\"https:\/\/www.africa-press.net\/tchad\/#\/schema\/person\/2b1cf3cd81a31e3cd26889ca66d677f1\"},\"headline\":\"Ali Koloutou Tcha\u00efmi devient vice-pr\u00e9sident du Parlement de la CEMAC\",\"datePublished\":\"2021-11-10T17:34:44+00:00\",\"dateModified\":\"2021-11-10T23:13:03+00:00\",\"mainEntityOfPage\":{\"@id\":\"https:\/\/www.africa-press.net\/tchad\/politique\/ali-koloutou-tchaimi-devient-vice-president-du-parlement-de-la-cemac\"},\"wordCount\":154,\"commentCount\":0,\"image\":{\"@id\":\"https:\/\/www.africa-press.net\/tchad\/politique\/ali-koloutou-tchaimi-devient-vice-president-du-parlement-de-la-cemac#primaryimage\"},\"thumbnailUrl\":\"https:\/\/static.africa-press.net\/tchad\/sites\/41\/2021\/11\/img-618c0914decb0.jpg\",\"keywords\":[\"Africa Press\",\"Africa Press-Tchad\",\"Cemac\",\"parlement\",\"Tchad\"],\"articleSection\":[\"homepage-french\",\"Politique\",\"Toutes les actualit\u00e9s\"],\"inLanguage\":\"fr-FR\",\"potentialAction\":[{\"@type\":\"CommentAction\",\"name\":\"Comment\",\"target\":[\"https:\/\/www.africa-press.net\/tchad\/politique\/ali-koloutou-tchaimi-devient-vice-president-du-parlement-de-la-cemac#respond\"]}]},{\"@type\":\"WebPage\",\"@id\":\"https:\/\/www.africa-press.net\/tchad\/politique\/ali-koloutou-tchaimi-devient-vice-president-du-parlement-de-la-cemac\",\"url\":\"https:\/\/www.africa-press.net\/tchad\/politique\/ali-koloutou-tchaimi-devient-vice-president-du-parlement-de-la-cemac\",\"name\":\"Ali Koloutou Tcha\u00efmi devient vice-pr\u00e9sident du Parlement de la CEMAC - tchad\",\"isPartOf\":{\"@id\":\"https:\/\/www.africa-press.net\/tchad\/#website\"},\"primaryImageOfPage\":{\"@id\":\"https:\/\/www.africa-press.net\/tchad\/politique\/ali-koloutou-tchaimi-devient-vice-president-du-parlement-de-la-cemac#primaryimage\"},\"image\":{\"@id\":\"https:\/\/www.africa-press.net\/tchad\/politique\/ali-koloutou-tchaimi-devient-vice-president-du-parlement-de-la-cemac#primaryimage\"},\"thumbnailUrl\":\"https:\/\/static.africa-press.net\/tchad\/sites\/41\/2021\/11\/img-618c0914decb0.jpg\",\"datePublished\":\"2021-11-10T17:34:44+00:00\",\"dateModified\":\"2021-11-10T23:13:03+00:00\",\"author\":{\"@id\":\"https:\/\/www.africa-press.net\/tchad\/#\/schema\/person\/2b1cf3cd81a31e3cd26889ca66d677f1\"},\"breadcrumb\":{\"@id\":\"https:\/\/www.africa-press.net\/tchad\/politique\/ali-koloutou-tchaimi-devient-vice-president-du-parlement-de-la-cemac#breadcrumb\"},\"inLanguage\":\"fr-FR\",\"potentialAction\":[{\"@type\":\"ReadAction\",\"target\":[\"https:\/\/www.africa-press.net\/tchad\/politique\/ali-koloutou-tchaimi-devient-vice-president-du-parlement-de-la-cemac\"]}]},{\"@type\":\"ImageObject\",\"inLanguage\":\"fr-FR\",\"@id\":\"https:\/\/www.africa-press.net\/tchad\/politique\/ali-koloutou-tchaimi-devient-vice-president-du-parlement-de-la-cemac#primaryimage\",\"url\":\"https:\/\/static.africa-press.net\/tchad\/sites\/41\/2021\/11\/img-618c0914decb0.jpg\",\"contentUrl\":\"https:\/\/static.africa-press.net\/tchad\/sites\/41\/2021\/11\/img-618c0914decb0.jpg\",\"width\":674,\"height\":426,\"caption\":\"Ali Koloutou Tcha\u00efmi devient vice-pr\u00e9sident du Parlement de la CEMAC\"},{\"@type\":\"BreadcrumbList\",\"@id\":\"https:\/\/www.africa-press.net\/tchad\/politique\/ali-koloutou-tchaimi-devient-vice-president-du-parlement-de-la-cemac#breadcrumb\",\"itemListElement\":[{\"@type\":\"ListItem\",\"position\":1,\"name\":\"Accueil\",\"item\":\"https:\/\/www.africa-press.net\/tchad\/\"},{\"@type\":\"ListItem\",\"position\":2,\"name\":\"Ali Koloutou Tcha\u00efmi devient vice-pr\u00e9sident du Parlement de la CEMAC\"}]},{\"@type\":\"WebSite\",\"@id\":\"https:\/\/www.africa-press.net\/tchad\/#website\",\"url\":\"https:\/\/www.africa-press.net\/tchad\/\",\"name\":\"tchad\",\"description\":\"Just another Africa News Agency Sites site\",\"potentialAction\":[{\"@type\":\"SearchAction\",\"target\":{\"@type\":\"EntryPoint\",\"urlTemplate\":\"https:\/\/www.africa-press.net\/tchad\/?s={search_term_string}\"},\"query-input\":{\"@type\":\"PropertyValueSpecification\",\"valueRequired\":true,\"valueName\":\"search_term_string\"}}],\"inLanguage\":\"fr-FR\"},{\"@type\":\"Person\",\"@id\":\"https:\/\/www.africa-press.net\/tchad\/#\/schema\/person\/2b1cf3cd81a31e3cd26889ca66d677f1\",\"name\":\"cfeditorfr\"}]}<\/script>\n<!-- \/ Yoast SEO Premium plugin. -->","yoast_head_json":{"title":"Ali Koloutou Tcha\u00efmi devient vice-pr\u00e9sident du Parlement de la CEMAC - tchad","robots":{"index":"index","follow":"follow","max-snippet":"max-snippet:-1","max-image-preview":"max-image-preview:large","max-video-preview":"max-video-preview:-1"},"canonical":"https:\/\/www.africa-press.net\/tchad\/politique\/ali-koloutou-tchaimi-devient-vice-president-du-parlement-de-la-cemac","og_locale":"fr_FR","og_type":"article","og_title":"Ali Koloutou Tcha\u00efmi devient vice-pr\u00e9sident du Parlement de la CEMAC","og_description":"Africa-Press &#8211; Tchad. L&rsquo;ancien d\u00e9put\u00e9 et actuel conseiller au Conseil national de transition (CNT), Ali Koloutou Tcha\u00efmi, a \u00e9t\u00e9 d\u00e9sign\u00e9 ce 9 novembre 2021 en tant que vice-pr\u00e9sident du Parlement de la CEMAC. Mahamat Saleh Moussa, Felix Nialbe, Bomra Robert et Catia Djounfoune, membres du CNT, deviennent \u00e9galement d\u00e9put\u00e9s du Parlement de la CEMAC en [&hellip;]","og_url":"https:\/\/www.africa-press.net\/tchad\/politique\/ali-koloutou-tchaimi-devient-vice-president-du-parlement-de-la-cemac","og_site_name":"tchad","article_published_time":"2021-11-10T17:34:44+00:00","article_modified_time":"2021-11-10T23:13:03+00:00","og_image":[{"width":674,"height":426,"url":"https:\/\/static.africa-press.net\/tchad\/sites\/41\/2021\/11\/img-618c0914decb0.jpg","type":"image\/jpeg"}],"author":"cfeditorfr","twitter_card":"summary_large_image","twitter_misc":{"\u00c9crit par":"cfeditorfr","Dur\u00e9e de lecture estim\u00e9e":"1 minute"},"schema":{"@context":"https:\/\/schema.org","@graph":[{"@type":"Article","@id":"https:\/\/www.africa-press.net\/tchad\/politique\/ali-koloutou-tchaimi-devient-vice-president-du-parlement-de-la-cemac#article","isPartOf":{"@id":"https:\/\/www.africa-press.net\/tchad\/politique\/ali-koloutou-tchaimi-devient-vice-president-du-parlement-de-la-cemac"},"author":{"name":"cfeditorfr","@id":"https:\/\/www.africa-press.net\/tchad\/#\/schema\/person\/2b1cf3cd81a31e3cd26889ca66d677f1"},"headline":"Ali Koloutou Tcha\u00efmi devient vice-pr\u00e9sident du Parlement de la CEMAC","datePublished":"2021-11-10T17:34:44+00:00","dateModified":"2021-11-10T23:13:03+00:00","mainEntityOfPage":{"@id":"https:\/\/www.africa-press.net\/tchad\/politique\/ali-koloutou-tchaimi-devient-vice-president-du-parlement-de-la-cemac"},"wordCount":154,"commentCount":0,"image":{"@id":"https:\/\/www.africa-press.net\/tchad\/politique\/ali-koloutou-tchaimi-devient-vice-president-du-parlement-de-la-cemac#primaryimage"},"thumbnailUrl":"https:\/\/static.africa-press.net\/tchad\/sites\/41\/2021\/11\/img-618c0914decb0.jpg","keywords":["Africa Press","Africa Press-Tchad","Cemac","parlement","Tchad"],"articleSection":["homepage-french","Politique","Toutes les actualit\u00e9s"],"inLanguage":"fr-FR","potentialAction":[{"@type":"CommentAction","name":"Comment","target":["https:\/\/www.africa-press.net\/tchad\/politique\/ali-koloutou-tchaimi-devient-vice-president-du-parlement-de-la-cemac#respond"]}]},{"@type":"WebPage","@id":"https:\/\/www.africa-press.net\/tchad\/politique\/ali-koloutou-tchaimi-devient-vice-president-du-parlement-de-la-cemac","url":"https:\/\/www.africa-press.net\/tchad\/politique\/ali-koloutou-tchaimi-devient-vice-president-du-parlement-de-la-cemac","name":"Ali Koloutou Tcha\u00efmi devient vice-pr\u00e9sident du Parlement de la CEMAC - tchad","isPartOf":{"@id":"https:\/\/www.africa-press.net\/tchad\/#website"},"primaryImageOfPage":{"@id":"https:\/\/www.africa-press.net\/tchad\/politique\/ali-koloutou-tchaimi-devient-vice-president-du-parlement-de-la-cemac#primaryimage"},"image":{"@id":"https:\/\/www.africa-press.net\/tchad\/politique\/ali-koloutou-tchaimi-devient-vice-president-du-parlement-de-la-cemac#primaryimage"},"thumbnailUrl":"https:\/\/static.africa-press.net\/tchad\/sites\/41\/2021\/11\/img-618c0914decb0.jpg","datePublished":"2021-11-10T17:34:44+00:00","dateModified":"2021-11-10T23:13:03+00:00","author":{"@id":"https:\/\/www.africa-press.net\/tchad\/#\/schema\/person\/2b1cf3cd81a31e3cd26889ca66d677f1"},"breadcrumb":{"@id":"https:\/\/www.africa-press.net\/tchad\/politique\/ali-koloutou-tchaimi-devient-vice-president-du-parlement-de-la-cemac#breadcrumb"},"inLanguage":"fr-FR","potentialAction":[{"@type":"ReadAction","target":["https:\/\/www.africa-press.net\/tchad\/politique\/ali-koloutou-tchaimi-devient-vice-president-du-parlement-de-la-cemac"]}]},{"@type":"ImageObject","inLanguage":"fr-FR","@id":"https:\/\/www.africa-press.net\/tchad\/politique\/ali-koloutou-tchaimi-devient-vice-president-du-parlement-de-la-cemac#primaryimage","url":"https:\/\/static.africa-press.net\/tchad\/sites\/41\/2021\/11\/img-618c0914decb0.jpg","contentUrl":"https:\/\/static.africa-press.net\/tchad\/sites\/41\/2021\/11\/img-618c0914decb0.jpg","width":674,"height":426,"caption":"Ali Koloutou Tcha\u00efmi devient vice-pr\u00e9sident du Parlement de la CEMAC"},{"@type":"BreadcrumbList","@id":"https:\/\/www.africa-press.net\/tchad\/politique\/ali-koloutou-tchaimi-devient-vice-president-du-parlement-de-la-cemac#breadcrumb","itemListElement":[{"@type":"ListItem","position":1,"name":"Accueil","item":"https:\/\/www.africa-press.net\/tchad\/"},{"@type":"ListItem","position":2,"name":"Ali Koloutou Tcha\u00efmi devient vice-pr\u00e9sident du Parlement de la CEMAC"}]},{"@type":"WebSite","@id":"https:\/\/www.africa-press.net\/tchad\/#website","url":"https:\/\/www.africa-press.net\/tchad\/","name":"tchad","description":"Just another Africa News Agency Sites site","potentialAction":[{"@type":"SearchAction","target":{"@type":"EntryPoint","urlTemplate":"https:\/\/www.africa-press.net\/tchad\/?s={search_term_string}"},"query-input":{"@type":"PropertyValueSpecification","valueRequired":true,"valueName":"search_term_string"}}],"inLanguage":"fr-FR"},{"@type":"Person","@id":"https:\/\/www.africa-press.net\/tchad\/#\/schema\/person\/2b1cf3cd81a31e3cd26889ca66d677f1","name":"cfeditorfr"}]}},"_links":{"self":[{"href":"https:\/\/www.africa-press.net\/tchad\/wp-json\/wp\/v2\/posts\/13425","targetHints":{"allow":["GET"]}}],"collection":[{"href":"https:\/\/www.africa-press.net\/tchad\/wp-json\/wp\/v2\/posts"}],"about":[{"href":"https:\/\/www.africa-press.net\/tchad\/wp-json\/wp\/v2\/types\/post"}],"author":[{"embeddable":true,"href":"https:\/\/www.africa-press.net\/tchad\/wp-json\/wp\/v2\/users\/82"}],"replies":[{"embeddable":true,"href":"https:\/\/www.africa-press.net\/tchad\/wp-json\/wp\/v2\/comments?post=13425"}],"version-history":[{"count":0,"href":"https:\/\/www.africa-press.net\/tchad\/wp-json\/wp\/v2\/posts\/13425\/revisions"}],"wp:featuredmedia":[{"embeddable":true,"href":"https:\/\/www.africa-press.net\/tchad\/wp-json\/wp\/v2\/media\/13424"}],"wp:attachment":[{"href":"https:\/\/www.africa-press.net\/tchad\/wp-json\/wp\/v2\/media?parent=13425"}],"wp:term":[{"taxonomy":"category","embeddable":true,"href":"https:\/\/www.africa-press.net\/tchad\/wp-json\/wp\/v2\/categories?post=13425"},{"taxonomy":"post_tag","embeddable":true,"href":"https:\/\/www.africa-press.net\/tchad\/wp-json\/wp\/v2\/tags?post=13425"}],"curies":[{"name":"wp","href":"https:\/\/api.w.org\/{rel}","templated":true}]}}