{"id":13522,"date":"2021-11-11T17:49:07","date_gmt":"2021-11-11T17:49:07","guid":{"rendered":"https:\/\/www.africa-press.net\/tchad\/politique\/une-rencontre-a-paris-entre-mahamat-idriss-deby-et-abakar-manany"},"modified":"2021-11-11T18:06:30","modified_gmt":"2021-11-11T18:06:30","slug":"une-rencontre-a-paris-entre-mahamat-idriss-deby-et-abakar-manany","status":"publish","type":"post","link":"https:\/\/www.africa-press.net\/tchad\/politique\/une-rencontre-a-paris-entre-mahamat-idriss-deby-et-abakar-manany","title":{"rendered":"Une rencontre \u00e0 Paris entre Mahamat Idriss Deby et Abakar Manany"},"content":{"rendered":"<p><span style=\"color: #ff6600\"><strong>Africa-Press &#8211; Tchad. <\/strong><\/span>Le pr\u00e9sident du Conseil militaire de transition (CMT), Mahamat Idriss Deby, s&rsquo;est entretenu ce 11 novembre \u00e0 Paris avec Abakar Manany, chef de l&rsquo;entreprise Amjet Executive SA et opposant politique.<\/p>\n<p>Ils ont discut\u00e9 de l&rsquo;avenir du Tchad. \u00ab\u00a0Le r\u00e9alisme politique a ses r\u00e8gles. La transition doit se concr\u00e9tiser par un dialogue qui saura f\u00e9d\u00e9rer tous les fils et filles du Tchad dans le cadre de la transition, et au-del\u00e0\u00a0\u00bb, a d\u00e9clar\u00e9 Abakar Manany sur son compte Twitter.<\/p>\n<p>Ex-diplomate et conseiller sp\u00e9cial du d\u00e9funt Mar\u00e9chal du Tchad, le pilote de ligne form\u00e9 \u00e0 Dallas et \u00e0 Forth Worth (Texas) a pris ses distances en 2008 avec Idriss Deby Itno. Le pr\u00e9sident du CMT est arriv\u00e9 le 10 novembre \u00e0 Paris o\u00f9 il prend part \u00e0 un Forum sur la paix et \u00e0 la Conf\u00e9rence internationale sur la Libye.<\/p>\n<p><strong>Pour plus d&rsquo;informations et d&rsquo;analyses sur la <a href=\"https:\/\/www.africa-press.net\/tchad\">Tchad<\/a>, suivez <a href=\"https:\/\/www.africa-press.net\/\">Africa-Press<\/a><\/strong><\/p>\n","protected":false},"excerpt":{"rendered":"<p>Africa-Press &#8211; Tchad. Le pr\u00e9sident du Conseil militaire de transition (CMT), Mahamat Idriss Deby, s&rsquo;est entretenu ce 11 novembre \u00e0 Paris avec Abakar Manany, chef de l&rsquo;entreprise Amjet Executive SA et opposant politique. Ils ont discut\u00e9 de l&rsquo;avenir du Tchad. \u00ab\u00a0Le r\u00e9alisme politique a ses r\u00e8gles. La transition doit se concr\u00e9tiser par un dialogue qui [&hellip;]<\/p>\n","protected":false},"author":82,"featured_media":13521,"comment_status":"open","ping_status":"closed","sticky":false,"template":"","format":"standard","meta":{"footnotes":""},"categories":[11,2,20,10],"tags":[2433,37,292,703,29],"class_list":["post-13522","post","type-post","status-publish","format-standard","has-post-thumbnail","hentry","category-homepage-french","category-politique","category-top-nouvelles","category-toutes-les-actualites","tag-abakar-manany","tag-africa-press","tag-africa-press-tchad","tag-mahamat-idriss-deby","tag-tchad"],"yoast_head":"<!-- This site is optimized with the Yoast SEO Premium plugin v26.1 (Yoast SEO v27.0) - https:\/\/yoast.com\/product\/yoast-seo-premium-wordpress\/ -->\n<title>Une rencontre \u00e0 Paris entre Mahamat Idriss Deby et Abakar Manany - tchad<\/title>\n<meta name=\"description\" content=\"Le pr\u00e9sident du Conseil militaire de transition (CMT), Mahamat Idriss Deby, s&#039;est entretenu ce 11 novembre \u00e0 Paris avec ...\" \/>\n<meta name=\"robots\" content=\"index, follow, max-snippet:-1, max-image-preview:large, max-video-preview:-1\" \/>\n<link rel=\"canonical\" href=\"https:\/\/www.africa-press.net\/tchad\/politique\/une-rencontre-a-paris-entre-mahamat-idriss-deby-et-abakar-manany\" \/>\n<meta property=\"og:locale\" content=\"fr_FR\" \/>\n<meta property=\"og:type\" content=\"article\" \/>\n<meta property=\"og:title\" content=\"Une rencontre \u00e0 Paris entre Mahamat Idriss Deby et Abakar Manany\" \/>\n<meta property=\"og:description\" content=\"Le pr\u00e9sident du Conseil militaire de transition (CMT), Mahamat Idriss Deby, s&#039;est entretenu ce 11 novembre \u00e0 Paris avec ...\" \/>\n<meta property=\"og:url\" content=\"https:\/\/www.africa-press.net\/tchad\/politique\/une-rencontre-a-paris-entre-mahamat-idriss-deby-et-abakar-manany\" \/>\n<meta property=\"og:site_name\" content=\"tchad\" \/>\n<meta property=\"article:published_time\" content=\"2021-11-11T17:49:07+00:00\" \/>\n<meta property=\"article:modified_time\" content=\"2021-11-11T18:06:30+00:00\" \/>\n<meta property=\"og:image\" content=\"https:\/\/static.africa-press.net\/tchad\/sites\/41\/2021\/11\/img-618d5b7f6ce36.jpg\" \/>\n\t<meta property=\"og:image:width\" content=\"818\" \/>\n\t<meta property=\"og:image:height\" content=\"597\" \/>\n\t<meta property=\"og:image:type\" content=\"image\/jpeg\" \/>\n<meta name=\"author\" content=\"cfeditorfr\" \/>\n<meta name=\"twitter:card\" content=\"summary_large_image\" \/>\n<meta name=\"twitter:label1\" content=\"\u00c9crit par\" \/>\n\t<meta name=\"twitter:data1\" content=\"cfeditorfr\" \/>\n\t<meta name=\"twitter:label2\" content=\"Dur\u00e9e de lecture estim\u00e9e\" \/>\n\t<meta name=\"twitter:data2\" content=\"1 minute\" \/>\n<script type=\"application\/ld+json\" class=\"yoast-schema-graph\">{\"@context\":\"https:\/\/schema.org\",\"@graph\":[{\"@type\":\"Article\",\"@id\":\"https:\/\/www.africa-press.net\/tchad\/politique\/une-rencontre-a-paris-entre-mahamat-idriss-deby-et-abakar-manany#article\",\"isPartOf\":{\"@id\":\"https:\/\/www.africa-press.net\/tchad\/politique\/une-rencontre-a-paris-entre-mahamat-idriss-deby-et-abakar-manany\"},\"author\":{\"name\":\"cfeditorfr\",\"@id\":\"https:\/\/www.africa-press.net\/tchad\/#\/schema\/person\/2b1cf3cd81a31e3cd26889ca66d677f1\"},\"headline\":\"Une rencontre \u00e0 Paris entre Mahamat Idriss Deby et Abakar Manany\",\"datePublished\":\"2021-11-11T17:49:07+00:00\",\"dateModified\":\"2021-11-11T18:06:30+00:00\",\"mainEntityOfPage\":{\"@id\":\"https:\/\/www.africa-press.net\/tchad\/politique\/une-rencontre-a-paris-entre-mahamat-idriss-deby-et-abakar-manany\"},\"wordCount\":168,\"commentCount\":0,\"image\":{\"@id\":\"https:\/\/www.africa-press.net\/tchad\/politique\/une-rencontre-a-paris-entre-mahamat-idriss-deby-et-abakar-manany#primaryimage\"},\"thumbnailUrl\":\"https:\/\/static.africa-press.net\/tchad\/sites\/41\/2021\/11\/img-618d5b7f6ce36.jpg\",\"keywords\":[\"Abakar Manany\",\"Africa Press\",\"Africa Press-Tchad\",\"Mahamat Idriss D\u00e9by\",\"Tchad\"],\"articleSection\":[\"homepage-french\",\"Politique\",\"Top Nouvelles\",\"Toutes les actualit\u00e9s\"],\"inLanguage\":\"fr-FR\",\"potentialAction\":[{\"@type\":\"CommentAction\",\"name\":\"Comment\",\"target\":[\"https:\/\/www.africa-press.net\/tchad\/politique\/une-rencontre-a-paris-entre-mahamat-idriss-deby-et-abakar-manany#respond\"]}]},{\"@type\":\"WebPage\",\"@id\":\"https:\/\/www.africa-press.net\/tchad\/politique\/une-rencontre-a-paris-entre-mahamat-idriss-deby-et-abakar-manany\",\"url\":\"https:\/\/www.africa-press.net\/tchad\/politique\/une-rencontre-a-paris-entre-mahamat-idriss-deby-et-abakar-manany\",\"name\":\"Une rencontre \u00e0 Paris entre Mahamat Idriss Deby et Abakar Manany - tchad\",\"isPartOf\":{\"@id\":\"https:\/\/www.africa-press.net\/tchad\/#website\"},\"primaryImageOfPage\":{\"@id\":\"https:\/\/www.africa-press.net\/tchad\/politique\/une-rencontre-a-paris-entre-mahamat-idriss-deby-et-abakar-manany#primaryimage\"},\"image\":{\"@id\":\"https:\/\/www.africa-press.net\/tchad\/politique\/une-rencontre-a-paris-entre-mahamat-idriss-deby-et-abakar-manany#primaryimage\"},\"thumbnailUrl\":\"https:\/\/static.africa-press.net\/tchad\/sites\/41\/2021\/11\/img-618d5b7f6ce36.jpg\",\"datePublished\":\"2021-11-11T17:49:07+00:00\",\"dateModified\":\"2021-11-11T18:06:30+00:00\",\"author\":{\"@id\":\"https:\/\/www.africa-press.net\/tchad\/#\/schema\/person\/2b1cf3cd81a31e3cd26889ca66d677f1\"},\"description\":\"Le pr\u00e9sident du Conseil militaire de transition (CMT), Mahamat Idriss Deby, s'est entretenu ce 11 novembre \u00e0 Paris avec ...\",\"breadcrumb\":{\"@id\":\"https:\/\/www.africa-press.net\/tchad\/politique\/une-rencontre-a-paris-entre-mahamat-idriss-deby-et-abakar-manany#breadcrumb\"},\"inLanguage\":\"fr-FR\",\"potentialAction\":[{\"@type\":\"ReadAction\",\"target\":[\"https:\/\/www.africa-press.net\/tchad\/politique\/une-rencontre-a-paris-entre-mahamat-idriss-deby-et-abakar-manany\"]}]},{\"@type\":\"ImageObject\",\"inLanguage\":\"fr-FR\",\"@id\":\"https:\/\/www.africa-press.net\/tchad\/politique\/une-rencontre-a-paris-entre-mahamat-idriss-deby-et-abakar-manany#primaryimage\",\"url\":\"https:\/\/static.africa-press.net\/tchad\/sites\/41\/2021\/11\/img-618d5b7f6ce36.jpg\",\"contentUrl\":\"https:\/\/static.africa-press.net\/tchad\/sites\/41\/2021\/11\/img-618d5b7f6ce36.jpg\",\"width\":818,\"height\":597,\"caption\":\"Une rencontre \u00e0 Paris entre Mahamat Idriss Deby et Abakar Manany\"},{\"@type\":\"BreadcrumbList\",\"@id\":\"https:\/\/www.africa-press.net\/tchad\/politique\/une-rencontre-a-paris-entre-mahamat-idriss-deby-et-abakar-manany#breadcrumb\",\"itemListElement\":[{\"@type\":\"ListItem\",\"position\":1,\"name\":\"Accueil\",\"item\":\"https:\/\/www.africa-press.net\/tchad\/\"},{\"@type\":\"ListItem\",\"position\":2,\"name\":\"Une rencontre \u00e0 Paris entre Mahamat Idriss Deby et Abakar Manany\"}]},{\"@type\":\"WebSite\",\"@id\":\"https:\/\/www.africa-press.net\/tchad\/#website\",\"url\":\"https:\/\/www.africa-press.net\/tchad\/\",\"name\":\"tchad\",\"description\":\"Just another Africa News Agency Sites site\",\"potentialAction\":[{\"@type\":\"SearchAction\",\"target\":{\"@type\":\"EntryPoint\",\"urlTemplate\":\"https:\/\/www.africa-press.net\/tchad\/?s={search_term_string}\"},\"query-input\":{\"@type\":\"PropertyValueSpecification\",\"valueRequired\":true,\"valueName\":\"search_term_string\"}}],\"inLanguage\":\"fr-FR\"},{\"@type\":\"Person\",\"@id\":\"https:\/\/www.africa-press.net\/tchad\/#\/schema\/person\/2b1cf3cd81a31e3cd26889ca66d677f1\",\"name\":\"cfeditorfr\"}]}<\/script>\n<!-- \/ Yoast SEO Premium plugin. -->","yoast_head_json":{"title":"Une rencontre \u00e0 Paris entre Mahamat Idriss Deby et Abakar Manany - tchad","description":"Le pr\u00e9sident du Conseil militaire de transition (CMT), Mahamat Idriss Deby, s'est entretenu ce 11 novembre \u00e0 Paris avec ...","robots":{"index":"index","follow":"follow","max-snippet":"max-snippet:-1","max-image-preview":"max-image-preview:large","max-video-preview":"max-video-preview:-1"},"canonical":"https:\/\/www.africa-press.net\/tchad\/politique\/une-rencontre-a-paris-entre-mahamat-idriss-deby-et-abakar-manany","og_locale":"fr_FR","og_type":"article","og_title":"Une rencontre \u00e0 Paris entre Mahamat Idriss Deby et Abakar Manany","og_description":"Le pr\u00e9sident du Conseil militaire de transition (CMT), Mahamat Idriss Deby, s'est entretenu ce 11 novembre \u00e0 Paris avec ...","og_url":"https:\/\/www.africa-press.net\/tchad\/politique\/une-rencontre-a-paris-entre-mahamat-idriss-deby-et-abakar-manany","og_site_name":"tchad","article_published_time":"2021-11-11T17:49:07+00:00","article_modified_time":"2021-11-11T18:06:30+00:00","og_image":[{"width":818,"height":597,"url":"https:\/\/static.africa-press.net\/tchad\/sites\/41\/2021\/11\/img-618d5b7f6ce36.jpg","type":"image\/jpeg"}],"author":"cfeditorfr","twitter_card":"summary_large_image","twitter_misc":{"\u00c9crit par":"cfeditorfr","Dur\u00e9e de lecture estim\u00e9e":"1 minute"},"schema":{"@context":"https:\/\/schema.org","@graph":[{"@type":"Article","@id":"https:\/\/www.africa-press.net\/tchad\/politique\/une-rencontre-a-paris-entre-mahamat-idriss-deby-et-abakar-manany#article","isPartOf":{"@id":"https:\/\/www.africa-press.net\/tchad\/politique\/une-rencontre-a-paris-entre-mahamat-idriss-deby-et-abakar-manany"},"author":{"name":"cfeditorfr","@id":"https:\/\/www.africa-press.net\/tchad\/#\/schema\/person\/2b1cf3cd81a31e3cd26889ca66d677f1"},"headline":"Une rencontre \u00e0 Paris entre Mahamat Idriss Deby et Abakar Manany","datePublished":"2021-11-11T17:49:07+00:00","dateModified":"2021-11-11T18:06:30+00:00","mainEntityOfPage":{"@id":"https:\/\/www.africa-press.net\/tchad\/politique\/une-rencontre-a-paris-entre-mahamat-idriss-deby-et-abakar-manany"},"wordCount":168,"commentCount":0,"image":{"@id":"https:\/\/www.africa-press.net\/tchad\/politique\/une-rencontre-a-paris-entre-mahamat-idriss-deby-et-abakar-manany#primaryimage"},"thumbnailUrl":"https:\/\/static.africa-press.net\/tchad\/sites\/41\/2021\/11\/img-618d5b7f6ce36.jpg","keywords":["Abakar Manany","Africa Press","Africa Press-Tchad","Mahamat Idriss D\u00e9by","Tchad"],"articleSection":["homepage-french","Politique","Top Nouvelles","Toutes les actualit\u00e9s"],"inLanguage":"fr-FR","potentialAction":[{"@type":"CommentAction","name":"Comment","target":["https:\/\/www.africa-press.net\/tchad\/politique\/une-rencontre-a-paris-entre-mahamat-idriss-deby-et-abakar-manany#respond"]}]},{"@type":"WebPage","@id":"https:\/\/www.africa-press.net\/tchad\/politique\/une-rencontre-a-paris-entre-mahamat-idriss-deby-et-abakar-manany","url":"https:\/\/www.africa-press.net\/tchad\/politique\/une-rencontre-a-paris-entre-mahamat-idriss-deby-et-abakar-manany","name":"Une rencontre \u00e0 Paris entre Mahamat Idriss Deby et Abakar Manany - tchad","isPartOf":{"@id":"https:\/\/www.africa-press.net\/tchad\/#website"},"primaryImageOfPage":{"@id":"https:\/\/www.africa-press.net\/tchad\/politique\/une-rencontre-a-paris-entre-mahamat-idriss-deby-et-abakar-manany#primaryimage"},"image":{"@id":"https:\/\/www.africa-press.net\/tchad\/politique\/une-rencontre-a-paris-entre-mahamat-idriss-deby-et-abakar-manany#primaryimage"},"thumbnailUrl":"https:\/\/static.africa-press.net\/tchad\/sites\/41\/2021\/11\/img-618d5b7f6ce36.jpg","datePublished":"2021-11-11T17:49:07+00:00","dateModified":"2021-11-11T18:06:30+00:00","author":{"@id":"https:\/\/www.africa-press.net\/tchad\/#\/schema\/person\/2b1cf3cd81a31e3cd26889ca66d677f1"},"description":"Le pr\u00e9sident du Conseil militaire de transition (CMT), Mahamat Idriss Deby, s'est entretenu ce 11 novembre \u00e0 Paris avec ...","breadcrumb":{"@id":"https:\/\/www.africa-press.net\/tchad\/politique\/une-rencontre-a-paris-entre-mahamat-idriss-deby-et-abakar-manany#breadcrumb"},"inLanguage":"fr-FR","potentialAction":[{"@type":"ReadAction","target":["https:\/\/www.africa-press.net\/tchad\/politique\/une-rencontre-a-paris-entre-mahamat-idriss-deby-et-abakar-manany"]}]},{"@type":"ImageObject","inLanguage":"fr-FR","@id":"https:\/\/www.africa-press.net\/tchad\/politique\/une-rencontre-a-paris-entre-mahamat-idriss-deby-et-abakar-manany#primaryimage","url":"https:\/\/static.africa-press.net\/tchad\/sites\/41\/2021\/11\/img-618d5b7f6ce36.jpg","contentUrl":"https:\/\/static.africa-press.net\/tchad\/sites\/41\/2021\/11\/img-618d5b7f6ce36.jpg","width":818,"height":597,"caption":"Une rencontre \u00e0 Paris entre Mahamat Idriss Deby et Abakar Manany"},{"@type":"BreadcrumbList","@id":"https:\/\/www.africa-press.net\/tchad\/politique\/une-rencontre-a-paris-entre-mahamat-idriss-deby-et-abakar-manany#breadcrumb","itemListElement":[{"@type":"ListItem","position":1,"name":"Accueil","item":"https:\/\/www.africa-press.net\/tchad\/"},{"@type":"ListItem","position":2,"name":"Une rencontre \u00e0 Paris entre Mahamat Idriss Deby et Abakar Manany"}]},{"@type":"WebSite","@id":"https:\/\/www.africa-press.net\/tchad\/#website","url":"https:\/\/www.africa-press.net\/tchad\/","name":"tchad","description":"Just another Africa News Agency Sites site","potentialAction":[{"@type":"SearchAction","target":{"@type":"EntryPoint","urlTemplate":"https:\/\/www.africa-press.net\/tchad\/?s={search_term_string}"},"query-input":{"@type":"PropertyValueSpecification","valueRequired":true,"valueName":"search_term_string"}}],"inLanguage":"fr-FR"},{"@type":"Person","@id":"https:\/\/www.africa-press.net\/tchad\/#\/schema\/person\/2b1cf3cd81a31e3cd26889ca66d677f1","name":"cfeditorfr"}]}},"_links":{"self":[{"href":"https:\/\/www.africa-press.net\/tchad\/wp-json\/wp\/v2\/posts\/13522","targetHints":{"allow":["GET"]}}],"collection":[{"href":"https:\/\/www.africa-press.net\/tchad\/wp-json\/wp\/v2\/posts"}],"about":[{"href":"https:\/\/www.africa-press.net\/tchad\/wp-json\/wp\/v2\/types\/post"}],"author":[{"embeddable":true,"href":"https:\/\/www.africa-press.net\/tchad\/wp-json\/wp\/v2\/users\/82"}],"replies":[{"embeddable":true,"href":"https:\/\/www.africa-press.net\/tchad\/wp-json\/wp\/v2\/comments?post=13522"}],"version-history":[{"count":0,"href":"https:\/\/www.africa-press.net\/tchad\/wp-json\/wp\/v2\/posts\/13522\/revisions"}],"wp:featuredmedia":[{"embeddable":true,"href":"https:\/\/www.africa-press.net\/tchad\/wp-json\/wp\/v2\/media\/13521"}],"wp:attachment":[{"href":"https:\/\/www.africa-press.net\/tchad\/wp-json\/wp\/v2\/media?parent=13522"}],"wp:term":[{"taxonomy":"category","embeddable":true,"href":"https:\/\/www.africa-press.net\/tchad\/wp-json\/wp\/v2\/categories?post=13522"},{"taxonomy":"post_tag","embeddable":true,"href":"https:\/\/www.africa-press.net\/tchad\/wp-json\/wp\/v2\/tags?post=13522"}],"curies":[{"name":"wp","href":"https:\/\/api.w.org\/{rel}","templated":true}]}}