{"id":13555,"date":"2021-11-12T17:41:20","date_gmt":"2021-11-12T17:41:20","guid":{"rendered":"https:\/\/www.africa-press.net\/tchad\/politique\/je-condamne-lacte-criminel-qui-a-ete-fait-sur-lenseignant-nous-sommes-tous-mobilises-pour-la-quietude-de-nos-compatriotes-porte-parole-du-gouvernement"},"modified":"2021-11-12T18:12:30","modified_gmt":"2021-11-12T18:12:30","slug":"je-condamne-lacte-criminel-qui-a-ete-fait-sur-lenseignant-nous-sommes-tous-mobilises-pour-la-quietude-de-nos-compatriotes-porte-parole-du-gouvernement","status":"publish","type":"post","link":"https:\/\/www.africa-press.net\/tchad\/politique\/je-condamne-lacte-criminel-qui-a-ete-fait-sur-lenseignant-nous-sommes-tous-mobilises-pour-la-quietude-de-nos-compatriotes-porte-parole-du-gouvernement","title":{"rendered":"\u00ab Je condamne l\u2019acte criminel qui a \u00e9t\u00e9 fait sur l\u2019enseignant. Nous sommes tous mobilis\u00e9s pour la qui\u00e9tude de nos compatriotes \u00bb (porte-parole du gouvernement)"},"content":{"rendered":"<p><span style=\"color: #ff6600\"><strong>Africa-Press &#8211; Tchad. <\/strong><\/span>Interrog\u00e9 par la t\u00e9l\u00e9vision nationale, le ministre de la Communication, porte-parole du gouvernement, a exprim\u00e9 son indignation par rapport \u00e0 l\u2019assassinat d\u2019un surveillant par un \u00e9l\u00e8ve.<\/p>\n<p>Dans la journ\u00e9e du 10 novembre, un \u00e9l\u00e8ve du groupe lyc\u00e9e Touma\u00ef, a mortellement poignard\u00e9 son surveillant. L\u2019affaire a aussit\u00f4t choqu\u00e9 l\u2019opinion. L\u2019on parle d\u2019une culture de la violence qui n\u2019\u00e9pargne aucun milieu.<\/p>\n<p>La responsabilit\u00e9 des parents dans l\u2019\u00e9ducation de leurs prog\u00e9nitures est aussi critiqu\u00e9e. \u00ab Les enfants naissent avec un esprit identique \u00e0 une jarre neuve. Il appartient donc aux parents d\u2019y mettre de l\u2019eau potable pour \u00e9tancher la soif de la soci\u00e9t\u00e9 enti\u00e8re \u00bb, a post\u00e9 un internaute. \ufffc<\/p>\n<p>24 heures plus tard, le Syndicat des enseignants du Tchad (SET), section de N\u2019Djamena, a d\u00e9cid\u00e9 de l\u2019arr\u00eat des activit\u00e9s, pendant trois jours, dans tout le secteur de l\u2019\u00e9ducation, en guise de \u201cprotestation contre l\u2019assassinat ignoble de notre coll\u00e8gue Ismael Al-Hadj Koulbou\u201d.<\/p>\n<p>Le SET de N\u2019Djamena, exige en outre, que l\u2019auteur et ses \u00e9ventuels complices soient traduits \u00e0 la justice. \u00ab Que le gouvernement assure la s\u00e9curit\u00e9 des enseignants qui assurent leur noble m\u00e9tier \u00bb, a-t-il plaid\u00e9.<\/p>\n<p>Le ministre de la Communication, porte-parole du gouvernement, Abderaman Koulamallah, a \u00e9galement condamn\u00e9 cet \u00ab acte criminel \u00bb. \u00ab Le procureur de la R\u00e9publique s\u2019exprimera rapidement sur ce dossier.<\/p>\n<p>Nous voulons laisser la justice prendre le relais de ces actes. Nous sommes un \u00c9tat de droit. Le gouvernement est mobilis\u00e9. Nous sommes tous mobilis\u00e9s pour la qui\u00e9tude de nos compatriotes \u00bb, a-t-il assur\u00e9.<\/p>\n<p><strong>Pour plus d&rsquo;informations et d&rsquo;analyses sur la <a href=\"https:\/\/www.africa-press.net\/tchad\">Tchad<\/a>, suivez <a href=\"https:\/\/www.africa-press.net\/\">Africa-Press<\/a><\/strong><\/p>\n","protected":false},"excerpt":{"rendered":"<p>Africa-Press &#8211; Tchad. Interrog\u00e9 par la t\u00e9l\u00e9vision nationale, le ministre de la Communication, porte-parole du gouvernement, a exprim\u00e9 son indignation par rapport \u00e0 l\u2019assassinat d\u2019un surveillant par un \u00e9l\u00e8ve. Dans la journ\u00e9e du 10 novembre, un \u00e9l\u00e8ve du groupe lyc\u00e9e Touma\u00ef, a mortellement poignard\u00e9 son surveillant. L\u2019affaire a aussit\u00f4t choqu\u00e9 l\u2019opinion. L\u2019on parle d\u2019une culture [&hellip;]<\/p>\n","protected":false},"author":82,"featured_media":13554,"comment_status":"open","ping_status":"closed","sticky":false,"template":"","format":"standard","meta":{"footnotes":""},"categories":[11,2,20,10],"tags":[37,292,2442,243,29],"class_list":["post-13555","post","type-post","status-publish","format-standard","has-post-thumbnail","hentry","category-homepage-french","category-politique","category-top-nouvelles","category-toutes-les-actualites","tag-africa-press","tag-africa-press-tchad","tag-compatriotes","tag-condamne","tag-tchad"],"yoast_head":"<!-- This site is optimized with the Yoast SEO Premium plugin v26.1 (Yoast SEO v27.0) - https:\/\/yoast.com\/product\/yoast-seo-premium-wordpress\/ -->\n<title>\u00ab Je condamne l\u2019acte criminel qui a \u00e9t\u00e9 fait sur l\u2019enseignant. Nous sommes tous mobilis\u00e9s pour la qui\u00e9tude de nos compatriotes \u00bb (porte-parole du gouvernement) - tchad<\/title>\n<meta name=\"description\" content=\"Interrog\u00e9 par la t\u00e9l\u00e9vision nationale, le ministre de la Communication, porte-parole du gouvernement, a exprim\u00e9 son indi ...\" \/>\n<meta name=\"robots\" content=\"index, follow, max-snippet:-1, max-image-preview:large, max-video-preview:-1\" \/>\n<link rel=\"canonical\" href=\"https:\/\/www.africa-press.net\/tchad\/politique\/je-condamne-lacte-criminel-qui-a-ete-fait-sur-lenseignant-nous-sommes-tous-mobilises-pour-la-quietude-de-nos-compatriotes-porte-parole-du-gouvernement\" \/>\n<meta property=\"og:locale\" content=\"fr_FR\" \/>\n<meta property=\"og:type\" content=\"article\" \/>\n<meta property=\"og:title\" content=\"\u00ab Je condamne l\u2019acte criminel qui a \u00e9t\u00e9 fait sur l\u2019enseignant. Nous sommes tous mobilis\u00e9s pour la qui\u00e9tude de nos compatriotes \u00bb (porte-parole du gouvernement)\" \/>\n<meta property=\"og:description\" content=\"Interrog\u00e9 par la t\u00e9l\u00e9vision nationale, le ministre de la Communication, porte-parole du gouvernement, a exprim\u00e9 son indi ...\" \/>\n<meta property=\"og:url\" content=\"https:\/\/www.africa-press.net\/tchad\/politique\/je-condamne-lacte-criminel-qui-a-ete-fait-sur-lenseignant-nous-sommes-tous-mobilises-pour-la-quietude-de-nos-compatriotes-porte-parole-du-gouvernement\" \/>\n<meta property=\"og:site_name\" content=\"tchad\" \/>\n<meta property=\"article:published_time\" content=\"2021-11-12T17:41:20+00:00\" \/>\n<meta property=\"article:modified_time\" content=\"2021-11-12T18:12:30+00:00\" \/>\n<meta property=\"og:image\" content=\"https:\/\/static.africa-press.net\/tchad\/sites\/41\/2021\/11\/img-618eae6f9dc10.jpg\" \/>\n\t<meta property=\"og:image:width\" content=\"696\" \/>\n\t<meta property=\"og:image:height\" content=\"536\" \/>\n\t<meta property=\"og:image:type\" content=\"image\/jpeg\" \/>\n<meta name=\"author\" content=\"cfeditorfr\" \/>\n<meta name=\"twitter:card\" content=\"summary_large_image\" \/>\n<meta name=\"twitter:label1\" content=\"\u00c9crit par\" \/>\n\t<meta name=\"twitter:data1\" content=\"cfeditorfr\" \/>\n\t<meta name=\"twitter:label2\" content=\"Dur\u00e9e de lecture estim\u00e9e\" \/>\n\t<meta name=\"twitter:data2\" content=\"1 minute\" \/>\n<script type=\"application\/ld+json\" class=\"yoast-schema-graph\">{\"@context\":\"https:\/\/schema.org\",\"@graph\":[{\"@type\":\"Article\",\"@id\":\"https:\/\/www.africa-press.net\/tchad\/politique\/je-condamne-lacte-criminel-qui-a-ete-fait-sur-lenseignant-nous-sommes-tous-mobilises-pour-la-quietude-de-nos-compatriotes-porte-parole-du-gouvernement#article\",\"isPartOf\":{\"@id\":\"https:\/\/www.africa-press.net\/tchad\/politique\/je-condamne-lacte-criminel-qui-a-ete-fait-sur-lenseignant-nous-sommes-tous-mobilises-pour-la-quietude-de-nos-compatriotes-porte-parole-du-gouvernement\"},\"author\":{\"name\":\"cfeditorfr\",\"@id\":\"https:\/\/www.africa-press.net\/tchad\/#\/schema\/person\/2b1cf3cd81a31e3cd26889ca66d677f1\"},\"headline\":\"\u00ab Je condamne l\u2019acte criminel qui a \u00e9t\u00e9 fait sur l\u2019enseignant. Nous sommes tous mobilis\u00e9s pour la qui\u00e9tude de nos compatriotes \u00bb (porte-parole du gouvernement)\",\"datePublished\":\"2021-11-12T17:41:20+00:00\",\"dateModified\":\"2021-11-12T18:12:30+00:00\",\"mainEntityOfPage\":{\"@id\":\"https:\/\/www.africa-press.net\/tchad\/politique\/je-condamne-lacte-criminel-qui-a-ete-fait-sur-lenseignant-nous-sommes-tous-mobilises-pour-la-quietude-de-nos-compatriotes-porte-parole-du-gouvernement\"},\"wordCount\":312,\"commentCount\":0,\"image\":{\"@id\":\"https:\/\/www.africa-press.net\/tchad\/politique\/je-condamne-lacte-criminel-qui-a-ete-fait-sur-lenseignant-nous-sommes-tous-mobilises-pour-la-quietude-de-nos-compatriotes-porte-parole-du-gouvernement#primaryimage\"},\"thumbnailUrl\":\"https:\/\/static.africa-press.net\/tchad\/sites\/41\/2021\/11\/img-618eae6f9dc10.jpg\",\"keywords\":[\"Africa Press\",\"Africa Press-Tchad\",\"compatriotes\",\"condamne\",\"Tchad\"],\"articleSection\":[\"homepage-french\",\"Politique\",\"Top Nouvelles\",\"Toutes les actualit\u00e9s\"],\"inLanguage\":\"fr-FR\",\"potentialAction\":[{\"@type\":\"CommentAction\",\"name\":\"Comment\",\"target\":[\"https:\/\/www.africa-press.net\/tchad\/politique\/je-condamne-lacte-criminel-qui-a-ete-fait-sur-lenseignant-nous-sommes-tous-mobilises-pour-la-quietude-de-nos-compatriotes-porte-parole-du-gouvernement#respond\"]}]},{\"@type\":\"WebPage\",\"@id\":\"https:\/\/www.africa-press.net\/tchad\/politique\/je-condamne-lacte-criminel-qui-a-ete-fait-sur-lenseignant-nous-sommes-tous-mobilises-pour-la-quietude-de-nos-compatriotes-porte-parole-du-gouvernement\",\"url\":\"https:\/\/www.africa-press.net\/tchad\/politique\/je-condamne-lacte-criminel-qui-a-ete-fait-sur-lenseignant-nous-sommes-tous-mobilises-pour-la-quietude-de-nos-compatriotes-porte-parole-du-gouvernement\",\"name\":\"\u00ab Je condamne l\u2019acte criminel qui a \u00e9t\u00e9 fait sur l\u2019enseignant. Nous sommes tous mobilis\u00e9s pour la qui\u00e9tude de nos compatriotes \u00bb (porte-parole du gouvernement) - tchad\",\"isPartOf\":{\"@id\":\"https:\/\/www.africa-press.net\/tchad\/#website\"},\"primaryImageOfPage\":{\"@id\":\"https:\/\/www.africa-press.net\/tchad\/politique\/je-condamne-lacte-criminel-qui-a-ete-fait-sur-lenseignant-nous-sommes-tous-mobilises-pour-la-quietude-de-nos-compatriotes-porte-parole-du-gouvernement#primaryimage\"},\"image\":{\"@id\":\"https:\/\/www.africa-press.net\/tchad\/politique\/je-condamne-lacte-criminel-qui-a-ete-fait-sur-lenseignant-nous-sommes-tous-mobilises-pour-la-quietude-de-nos-compatriotes-porte-parole-du-gouvernement#primaryimage\"},\"thumbnailUrl\":\"https:\/\/static.africa-press.net\/tchad\/sites\/41\/2021\/11\/img-618eae6f9dc10.jpg\",\"datePublished\":\"2021-11-12T17:41:20+00:00\",\"dateModified\":\"2021-11-12T18:12:30+00:00\",\"author\":{\"@id\":\"https:\/\/www.africa-press.net\/tchad\/#\/schema\/person\/2b1cf3cd81a31e3cd26889ca66d677f1\"},\"description\":\"Interrog\u00e9 par la t\u00e9l\u00e9vision nationale, le ministre de la Communication, porte-parole du gouvernement, a exprim\u00e9 son indi ...\",\"breadcrumb\":{\"@id\":\"https:\/\/www.africa-press.net\/tchad\/politique\/je-condamne-lacte-criminel-qui-a-ete-fait-sur-lenseignant-nous-sommes-tous-mobilises-pour-la-quietude-de-nos-compatriotes-porte-parole-du-gouvernement#breadcrumb\"},\"inLanguage\":\"fr-FR\",\"potentialAction\":[{\"@type\":\"ReadAction\",\"target\":[\"https:\/\/www.africa-press.net\/tchad\/politique\/je-condamne-lacte-criminel-qui-a-ete-fait-sur-lenseignant-nous-sommes-tous-mobilises-pour-la-quietude-de-nos-compatriotes-porte-parole-du-gouvernement\"]}]},{\"@type\":\"ImageObject\",\"inLanguage\":\"fr-FR\",\"@id\":\"https:\/\/www.africa-press.net\/tchad\/politique\/je-condamne-lacte-criminel-qui-a-ete-fait-sur-lenseignant-nous-sommes-tous-mobilises-pour-la-quietude-de-nos-compatriotes-porte-parole-du-gouvernement#primaryimage\",\"url\":\"https:\/\/static.africa-press.net\/tchad\/sites\/41\/2021\/11\/img-618eae6f9dc10.jpg\",\"contentUrl\":\"https:\/\/static.africa-press.net\/tchad\/sites\/41\/2021\/11\/img-618eae6f9dc10.jpg\",\"width\":696,\"height\":536,\"caption\":\"\u00ab Je condamne l\u2019acte criminel qui a \u00e9t\u00e9 fait sur l\u2019enseignant. Nous sommes tous mobilis\u00e9s pour la qui\u00e9tude de nos compatriotes \u00bb (porte-parole du gouvernement)\"},{\"@type\":\"BreadcrumbList\",\"@id\":\"https:\/\/www.africa-press.net\/tchad\/politique\/je-condamne-lacte-criminel-qui-a-ete-fait-sur-lenseignant-nous-sommes-tous-mobilises-pour-la-quietude-de-nos-compatriotes-porte-parole-du-gouvernement#breadcrumb\",\"itemListElement\":[{\"@type\":\"ListItem\",\"position\":1,\"name\":\"Accueil\",\"item\":\"https:\/\/www.africa-press.net\/tchad\/\"},{\"@type\":\"ListItem\",\"position\":2,\"name\":\"\u00ab Je condamne l\u2019acte criminel qui a \u00e9t\u00e9 fait sur l\u2019enseignant. Nous sommes tous mobilis\u00e9s pour la qui\u00e9tude de nos compatriotes \u00bb (porte-parole du gouvernement)\"}]},{\"@type\":\"WebSite\",\"@id\":\"https:\/\/www.africa-press.net\/tchad\/#website\",\"url\":\"https:\/\/www.africa-press.net\/tchad\/\",\"name\":\"tchad\",\"description\":\"Just another Africa News Agency Sites site\",\"potentialAction\":[{\"@type\":\"SearchAction\",\"target\":{\"@type\":\"EntryPoint\",\"urlTemplate\":\"https:\/\/www.africa-press.net\/tchad\/?s={search_term_string}\"},\"query-input\":{\"@type\":\"PropertyValueSpecification\",\"valueRequired\":true,\"valueName\":\"search_term_string\"}}],\"inLanguage\":\"fr-FR\"},{\"@type\":\"Person\",\"@id\":\"https:\/\/www.africa-press.net\/tchad\/#\/schema\/person\/2b1cf3cd81a31e3cd26889ca66d677f1\",\"name\":\"cfeditorfr\"}]}<\/script>\n<!-- \/ Yoast SEO Premium plugin. -->","yoast_head_json":{"title":"\u00ab Je condamne l\u2019acte criminel qui a \u00e9t\u00e9 fait sur l\u2019enseignant. Nous sommes tous mobilis\u00e9s pour la qui\u00e9tude de nos compatriotes \u00bb (porte-parole du gouvernement) - tchad","description":"Interrog\u00e9 par la t\u00e9l\u00e9vision nationale, le ministre de la Communication, porte-parole du gouvernement, a exprim\u00e9 son indi ...","robots":{"index":"index","follow":"follow","max-snippet":"max-snippet:-1","max-image-preview":"max-image-preview:large","max-video-preview":"max-video-preview:-1"},"canonical":"https:\/\/www.africa-press.net\/tchad\/politique\/je-condamne-lacte-criminel-qui-a-ete-fait-sur-lenseignant-nous-sommes-tous-mobilises-pour-la-quietude-de-nos-compatriotes-porte-parole-du-gouvernement","og_locale":"fr_FR","og_type":"article","og_title":"\u00ab Je condamne l\u2019acte criminel qui a \u00e9t\u00e9 fait sur l\u2019enseignant. Nous sommes tous mobilis\u00e9s pour la qui\u00e9tude de nos compatriotes \u00bb (porte-parole du gouvernement)","og_description":"Interrog\u00e9 par la t\u00e9l\u00e9vision nationale, le ministre de la Communication, porte-parole du gouvernement, a exprim\u00e9 son indi ...","og_url":"https:\/\/www.africa-press.net\/tchad\/politique\/je-condamne-lacte-criminel-qui-a-ete-fait-sur-lenseignant-nous-sommes-tous-mobilises-pour-la-quietude-de-nos-compatriotes-porte-parole-du-gouvernement","og_site_name":"tchad","article_published_time":"2021-11-12T17:41:20+00:00","article_modified_time":"2021-11-12T18:12:30+00:00","og_image":[{"width":696,"height":536,"url":"https:\/\/static.africa-press.net\/tchad\/sites\/41\/2021\/11\/img-618eae6f9dc10.jpg","type":"image\/jpeg"}],"author":"cfeditorfr","twitter_card":"summary_large_image","twitter_misc":{"\u00c9crit par":"cfeditorfr","Dur\u00e9e de lecture estim\u00e9e":"1 minute"},"schema":{"@context":"https:\/\/schema.org","@graph":[{"@type":"Article","@id":"https:\/\/www.africa-press.net\/tchad\/politique\/je-condamne-lacte-criminel-qui-a-ete-fait-sur-lenseignant-nous-sommes-tous-mobilises-pour-la-quietude-de-nos-compatriotes-porte-parole-du-gouvernement#article","isPartOf":{"@id":"https:\/\/www.africa-press.net\/tchad\/politique\/je-condamne-lacte-criminel-qui-a-ete-fait-sur-lenseignant-nous-sommes-tous-mobilises-pour-la-quietude-de-nos-compatriotes-porte-parole-du-gouvernement"},"author":{"name":"cfeditorfr","@id":"https:\/\/www.africa-press.net\/tchad\/#\/schema\/person\/2b1cf3cd81a31e3cd26889ca66d677f1"},"headline":"\u00ab Je condamne l\u2019acte criminel qui a \u00e9t\u00e9 fait sur l\u2019enseignant. Nous sommes tous mobilis\u00e9s pour la qui\u00e9tude de nos compatriotes \u00bb (porte-parole du gouvernement)","datePublished":"2021-11-12T17:41:20+00:00","dateModified":"2021-11-12T18:12:30+00:00","mainEntityOfPage":{"@id":"https:\/\/www.africa-press.net\/tchad\/politique\/je-condamne-lacte-criminel-qui-a-ete-fait-sur-lenseignant-nous-sommes-tous-mobilises-pour-la-quietude-de-nos-compatriotes-porte-parole-du-gouvernement"},"wordCount":312,"commentCount":0,"image":{"@id":"https:\/\/www.africa-press.net\/tchad\/politique\/je-condamne-lacte-criminel-qui-a-ete-fait-sur-lenseignant-nous-sommes-tous-mobilises-pour-la-quietude-de-nos-compatriotes-porte-parole-du-gouvernement#primaryimage"},"thumbnailUrl":"https:\/\/static.africa-press.net\/tchad\/sites\/41\/2021\/11\/img-618eae6f9dc10.jpg","keywords":["Africa Press","Africa Press-Tchad","compatriotes","condamne","Tchad"],"articleSection":["homepage-french","Politique","Top Nouvelles","Toutes les actualit\u00e9s"],"inLanguage":"fr-FR","potentialAction":[{"@type":"CommentAction","name":"Comment","target":["https:\/\/www.africa-press.net\/tchad\/politique\/je-condamne-lacte-criminel-qui-a-ete-fait-sur-lenseignant-nous-sommes-tous-mobilises-pour-la-quietude-de-nos-compatriotes-porte-parole-du-gouvernement#respond"]}]},{"@type":"WebPage","@id":"https:\/\/www.africa-press.net\/tchad\/politique\/je-condamne-lacte-criminel-qui-a-ete-fait-sur-lenseignant-nous-sommes-tous-mobilises-pour-la-quietude-de-nos-compatriotes-porte-parole-du-gouvernement","url":"https:\/\/www.africa-press.net\/tchad\/politique\/je-condamne-lacte-criminel-qui-a-ete-fait-sur-lenseignant-nous-sommes-tous-mobilises-pour-la-quietude-de-nos-compatriotes-porte-parole-du-gouvernement","name":"\u00ab Je condamne l\u2019acte criminel qui a \u00e9t\u00e9 fait sur l\u2019enseignant. Nous sommes tous mobilis\u00e9s pour la qui\u00e9tude de nos compatriotes \u00bb (porte-parole du gouvernement) - tchad","isPartOf":{"@id":"https:\/\/www.africa-press.net\/tchad\/#website"},"primaryImageOfPage":{"@id":"https:\/\/www.africa-press.net\/tchad\/politique\/je-condamne-lacte-criminel-qui-a-ete-fait-sur-lenseignant-nous-sommes-tous-mobilises-pour-la-quietude-de-nos-compatriotes-porte-parole-du-gouvernement#primaryimage"},"image":{"@id":"https:\/\/www.africa-press.net\/tchad\/politique\/je-condamne-lacte-criminel-qui-a-ete-fait-sur-lenseignant-nous-sommes-tous-mobilises-pour-la-quietude-de-nos-compatriotes-porte-parole-du-gouvernement#primaryimage"},"thumbnailUrl":"https:\/\/static.africa-press.net\/tchad\/sites\/41\/2021\/11\/img-618eae6f9dc10.jpg","datePublished":"2021-11-12T17:41:20+00:00","dateModified":"2021-11-12T18:12:30+00:00","author":{"@id":"https:\/\/www.africa-press.net\/tchad\/#\/schema\/person\/2b1cf3cd81a31e3cd26889ca66d677f1"},"description":"Interrog\u00e9 par la t\u00e9l\u00e9vision nationale, le ministre de la Communication, porte-parole du gouvernement, a exprim\u00e9 son indi ...","breadcrumb":{"@id":"https:\/\/www.africa-press.net\/tchad\/politique\/je-condamne-lacte-criminel-qui-a-ete-fait-sur-lenseignant-nous-sommes-tous-mobilises-pour-la-quietude-de-nos-compatriotes-porte-parole-du-gouvernement#breadcrumb"},"inLanguage":"fr-FR","potentialAction":[{"@type":"ReadAction","target":["https:\/\/www.africa-press.net\/tchad\/politique\/je-condamne-lacte-criminel-qui-a-ete-fait-sur-lenseignant-nous-sommes-tous-mobilises-pour-la-quietude-de-nos-compatriotes-porte-parole-du-gouvernement"]}]},{"@type":"ImageObject","inLanguage":"fr-FR","@id":"https:\/\/www.africa-press.net\/tchad\/politique\/je-condamne-lacte-criminel-qui-a-ete-fait-sur-lenseignant-nous-sommes-tous-mobilises-pour-la-quietude-de-nos-compatriotes-porte-parole-du-gouvernement#primaryimage","url":"https:\/\/static.africa-press.net\/tchad\/sites\/41\/2021\/11\/img-618eae6f9dc10.jpg","contentUrl":"https:\/\/static.africa-press.net\/tchad\/sites\/41\/2021\/11\/img-618eae6f9dc10.jpg","width":696,"height":536,"caption":"\u00ab Je condamne l\u2019acte criminel qui a \u00e9t\u00e9 fait sur l\u2019enseignant. Nous sommes tous mobilis\u00e9s pour la qui\u00e9tude de nos compatriotes \u00bb (porte-parole du gouvernement)"},{"@type":"BreadcrumbList","@id":"https:\/\/www.africa-press.net\/tchad\/politique\/je-condamne-lacte-criminel-qui-a-ete-fait-sur-lenseignant-nous-sommes-tous-mobilises-pour-la-quietude-de-nos-compatriotes-porte-parole-du-gouvernement#breadcrumb","itemListElement":[{"@type":"ListItem","position":1,"name":"Accueil","item":"https:\/\/www.africa-press.net\/tchad\/"},{"@type":"ListItem","position":2,"name":"\u00ab Je condamne l\u2019acte criminel qui a \u00e9t\u00e9 fait sur l\u2019enseignant. Nous sommes tous mobilis\u00e9s pour la qui\u00e9tude de nos compatriotes \u00bb (porte-parole du gouvernement)"}]},{"@type":"WebSite","@id":"https:\/\/www.africa-press.net\/tchad\/#website","url":"https:\/\/www.africa-press.net\/tchad\/","name":"tchad","description":"Just another Africa News Agency Sites site","potentialAction":[{"@type":"SearchAction","target":{"@type":"EntryPoint","urlTemplate":"https:\/\/www.africa-press.net\/tchad\/?s={search_term_string}"},"query-input":{"@type":"PropertyValueSpecification","valueRequired":true,"valueName":"search_term_string"}}],"inLanguage":"fr-FR"},{"@type":"Person","@id":"https:\/\/www.africa-press.net\/tchad\/#\/schema\/person\/2b1cf3cd81a31e3cd26889ca66d677f1","name":"cfeditorfr"}]}},"_links":{"self":[{"href":"https:\/\/www.africa-press.net\/tchad\/wp-json\/wp\/v2\/posts\/13555","targetHints":{"allow":["GET"]}}],"collection":[{"href":"https:\/\/www.africa-press.net\/tchad\/wp-json\/wp\/v2\/posts"}],"about":[{"href":"https:\/\/www.africa-press.net\/tchad\/wp-json\/wp\/v2\/types\/post"}],"author":[{"embeddable":true,"href":"https:\/\/www.africa-press.net\/tchad\/wp-json\/wp\/v2\/users\/82"}],"replies":[{"embeddable":true,"href":"https:\/\/www.africa-press.net\/tchad\/wp-json\/wp\/v2\/comments?post=13555"}],"version-history":[{"count":0,"href":"https:\/\/www.africa-press.net\/tchad\/wp-json\/wp\/v2\/posts\/13555\/revisions"}],"wp:featuredmedia":[{"embeddable":true,"href":"https:\/\/www.africa-press.net\/tchad\/wp-json\/wp\/v2\/media\/13554"}],"wp:attachment":[{"href":"https:\/\/www.africa-press.net\/tchad\/wp-json\/wp\/v2\/media?parent=13555"}],"wp:term":[{"taxonomy":"category","embeddable":true,"href":"https:\/\/www.africa-press.net\/tchad\/wp-json\/wp\/v2\/categories?post=13555"},{"taxonomy":"post_tag","embeddable":true,"href":"https:\/\/www.africa-press.net\/tchad\/wp-json\/wp\/v2\/tags?post=13555"}],"curies":[{"name":"wp","href":"https:\/\/api.w.org\/{rel}","templated":true}]}}