{"id":13558,"date":"2021-11-12T17:42:34","date_gmt":"2021-11-12T17:42:34","guid":{"rendered":"https:\/\/www.africa-press.net\/tchad\/politique\/dialogue-national-au-tchad-desavoue-par-abderaman-koulamallah-le-president-goukouni-weddeye-va-t-il-se-facher-contre-le-pcmt"},"modified":"2021-11-12T18:13:14","modified_gmt":"2021-11-12T18:13:14","slug":"dialogue-national-au-tchad-desavoue-par-abderaman-koulamallah-le-president-goukouni-weddeye-va-t-il-se-facher-contre-le-pcmt","status":"publish","type":"post","link":"https:\/\/www.africa-press.net\/tchad\/dossiers\/dialogue-national-au-tchad-desavoue-par-abderaman-koulamallah-le-president-goukouni-weddeye-va-t-il-se-facher-contre-le-pcmt","title":{"rendered":"Dialogue national au Tchad: d\u00e9savou\u00e9 par Abderaman Koulamallah, le pr\u00e9sident Goukouni Weddeye va-t-il se f\u00e2cher contre le PCMT ?"},"content":{"rendered":"<p><span style=\"color: #ff6600\"><strong>Africa-Press &#8211; Tchad. <\/strong><\/span>le 5 novembre, le ministre porte-parole du gouvernement tchadien, Abderaman Koulamallah a d\u00e9clar\u00e9 qu\u2019il n\u2019y aura pas de pr\u00e9-dialogue avec les mouvements politico-militaires.<\/p>\n<p>\u00ab On ne va pas multiplier les dialogues et les pr\u00e9-dialogues ! Les discussions qui sont entam\u00e9es par le Comit\u00e9 sp\u00e9cial, c\u2019est d\u00e9j\u00e0 un pr\u00e9-dialogue \u00bb, a-t-il expliqu\u00e9.<\/p>\n<p>Cette d\u00e9claration du Porte-parole du gouvernement jette manifestement le discr\u00e9dit sur les d\u00e9marches men\u00e9es par le Comit\u00e9 Technique Sp\u00e9cial (CTS) dirig\u00e9 par l\u2019ancien pr\u00e9sident Goukouni Weddeye.<\/p>\n<p>En effet, la d\u00e9l\u00e9gation du CTS, conduite par Allamine Bourma Trey\u00e9, a annonc\u00e9 un pr\u00e9-dialogue dans un pays tierce dans son communiqu\u00e9 de presse publi\u00e9 \u00e0 l\u2019issue de ses rencontres avec une vingtaine de mouvements politico-militaires \u00e0 Paris.<\/p>\n<p>\u00ab Les repr\u00e9sentants des divers mouvements rencontr\u00e9s ont \u00e9t\u00e9 ouverts et ont indiqu\u00e9s \u00eatre dispos\u00e9s \u00e0 participer au Pr\u00e9-dialogue et au dialogue national inclusif sous certaines conditions \u00bb, lit-on dans le compte rendu publi\u00e9 par le Porte-parole du CTS, Allamina Bourma Trey\u00e9.<\/p>\n<p>Dans un communiqu\u00e9 publi\u00e9 ce 11 novembre, l\u2019Union des Forces de la R\u00e9sistance (UFR), un des politico-militaires rencontr\u00e9 par le CTS \u00e0 Doha au Qarar, a exprim\u00e9 son \u00ab grand \u00e9tonnement suite aux propos d\u00e9mesur\u00e9s tenus par le Porte-parole du r\u00e9gime de la Transition au Tchad, lors de son interview \u00e0 RFI \u00bb.<\/p>\n<p>\u00ab La plupart de mouvements politico-militaires sont indign\u00e9s par cette attitude du r\u00e9gime de Transition \u00e0 travers son Porte-parole.<\/p>\n<p>Cet acte discr\u00e9dite ind\u00e9niablement le Comit\u00e9 Technique Sp\u00e9cial charg\u00e9 d\u2019entamer des discussions avec les politico-militaires en vue d\u2019\u00e9ventuelles assises du Dialogue national inclusif. Surtout que cela a intervenu apr\u00e8s le compte rendu des missions des d\u00e9l\u00e9gations du CST fait au Pr\u00e9sident du CMT.<\/p>\n<p>Cette sortie inopportune du Porte-parole du r\u00e9gime est une fuite en avant qui traduit leur mauvaise volont\u00e9 de poursuivre les n\u00e9gociations avec les mouvements politico-militaires \u00bb, a poursuivi le communiqu\u00e9 de l\u2019UFR sign\u00e9 par son Porte-parole Youssouf Hamid.<\/p>\n<p>L\u2019ancien pr\u00e9sident Goukouni Weddeye qui n\u2019a pas l\u2019habitude d\u2019avaler des couleuvres du syst\u00e8me MPS au Tchad, va-t-il supporter ce cinglant d\u00e9saveu inflig\u00e9 par le Pr\u00e9sident du Comit\u00e9 Militaire de Transition (PCMT) qui dirige le Tchad \u00e0 son Comit\u00e9 Technique Sp\u00e9cial ?<\/p>\n<p><strong>Pour plus d&rsquo;informations et d&rsquo;analyses sur la <a href=\"https:\/\/www.africa-press.net\/tchad\">Tchad<\/a>, suivez <a href=\"https:\/\/www.africa-press.net\/\">Africa-Press<\/a><\/strong><\/p>\n","protected":false},"excerpt":{"rendered":"<p>Africa-Press &#8211; Tchad. le 5 novembre, le ministre porte-parole du gouvernement tchadien, Abderaman Koulamallah a d\u00e9clar\u00e9 qu\u2019il n\u2019y aura pas de pr\u00e9-dialogue avec les mouvements politico-militaires. \u00ab On ne va pas multiplier les dialogues et les pr\u00e9-dialogues ! Les discussions qui sont entam\u00e9es par le Comit\u00e9 sp\u00e9cial, c\u2019est d\u00e9j\u00e0 un pr\u00e9-dialogue \u00bb, a-t-il expliqu\u00e9. Cette [&hellip;]<\/p>\n","protected":false},"author":82,"featured_media":13557,"comment_status":"open","ping_status":"closed","sticky":false,"template":"","format":"standard","meta":{"footnotes":""},"categories":[7,11,20,10],"tags":[745,37,292,1717,29],"class_list":["post-13558","post","type-post","status-publish","format-standard","has-post-thumbnail","hentry","category-dossiers","category-homepage-french","category-top-nouvelles","category-toutes-les-actualites","tag-abderaman-koulamallah","tag-africa-press","tag-africa-press-tchad","tag-pcmt","tag-tchad"],"yoast_head":"<!-- This site is optimized with the Yoast SEO Premium plugin v26.1 (Yoast SEO v27.0) - https:\/\/yoast.com\/product\/yoast-seo-premium-wordpress\/ -->\n<title>Dialogue national au Tchad: d\u00e9savou\u00e9 par Abderaman Koulamallah, le pr\u00e9sident Goukouni Weddeye va-t-il se f\u00e2cher contre le PCMT ? - tchad<\/title>\n<meta name=\"description\" content=\"le 5 novembre, le ministre porte-parole du gouvernement tchadien, Abderaman Koulamallah a d\u00e9clar\u00e9 qu\u2019il n\u2019y aura pas de ...\" \/>\n<meta name=\"robots\" content=\"index, follow, max-snippet:-1, max-image-preview:large, max-video-preview:-1\" \/>\n<link rel=\"canonical\" href=\"https:\/\/www.africa-press.net\/tchad\/dossiers\/dialogue-national-au-tchad-desavoue-par-abderaman-koulamallah-le-president-goukouni-weddeye-va-t-il-se-facher-contre-le-pcmt\" \/>\n<meta property=\"og:locale\" content=\"fr_FR\" \/>\n<meta property=\"og:type\" content=\"article\" \/>\n<meta property=\"og:title\" content=\"Dialogue national au Tchad: d\u00e9savou\u00e9 par Abderaman Koulamallah, le pr\u00e9sident Goukouni Weddeye va-t-il se f\u00e2cher contre le PCMT ?\" \/>\n<meta property=\"og:description\" content=\"le 5 novembre, le ministre porte-parole du gouvernement tchadien, Abderaman Koulamallah a d\u00e9clar\u00e9 qu\u2019il n\u2019y aura pas de ...\" \/>\n<meta property=\"og:url\" content=\"https:\/\/www.africa-press.net\/tchad\/dossiers\/dialogue-national-au-tchad-desavoue-par-abderaman-koulamallah-le-president-goukouni-weddeye-va-t-il-se-facher-contre-le-pcmt\" \/>\n<meta property=\"og:site_name\" content=\"tchad\" \/>\n<meta property=\"article:published_time\" content=\"2021-11-12T17:42:34+00:00\" \/>\n<meta property=\"article:modified_time\" content=\"2021-11-12T18:13:14+00:00\" \/>\n<meta property=\"og:image\" content=\"https:\/\/static.africa-press.net\/tchad\/sites\/41\/2021\/11\/img-618eae96b061c.jpg\" \/>\n\t<meta property=\"og:image:width\" content=\"800\" \/>\n\t<meta property=\"og:image:height\" content=\"450\" \/>\n\t<meta property=\"og:image:type\" content=\"image\/jpeg\" \/>\n<meta name=\"author\" content=\"cfeditorfr\" \/>\n<meta name=\"twitter:card\" content=\"summary_large_image\" \/>\n<meta name=\"twitter:label1\" content=\"\u00c9crit par\" \/>\n\t<meta name=\"twitter:data1\" content=\"cfeditorfr\" \/>\n\t<meta name=\"twitter:label2\" content=\"Dur\u00e9e de lecture estim\u00e9e\" \/>\n\t<meta name=\"twitter:data2\" content=\"2 minutes\" \/>\n<script type=\"application\/ld+json\" class=\"yoast-schema-graph\">{\"@context\":\"https:\/\/schema.org\",\"@graph\":[{\"@type\":\"Article\",\"@id\":\"https:\/\/www.africa-press.net\/tchad\/dossiers\/dialogue-national-au-tchad-desavoue-par-abderaman-koulamallah-le-president-goukouni-weddeye-va-t-il-se-facher-contre-le-pcmt#article\",\"isPartOf\":{\"@id\":\"https:\/\/www.africa-press.net\/tchad\/dossiers\/dialogue-national-au-tchad-desavoue-par-abderaman-koulamallah-le-president-goukouni-weddeye-va-t-il-se-facher-contre-le-pcmt\"},\"author\":{\"name\":\"cfeditorfr\",\"@id\":\"https:\/\/www.africa-press.net\/tchad\/#\/schema\/person\/2b1cf3cd81a31e3cd26889ca66d677f1\"},\"headline\":\"Dialogue national au Tchad: d\u00e9savou\u00e9 par Abderaman Koulamallah, le pr\u00e9sident Goukouni Weddeye va-t-il se f\u00e2cher contre le PCMT ?\",\"datePublished\":\"2021-11-12T17:42:34+00:00\",\"dateModified\":\"2021-11-12T18:13:14+00:00\",\"mainEntityOfPage\":{\"@id\":\"https:\/\/www.africa-press.net\/tchad\/dossiers\/dialogue-national-au-tchad-desavoue-par-abderaman-koulamallah-le-president-goukouni-weddeye-va-t-il-se-facher-contre-le-pcmt\"},\"wordCount\":422,\"commentCount\":0,\"image\":{\"@id\":\"https:\/\/www.africa-press.net\/tchad\/dossiers\/dialogue-national-au-tchad-desavoue-par-abderaman-koulamallah-le-president-goukouni-weddeye-va-t-il-se-facher-contre-le-pcmt#primaryimage\"},\"thumbnailUrl\":\"https:\/\/static.africa-press.net\/tchad\/sites\/41\/2021\/11\/img-618eae96b061c.jpg\",\"keywords\":[\"Abderaman Koulamallah\",\"Africa Press\",\"Africa Press-Tchad\",\"PCMT\",\"Tchad\"],\"articleSection\":[\"Dossiers\",\"homepage-french\",\"Top Nouvelles\",\"Toutes les actualit\u00e9s\"],\"inLanguage\":\"fr-FR\",\"potentialAction\":[{\"@type\":\"CommentAction\",\"name\":\"Comment\",\"target\":[\"https:\/\/www.africa-press.net\/tchad\/dossiers\/dialogue-national-au-tchad-desavoue-par-abderaman-koulamallah-le-president-goukouni-weddeye-va-t-il-se-facher-contre-le-pcmt#respond\"]}]},{\"@type\":\"WebPage\",\"@id\":\"https:\/\/www.africa-press.net\/tchad\/dossiers\/dialogue-national-au-tchad-desavoue-par-abderaman-koulamallah-le-president-goukouni-weddeye-va-t-il-se-facher-contre-le-pcmt\",\"url\":\"https:\/\/www.africa-press.net\/tchad\/dossiers\/dialogue-national-au-tchad-desavoue-par-abderaman-koulamallah-le-president-goukouni-weddeye-va-t-il-se-facher-contre-le-pcmt\",\"name\":\"Dialogue national au Tchad: d\u00e9savou\u00e9 par Abderaman Koulamallah, le pr\u00e9sident Goukouni Weddeye va-t-il se f\u00e2cher contre le PCMT ? - tchad\",\"isPartOf\":{\"@id\":\"https:\/\/www.africa-press.net\/tchad\/#website\"},\"primaryImageOfPage\":{\"@id\":\"https:\/\/www.africa-press.net\/tchad\/dossiers\/dialogue-national-au-tchad-desavoue-par-abderaman-koulamallah-le-president-goukouni-weddeye-va-t-il-se-facher-contre-le-pcmt#primaryimage\"},\"image\":{\"@id\":\"https:\/\/www.africa-press.net\/tchad\/dossiers\/dialogue-national-au-tchad-desavoue-par-abderaman-koulamallah-le-president-goukouni-weddeye-va-t-il-se-facher-contre-le-pcmt#primaryimage\"},\"thumbnailUrl\":\"https:\/\/static.africa-press.net\/tchad\/sites\/41\/2021\/11\/img-618eae96b061c.jpg\",\"datePublished\":\"2021-11-12T17:42:34+00:00\",\"dateModified\":\"2021-11-12T18:13:14+00:00\",\"author\":{\"@id\":\"https:\/\/www.africa-press.net\/tchad\/#\/schema\/person\/2b1cf3cd81a31e3cd26889ca66d677f1\"},\"description\":\"le 5 novembre, le ministre porte-parole du gouvernement tchadien, Abderaman Koulamallah a d\u00e9clar\u00e9 qu\u2019il n\u2019y aura pas de ...\",\"breadcrumb\":{\"@id\":\"https:\/\/www.africa-press.net\/tchad\/dossiers\/dialogue-national-au-tchad-desavoue-par-abderaman-koulamallah-le-president-goukouni-weddeye-va-t-il-se-facher-contre-le-pcmt#breadcrumb\"},\"inLanguage\":\"fr-FR\",\"potentialAction\":[{\"@type\":\"ReadAction\",\"target\":[\"https:\/\/www.africa-press.net\/tchad\/dossiers\/dialogue-national-au-tchad-desavoue-par-abderaman-koulamallah-le-president-goukouni-weddeye-va-t-il-se-facher-contre-le-pcmt\"]}]},{\"@type\":\"ImageObject\",\"inLanguage\":\"fr-FR\",\"@id\":\"https:\/\/www.africa-press.net\/tchad\/dossiers\/dialogue-national-au-tchad-desavoue-par-abderaman-koulamallah-le-president-goukouni-weddeye-va-t-il-se-facher-contre-le-pcmt#primaryimage\",\"url\":\"https:\/\/static.africa-press.net\/tchad\/sites\/41\/2021\/11\/img-618eae96b061c.jpg\",\"contentUrl\":\"https:\/\/static.africa-press.net\/tchad\/sites\/41\/2021\/11\/img-618eae96b061c.jpg\",\"width\":800,\"height\":450,\"caption\":\"Dialogue national au Tchad: d\u00e9savou\u00e9 par Abderaman Koulamallah, le pr\u00e9sident Goukouni Weddeye va-t-il se f\u00e2cher contre le PCMT ?\"},{\"@type\":\"BreadcrumbList\",\"@id\":\"https:\/\/www.africa-press.net\/tchad\/dossiers\/dialogue-national-au-tchad-desavoue-par-abderaman-koulamallah-le-president-goukouni-weddeye-va-t-il-se-facher-contre-le-pcmt#breadcrumb\",\"itemListElement\":[{\"@type\":\"ListItem\",\"position\":1,\"name\":\"Accueil\",\"item\":\"https:\/\/www.africa-press.net\/tchad\/\"},{\"@type\":\"ListItem\",\"position\":2,\"name\":\"Dialogue national au Tchad: d\u00e9savou\u00e9 par Abderaman Koulamallah, le pr\u00e9sident Goukouni Weddeye va-t-il se f\u00e2cher contre le PCMT ?\"}]},{\"@type\":\"WebSite\",\"@id\":\"https:\/\/www.africa-press.net\/tchad\/#website\",\"url\":\"https:\/\/www.africa-press.net\/tchad\/\",\"name\":\"tchad\",\"description\":\"Just another Africa News Agency Sites site\",\"potentialAction\":[{\"@type\":\"SearchAction\",\"target\":{\"@type\":\"EntryPoint\",\"urlTemplate\":\"https:\/\/www.africa-press.net\/tchad\/?s={search_term_string}\"},\"query-input\":{\"@type\":\"PropertyValueSpecification\",\"valueRequired\":true,\"valueName\":\"search_term_string\"}}],\"inLanguage\":\"fr-FR\"},{\"@type\":\"Person\",\"@id\":\"https:\/\/www.africa-press.net\/tchad\/#\/schema\/person\/2b1cf3cd81a31e3cd26889ca66d677f1\",\"name\":\"cfeditorfr\"}]}<\/script>\n<!-- \/ Yoast SEO Premium plugin. -->","yoast_head_json":{"title":"Dialogue national au Tchad: d\u00e9savou\u00e9 par Abderaman Koulamallah, le pr\u00e9sident Goukouni Weddeye va-t-il se f\u00e2cher contre le PCMT ? - tchad","description":"le 5 novembre, le ministre porte-parole du gouvernement tchadien, Abderaman Koulamallah a d\u00e9clar\u00e9 qu\u2019il n\u2019y aura pas de ...","robots":{"index":"index","follow":"follow","max-snippet":"max-snippet:-1","max-image-preview":"max-image-preview:large","max-video-preview":"max-video-preview:-1"},"canonical":"https:\/\/www.africa-press.net\/tchad\/dossiers\/dialogue-national-au-tchad-desavoue-par-abderaman-koulamallah-le-president-goukouni-weddeye-va-t-il-se-facher-contre-le-pcmt","og_locale":"fr_FR","og_type":"article","og_title":"Dialogue national au Tchad: d\u00e9savou\u00e9 par Abderaman Koulamallah, le pr\u00e9sident Goukouni Weddeye va-t-il se f\u00e2cher contre le PCMT ?","og_description":"le 5 novembre, le ministre porte-parole du gouvernement tchadien, Abderaman Koulamallah a d\u00e9clar\u00e9 qu\u2019il n\u2019y aura pas de ...","og_url":"https:\/\/www.africa-press.net\/tchad\/dossiers\/dialogue-national-au-tchad-desavoue-par-abderaman-koulamallah-le-president-goukouni-weddeye-va-t-il-se-facher-contre-le-pcmt","og_site_name":"tchad","article_published_time":"2021-11-12T17:42:34+00:00","article_modified_time":"2021-11-12T18:13:14+00:00","og_image":[{"width":800,"height":450,"url":"https:\/\/static.africa-press.net\/tchad\/sites\/41\/2021\/11\/img-618eae96b061c.jpg","type":"image\/jpeg"}],"author":"cfeditorfr","twitter_card":"summary_large_image","twitter_misc":{"\u00c9crit par":"cfeditorfr","Dur\u00e9e de lecture estim\u00e9e":"2 minutes"},"schema":{"@context":"https:\/\/schema.org","@graph":[{"@type":"Article","@id":"https:\/\/www.africa-press.net\/tchad\/dossiers\/dialogue-national-au-tchad-desavoue-par-abderaman-koulamallah-le-president-goukouni-weddeye-va-t-il-se-facher-contre-le-pcmt#article","isPartOf":{"@id":"https:\/\/www.africa-press.net\/tchad\/dossiers\/dialogue-national-au-tchad-desavoue-par-abderaman-koulamallah-le-president-goukouni-weddeye-va-t-il-se-facher-contre-le-pcmt"},"author":{"name":"cfeditorfr","@id":"https:\/\/www.africa-press.net\/tchad\/#\/schema\/person\/2b1cf3cd81a31e3cd26889ca66d677f1"},"headline":"Dialogue national au Tchad: d\u00e9savou\u00e9 par Abderaman Koulamallah, le pr\u00e9sident Goukouni Weddeye va-t-il se f\u00e2cher contre le PCMT ?","datePublished":"2021-11-12T17:42:34+00:00","dateModified":"2021-11-12T18:13:14+00:00","mainEntityOfPage":{"@id":"https:\/\/www.africa-press.net\/tchad\/dossiers\/dialogue-national-au-tchad-desavoue-par-abderaman-koulamallah-le-president-goukouni-weddeye-va-t-il-se-facher-contre-le-pcmt"},"wordCount":422,"commentCount":0,"image":{"@id":"https:\/\/www.africa-press.net\/tchad\/dossiers\/dialogue-national-au-tchad-desavoue-par-abderaman-koulamallah-le-president-goukouni-weddeye-va-t-il-se-facher-contre-le-pcmt#primaryimage"},"thumbnailUrl":"https:\/\/static.africa-press.net\/tchad\/sites\/41\/2021\/11\/img-618eae96b061c.jpg","keywords":["Abderaman Koulamallah","Africa Press","Africa Press-Tchad","PCMT","Tchad"],"articleSection":["Dossiers","homepage-french","Top Nouvelles","Toutes les actualit\u00e9s"],"inLanguage":"fr-FR","potentialAction":[{"@type":"CommentAction","name":"Comment","target":["https:\/\/www.africa-press.net\/tchad\/dossiers\/dialogue-national-au-tchad-desavoue-par-abderaman-koulamallah-le-president-goukouni-weddeye-va-t-il-se-facher-contre-le-pcmt#respond"]}]},{"@type":"WebPage","@id":"https:\/\/www.africa-press.net\/tchad\/dossiers\/dialogue-national-au-tchad-desavoue-par-abderaman-koulamallah-le-president-goukouni-weddeye-va-t-il-se-facher-contre-le-pcmt","url":"https:\/\/www.africa-press.net\/tchad\/dossiers\/dialogue-national-au-tchad-desavoue-par-abderaman-koulamallah-le-president-goukouni-weddeye-va-t-il-se-facher-contre-le-pcmt","name":"Dialogue national au Tchad: d\u00e9savou\u00e9 par Abderaman Koulamallah, le pr\u00e9sident Goukouni Weddeye va-t-il se f\u00e2cher contre le PCMT ? - tchad","isPartOf":{"@id":"https:\/\/www.africa-press.net\/tchad\/#website"},"primaryImageOfPage":{"@id":"https:\/\/www.africa-press.net\/tchad\/dossiers\/dialogue-national-au-tchad-desavoue-par-abderaman-koulamallah-le-president-goukouni-weddeye-va-t-il-se-facher-contre-le-pcmt#primaryimage"},"image":{"@id":"https:\/\/www.africa-press.net\/tchad\/dossiers\/dialogue-national-au-tchad-desavoue-par-abderaman-koulamallah-le-president-goukouni-weddeye-va-t-il-se-facher-contre-le-pcmt#primaryimage"},"thumbnailUrl":"https:\/\/static.africa-press.net\/tchad\/sites\/41\/2021\/11\/img-618eae96b061c.jpg","datePublished":"2021-11-12T17:42:34+00:00","dateModified":"2021-11-12T18:13:14+00:00","author":{"@id":"https:\/\/www.africa-press.net\/tchad\/#\/schema\/person\/2b1cf3cd81a31e3cd26889ca66d677f1"},"description":"le 5 novembre, le ministre porte-parole du gouvernement tchadien, Abderaman Koulamallah a d\u00e9clar\u00e9 qu\u2019il n\u2019y aura pas de ...","breadcrumb":{"@id":"https:\/\/www.africa-press.net\/tchad\/dossiers\/dialogue-national-au-tchad-desavoue-par-abderaman-koulamallah-le-president-goukouni-weddeye-va-t-il-se-facher-contre-le-pcmt#breadcrumb"},"inLanguage":"fr-FR","potentialAction":[{"@type":"ReadAction","target":["https:\/\/www.africa-press.net\/tchad\/dossiers\/dialogue-national-au-tchad-desavoue-par-abderaman-koulamallah-le-president-goukouni-weddeye-va-t-il-se-facher-contre-le-pcmt"]}]},{"@type":"ImageObject","inLanguage":"fr-FR","@id":"https:\/\/www.africa-press.net\/tchad\/dossiers\/dialogue-national-au-tchad-desavoue-par-abderaman-koulamallah-le-president-goukouni-weddeye-va-t-il-se-facher-contre-le-pcmt#primaryimage","url":"https:\/\/static.africa-press.net\/tchad\/sites\/41\/2021\/11\/img-618eae96b061c.jpg","contentUrl":"https:\/\/static.africa-press.net\/tchad\/sites\/41\/2021\/11\/img-618eae96b061c.jpg","width":800,"height":450,"caption":"Dialogue national au Tchad: d\u00e9savou\u00e9 par Abderaman Koulamallah, le pr\u00e9sident Goukouni Weddeye va-t-il se f\u00e2cher contre le PCMT ?"},{"@type":"BreadcrumbList","@id":"https:\/\/www.africa-press.net\/tchad\/dossiers\/dialogue-national-au-tchad-desavoue-par-abderaman-koulamallah-le-president-goukouni-weddeye-va-t-il-se-facher-contre-le-pcmt#breadcrumb","itemListElement":[{"@type":"ListItem","position":1,"name":"Accueil","item":"https:\/\/www.africa-press.net\/tchad\/"},{"@type":"ListItem","position":2,"name":"Dialogue national au Tchad: d\u00e9savou\u00e9 par Abderaman Koulamallah, le pr\u00e9sident Goukouni Weddeye va-t-il se f\u00e2cher contre le PCMT ?"}]},{"@type":"WebSite","@id":"https:\/\/www.africa-press.net\/tchad\/#website","url":"https:\/\/www.africa-press.net\/tchad\/","name":"tchad","description":"Just another Africa News Agency Sites site","potentialAction":[{"@type":"SearchAction","target":{"@type":"EntryPoint","urlTemplate":"https:\/\/www.africa-press.net\/tchad\/?s={search_term_string}"},"query-input":{"@type":"PropertyValueSpecification","valueRequired":true,"valueName":"search_term_string"}}],"inLanguage":"fr-FR"},{"@type":"Person","@id":"https:\/\/www.africa-press.net\/tchad\/#\/schema\/person\/2b1cf3cd81a31e3cd26889ca66d677f1","name":"cfeditorfr"}]}},"_links":{"self":[{"href":"https:\/\/www.africa-press.net\/tchad\/wp-json\/wp\/v2\/posts\/13558","targetHints":{"allow":["GET"]}}],"collection":[{"href":"https:\/\/www.africa-press.net\/tchad\/wp-json\/wp\/v2\/posts"}],"about":[{"href":"https:\/\/www.africa-press.net\/tchad\/wp-json\/wp\/v2\/types\/post"}],"author":[{"embeddable":true,"href":"https:\/\/www.africa-press.net\/tchad\/wp-json\/wp\/v2\/users\/82"}],"replies":[{"embeddable":true,"href":"https:\/\/www.africa-press.net\/tchad\/wp-json\/wp\/v2\/comments?post=13558"}],"version-history":[{"count":0,"href":"https:\/\/www.africa-press.net\/tchad\/wp-json\/wp\/v2\/posts\/13558\/revisions"}],"wp:featuredmedia":[{"embeddable":true,"href":"https:\/\/www.africa-press.net\/tchad\/wp-json\/wp\/v2\/media\/13557"}],"wp:attachment":[{"href":"https:\/\/www.africa-press.net\/tchad\/wp-json\/wp\/v2\/media?parent=13558"}],"wp:term":[{"taxonomy":"category","embeddable":true,"href":"https:\/\/www.africa-press.net\/tchad\/wp-json\/wp\/v2\/categories?post=13558"},{"taxonomy":"post_tag","embeddable":true,"href":"https:\/\/www.africa-press.net\/tchad\/wp-json\/wp\/v2\/tags?post=13558"}],"curies":[{"name":"wp","href":"https:\/\/api.w.org\/{rel}","templated":true}]}}