{"id":13576,"date":"2021-11-12T17:49:53","date_gmt":"2021-11-12T17:49:53","guid":{"rendered":"https:\/\/www.africa-press.net\/tchad\/politique\/greve-seche-et-illimitee-a-luniversite-adam-barka-dabeche"},"modified":"2021-11-12T18:17:30","modified_gmt":"2021-11-12T18:17:30","slug":"greve-seche-et-illimitee-a-luniversite-adam-barka-dabeche","status":"publish","type":"post","link":"https:\/\/www.africa-press.net\/tchad\/toutes-les-actualites\/greve-seche-et-illimitee-a-luniversite-adam-barka-dabeche","title":{"rendered":"gr\u00e8ve s\u00e8che et illimit\u00e9e \u00e0 l\u2019universit\u00e9 Adam Barka d\u2019Ab\u00e9ch\u00e9"},"content":{"rendered":"<p><span style=\"color: #ff6600\"><strong>Africa-Press &#8211; Tchad. <\/strong><\/span><b>Le syndicat national des enseignants et chercheurs du sup\u00e9rieur (SYNECS), section s\u2019Ab\u00e9ch\u00e9 entame d\u00e8s ce vendredi 12 novembre 2021, une gr\u00e8ve s\u00e8che et illimit\u00e9e.<\/b><\/p>\n<p>C\u2019est \u00e0 la suite d\u2019une assembl\u00e9e g\u00e9n\u00e9rale extraordinaire que les enseignants de la section SYNECS d\u2019 Ab\u00e9ch\u00e9 entrent en gr\u00e8ve. Ils exigent, le d\u00e9part imm\u00e9diat et sans d\u00e9lai du pr\u00e9sident de l\u2019UNABA, Mahamat Seid. Le SYNECS affirme qu\u2019il est le seul obstacle \u00e0 l\u2019application des revendications des enseignants de ladite universit\u00e9. Les enseignants et chercheurs entendent d\u00e8s lors observer cette gr\u00e8ve s\u00e8che et illimit\u00e9e jusqu\u2019\u00e0 son d\u00e9part.<\/p>\n<p>Ce n\u2019est pas tout, le syndicat exige \u00e9galement un audit de la gestion du pr\u00e9sident de l\u2019universit\u00e9 sur les deux derni\u00e8res ann\u00e9es. Notamment pendant les ann\u00e9es 2019-2020 et 2020-2021. Et enfin, le SYNECS exige, une d\u00e9claration d\u2019engagement des \u00e9ventuels nouveaux responsables \u00e0 faire appliquer les points de revendications des enseignants-chercheurs.<\/p>\n<p><strong>Pour plus d&rsquo;informations et d&rsquo;analyses sur la <a href=\"https:\/\/www.africa-press.net\/tchad\">Tchad<\/a>, suivez <a href=\"https:\/\/www.africa-press.net\/\">Africa-Press<\/a><\/strong><\/p>\n","protected":false},"excerpt":{"rendered":"<p>Africa-Press &#8211; Tchad. Le syndicat national des enseignants et chercheurs du sup\u00e9rieur (SYNECS), section s\u2019Ab\u00e9ch\u00e9 entame d\u00e8s ce vendredi 12 novembre 2021, une gr\u00e8ve s\u00e8che et illimit\u00e9e. C\u2019est \u00e0 la suite d\u2019une assembl\u00e9e g\u00e9n\u00e9rale extraordinaire que les enseignants de la section SYNECS d\u2019 Ab\u00e9ch\u00e9 entrent en gr\u00e8ve. Ils exigent, le d\u00e9part imm\u00e9diat et sans d\u00e9lai [&hellip;]<\/p>\n","protected":false},"author":82,"featured_media":13575,"comment_status":"open","ping_status":"closed","sticky":false,"template":"","format":"standard","meta":{"footnotes":""},"categories":[21,11,20,10],"tags":[37,292,2450,29],"class_list":["post-13576","post","type-post","status-publish","format-standard","has-post-thumbnail","hentry","category-communaute","category-homepage-french","category-top-nouvelles","category-toutes-les-actualites","tag-africa-press","tag-africa-press-tchad","tag-greve-seche-et-illimite-a-lunaba","tag-tchad"],"yoast_head":"<!-- This site is optimized with the Yoast SEO Premium plugin v26.1 (Yoast SEO v27.0) - https:\/\/yoast.com\/product\/yoast-seo-premium-wordpress\/ -->\n<title>gr\u00e8ve s\u00e8che et illimit\u00e9e \u00e0 l\u2019universit\u00e9 Adam Barka d\u2019Ab\u00e9ch\u00e9 - tchad<\/title>\n<meta name=\"description\" content=\"Le syndicat national des enseignants et chercheurs du sup\u00e9rieur (SYNECS), section s\u2019Ab\u00e9ch\u00e9 entame d\u00e8s ce vendredi 12 ...\" \/>\n<meta name=\"robots\" content=\"index, follow, max-snippet:-1, max-image-preview:large, max-video-preview:-1\" \/>\n<link rel=\"canonical\" href=\"https:\/\/www.africa-press.net\/tchad\/toutes-les-actualites\/greve-seche-et-illimitee-a-luniversite-adam-barka-dabeche\" \/>\n<meta property=\"og:locale\" content=\"fr_FR\" \/>\n<meta property=\"og:type\" content=\"article\" \/>\n<meta property=\"og:title\" content=\"gr\u00e8ve s\u00e8che et illimit\u00e9e \u00e0 l\u2019universit\u00e9 Adam Barka d\u2019Ab\u00e9ch\u00e9\" \/>\n<meta property=\"og:description\" content=\"Le syndicat national des enseignants et chercheurs du sup\u00e9rieur (SYNECS), section s\u2019Ab\u00e9ch\u00e9 entame d\u00e8s ce vendredi 12 ...\" \/>\n<meta property=\"og:url\" content=\"https:\/\/www.africa-press.net\/tchad\/toutes-les-actualites\/greve-seche-et-illimitee-a-luniversite-adam-barka-dabeche\" \/>\n<meta property=\"og:site_name\" content=\"tchad\" \/>\n<meta property=\"article:published_time\" content=\"2021-11-12T17:49:53+00:00\" \/>\n<meta property=\"article:modified_time\" content=\"2021-11-12T18:17:30+00:00\" \/>\n<meta property=\"og:image\" content=\"https:\/\/static.africa-press.net\/tchad\/sites\/41\/2021\/11\/img-618eaf9d8c645.jpg\" \/>\n\t<meta property=\"og:image:width\" content=\"780\" \/>\n\t<meta property=\"og:image:height\" content=\"440\" \/>\n\t<meta property=\"og:image:type\" content=\"image\/jpeg\" \/>\n<meta name=\"author\" content=\"cfeditorfr\" \/>\n<meta name=\"twitter:card\" content=\"summary_large_image\" \/>\n<meta name=\"twitter:label1\" content=\"\u00c9crit par\" \/>\n\t<meta name=\"twitter:data1\" content=\"cfeditorfr\" \/>\n\t<meta name=\"twitter:label2\" content=\"Dur\u00e9e de lecture estim\u00e9e\" \/>\n\t<meta name=\"twitter:data2\" content=\"1 minute\" \/>\n<script type=\"application\/ld+json\" class=\"yoast-schema-graph\">{\"@context\":\"https:\/\/schema.org\",\"@graph\":[{\"@type\":\"Article\",\"@id\":\"https:\/\/www.africa-press.net\/tchad\/toutes-les-actualites\/greve-seche-et-illimitee-a-luniversite-adam-barka-dabeche#article\",\"isPartOf\":{\"@id\":\"https:\/\/www.africa-press.net\/tchad\/toutes-les-actualites\/greve-seche-et-illimitee-a-luniversite-adam-barka-dabeche\"},\"author\":{\"name\":\"cfeditorfr\",\"@id\":\"https:\/\/www.africa-press.net\/tchad\/#\/schema\/person\/2b1cf3cd81a31e3cd26889ca66d677f1\"},\"headline\":\"gr\u00e8ve s\u00e8che et illimit\u00e9e \u00e0 l\u2019universit\u00e9 Adam Barka d\u2019Ab\u00e9ch\u00e9\",\"datePublished\":\"2021-11-12T17:49:53+00:00\",\"dateModified\":\"2021-11-12T18:17:30+00:00\",\"mainEntityOfPage\":{\"@id\":\"https:\/\/www.africa-press.net\/tchad\/toutes-les-actualites\/greve-seche-et-illimitee-a-luniversite-adam-barka-dabeche\"},\"wordCount\":199,\"commentCount\":0,\"image\":{\"@id\":\"https:\/\/www.africa-press.net\/tchad\/toutes-les-actualites\/greve-seche-et-illimitee-a-luniversite-adam-barka-dabeche#primaryimage\"},\"thumbnailUrl\":\"https:\/\/static.africa-press.net\/tchad\/sites\/41\/2021\/11\/img-618eaf9d8c645.jpg\",\"keywords\":[\"Africa Press\",\"Africa Press-Tchad\",\"gr\u00e8ve s\u00e8che et illimit\u00e9 \u00e0 l'UNABA\",\"Tchad\"],\"articleSection\":[\"Communaut\u00e9\",\"homepage-french\",\"Top Nouvelles\",\"Toutes les actualit\u00e9s\"],\"inLanguage\":\"fr-FR\",\"potentialAction\":[{\"@type\":\"CommentAction\",\"name\":\"Comment\",\"target\":[\"https:\/\/www.africa-press.net\/tchad\/toutes-les-actualites\/greve-seche-et-illimitee-a-luniversite-adam-barka-dabeche#respond\"]}]},{\"@type\":\"WebPage\",\"@id\":\"https:\/\/www.africa-press.net\/tchad\/toutes-les-actualites\/greve-seche-et-illimitee-a-luniversite-adam-barka-dabeche\",\"url\":\"https:\/\/www.africa-press.net\/tchad\/toutes-les-actualites\/greve-seche-et-illimitee-a-luniversite-adam-barka-dabeche\",\"name\":\"gr\u00e8ve s\u00e8che et illimit\u00e9e \u00e0 l\u2019universit\u00e9 Adam Barka d\u2019Ab\u00e9ch\u00e9 - tchad\",\"isPartOf\":{\"@id\":\"https:\/\/www.africa-press.net\/tchad\/#website\"},\"primaryImageOfPage\":{\"@id\":\"https:\/\/www.africa-press.net\/tchad\/toutes-les-actualites\/greve-seche-et-illimitee-a-luniversite-adam-barka-dabeche#primaryimage\"},\"image\":{\"@id\":\"https:\/\/www.africa-press.net\/tchad\/toutes-les-actualites\/greve-seche-et-illimitee-a-luniversite-adam-barka-dabeche#primaryimage\"},\"thumbnailUrl\":\"https:\/\/static.africa-press.net\/tchad\/sites\/41\/2021\/11\/img-618eaf9d8c645.jpg\",\"datePublished\":\"2021-11-12T17:49:53+00:00\",\"dateModified\":\"2021-11-12T18:17:30+00:00\",\"author\":{\"@id\":\"https:\/\/www.africa-press.net\/tchad\/#\/schema\/person\/2b1cf3cd81a31e3cd26889ca66d677f1\"},\"description\":\"Le syndicat national des enseignants et chercheurs du sup\u00e9rieur (SYNECS), section s\u2019Ab\u00e9ch\u00e9 entame d\u00e8s ce vendredi 12 ...\",\"breadcrumb\":{\"@id\":\"https:\/\/www.africa-press.net\/tchad\/toutes-les-actualites\/greve-seche-et-illimitee-a-luniversite-adam-barka-dabeche#breadcrumb\"},\"inLanguage\":\"fr-FR\",\"potentialAction\":[{\"@type\":\"ReadAction\",\"target\":[\"https:\/\/www.africa-press.net\/tchad\/toutes-les-actualites\/greve-seche-et-illimitee-a-luniversite-adam-barka-dabeche\"]}]},{\"@type\":\"ImageObject\",\"inLanguage\":\"fr-FR\",\"@id\":\"https:\/\/www.africa-press.net\/tchad\/toutes-les-actualites\/greve-seche-et-illimitee-a-luniversite-adam-barka-dabeche#primaryimage\",\"url\":\"https:\/\/static.africa-press.net\/tchad\/sites\/41\/2021\/11\/img-618eaf9d8c645.jpg\",\"contentUrl\":\"https:\/\/static.africa-press.net\/tchad\/sites\/41\/2021\/11\/img-618eaf9d8c645.jpg\",\"width\":780,\"height\":440,\"caption\":\"gr\u00e8ve s\u00e8che et illimit\u00e9e \u00e0 l\u2019universit\u00e9 Adam Barka d\u2019Ab\u00e9ch\u00e9\"},{\"@type\":\"BreadcrumbList\",\"@id\":\"https:\/\/www.africa-press.net\/tchad\/toutes-les-actualites\/greve-seche-et-illimitee-a-luniversite-adam-barka-dabeche#breadcrumb\",\"itemListElement\":[{\"@type\":\"ListItem\",\"position\":1,\"name\":\"Accueil\",\"item\":\"https:\/\/www.africa-press.net\/tchad\/\"},{\"@type\":\"ListItem\",\"position\":2,\"name\":\"gr\u00e8ve s\u00e8che et illimit\u00e9e \u00e0 l\u2019universit\u00e9 Adam Barka d\u2019Ab\u00e9ch\u00e9\"}]},{\"@type\":\"WebSite\",\"@id\":\"https:\/\/www.africa-press.net\/tchad\/#website\",\"url\":\"https:\/\/www.africa-press.net\/tchad\/\",\"name\":\"tchad\",\"description\":\"Just another Africa News Agency Sites site\",\"potentialAction\":[{\"@type\":\"SearchAction\",\"target\":{\"@type\":\"EntryPoint\",\"urlTemplate\":\"https:\/\/www.africa-press.net\/tchad\/?s={search_term_string}\"},\"query-input\":{\"@type\":\"PropertyValueSpecification\",\"valueRequired\":true,\"valueName\":\"search_term_string\"}}],\"inLanguage\":\"fr-FR\"},{\"@type\":\"Person\",\"@id\":\"https:\/\/www.africa-press.net\/tchad\/#\/schema\/person\/2b1cf3cd81a31e3cd26889ca66d677f1\",\"name\":\"cfeditorfr\"}]}<\/script>\n<!-- \/ Yoast SEO Premium plugin. -->","yoast_head_json":{"title":"gr\u00e8ve s\u00e8che et illimit\u00e9e \u00e0 l\u2019universit\u00e9 Adam Barka d\u2019Ab\u00e9ch\u00e9 - tchad","description":"Le syndicat national des enseignants et chercheurs du sup\u00e9rieur (SYNECS), section s\u2019Ab\u00e9ch\u00e9 entame d\u00e8s ce vendredi 12 ...","robots":{"index":"index","follow":"follow","max-snippet":"max-snippet:-1","max-image-preview":"max-image-preview:large","max-video-preview":"max-video-preview:-1"},"canonical":"https:\/\/www.africa-press.net\/tchad\/toutes-les-actualites\/greve-seche-et-illimitee-a-luniversite-adam-barka-dabeche","og_locale":"fr_FR","og_type":"article","og_title":"gr\u00e8ve s\u00e8che et illimit\u00e9e \u00e0 l\u2019universit\u00e9 Adam Barka d\u2019Ab\u00e9ch\u00e9","og_description":"Le syndicat national des enseignants et chercheurs du sup\u00e9rieur (SYNECS), section s\u2019Ab\u00e9ch\u00e9 entame d\u00e8s ce vendredi 12 ...","og_url":"https:\/\/www.africa-press.net\/tchad\/toutes-les-actualites\/greve-seche-et-illimitee-a-luniversite-adam-barka-dabeche","og_site_name":"tchad","article_published_time":"2021-11-12T17:49:53+00:00","article_modified_time":"2021-11-12T18:17:30+00:00","og_image":[{"width":780,"height":440,"url":"https:\/\/static.africa-press.net\/tchad\/sites\/41\/2021\/11\/img-618eaf9d8c645.jpg","type":"image\/jpeg"}],"author":"cfeditorfr","twitter_card":"summary_large_image","twitter_misc":{"\u00c9crit par":"cfeditorfr","Dur\u00e9e de lecture estim\u00e9e":"1 minute"},"schema":{"@context":"https:\/\/schema.org","@graph":[{"@type":"Article","@id":"https:\/\/www.africa-press.net\/tchad\/toutes-les-actualites\/greve-seche-et-illimitee-a-luniversite-adam-barka-dabeche#article","isPartOf":{"@id":"https:\/\/www.africa-press.net\/tchad\/toutes-les-actualites\/greve-seche-et-illimitee-a-luniversite-adam-barka-dabeche"},"author":{"name":"cfeditorfr","@id":"https:\/\/www.africa-press.net\/tchad\/#\/schema\/person\/2b1cf3cd81a31e3cd26889ca66d677f1"},"headline":"gr\u00e8ve s\u00e8che et illimit\u00e9e \u00e0 l\u2019universit\u00e9 Adam Barka d\u2019Ab\u00e9ch\u00e9","datePublished":"2021-11-12T17:49:53+00:00","dateModified":"2021-11-12T18:17:30+00:00","mainEntityOfPage":{"@id":"https:\/\/www.africa-press.net\/tchad\/toutes-les-actualites\/greve-seche-et-illimitee-a-luniversite-adam-barka-dabeche"},"wordCount":199,"commentCount":0,"image":{"@id":"https:\/\/www.africa-press.net\/tchad\/toutes-les-actualites\/greve-seche-et-illimitee-a-luniversite-adam-barka-dabeche#primaryimage"},"thumbnailUrl":"https:\/\/static.africa-press.net\/tchad\/sites\/41\/2021\/11\/img-618eaf9d8c645.jpg","keywords":["Africa Press","Africa Press-Tchad","gr\u00e8ve s\u00e8che et illimit\u00e9 \u00e0 l'UNABA","Tchad"],"articleSection":["Communaut\u00e9","homepage-french","Top Nouvelles","Toutes les actualit\u00e9s"],"inLanguage":"fr-FR","potentialAction":[{"@type":"CommentAction","name":"Comment","target":["https:\/\/www.africa-press.net\/tchad\/toutes-les-actualites\/greve-seche-et-illimitee-a-luniversite-adam-barka-dabeche#respond"]}]},{"@type":"WebPage","@id":"https:\/\/www.africa-press.net\/tchad\/toutes-les-actualites\/greve-seche-et-illimitee-a-luniversite-adam-barka-dabeche","url":"https:\/\/www.africa-press.net\/tchad\/toutes-les-actualites\/greve-seche-et-illimitee-a-luniversite-adam-barka-dabeche","name":"gr\u00e8ve s\u00e8che et illimit\u00e9e \u00e0 l\u2019universit\u00e9 Adam Barka d\u2019Ab\u00e9ch\u00e9 - tchad","isPartOf":{"@id":"https:\/\/www.africa-press.net\/tchad\/#website"},"primaryImageOfPage":{"@id":"https:\/\/www.africa-press.net\/tchad\/toutes-les-actualites\/greve-seche-et-illimitee-a-luniversite-adam-barka-dabeche#primaryimage"},"image":{"@id":"https:\/\/www.africa-press.net\/tchad\/toutes-les-actualites\/greve-seche-et-illimitee-a-luniversite-adam-barka-dabeche#primaryimage"},"thumbnailUrl":"https:\/\/static.africa-press.net\/tchad\/sites\/41\/2021\/11\/img-618eaf9d8c645.jpg","datePublished":"2021-11-12T17:49:53+00:00","dateModified":"2021-11-12T18:17:30+00:00","author":{"@id":"https:\/\/www.africa-press.net\/tchad\/#\/schema\/person\/2b1cf3cd81a31e3cd26889ca66d677f1"},"description":"Le syndicat national des enseignants et chercheurs du sup\u00e9rieur (SYNECS), section s\u2019Ab\u00e9ch\u00e9 entame d\u00e8s ce vendredi 12 ...","breadcrumb":{"@id":"https:\/\/www.africa-press.net\/tchad\/toutes-les-actualites\/greve-seche-et-illimitee-a-luniversite-adam-barka-dabeche#breadcrumb"},"inLanguage":"fr-FR","potentialAction":[{"@type":"ReadAction","target":["https:\/\/www.africa-press.net\/tchad\/toutes-les-actualites\/greve-seche-et-illimitee-a-luniversite-adam-barka-dabeche"]}]},{"@type":"ImageObject","inLanguage":"fr-FR","@id":"https:\/\/www.africa-press.net\/tchad\/toutes-les-actualites\/greve-seche-et-illimitee-a-luniversite-adam-barka-dabeche#primaryimage","url":"https:\/\/static.africa-press.net\/tchad\/sites\/41\/2021\/11\/img-618eaf9d8c645.jpg","contentUrl":"https:\/\/static.africa-press.net\/tchad\/sites\/41\/2021\/11\/img-618eaf9d8c645.jpg","width":780,"height":440,"caption":"gr\u00e8ve s\u00e8che et illimit\u00e9e \u00e0 l\u2019universit\u00e9 Adam Barka d\u2019Ab\u00e9ch\u00e9"},{"@type":"BreadcrumbList","@id":"https:\/\/www.africa-press.net\/tchad\/toutes-les-actualites\/greve-seche-et-illimitee-a-luniversite-adam-barka-dabeche#breadcrumb","itemListElement":[{"@type":"ListItem","position":1,"name":"Accueil","item":"https:\/\/www.africa-press.net\/tchad\/"},{"@type":"ListItem","position":2,"name":"gr\u00e8ve s\u00e8che et illimit\u00e9e \u00e0 l\u2019universit\u00e9 Adam Barka d\u2019Ab\u00e9ch\u00e9"}]},{"@type":"WebSite","@id":"https:\/\/www.africa-press.net\/tchad\/#website","url":"https:\/\/www.africa-press.net\/tchad\/","name":"tchad","description":"Just another Africa News Agency Sites site","potentialAction":[{"@type":"SearchAction","target":{"@type":"EntryPoint","urlTemplate":"https:\/\/www.africa-press.net\/tchad\/?s={search_term_string}"},"query-input":{"@type":"PropertyValueSpecification","valueRequired":true,"valueName":"search_term_string"}}],"inLanguage":"fr-FR"},{"@type":"Person","@id":"https:\/\/www.africa-press.net\/tchad\/#\/schema\/person\/2b1cf3cd81a31e3cd26889ca66d677f1","name":"cfeditorfr"}]}},"_links":{"self":[{"href":"https:\/\/www.africa-press.net\/tchad\/wp-json\/wp\/v2\/posts\/13576","targetHints":{"allow":["GET"]}}],"collection":[{"href":"https:\/\/www.africa-press.net\/tchad\/wp-json\/wp\/v2\/posts"}],"about":[{"href":"https:\/\/www.africa-press.net\/tchad\/wp-json\/wp\/v2\/types\/post"}],"author":[{"embeddable":true,"href":"https:\/\/www.africa-press.net\/tchad\/wp-json\/wp\/v2\/users\/82"}],"replies":[{"embeddable":true,"href":"https:\/\/www.africa-press.net\/tchad\/wp-json\/wp\/v2\/comments?post=13576"}],"version-history":[{"count":0,"href":"https:\/\/www.africa-press.net\/tchad\/wp-json\/wp\/v2\/posts\/13576\/revisions"}],"wp:featuredmedia":[{"embeddable":true,"href":"https:\/\/www.africa-press.net\/tchad\/wp-json\/wp\/v2\/media\/13575"}],"wp:attachment":[{"href":"https:\/\/www.africa-press.net\/tchad\/wp-json\/wp\/v2\/media?parent=13576"}],"wp:term":[{"taxonomy":"category","embeddable":true,"href":"https:\/\/www.africa-press.net\/tchad\/wp-json\/wp\/v2\/categories?post=13576"},{"taxonomy":"post_tag","embeddable":true,"href":"https:\/\/www.africa-press.net\/tchad\/wp-json\/wp\/v2\/tags?post=13576"}],"curies":[{"name":"wp","href":"https:\/\/api.w.org\/{rel}","templated":true}]}}