{"id":13579,"date":"2021-11-12T17:50:23","date_gmt":"2021-11-12T17:50:23","guid":{"rendered":"https:\/\/www.africa-press.net\/tchad\/politique\/dr-attie-djawite-djarnabi-appelle-les-citoyens-a-la-prise-de-conscience"},"modified":"2021-11-12T18:18:04","modified_gmt":"2021-11-12T18:18:04","slug":"dr-attie-djawite-djarnabi-appelle-les-citoyens-a-la-prise-de-conscience","status":"publish","type":"post","link":"https:\/\/www.africa-press.net\/tchad\/politique\/dr-attie-djawite-djarnabi-appelle-les-citoyens-a-la-prise-de-conscience","title":{"rendered":"Dr Atti\u00e9 Djawite Djarnabi appelle les citoyens \u00e0 la prise de conscience"},"content":{"rendered":"<p><span style=\"color: #ff6600\"><strong>Africa-Press &#8211; Tchad. <\/strong><\/span>L\u2019\u00e9crivain po\u00e8te, Dr Atti\u00e9 Djawite Djarnabi, a anim\u00e9 le 11 novembre 2021 \u00e0 l\u2019amphith\u00e9\u00e2tre de l&rsquo;universit\u00e9 Adam Barka d\u2019Ab\u00e9ch\u00e9, une conf\u00e9rence-d\u00e9bat sur le th\u00e8me : \u00ab l\u2019\u00e9ducation \u00e0 la paix et l\u2019engagement civique \u00bb.<\/p>\n<p>Cette conf\u00e9rence-d\u00e9bat s&rsquo;inscrit dans le cadre du projet de sensibilisation sur la culture de la paix et l\u2019engagement civique et \u00e9lectoral dans la ville d\u2019Ab\u00e9ch\u00e9, initi\u00e9 par l\u2019Association \u00e9toiles des jeunes pour la culture et le d\u00e9veloppement du Ouadda\u00ef, en partenariat avec l&rsquo;Institut r\u00e9publicain international.<\/p>\n<p>La conf\u00e9rence a vu la participation des \u00e9tudiants de l\u2019UNABA. Dans son mot introductif, le pr\u00e9sident de l\u00b4Association Etoiles des jeunes, Hassan Abdoulaye Hassan, a rappel\u00e9 \u00e0 l\u2019assistance l&rsquo;importance du projet.<\/p>\n<p>Pour lui, ce projet de sensibilisation sur la culture de la paix vise \u00e0 accro\u00eetre la participation de toutes les couches sociales, en occurrence les jeunes, afin de s&rsquo;impliquer davantage dans le processus \u00e9lectoral pour le d\u00e9veloppement de la province.<\/p>\n<p>Dans sa pr\u00e9sentation, le paneliste Dr Atti\u00e9 Djawite Djarnabi, a abord\u00e9 plusieurs aspects qui touchent les valeurs de la paix. Il a fait savoir aux \u00e9tudiants que les notions de la paix exigent plusieurs facteurs.<\/p>\n<p>Il a cit\u00e9 le civisme, la coh\u00e9rence sociale, le vivre-ensemble, le pardon et l&rsquo;amour du prochain, car toutes ces notions permettent aux citoyens de s&rsquo;accepter les uns aux autres, afin de cultiver la culture de la paix entre les diff\u00e9rentes communaut\u00e9s vivantes dans un territoire donn\u00e9. Le conf\u00e9rencier a \u00e9voqu\u00e9 \u00e9galement la question de l\u2019\u00e9ducation de base.<\/p>\n<p>Pour lui, il faut \u00e9galement commencer \u00e0 \u00e9duquer \u00e0 partir de la maison, car c&rsquo;est dans la maison qu&rsquo;on peut inculquer aux enfants une \u00e9ducation de qualit\u00e9, puis l\u2019\u00e9cole le compl\u00e8te avec des instructions, tandis que la soci\u00e9t\u00e9 doit r\u00e9gler ce que l&rsquo;Homme a appris \u00e0 la maison et \u00e0 l\u2019\u00e9cole.<\/p>\n<p>Dr Atti\u00e9 Djawite Djarnabi a enfin demand\u00e9 \u00e0 l\u2019assistance de v\u00e9hiculer le message re\u00e7u \u00e0 leur base pour que la population puisse savoir que la question de l\u2019\u00e9ducation \u00e0 la paix concerne chaque personne. Il faut noter que les \u00e9changes du d\u00e9bat \u00e9taient tr\u00e8s francs entre le paneliste et les participants.<\/p>\n<p><strong>Pour plus d&rsquo;informations et d&rsquo;analyses sur la <a href=\"https:\/\/www.africa-press.net\/tchad\">Tchad<\/a>, suivez <a href=\"https:\/\/www.africa-press.net\/\">Africa-Press<\/a><\/strong><\/p>\n","protected":false},"excerpt":{"rendered":"<p>Africa-Press &#8211; Tchad. L\u2019\u00e9crivain po\u00e8te, Dr Atti\u00e9 Djawite Djarnabi, a anim\u00e9 le 11 novembre 2021 \u00e0 l\u2019amphith\u00e9\u00e2tre de l&rsquo;universit\u00e9 Adam Barka d\u2019Ab\u00e9ch\u00e9, une conf\u00e9rence-d\u00e9bat sur le th\u00e8me : \u00ab l\u2019\u00e9ducation \u00e0 la paix et l\u2019engagement civique \u00bb. Cette conf\u00e9rence-d\u00e9bat s&rsquo;inscrit dans le cadre du projet de sensibilisation sur la culture de la paix et l\u2019engagement [&hellip;]<\/p>\n","protected":false},"author":82,"featured_media":13578,"comment_status":"open","ping_status":"closed","sticky":false,"template":"","format":"standard","meta":{"footnotes":""},"categories":[11,2,20,10],"tags":[37,292,2452,2451,29],"class_list":["post-13579","post","type-post","status-publish","format-standard","has-post-thumbnail","hentry","category-homepage-french","category-politique","category-top-nouvelles","category-toutes-les-actualites","tag-africa-press","tag-africa-press-tchad","tag-conscience","tag-djawite","tag-tchad"],"yoast_head":"<!-- This site is optimized with the Yoast SEO Premium plugin v26.1 (Yoast SEO v27.0) - https:\/\/yoast.com\/product\/yoast-seo-premium-wordpress\/ -->\n<title>Dr Atti\u00e9 Djawite Djarnabi appelle les citoyens \u00e0 la prise de conscience - tchad<\/title>\n<meta name=\"description\" content=\"L\u2019\u00e9crivain po\u00e8te, Dr Atti\u00e9 Djawite Djarnabi, a anim\u00e9 le 11 novembre 2021 \u00e0 l\u2019amphith\u00e9\u00e2tre de l&#039;universit\u00e9 Adam Barka d\u2019A ...\" \/>\n<meta name=\"robots\" content=\"index, follow, max-snippet:-1, max-image-preview:large, max-video-preview:-1\" \/>\n<link rel=\"canonical\" href=\"https:\/\/www.africa-press.net\/tchad\/politique\/dr-attie-djawite-djarnabi-appelle-les-citoyens-a-la-prise-de-conscience\" \/>\n<meta property=\"og:locale\" content=\"fr_FR\" \/>\n<meta property=\"og:type\" content=\"article\" \/>\n<meta property=\"og:title\" content=\"Dr Atti\u00e9 Djawite Djarnabi appelle les citoyens \u00e0 la prise de conscience\" \/>\n<meta property=\"og:description\" content=\"L\u2019\u00e9crivain po\u00e8te, Dr Atti\u00e9 Djawite Djarnabi, a anim\u00e9 le 11 novembre 2021 \u00e0 l\u2019amphith\u00e9\u00e2tre de l&#039;universit\u00e9 Adam Barka d\u2019A ...\" \/>\n<meta property=\"og:url\" content=\"https:\/\/www.africa-press.net\/tchad\/politique\/dr-attie-djawite-djarnabi-appelle-les-citoyens-a-la-prise-de-conscience\" \/>\n<meta property=\"og:site_name\" content=\"tchad\" \/>\n<meta property=\"article:published_time\" content=\"2021-11-12T17:50:23+00:00\" \/>\n<meta property=\"article:modified_time\" content=\"2021-11-12T18:18:04+00:00\" \/>\n<meta property=\"og:image\" content=\"https:\/\/static.africa-press.net\/tchad\/sites\/41\/2021\/11\/img-618eafc1476a1.jpg\" \/>\n\t<meta property=\"og:image:width\" content=\"868\" \/>\n\t<meta property=\"og:image:height\" content=\"391\" \/>\n\t<meta property=\"og:image:type\" content=\"image\/jpeg\" \/>\n<meta name=\"author\" content=\"cfeditorfr\" \/>\n<meta name=\"twitter:card\" content=\"summary_large_image\" \/>\n<meta name=\"twitter:label1\" content=\"\u00c9crit par\" \/>\n\t<meta name=\"twitter:data1\" content=\"cfeditorfr\" \/>\n\t<meta name=\"twitter:label2\" content=\"Dur\u00e9e de lecture estim\u00e9e\" \/>\n\t<meta name=\"twitter:data2\" content=\"2 minutes\" \/>\n<script type=\"application\/ld+json\" class=\"yoast-schema-graph\">{\"@context\":\"https:\/\/schema.org\",\"@graph\":[{\"@type\":\"Article\",\"@id\":\"https:\/\/www.africa-press.net\/tchad\/politique\/dr-attie-djawite-djarnabi-appelle-les-citoyens-a-la-prise-de-conscience#article\",\"isPartOf\":{\"@id\":\"https:\/\/www.africa-press.net\/tchad\/politique\/dr-attie-djawite-djarnabi-appelle-les-citoyens-a-la-prise-de-conscience\"},\"author\":{\"name\":\"cfeditorfr\",\"@id\":\"https:\/\/www.africa-press.net\/tchad\/#\/schema\/person\/2b1cf3cd81a31e3cd26889ca66d677f1\"},\"headline\":\"Dr Atti\u00e9 Djawite Djarnabi appelle les citoyens \u00e0 la prise de conscience\",\"datePublished\":\"2021-11-12T17:50:23+00:00\",\"dateModified\":\"2021-11-12T18:18:04+00:00\",\"mainEntityOfPage\":{\"@id\":\"https:\/\/www.africa-press.net\/tchad\/politique\/dr-attie-djawite-djarnabi-appelle-les-citoyens-a-la-prise-de-conscience\"},\"wordCount\":407,\"commentCount\":0,\"image\":{\"@id\":\"https:\/\/www.africa-press.net\/tchad\/politique\/dr-attie-djawite-djarnabi-appelle-les-citoyens-a-la-prise-de-conscience#primaryimage\"},\"thumbnailUrl\":\"https:\/\/static.africa-press.net\/tchad\/sites\/41\/2021\/11\/img-618eafc1476a1.jpg\",\"keywords\":[\"Africa Press\",\"Africa Press-Tchad\",\"conscience\",\"Djawite\",\"Tchad\"],\"articleSection\":[\"homepage-french\",\"Politique\",\"Top Nouvelles\",\"Toutes les actualit\u00e9s\"],\"inLanguage\":\"fr-FR\",\"potentialAction\":[{\"@type\":\"CommentAction\",\"name\":\"Comment\",\"target\":[\"https:\/\/www.africa-press.net\/tchad\/politique\/dr-attie-djawite-djarnabi-appelle-les-citoyens-a-la-prise-de-conscience#respond\"]}]},{\"@type\":\"WebPage\",\"@id\":\"https:\/\/www.africa-press.net\/tchad\/politique\/dr-attie-djawite-djarnabi-appelle-les-citoyens-a-la-prise-de-conscience\",\"url\":\"https:\/\/www.africa-press.net\/tchad\/politique\/dr-attie-djawite-djarnabi-appelle-les-citoyens-a-la-prise-de-conscience\",\"name\":\"Dr Atti\u00e9 Djawite Djarnabi appelle les citoyens \u00e0 la prise de conscience - tchad\",\"isPartOf\":{\"@id\":\"https:\/\/www.africa-press.net\/tchad\/#website\"},\"primaryImageOfPage\":{\"@id\":\"https:\/\/www.africa-press.net\/tchad\/politique\/dr-attie-djawite-djarnabi-appelle-les-citoyens-a-la-prise-de-conscience#primaryimage\"},\"image\":{\"@id\":\"https:\/\/www.africa-press.net\/tchad\/politique\/dr-attie-djawite-djarnabi-appelle-les-citoyens-a-la-prise-de-conscience#primaryimage\"},\"thumbnailUrl\":\"https:\/\/static.africa-press.net\/tchad\/sites\/41\/2021\/11\/img-618eafc1476a1.jpg\",\"datePublished\":\"2021-11-12T17:50:23+00:00\",\"dateModified\":\"2021-11-12T18:18:04+00:00\",\"author\":{\"@id\":\"https:\/\/www.africa-press.net\/tchad\/#\/schema\/person\/2b1cf3cd81a31e3cd26889ca66d677f1\"},\"description\":\"L\u2019\u00e9crivain po\u00e8te, Dr Atti\u00e9 Djawite Djarnabi, a anim\u00e9 le 11 novembre 2021 \u00e0 l\u2019amphith\u00e9\u00e2tre de l'universit\u00e9 Adam Barka d\u2019A ...\",\"breadcrumb\":{\"@id\":\"https:\/\/www.africa-press.net\/tchad\/politique\/dr-attie-djawite-djarnabi-appelle-les-citoyens-a-la-prise-de-conscience#breadcrumb\"},\"inLanguage\":\"fr-FR\",\"potentialAction\":[{\"@type\":\"ReadAction\",\"target\":[\"https:\/\/www.africa-press.net\/tchad\/politique\/dr-attie-djawite-djarnabi-appelle-les-citoyens-a-la-prise-de-conscience\"]}]},{\"@type\":\"ImageObject\",\"inLanguage\":\"fr-FR\",\"@id\":\"https:\/\/www.africa-press.net\/tchad\/politique\/dr-attie-djawite-djarnabi-appelle-les-citoyens-a-la-prise-de-conscience#primaryimage\",\"url\":\"https:\/\/static.africa-press.net\/tchad\/sites\/41\/2021\/11\/img-618eafc1476a1.jpg\",\"contentUrl\":\"https:\/\/static.africa-press.net\/tchad\/sites\/41\/2021\/11\/img-618eafc1476a1.jpg\",\"width\":868,\"height\":391,\"caption\":\"Dr Atti\u00e9 Djawite Djarnabi appelle les citoyens \u00e0 la prise de conscience\"},{\"@type\":\"BreadcrumbList\",\"@id\":\"https:\/\/www.africa-press.net\/tchad\/politique\/dr-attie-djawite-djarnabi-appelle-les-citoyens-a-la-prise-de-conscience#breadcrumb\",\"itemListElement\":[{\"@type\":\"ListItem\",\"position\":1,\"name\":\"Accueil\",\"item\":\"https:\/\/www.africa-press.net\/tchad\/\"},{\"@type\":\"ListItem\",\"position\":2,\"name\":\"Dr Atti\u00e9 Djawite Djarnabi appelle les citoyens \u00e0 la prise de conscience\"}]},{\"@type\":\"WebSite\",\"@id\":\"https:\/\/www.africa-press.net\/tchad\/#website\",\"url\":\"https:\/\/www.africa-press.net\/tchad\/\",\"name\":\"tchad\",\"description\":\"Just another Africa News Agency Sites site\",\"potentialAction\":[{\"@type\":\"SearchAction\",\"target\":{\"@type\":\"EntryPoint\",\"urlTemplate\":\"https:\/\/www.africa-press.net\/tchad\/?s={search_term_string}\"},\"query-input\":{\"@type\":\"PropertyValueSpecification\",\"valueRequired\":true,\"valueName\":\"search_term_string\"}}],\"inLanguage\":\"fr-FR\"},{\"@type\":\"Person\",\"@id\":\"https:\/\/www.africa-press.net\/tchad\/#\/schema\/person\/2b1cf3cd81a31e3cd26889ca66d677f1\",\"name\":\"cfeditorfr\"}]}<\/script>\n<!-- \/ Yoast SEO Premium plugin. -->","yoast_head_json":{"title":"Dr Atti\u00e9 Djawite Djarnabi appelle les citoyens \u00e0 la prise de conscience - tchad","description":"L\u2019\u00e9crivain po\u00e8te, Dr Atti\u00e9 Djawite Djarnabi, a anim\u00e9 le 11 novembre 2021 \u00e0 l\u2019amphith\u00e9\u00e2tre de l'universit\u00e9 Adam Barka d\u2019A ...","robots":{"index":"index","follow":"follow","max-snippet":"max-snippet:-1","max-image-preview":"max-image-preview:large","max-video-preview":"max-video-preview:-1"},"canonical":"https:\/\/www.africa-press.net\/tchad\/politique\/dr-attie-djawite-djarnabi-appelle-les-citoyens-a-la-prise-de-conscience","og_locale":"fr_FR","og_type":"article","og_title":"Dr Atti\u00e9 Djawite Djarnabi appelle les citoyens \u00e0 la prise de conscience","og_description":"L\u2019\u00e9crivain po\u00e8te, Dr Atti\u00e9 Djawite Djarnabi, a anim\u00e9 le 11 novembre 2021 \u00e0 l\u2019amphith\u00e9\u00e2tre de l'universit\u00e9 Adam Barka d\u2019A ...","og_url":"https:\/\/www.africa-press.net\/tchad\/politique\/dr-attie-djawite-djarnabi-appelle-les-citoyens-a-la-prise-de-conscience","og_site_name":"tchad","article_published_time":"2021-11-12T17:50:23+00:00","article_modified_time":"2021-11-12T18:18:04+00:00","og_image":[{"width":868,"height":391,"url":"https:\/\/static.africa-press.net\/tchad\/sites\/41\/2021\/11\/img-618eafc1476a1.jpg","type":"image\/jpeg"}],"author":"cfeditorfr","twitter_card":"summary_large_image","twitter_misc":{"\u00c9crit par":"cfeditorfr","Dur\u00e9e de lecture estim\u00e9e":"2 minutes"},"schema":{"@context":"https:\/\/schema.org","@graph":[{"@type":"Article","@id":"https:\/\/www.africa-press.net\/tchad\/politique\/dr-attie-djawite-djarnabi-appelle-les-citoyens-a-la-prise-de-conscience#article","isPartOf":{"@id":"https:\/\/www.africa-press.net\/tchad\/politique\/dr-attie-djawite-djarnabi-appelle-les-citoyens-a-la-prise-de-conscience"},"author":{"name":"cfeditorfr","@id":"https:\/\/www.africa-press.net\/tchad\/#\/schema\/person\/2b1cf3cd81a31e3cd26889ca66d677f1"},"headline":"Dr Atti\u00e9 Djawite Djarnabi appelle les citoyens \u00e0 la prise de conscience","datePublished":"2021-11-12T17:50:23+00:00","dateModified":"2021-11-12T18:18:04+00:00","mainEntityOfPage":{"@id":"https:\/\/www.africa-press.net\/tchad\/politique\/dr-attie-djawite-djarnabi-appelle-les-citoyens-a-la-prise-de-conscience"},"wordCount":407,"commentCount":0,"image":{"@id":"https:\/\/www.africa-press.net\/tchad\/politique\/dr-attie-djawite-djarnabi-appelle-les-citoyens-a-la-prise-de-conscience#primaryimage"},"thumbnailUrl":"https:\/\/static.africa-press.net\/tchad\/sites\/41\/2021\/11\/img-618eafc1476a1.jpg","keywords":["Africa Press","Africa Press-Tchad","conscience","Djawite","Tchad"],"articleSection":["homepage-french","Politique","Top Nouvelles","Toutes les actualit\u00e9s"],"inLanguage":"fr-FR","potentialAction":[{"@type":"CommentAction","name":"Comment","target":["https:\/\/www.africa-press.net\/tchad\/politique\/dr-attie-djawite-djarnabi-appelle-les-citoyens-a-la-prise-de-conscience#respond"]}]},{"@type":"WebPage","@id":"https:\/\/www.africa-press.net\/tchad\/politique\/dr-attie-djawite-djarnabi-appelle-les-citoyens-a-la-prise-de-conscience","url":"https:\/\/www.africa-press.net\/tchad\/politique\/dr-attie-djawite-djarnabi-appelle-les-citoyens-a-la-prise-de-conscience","name":"Dr Atti\u00e9 Djawite Djarnabi appelle les citoyens \u00e0 la prise de conscience - tchad","isPartOf":{"@id":"https:\/\/www.africa-press.net\/tchad\/#website"},"primaryImageOfPage":{"@id":"https:\/\/www.africa-press.net\/tchad\/politique\/dr-attie-djawite-djarnabi-appelle-les-citoyens-a-la-prise-de-conscience#primaryimage"},"image":{"@id":"https:\/\/www.africa-press.net\/tchad\/politique\/dr-attie-djawite-djarnabi-appelle-les-citoyens-a-la-prise-de-conscience#primaryimage"},"thumbnailUrl":"https:\/\/static.africa-press.net\/tchad\/sites\/41\/2021\/11\/img-618eafc1476a1.jpg","datePublished":"2021-11-12T17:50:23+00:00","dateModified":"2021-11-12T18:18:04+00:00","author":{"@id":"https:\/\/www.africa-press.net\/tchad\/#\/schema\/person\/2b1cf3cd81a31e3cd26889ca66d677f1"},"description":"L\u2019\u00e9crivain po\u00e8te, Dr Atti\u00e9 Djawite Djarnabi, a anim\u00e9 le 11 novembre 2021 \u00e0 l\u2019amphith\u00e9\u00e2tre de l'universit\u00e9 Adam Barka d\u2019A ...","breadcrumb":{"@id":"https:\/\/www.africa-press.net\/tchad\/politique\/dr-attie-djawite-djarnabi-appelle-les-citoyens-a-la-prise-de-conscience#breadcrumb"},"inLanguage":"fr-FR","potentialAction":[{"@type":"ReadAction","target":["https:\/\/www.africa-press.net\/tchad\/politique\/dr-attie-djawite-djarnabi-appelle-les-citoyens-a-la-prise-de-conscience"]}]},{"@type":"ImageObject","inLanguage":"fr-FR","@id":"https:\/\/www.africa-press.net\/tchad\/politique\/dr-attie-djawite-djarnabi-appelle-les-citoyens-a-la-prise-de-conscience#primaryimage","url":"https:\/\/static.africa-press.net\/tchad\/sites\/41\/2021\/11\/img-618eafc1476a1.jpg","contentUrl":"https:\/\/static.africa-press.net\/tchad\/sites\/41\/2021\/11\/img-618eafc1476a1.jpg","width":868,"height":391,"caption":"Dr Atti\u00e9 Djawite Djarnabi appelle les citoyens \u00e0 la prise de conscience"},{"@type":"BreadcrumbList","@id":"https:\/\/www.africa-press.net\/tchad\/politique\/dr-attie-djawite-djarnabi-appelle-les-citoyens-a-la-prise-de-conscience#breadcrumb","itemListElement":[{"@type":"ListItem","position":1,"name":"Accueil","item":"https:\/\/www.africa-press.net\/tchad\/"},{"@type":"ListItem","position":2,"name":"Dr Atti\u00e9 Djawite Djarnabi appelle les citoyens \u00e0 la prise de conscience"}]},{"@type":"WebSite","@id":"https:\/\/www.africa-press.net\/tchad\/#website","url":"https:\/\/www.africa-press.net\/tchad\/","name":"tchad","description":"Just another Africa News Agency Sites site","potentialAction":[{"@type":"SearchAction","target":{"@type":"EntryPoint","urlTemplate":"https:\/\/www.africa-press.net\/tchad\/?s={search_term_string}"},"query-input":{"@type":"PropertyValueSpecification","valueRequired":true,"valueName":"search_term_string"}}],"inLanguage":"fr-FR"},{"@type":"Person","@id":"https:\/\/www.africa-press.net\/tchad\/#\/schema\/person\/2b1cf3cd81a31e3cd26889ca66d677f1","name":"cfeditorfr"}]}},"_links":{"self":[{"href":"https:\/\/www.africa-press.net\/tchad\/wp-json\/wp\/v2\/posts\/13579","targetHints":{"allow":["GET"]}}],"collection":[{"href":"https:\/\/www.africa-press.net\/tchad\/wp-json\/wp\/v2\/posts"}],"about":[{"href":"https:\/\/www.africa-press.net\/tchad\/wp-json\/wp\/v2\/types\/post"}],"author":[{"embeddable":true,"href":"https:\/\/www.africa-press.net\/tchad\/wp-json\/wp\/v2\/users\/82"}],"replies":[{"embeddable":true,"href":"https:\/\/www.africa-press.net\/tchad\/wp-json\/wp\/v2\/comments?post=13579"}],"version-history":[{"count":0,"href":"https:\/\/www.africa-press.net\/tchad\/wp-json\/wp\/v2\/posts\/13579\/revisions"}],"wp:featuredmedia":[{"embeddable":true,"href":"https:\/\/www.africa-press.net\/tchad\/wp-json\/wp\/v2\/media\/13578"}],"wp:attachment":[{"href":"https:\/\/www.africa-press.net\/tchad\/wp-json\/wp\/v2\/media?parent=13579"}],"wp:term":[{"taxonomy":"category","embeddable":true,"href":"https:\/\/www.africa-press.net\/tchad\/wp-json\/wp\/v2\/categories?post=13579"},{"taxonomy":"post_tag","embeddable":true,"href":"https:\/\/www.africa-press.net\/tchad\/wp-json\/wp\/v2\/tags?post=13579"}],"curies":[{"name":"wp","href":"https:\/\/api.w.org\/{rel}","templated":true}]}}