{"id":13585,"date":"2021-11-12T17:52:34","date_gmt":"2021-11-12T17:52:34","guid":{"rendered":"https:\/\/www.africa-press.net\/tchad\/politique\/la-ministre-du-developpement-agricole-a-abeche"},"modified":"2021-11-12T18:19:15","modified_gmt":"2021-11-12T18:19:15","slug":"la-ministre-du-developpement-agricole-a-abeche","status":"publish","type":"post","link":"https:\/\/www.africa-press.net\/tchad\/economie\/la-ministre-du-developpement-agricole-a-abeche","title":{"rendered":"la ministre du D\u00e9veloppement agricole \u00e0 Ab\u00e9ch\u00e9"},"content":{"rendered":"<p><span style=\"color: #ff6600\"><strong>Africa-Press &#8211; Tchad. <\/strong><\/span>La ministre du D\u00e9veloppement agricole, Mme Kamougu\u00e9 n\u00e9e Den\u00e9 Assoum est arriv\u00e9e hier nuit \u00e0 Ab\u00e9ch\u00e9, chef-lieu de la province du Ouada\u00ef. Elle a \u00e9t\u00e9 accueillie \u00e0 quelques 18 km, \u00e0 la sortie ouest de la ville, sur la route de Ndjamena, par le secr\u00e9taire g\u00e9n\u00e9ral de la province du Ouada\u00ef Abakar Hissein Didigui, accompagn\u00e9 pour la circonstance de ses proches collaborateurs civils et militaires de la place.<\/p>\n<p>Aussit\u00f4t arriv\u00e9e, Mme Kamougu\u00e9 n\u00e9e Den\u00e9 Assoum a \u00e9t\u00e9 re\u00e7ue par le gouverneur de la province du Ouada\u00ef, Ahmat Dari Bazine. La venue de la ministre \u00e0 Ab\u00e9ch\u00e9 consiste \u00e0 faire l\u00b4\u00e9valuation de la campagne agricole 2021. Elle mettra \u00e0 profit son s\u00e9jour dans le Ouada\u00ef, pour rencontrer les diff\u00e9rents responsables et techniciens de son d\u00e9partement minist\u00e9riel.<\/p>\n<p><strong>Pour plus d&rsquo;informations et d&rsquo;analyses sur la <a href=\"https:\/\/www.africa-press.net\/tchad\">Tchad<\/a>, suivez <a href=\"https:\/\/www.africa-press.net\/\">Africa-Press<\/a><\/strong><\/p>\n","protected":false},"excerpt":{"rendered":"<p>Africa-Press &#8211; Tchad. La ministre du D\u00e9veloppement agricole, Mme Kamougu\u00e9 n\u00e9e Den\u00e9 Assoum est arriv\u00e9e hier nuit \u00e0 Ab\u00e9ch\u00e9, chef-lieu de la province du Ouada\u00ef. Elle a \u00e9t\u00e9 accueillie \u00e0 quelques 18 km, \u00e0 la sortie ouest de la ville, sur la route de Ndjamena, par le secr\u00e9taire g\u00e9n\u00e9ral de la province du Ouada\u00ef Abakar [&hellip;]<\/p>\n","protected":false},"author":82,"featured_media":13584,"comment_status":"open","ping_status":"closed","sticky":false,"template":"","format":"standard","meta":{"footnotes":""},"categories":[3,11,10],"tags":[67,37,292,1498,29],"class_list":["post-13585","post","type-post","status-publish","format-standard","has-post-thumbnail","hentry","category-economie","category-homepage-french","category-toutes-les-actualites","tag-abeche","tag-africa-press","tag-africa-press-tchad","tag-developpement","tag-tchad"],"yoast_head":"<!-- This site is optimized with the Yoast SEO Premium plugin v26.1 (Yoast SEO v27.0) - https:\/\/yoast.com\/product\/yoast-seo-premium-wordpress\/ -->\n<title>la ministre du D\u00e9veloppement agricole \u00e0 Ab\u00e9ch\u00e9 - tchad<\/title>\n<meta name=\"description\" content=\"La ministre du D\u00e9veloppement agricole, Mme Kamougu\u00e9 n\u00e9e Den\u00e9 Assoum est arriv\u00e9e hier nuit \u00e0 Ab\u00e9ch\u00e9, chef-lieu de la prov ...\" \/>\n<meta name=\"robots\" content=\"index, follow, max-snippet:-1, max-image-preview:large, max-video-preview:-1\" \/>\n<link rel=\"canonical\" href=\"https:\/\/www.africa-press.net\/tchad\/economie\/la-ministre-du-developpement-agricole-a-abeche\" \/>\n<meta property=\"og:locale\" content=\"fr_FR\" \/>\n<meta property=\"og:type\" content=\"article\" \/>\n<meta property=\"og:title\" content=\"la ministre du D\u00e9veloppement agricole \u00e0 Ab\u00e9ch\u00e9\" \/>\n<meta property=\"og:description\" content=\"La ministre du D\u00e9veloppement agricole, Mme Kamougu\u00e9 n\u00e9e Den\u00e9 Assoum est arriv\u00e9e hier nuit \u00e0 Ab\u00e9ch\u00e9, chef-lieu de la prov ...\" \/>\n<meta property=\"og:url\" content=\"https:\/\/www.africa-press.net\/tchad\/economie\/la-ministre-du-developpement-agricole-a-abeche\" \/>\n<meta property=\"og:site_name\" content=\"tchad\" \/>\n<meta property=\"article:published_time\" content=\"2021-11-12T17:52:34+00:00\" \/>\n<meta property=\"article:modified_time\" content=\"2021-11-12T18:19:15+00:00\" \/>\n<meta property=\"og:image\" content=\"https:\/\/static.africa-press.net\/tchad\/sites\/41\/2021\/11\/img-618eb0084b358.jpg\" \/>\n\t<meta property=\"og:image:width\" content=\"862\" \/>\n\t<meta property=\"og:image:height\" content=\"388\" \/>\n\t<meta property=\"og:image:type\" content=\"image\/jpeg\" \/>\n<meta name=\"author\" content=\"cfeditorfr\" \/>\n<meta name=\"twitter:card\" content=\"summary_large_image\" \/>\n<meta name=\"twitter:label1\" content=\"\u00c9crit par\" \/>\n\t<meta name=\"twitter:data1\" content=\"cfeditorfr\" \/>\n\t<meta name=\"twitter:label2\" content=\"Dur\u00e9e de lecture estim\u00e9e\" \/>\n\t<meta name=\"twitter:data2\" content=\"1 minute\" \/>\n<script type=\"application\/ld+json\" class=\"yoast-schema-graph\">{\"@context\":\"https:\/\/schema.org\",\"@graph\":[{\"@type\":\"Article\",\"@id\":\"https:\/\/www.africa-press.net\/tchad\/economie\/la-ministre-du-developpement-agricole-a-abeche#article\",\"isPartOf\":{\"@id\":\"https:\/\/www.africa-press.net\/tchad\/economie\/la-ministre-du-developpement-agricole-a-abeche\"},\"author\":{\"name\":\"cfeditorfr\",\"@id\":\"https:\/\/www.africa-press.net\/tchad\/#\/schema\/person\/2b1cf3cd81a31e3cd26889ca66d677f1\"},\"headline\":\"la ministre du D\u00e9veloppement agricole \u00e0 Ab\u00e9ch\u00e9\",\"datePublished\":\"2021-11-12T17:52:34+00:00\",\"dateModified\":\"2021-11-12T18:19:15+00:00\",\"mainEntityOfPage\":{\"@id\":\"https:\/\/www.africa-press.net\/tchad\/economie\/la-ministre-du-developpement-agricole-a-abeche\"},\"wordCount\":157,\"commentCount\":0,\"image\":{\"@id\":\"https:\/\/www.africa-press.net\/tchad\/economie\/la-ministre-du-developpement-agricole-a-abeche#primaryimage\"},\"thumbnailUrl\":\"https:\/\/static.africa-press.net\/tchad\/sites\/41\/2021\/11\/img-618eb0084b358.jpg\",\"keywords\":[\"Ab\u00e9ch\u00e9\",\"Africa Press\",\"Africa Press-Tchad\",\"D\u00e9veloppement\",\"Tchad\"],\"articleSection\":[\"\u00c9conomie\",\"homepage-french\",\"Toutes les actualit\u00e9s\"],\"inLanguage\":\"fr-FR\",\"potentialAction\":[{\"@type\":\"CommentAction\",\"name\":\"Comment\",\"target\":[\"https:\/\/www.africa-press.net\/tchad\/economie\/la-ministre-du-developpement-agricole-a-abeche#respond\"]}]},{\"@type\":\"WebPage\",\"@id\":\"https:\/\/www.africa-press.net\/tchad\/economie\/la-ministre-du-developpement-agricole-a-abeche\",\"url\":\"https:\/\/www.africa-press.net\/tchad\/economie\/la-ministre-du-developpement-agricole-a-abeche\",\"name\":\"la ministre du D\u00e9veloppement agricole \u00e0 Ab\u00e9ch\u00e9 - tchad\",\"isPartOf\":{\"@id\":\"https:\/\/www.africa-press.net\/tchad\/#website\"},\"primaryImageOfPage\":{\"@id\":\"https:\/\/www.africa-press.net\/tchad\/economie\/la-ministre-du-developpement-agricole-a-abeche#primaryimage\"},\"image\":{\"@id\":\"https:\/\/www.africa-press.net\/tchad\/economie\/la-ministre-du-developpement-agricole-a-abeche#primaryimage\"},\"thumbnailUrl\":\"https:\/\/static.africa-press.net\/tchad\/sites\/41\/2021\/11\/img-618eb0084b358.jpg\",\"datePublished\":\"2021-11-12T17:52:34+00:00\",\"dateModified\":\"2021-11-12T18:19:15+00:00\",\"author\":{\"@id\":\"https:\/\/www.africa-press.net\/tchad\/#\/schema\/person\/2b1cf3cd81a31e3cd26889ca66d677f1\"},\"description\":\"La ministre du D\u00e9veloppement agricole, Mme Kamougu\u00e9 n\u00e9e Den\u00e9 Assoum est arriv\u00e9e hier nuit \u00e0 Ab\u00e9ch\u00e9, chef-lieu de la prov ...\",\"breadcrumb\":{\"@id\":\"https:\/\/www.africa-press.net\/tchad\/economie\/la-ministre-du-developpement-agricole-a-abeche#breadcrumb\"},\"inLanguage\":\"fr-FR\",\"potentialAction\":[{\"@type\":\"ReadAction\",\"target\":[\"https:\/\/www.africa-press.net\/tchad\/economie\/la-ministre-du-developpement-agricole-a-abeche\"]}]},{\"@type\":\"ImageObject\",\"inLanguage\":\"fr-FR\",\"@id\":\"https:\/\/www.africa-press.net\/tchad\/economie\/la-ministre-du-developpement-agricole-a-abeche#primaryimage\",\"url\":\"https:\/\/static.africa-press.net\/tchad\/sites\/41\/2021\/11\/img-618eb0084b358.jpg\",\"contentUrl\":\"https:\/\/static.africa-press.net\/tchad\/sites\/41\/2021\/11\/img-618eb0084b358.jpg\",\"width\":862,\"height\":388,\"caption\":\"la ministre du D\u00e9veloppement agricole \u00e0 Ab\u00e9ch\u00e9\"},{\"@type\":\"BreadcrumbList\",\"@id\":\"https:\/\/www.africa-press.net\/tchad\/economie\/la-ministre-du-developpement-agricole-a-abeche#breadcrumb\",\"itemListElement\":[{\"@type\":\"ListItem\",\"position\":1,\"name\":\"Accueil\",\"item\":\"https:\/\/www.africa-press.net\/tchad\/\"},{\"@type\":\"ListItem\",\"position\":2,\"name\":\"la ministre du D\u00e9veloppement agricole \u00e0 Ab\u00e9ch\u00e9\"}]},{\"@type\":\"WebSite\",\"@id\":\"https:\/\/www.africa-press.net\/tchad\/#website\",\"url\":\"https:\/\/www.africa-press.net\/tchad\/\",\"name\":\"tchad\",\"description\":\"Just another Africa News Agency Sites site\",\"potentialAction\":[{\"@type\":\"SearchAction\",\"target\":{\"@type\":\"EntryPoint\",\"urlTemplate\":\"https:\/\/www.africa-press.net\/tchad\/?s={search_term_string}\"},\"query-input\":{\"@type\":\"PropertyValueSpecification\",\"valueRequired\":true,\"valueName\":\"search_term_string\"}}],\"inLanguage\":\"fr-FR\"},{\"@type\":\"Person\",\"@id\":\"https:\/\/www.africa-press.net\/tchad\/#\/schema\/person\/2b1cf3cd81a31e3cd26889ca66d677f1\",\"name\":\"cfeditorfr\"}]}<\/script>\n<!-- \/ Yoast SEO Premium plugin. -->","yoast_head_json":{"title":"la ministre du D\u00e9veloppement agricole \u00e0 Ab\u00e9ch\u00e9 - tchad","description":"La ministre du D\u00e9veloppement agricole, Mme Kamougu\u00e9 n\u00e9e Den\u00e9 Assoum est arriv\u00e9e hier nuit \u00e0 Ab\u00e9ch\u00e9, chef-lieu de la prov ...","robots":{"index":"index","follow":"follow","max-snippet":"max-snippet:-1","max-image-preview":"max-image-preview:large","max-video-preview":"max-video-preview:-1"},"canonical":"https:\/\/www.africa-press.net\/tchad\/economie\/la-ministre-du-developpement-agricole-a-abeche","og_locale":"fr_FR","og_type":"article","og_title":"la ministre du D\u00e9veloppement agricole \u00e0 Ab\u00e9ch\u00e9","og_description":"La ministre du D\u00e9veloppement agricole, Mme Kamougu\u00e9 n\u00e9e Den\u00e9 Assoum est arriv\u00e9e hier nuit \u00e0 Ab\u00e9ch\u00e9, chef-lieu de la prov ...","og_url":"https:\/\/www.africa-press.net\/tchad\/economie\/la-ministre-du-developpement-agricole-a-abeche","og_site_name":"tchad","article_published_time":"2021-11-12T17:52:34+00:00","article_modified_time":"2021-11-12T18:19:15+00:00","og_image":[{"width":862,"height":388,"url":"https:\/\/static.africa-press.net\/tchad\/sites\/41\/2021\/11\/img-618eb0084b358.jpg","type":"image\/jpeg"}],"author":"cfeditorfr","twitter_card":"summary_large_image","twitter_misc":{"\u00c9crit par":"cfeditorfr","Dur\u00e9e de lecture estim\u00e9e":"1 minute"},"schema":{"@context":"https:\/\/schema.org","@graph":[{"@type":"Article","@id":"https:\/\/www.africa-press.net\/tchad\/economie\/la-ministre-du-developpement-agricole-a-abeche#article","isPartOf":{"@id":"https:\/\/www.africa-press.net\/tchad\/economie\/la-ministre-du-developpement-agricole-a-abeche"},"author":{"name":"cfeditorfr","@id":"https:\/\/www.africa-press.net\/tchad\/#\/schema\/person\/2b1cf3cd81a31e3cd26889ca66d677f1"},"headline":"la ministre du D\u00e9veloppement agricole \u00e0 Ab\u00e9ch\u00e9","datePublished":"2021-11-12T17:52:34+00:00","dateModified":"2021-11-12T18:19:15+00:00","mainEntityOfPage":{"@id":"https:\/\/www.africa-press.net\/tchad\/economie\/la-ministre-du-developpement-agricole-a-abeche"},"wordCount":157,"commentCount":0,"image":{"@id":"https:\/\/www.africa-press.net\/tchad\/economie\/la-ministre-du-developpement-agricole-a-abeche#primaryimage"},"thumbnailUrl":"https:\/\/static.africa-press.net\/tchad\/sites\/41\/2021\/11\/img-618eb0084b358.jpg","keywords":["Ab\u00e9ch\u00e9","Africa Press","Africa Press-Tchad","D\u00e9veloppement","Tchad"],"articleSection":["\u00c9conomie","homepage-french","Toutes les actualit\u00e9s"],"inLanguage":"fr-FR","potentialAction":[{"@type":"CommentAction","name":"Comment","target":["https:\/\/www.africa-press.net\/tchad\/economie\/la-ministre-du-developpement-agricole-a-abeche#respond"]}]},{"@type":"WebPage","@id":"https:\/\/www.africa-press.net\/tchad\/economie\/la-ministre-du-developpement-agricole-a-abeche","url":"https:\/\/www.africa-press.net\/tchad\/economie\/la-ministre-du-developpement-agricole-a-abeche","name":"la ministre du D\u00e9veloppement agricole \u00e0 Ab\u00e9ch\u00e9 - tchad","isPartOf":{"@id":"https:\/\/www.africa-press.net\/tchad\/#website"},"primaryImageOfPage":{"@id":"https:\/\/www.africa-press.net\/tchad\/economie\/la-ministre-du-developpement-agricole-a-abeche#primaryimage"},"image":{"@id":"https:\/\/www.africa-press.net\/tchad\/economie\/la-ministre-du-developpement-agricole-a-abeche#primaryimage"},"thumbnailUrl":"https:\/\/static.africa-press.net\/tchad\/sites\/41\/2021\/11\/img-618eb0084b358.jpg","datePublished":"2021-11-12T17:52:34+00:00","dateModified":"2021-11-12T18:19:15+00:00","author":{"@id":"https:\/\/www.africa-press.net\/tchad\/#\/schema\/person\/2b1cf3cd81a31e3cd26889ca66d677f1"},"description":"La ministre du D\u00e9veloppement agricole, Mme Kamougu\u00e9 n\u00e9e Den\u00e9 Assoum est arriv\u00e9e hier nuit \u00e0 Ab\u00e9ch\u00e9, chef-lieu de la prov ...","breadcrumb":{"@id":"https:\/\/www.africa-press.net\/tchad\/economie\/la-ministre-du-developpement-agricole-a-abeche#breadcrumb"},"inLanguage":"fr-FR","potentialAction":[{"@type":"ReadAction","target":["https:\/\/www.africa-press.net\/tchad\/economie\/la-ministre-du-developpement-agricole-a-abeche"]}]},{"@type":"ImageObject","inLanguage":"fr-FR","@id":"https:\/\/www.africa-press.net\/tchad\/economie\/la-ministre-du-developpement-agricole-a-abeche#primaryimage","url":"https:\/\/static.africa-press.net\/tchad\/sites\/41\/2021\/11\/img-618eb0084b358.jpg","contentUrl":"https:\/\/static.africa-press.net\/tchad\/sites\/41\/2021\/11\/img-618eb0084b358.jpg","width":862,"height":388,"caption":"la ministre du D\u00e9veloppement agricole \u00e0 Ab\u00e9ch\u00e9"},{"@type":"BreadcrumbList","@id":"https:\/\/www.africa-press.net\/tchad\/economie\/la-ministre-du-developpement-agricole-a-abeche#breadcrumb","itemListElement":[{"@type":"ListItem","position":1,"name":"Accueil","item":"https:\/\/www.africa-press.net\/tchad\/"},{"@type":"ListItem","position":2,"name":"la ministre du D\u00e9veloppement agricole \u00e0 Ab\u00e9ch\u00e9"}]},{"@type":"WebSite","@id":"https:\/\/www.africa-press.net\/tchad\/#website","url":"https:\/\/www.africa-press.net\/tchad\/","name":"tchad","description":"Just another Africa News Agency Sites site","potentialAction":[{"@type":"SearchAction","target":{"@type":"EntryPoint","urlTemplate":"https:\/\/www.africa-press.net\/tchad\/?s={search_term_string}"},"query-input":{"@type":"PropertyValueSpecification","valueRequired":true,"valueName":"search_term_string"}}],"inLanguage":"fr-FR"},{"@type":"Person","@id":"https:\/\/www.africa-press.net\/tchad\/#\/schema\/person\/2b1cf3cd81a31e3cd26889ca66d677f1","name":"cfeditorfr"}]}},"_links":{"self":[{"href":"https:\/\/www.africa-press.net\/tchad\/wp-json\/wp\/v2\/posts\/13585","targetHints":{"allow":["GET"]}}],"collection":[{"href":"https:\/\/www.africa-press.net\/tchad\/wp-json\/wp\/v2\/posts"}],"about":[{"href":"https:\/\/www.africa-press.net\/tchad\/wp-json\/wp\/v2\/types\/post"}],"author":[{"embeddable":true,"href":"https:\/\/www.africa-press.net\/tchad\/wp-json\/wp\/v2\/users\/82"}],"replies":[{"embeddable":true,"href":"https:\/\/www.africa-press.net\/tchad\/wp-json\/wp\/v2\/comments?post=13585"}],"version-history":[{"count":0,"href":"https:\/\/www.africa-press.net\/tchad\/wp-json\/wp\/v2\/posts\/13585\/revisions"}],"wp:featuredmedia":[{"embeddable":true,"href":"https:\/\/www.africa-press.net\/tchad\/wp-json\/wp\/v2\/media\/13584"}],"wp:attachment":[{"href":"https:\/\/www.africa-press.net\/tchad\/wp-json\/wp\/v2\/media?parent=13585"}],"wp:term":[{"taxonomy":"category","embeddable":true,"href":"https:\/\/www.africa-press.net\/tchad\/wp-json\/wp\/v2\/categories?post=13585"},{"taxonomy":"post_tag","embeddable":true,"href":"https:\/\/www.africa-press.net\/tchad\/wp-json\/wp\/v2\/tags?post=13585"}],"curies":[{"name":"wp","href":"https:\/\/api.w.org\/{rel}","templated":true}]}}