{"id":13594,"date":"2021-11-12T17:55:00","date_gmt":"2021-11-12T17:55:00","guid":{"rendered":"https:\/\/www.africa-press.net\/tchad\/politique\/le-tchad-et-le-cameroun-signent-un-memorandum-dentente-sur-linterconnexion-des-reseaux-de-communication-electronique"},"modified":"2021-11-12T18:20:58","modified_gmt":"2021-11-12T18:20:58","slug":"le-tchad-et-le-cameroun-signent-un-memorandum-dentente-sur-linterconnexion-des-reseaux-de-communication-electronique","status":"publish","type":"post","link":"https:\/\/www.africa-press.net\/tchad\/economie\/le-tchad-et-le-cameroun-signent-un-memorandum-dentente-sur-linterconnexion-des-reseaux-de-communication-electronique","title":{"rendered":"Le Tchad et le Cameroun signent un m\u00e9morandum d\u2019entente sur l\u2019interconnexion des r\u00e9seaux de communication \u00e9lectronique"},"content":{"rendered":"<p><span style=\"color: #ff6600\"><strong>Africa-Press &#8211; Tchad. <\/strong><\/span>Le ministre des Postes et de l\u2019\u00c9conomie Num\u00e9rique, Dr Idriss Saleh Bachar \u00e0 la t\u00eate d\u2019une forte d\u00e9l\u00e9gation et son homologue du Cameroun, Minette Li Libom Likeng ont sign\u00e9 ce vendredi 12 novembre 2021, \u00e0 Yaound\u00e9 un m\u00e9morandum d\u2019entente relatif \u00e0 l\u2019interconnexion des r\u00e9seaux de communications \u00e9lectroniques \u00e0 fibre optique.<\/p>\n<p>Les relations entre le Tchad et le Cameroun, deux pays voisins et fr\u00e8res, continuent \u00e0 se renforcer davantage. Le Tchad qui n\u2019a pas acc\u00e8s \u00e0 la mer s\u2019appuie sur ses voisins directs qui en ont acc\u00e8s pour s\u2019interconnecter aux r\u00e9seaux de communication \u00e9lectronique.<\/p>\n<p>Le but est de rendre les communications \u00e9lectroniques accessibles et moins ch\u00e8res aux consommateurs. Le m\u00e9morandum d\u2019entente, sign\u00e9 ce jour, fixe le cadre g\u00e9n\u00e9ral de la coop\u00e9ration entre le Tchad et le Cameroun en mati\u00e8re d\u2019interconnexion des r\u00e9seaux de communication \u00e9lectronique.<\/p>\n<p>Ce m\u00e9morandum qui entre en vigueur \u00e0 la date de sa signature portera sur : L\u2019interconnexion des r\u00e9seaux de communication \u00e9lectronique du Tchad et du Cameroun notamment les aspects techniques, \u00e9conomiques et juridiques ;<\/p>\n<p>L\u2019interconnexion physique des r\u00e9seaux de transmission \u00e0 fibre optique du Cameroun et du Tchad ; L\u2019acheminement du trafic des r\u00e9seaux du Tchad vers les syst\u00e8mes de c\u00e2bles sous-marins install\u00e9s sur les c\u00f4tes camerounaises ;<\/p>\n<p>La baisse des couts des tarifs des services de communication \u00e9lectroniques, la mise en place des projets des r\u00e9seaux optiques africaine et intercontinentaux\u2026<\/p>\n<p>Les deux parties se sont engag\u00e9e \u00e0 faciliter l\u2019interconnexion des r\u00e9seaux de communication \u00e9lectronique des op\u00e9rateurs autoris\u00e9s par leur pays respectif.<\/p>\n<p>Pour la mise en \u0153uvre de ce m\u00e9morandum d\u2019entente, il est cr\u00e9\u00e9 un comit\u00e9 de suivi et \u00e9valuation constitu\u00e9 d\u2019un nombre \u00e9gal de membres pour chaque partie. Il est copr\u00e9sid\u00e9 par les ministres en charge des communications \u00e9lectroniques des deux pays ou leurd repr\u00e9sentants.<\/p>\n<p>Il faut noter que le ministre tchadien des Postes et de l\u2019\u00c9conomie num\u00e9rique est accompagn\u00e9 pour la signature de ce m\u00e9morandum d\u2019une forte d\u00e9l\u00e9gation notamment le DG de l\u2019l\u2019Autorit\u00e9 de r\u00e9gulation des communications \u00e9lectroniques, des postes, de la DG de Souda-Tchad ainsi que ses conseillers.<\/p>\n<p><strong>Pour plus d&rsquo;informations et d&rsquo;analyses sur la <a href=\"https:\/\/www.africa-press.net\/tchad\">Tchad<\/a>, suivez <a href=\"https:\/\/www.africa-press.net\/\">Africa-Press<\/a><\/strong><\/p>\n","protected":false},"excerpt":{"rendered":"<p>Africa-Press &#8211; Tchad. Le ministre des Postes et de l\u2019\u00c9conomie Num\u00e9rique, Dr Idriss Saleh Bachar \u00e0 la t\u00eate d\u2019une forte d\u00e9l\u00e9gation et son homologue du Cameroun, Minette Li Libom Likeng ont sign\u00e9 ce vendredi 12 novembre 2021, \u00e0 Yaound\u00e9 un m\u00e9morandum d\u2019entente relatif \u00e0 l\u2019interconnexion des r\u00e9seaux de communications \u00e9lectroniques \u00e0 fibre optique. Les relations [&hellip;]<\/p>\n","protected":false},"author":82,"featured_media":13593,"comment_status":"open","ping_status":"closed","sticky":false,"template":"","format":"standard","meta":{"footnotes":""},"categories":[3,11,10],"tags":[37,292,2457,2456,29],"class_list":["post-13594","post","type-post","status-publish","format-standard","has-post-thumbnail","hentry","category-economie","category-homepage-french","category-toutes-les-actualites","tag-africa-press","tag-africa-press-tchad","tag-electronique","tag-linterconnexion","tag-tchad"],"yoast_head":"<!-- This site is optimized with the Yoast SEO Premium plugin v26.1 (Yoast SEO v27.0) - https:\/\/yoast.com\/product\/yoast-seo-premium-wordpress\/ -->\n<title>Le Tchad et le Cameroun signent un m\u00e9morandum d\u2019entente sur l\u2019interconnexion des r\u00e9seaux de communication \u00e9lectronique - tchad<\/title>\n<meta name=\"description\" content=\"Le ministre des Postes et de l\u2019\u00c9conomie Num\u00e9rique, Dr Idriss Saleh Bachar \u00e0 la t\u00eate d\u2019une forte d\u00e9l\u00e9gation et son homolo ...\" \/>\n<meta name=\"robots\" content=\"index, follow, max-snippet:-1, max-image-preview:large, max-video-preview:-1\" \/>\n<link rel=\"canonical\" href=\"https:\/\/www.africa-press.net\/tchad\/economie\/le-tchad-et-le-cameroun-signent-un-memorandum-dentente-sur-linterconnexion-des-reseaux-de-communication-electronique\" \/>\n<meta property=\"og:locale\" content=\"fr_FR\" \/>\n<meta property=\"og:type\" content=\"article\" \/>\n<meta property=\"og:title\" content=\"Le Tchad et le Cameroun signent un m\u00e9morandum d\u2019entente sur l\u2019interconnexion des r\u00e9seaux de communication \u00e9lectronique\" \/>\n<meta property=\"og:description\" content=\"Le ministre des Postes et de l\u2019\u00c9conomie Num\u00e9rique, Dr Idriss Saleh Bachar \u00e0 la t\u00eate d\u2019une forte d\u00e9l\u00e9gation et son homolo ...\" \/>\n<meta property=\"og:url\" content=\"https:\/\/www.africa-press.net\/tchad\/economie\/le-tchad-et-le-cameroun-signent-un-memorandum-dentente-sur-linterconnexion-des-reseaux-de-communication-electronique\" \/>\n<meta property=\"og:site_name\" content=\"tchad\" \/>\n<meta property=\"article:published_time\" content=\"2021-11-12T17:55:00+00:00\" \/>\n<meta property=\"article:modified_time\" content=\"2021-11-12T18:20:58+00:00\" \/>\n<meta property=\"og:image\" content=\"https:\/\/static.africa-press.net\/tchad\/sites\/41\/2021\/11\/img-618eb06dcc787.jpg\" \/>\n\t<meta property=\"og:image:width\" content=\"696\" \/>\n\t<meta property=\"og:image:height\" content=\"391\" \/>\n\t<meta property=\"og:image:type\" content=\"image\/jpeg\" \/>\n<meta name=\"author\" content=\"cfeditorfr\" \/>\n<meta name=\"twitter:card\" content=\"summary_large_image\" \/>\n<meta name=\"twitter:label1\" content=\"\u00c9crit par\" \/>\n\t<meta name=\"twitter:data1\" content=\"cfeditorfr\" \/>\n\t<meta name=\"twitter:label2\" content=\"Dur\u00e9e de lecture estim\u00e9e\" \/>\n\t<meta name=\"twitter:data2\" content=\"2 minutes\" \/>\n<script type=\"application\/ld+json\" class=\"yoast-schema-graph\">{\"@context\":\"https:\/\/schema.org\",\"@graph\":[{\"@type\":\"Article\",\"@id\":\"https:\/\/www.africa-press.net\/tchad\/economie\/le-tchad-et-le-cameroun-signent-un-memorandum-dentente-sur-linterconnexion-des-reseaux-de-communication-electronique#article\",\"isPartOf\":{\"@id\":\"https:\/\/www.africa-press.net\/tchad\/economie\/le-tchad-et-le-cameroun-signent-un-memorandum-dentente-sur-linterconnexion-des-reseaux-de-communication-electronique\"},\"author\":{\"name\":\"cfeditorfr\",\"@id\":\"https:\/\/www.africa-press.net\/tchad\/#\/schema\/person\/2b1cf3cd81a31e3cd26889ca66d677f1\"},\"headline\":\"Le Tchad et le Cameroun signent un m\u00e9morandum d\u2019entente sur l\u2019interconnexion des r\u00e9seaux de communication \u00e9lectronique\",\"datePublished\":\"2021-11-12T17:55:00+00:00\",\"dateModified\":\"2021-11-12T18:20:58+00:00\",\"mainEntityOfPage\":{\"@id\":\"https:\/\/www.africa-press.net\/tchad\/economie\/le-tchad-et-le-cameroun-signent-un-memorandum-dentente-sur-linterconnexion-des-reseaux-de-communication-electronique\"},\"wordCount\":412,\"commentCount\":0,\"image\":{\"@id\":\"https:\/\/www.africa-press.net\/tchad\/economie\/le-tchad-et-le-cameroun-signent-un-memorandum-dentente-sur-linterconnexion-des-reseaux-de-communication-electronique#primaryimage\"},\"thumbnailUrl\":\"https:\/\/static.africa-press.net\/tchad\/sites\/41\/2021\/11\/img-618eb06dcc787.jpg\",\"keywords\":[\"Africa Press\",\"Africa Press-Tchad\",\"\u00e9lectronique\",\"l\u2019interconnexion\",\"Tchad\"],\"articleSection\":[\"\u00c9conomie\",\"homepage-french\",\"Toutes les actualit\u00e9s\"],\"inLanguage\":\"fr-FR\",\"potentialAction\":[{\"@type\":\"CommentAction\",\"name\":\"Comment\",\"target\":[\"https:\/\/www.africa-press.net\/tchad\/economie\/le-tchad-et-le-cameroun-signent-un-memorandum-dentente-sur-linterconnexion-des-reseaux-de-communication-electronique#respond\"]}]},{\"@type\":\"WebPage\",\"@id\":\"https:\/\/www.africa-press.net\/tchad\/economie\/le-tchad-et-le-cameroun-signent-un-memorandum-dentente-sur-linterconnexion-des-reseaux-de-communication-electronique\",\"url\":\"https:\/\/www.africa-press.net\/tchad\/economie\/le-tchad-et-le-cameroun-signent-un-memorandum-dentente-sur-linterconnexion-des-reseaux-de-communication-electronique\",\"name\":\"Le Tchad et le Cameroun signent un m\u00e9morandum d\u2019entente sur l\u2019interconnexion des r\u00e9seaux de communication \u00e9lectronique - tchad\",\"isPartOf\":{\"@id\":\"https:\/\/www.africa-press.net\/tchad\/#website\"},\"primaryImageOfPage\":{\"@id\":\"https:\/\/www.africa-press.net\/tchad\/economie\/le-tchad-et-le-cameroun-signent-un-memorandum-dentente-sur-linterconnexion-des-reseaux-de-communication-electronique#primaryimage\"},\"image\":{\"@id\":\"https:\/\/www.africa-press.net\/tchad\/economie\/le-tchad-et-le-cameroun-signent-un-memorandum-dentente-sur-linterconnexion-des-reseaux-de-communication-electronique#primaryimage\"},\"thumbnailUrl\":\"https:\/\/static.africa-press.net\/tchad\/sites\/41\/2021\/11\/img-618eb06dcc787.jpg\",\"datePublished\":\"2021-11-12T17:55:00+00:00\",\"dateModified\":\"2021-11-12T18:20:58+00:00\",\"author\":{\"@id\":\"https:\/\/www.africa-press.net\/tchad\/#\/schema\/person\/2b1cf3cd81a31e3cd26889ca66d677f1\"},\"description\":\"Le ministre des Postes et de l\u2019\u00c9conomie Num\u00e9rique, Dr Idriss Saleh Bachar \u00e0 la t\u00eate d\u2019une forte d\u00e9l\u00e9gation et son homolo ...\",\"breadcrumb\":{\"@id\":\"https:\/\/www.africa-press.net\/tchad\/economie\/le-tchad-et-le-cameroun-signent-un-memorandum-dentente-sur-linterconnexion-des-reseaux-de-communication-electronique#breadcrumb\"},\"inLanguage\":\"fr-FR\",\"potentialAction\":[{\"@type\":\"ReadAction\",\"target\":[\"https:\/\/www.africa-press.net\/tchad\/economie\/le-tchad-et-le-cameroun-signent-un-memorandum-dentente-sur-linterconnexion-des-reseaux-de-communication-electronique\"]}]},{\"@type\":\"ImageObject\",\"inLanguage\":\"fr-FR\",\"@id\":\"https:\/\/www.africa-press.net\/tchad\/economie\/le-tchad-et-le-cameroun-signent-un-memorandum-dentente-sur-linterconnexion-des-reseaux-de-communication-electronique#primaryimage\",\"url\":\"https:\/\/static.africa-press.net\/tchad\/sites\/41\/2021\/11\/img-618eb06dcc787.jpg\",\"contentUrl\":\"https:\/\/static.africa-press.net\/tchad\/sites\/41\/2021\/11\/img-618eb06dcc787.jpg\",\"width\":696,\"height\":391,\"caption\":\"Le Tchad et le Cameroun signent un m\u00e9morandum d\u2019entente sur l\u2019interconnexion des r\u00e9seaux de communication \u00e9lectronique\"},{\"@type\":\"BreadcrumbList\",\"@id\":\"https:\/\/www.africa-press.net\/tchad\/economie\/le-tchad-et-le-cameroun-signent-un-memorandum-dentente-sur-linterconnexion-des-reseaux-de-communication-electronique#breadcrumb\",\"itemListElement\":[{\"@type\":\"ListItem\",\"position\":1,\"name\":\"Accueil\",\"item\":\"https:\/\/www.africa-press.net\/tchad\/\"},{\"@type\":\"ListItem\",\"position\":2,\"name\":\"Le Tchad et le Cameroun signent un m\u00e9morandum d\u2019entente sur l\u2019interconnexion des r\u00e9seaux de communication \u00e9lectronique\"}]},{\"@type\":\"WebSite\",\"@id\":\"https:\/\/www.africa-press.net\/tchad\/#website\",\"url\":\"https:\/\/www.africa-press.net\/tchad\/\",\"name\":\"tchad\",\"description\":\"Just another Africa News Agency Sites site\",\"potentialAction\":[{\"@type\":\"SearchAction\",\"target\":{\"@type\":\"EntryPoint\",\"urlTemplate\":\"https:\/\/www.africa-press.net\/tchad\/?s={search_term_string}\"},\"query-input\":{\"@type\":\"PropertyValueSpecification\",\"valueRequired\":true,\"valueName\":\"search_term_string\"}}],\"inLanguage\":\"fr-FR\"},{\"@type\":\"Person\",\"@id\":\"https:\/\/www.africa-press.net\/tchad\/#\/schema\/person\/2b1cf3cd81a31e3cd26889ca66d677f1\",\"name\":\"cfeditorfr\"}]}<\/script>\n<!-- \/ Yoast SEO Premium plugin. -->","yoast_head_json":{"title":"Le Tchad et le Cameroun signent un m\u00e9morandum d\u2019entente sur l\u2019interconnexion des r\u00e9seaux de communication \u00e9lectronique - tchad","description":"Le ministre des Postes et de l\u2019\u00c9conomie Num\u00e9rique, Dr Idriss Saleh Bachar \u00e0 la t\u00eate d\u2019une forte d\u00e9l\u00e9gation et son homolo ...","robots":{"index":"index","follow":"follow","max-snippet":"max-snippet:-1","max-image-preview":"max-image-preview:large","max-video-preview":"max-video-preview:-1"},"canonical":"https:\/\/www.africa-press.net\/tchad\/economie\/le-tchad-et-le-cameroun-signent-un-memorandum-dentente-sur-linterconnexion-des-reseaux-de-communication-electronique","og_locale":"fr_FR","og_type":"article","og_title":"Le Tchad et le Cameroun signent un m\u00e9morandum d\u2019entente sur l\u2019interconnexion des r\u00e9seaux de communication \u00e9lectronique","og_description":"Le ministre des Postes et de l\u2019\u00c9conomie Num\u00e9rique, Dr Idriss Saleh Bachar \u00e0 la t\u00eate d\u2019une forte d\u00e9l\u00e9gation et son homolo ...","og_url":"https:\/\/www.africa-press.net\/tchad\/economie\/le-tchad-et-le-cameroun-signent-un-memorandum-dentente-sur-linterconnexion-des-reseaux-de-communication-electronique","og_site_name":"tchad","article_published_time":"2021-11-12T17:55:00+00:00","article_modified_time":"2021-11-12T18:20:58+00:00","og_image":[{"width":696,"height":391,"url":"https:\/\/static.africa-press.net\/tchad\/sites\/41\/2021\/11\/img-618eb06dcc787.jpg","type":"image\/jpeg"}],"author":"cfeditorfr","twitter_card":"summary_large_image","twitter_misc":{"\u00c9crit par":"cfeditorfr","Dur\u00e9e de lecture estim\u00e9e":"2 minutes"},"schema":{"@context":"https:\/\/schema.org","@graph":[{"@type":"Article","@id":"https:\/\/www.africa-press.net\/tchad\/economie\/le-tchad-et-le-cameroun-signent-un-memorandum-dentente-sur-linterconnexion-des-reseaux-de-communication-electronique#article","isPartOf":{"@id":"https:\/\/www.africa-press.net\/tchad\/economie\/le-tchad-et-le-cameroun-signent-un-memorandum-dentente-sur-linterconnexion-des-reseaux-de-communication-electronique"},"author":{"name":"cfeditorfr","@id":"https:\/\/www.africa-press.net\/tchad\/#\/schema\/person\/2b1cf3cd81a31e3cd26889ca66d677f1"},"headline":"Le Tchad et le Cameroun signent un m\u00e9morandum d\u2019entente sur l\u2019interconnexion des r\u00e9seaux de communication \u00e9lectronique","datePublished":"2021-11-12T17:55:00+00:00","dateModified":"2021-11-12T18:20:58+00:00","mainEntityOfPage":{"@id":"https:\/\/www.africa-press.net\/tchad\/economie\/le-tchad-et-le-cameroun-signent-un-memorandum-dentente-sur-linterconnexion-des-reseaux-de-communication-electronique"},"wordCount":412,"commentCount":0,"image":{"@id":"https:\/\/www.africa-press.net\/tchad\/economie\/le-tchad-et-le-cameroun-signent-un-memorandum-dentente-sur-linterconnexion-des-reseaux-de-communication-electronique#primaryimage"},"thumbnailUrl":"https:\/\/static.africa-press.net\/tchad\/sites\/41\/2021\/11\/img-618eb06dcc787.jpg","keywords":["Africa Press","Africa Press-Tchad","\u00e9lectronique","l\u2019interconnexion","Tchad"],"articleSection":["\u00c9conomie","homepage-french","Toutes les actualit\u00e9s"],"inLanguage":"fr-FR","potentialAction":[{"@type":"CommentAction","name":"Comment","target":["https:\/\/www.africa-press.net\/tchad\/economie\/le-tchad-et-le-cameroun-signent-un-memorandum-dentente-sur-linterconnexion-des-reseaux-de-communication-electronique#respond"]}]},{"@type":"WebPage","@id":"https:\/\/www.africa-press.net\/tchad\/economie\/le-tchad-et-le-cameroun-signent-un-memorandum-dentente-sur-linterconnexion-des-reseaux-de-communication-electronique","url":"https:\/\/www.africa-press.net\/tchad\/economie\/le-tchad-et-le-cameroun-signent-un-memorandum-dentente-sur-linterconnexion-des-reseaux-de-communication-electronique","name":"Le Tchad et le Cameroun signent un m\u00e9morandum d\u2019entente sur l\u2019interconnexion des r\u00e9seaux de communication \u00e9lectronique - tchad","isPartOf":{"@id":"https:\/\/www.africa-press.net\/tchad\/#website"},"primaryImageOfPage":{"@id":"https:\/\/www.africa-press.net\/tchad\/economie\/le-tchad-et-le-cameroun-signent-un-memorandum-dentente-sur-linterconnexion-des-reseaux-de-communication-electronique#primaryimage"},"image":{"@id":"https:\/\/www.africa-press.net\/tchad\/economie\/le-tchad-et-le-cameroun-signent-un-memorandum-dentente-sur-linterconnexion-des-reseaux-de-communication-electronique#primaryimage"},"thumbnailUrl":"https:\/\/static.africa-press.net\/tchad\/sites\/41\/2021\/11\/img-618eb06dcc787.jpg","datePublished":"2021-11-12T17:55:00+00:00","dateModified":"2021-11-12T18:20:58+00:00","author":{"@id":"https:\/\/www.africa-press.net\/tchad\/#\/schema\/person\/2b1cf3cd81a31e3cd26889ca66d677f1"},"description":"Le ministre des Postes et de l\u2019\u00c9conomie Num\u00e9rique, Dr Idriss Saleh Bachar \u00e0 la t\u00eate d\u2019une forte d\u00e9l\u00e9gation et son homolo ...","breadcrumb":{"@id":"https:\/\/www.africa-press.net\/tchad\/economie\/le-tchad-et-le-cameroun-signent-un-memorandum-dentente-sur-linterconnexion-des-reseaux-de-communication-electronique#breadcrumb"},"inLanguage":"fr-FR","potentialAction":[{"@type":"ReadAction","target":["https:\/\/www.africa-press.net\/tchad\/economie\/le-tchad-et-le-cameroun-signent-un-memorandum-dentente-sur-linterconnexion-des-reseaux-de-communication-electronique"]}]},{"@type":"ImageObject","inLanguage":"fr-FR","@id":"https:\/\/www.africa-press.net\/tchad\/economie\/le-tchad-et-le-cameroun-signent-un-memorandum-dentente-sur-linterconnexion-des-reseaux-de-communication-electronique#primaryimage","url":"https:\/\/static.africa-press.net\/tchad\/sites\/41\/2021\/11\/img-618eb06dcc787.jpg","contentUrl":"https:\/\/static.africa-press.net\/tchad\/sites\/41\/2021\/11\/img-618eb06dcc787.jpg","width":696,"height":391,"caption":"Le Tchad et le Cameroun signent un m\u00e9morandum d\u2019entente sur l\u2019interconnexion des r\u00e9seaux de communication \u00e9lectronique"},{"@type":"BreadcrumbList","@id":"https:\/\/www.africa-press.net\/tchad\/economie\/le-tchad-et-le-cameroun-signent-un-memorandum-dentente-sur-linterconnexion-des-reseaux-de-communication-electronique#breadcrumb","itemListElement":[{"@type":"ListItem","position":1,"name":"Accueil","item":"https:\/\/www.africa-press.net\/tchad\/"},{"@type":"ListItem","position":2,"name":"Le Tchad et le Cameroun signent un m\u00e9morandum d\u2019entente sur l\u2019interconnexion des r\u00e9seaux de communication \u00e9lectronique"}]},{"@type":"WebSite","@id":"https:\/\/www.africa-press.net\/tchad\/#website","url":"https:\/\/www.africa-press.net\/tchad\/","name":"tchad","description":"Just another Africa News Agency Sites site","potentialAction":[{"@type":"SearchAction","target":{"@type":"EntryPoint","urlTemplate":"https:\/\/www.africa-press.net\/tchad\/?s={search_term_string}"},"query-input":{"@type":"PropertyValueSpecification","valueRequired":true,"valueName":"search_term_string"}}],"inLanguage":"fr-FR"},{"@type":"Person","@id":"https:\/\/www.africa-press.net\/tchad\/#\/schema\/person\/2b1cf3cd81a31e3cd26889ca66d677f1","name":"cfeditorfr"}]}},"_links":{"self":[{"href":"https:\/\/www.africa-press.net\/tchad\/wp-json\/wp\/v2\/posts\/13594","targetHints":{"allow":["GET"]}}],"collection":[{"href":"https:\/\/www.africa-press.net\/tchad\/wp-json\/wp\/v2\/posts"}],"about":[{"href":"https:\/\/www.africa-press.net\/tchad\/wp-json\/wp\/v2\/types\/post"}],"author":[{"embeddable":true,"href":"https:\/\/www.africa-press.net\/tchad\/wp-json\/wp\/v2\/users\/82"}],"replies":[{"embeddable":true,"href":"https:\/\/www.africa-press.net\/tchad\/wp-json\/wp\/v2\/comments?post=13594"}],"version-history":[{"count":0,"href":"https:\/\/www.africa-press.net\/tchad\/wp-json\/wp\/v2\/posts\/13594\/revisions"}],"wp:featuredmedia":[{"embeddable":true,"href":"https:\/\/www.africa-press.net\/tchad\/wp-json\/wp\/v2\/media\/13593"}],"wp:attachment":[{"href":"https:\/\/www.africa-press.net\/tchad\/wp-json\/wp\/v2\/media?parent=13594"}],"wp:term":[{"taxonomy":"category","embeddable":true,"href":"https:\/\/www.africa-press.net\/tchad\/wp-json\/wp\/v2\/categories?post=13594"},{"taxonomy":"post_tag","embeddable":true,"href":"https:\/\/www.africa-press.net\/tchad\/wp-json\/wp\/v2\/tags?post=13594"}],"curies":[{"name":"wp","href":"https:\/\/api.w.org\/{rel}","templated":true}]}}