{"id":13677,"date":"2021-11-13T14:22:55","date_gmt":"2021-11-13T14:22:55","guid":{"rendered":"https:\/\/www.africa-press.net\/tchad\/politique\/age-de-16-ans-lassassin-du-surveillant-incarcere-a-klessoum"},"modified":"2021-11-14T22:09:38","modified_gmt":"2021-11-14T22:09:38","slug":"age-de-16-ans-lassassin-du-surveillant-incarcere-a-klessoum","status":"publish","type":"post","link":"https:\/\/www.africa-press.net\/tchad\/toutes-les-actualites\/age-de-16-ans-lassassin-du-surveillant-incarcere-a-klessoum","title":{"rendered":"\u00e2g\u00e9 de 16 ans, l&rsquo;assassin du surveillant incarc\u00e9r\u00e9 \u00e0 Klessoum"},"content":{"rendered":"<p><span style=\"color: #ff6600\"><strong>Africa-Press &#8211; Tchad. <\/strong><\/span>Le procureur de la R\u00e9publique Moussa Wade Djibrine a d\u00e9nonc\u00e9 ce 12 novembre un \u00ab\u00a0acte ignoble\u00a0\u00bb commis par l&rsquo;\u00e9l\u00e8ve qui a tu\u00e9 un surveillant du lyc\u00e9e Groupe Le Touma\u00ef \u00e0 N&rsquo;Djamena.<\/p>\n<p>L&rsquo;\u00e9l\u00e8ve a \u00e9t\u00e9 arr\u00eat\u00e9 et d\u00e9f\u00e9r\u00e9 au parquet. \u00c9tant un mineur de 16 ans, l&rsquo;auteur a \u00e9t\u00e9 traduit devant un juge pour enfants qui l&rsquo;a interrog\u00e9 et plac\u00e9 sous mandat de d\u00e9p\u00f4t. Le mineur est incarc\u00e9r\u00e9 \u00e0 la maison d&rsquo;arr\u00eat de Klessoum. Une d\u00e9l\u00e9gation du minist\u00e8re de l&rsquo;\u00c9ducation nationale au domicile du d\u00e9funt<\/p>\n<p>Le secr\u00e9taire d&rsquo;\u00e9tat \u00e0 L&rsquo;Education Nationale et \u00e0 la Promotion Civique, Saleh Bourma, accompagn\u00e9 du directeur g\u00e9n\u00e9ral adjoint du minist\u00e8re et de plusieurs autres cadres, s\u2019est rendu ce 12 novembre au domicile familial de Isma\u00ebl Alhadj Koulbou, le surveillant du lyc\u00e9e Touma\u00ef d&rsquo;Amrigu\u00e9b\u00e9e, tu\u00e9 le 10 novembre 2021, par un \u00e9l\u00e8ve.<\/p>\n<p>M. Saleh Bourma a exprim\u00e9 son indignation face \u00e0 ce crime odieux. Il a affirm\u00e9 que ce cet acte ne restera pas impuni, et a signifi\u00e9 que la disparition d&rsquo;un enseignant ne constitue non seulement une perte pour sa famille, mais pour une nation toute enti\u00e8re.<\/p>\n<p>Gr\u00e8ve des enseignants Le Syndicat des enseignants du Tchad (SET) section de N\u2019Djamena a appel\u00e9 \u00e0 un arr\u00eat de travail de trois jours \u00e0 compter de ce vendredi. Pour sa part, le Syndicat national des enseignants et chercheurs du sup\u00e9rieur (SYNECS) appelle \u00e0 une gr\u00e8ve ce samedi 13 novembre.<\/p>\n<p><strong>Pour plus d&rsquo;informations et d&rsquo;analyses sur la <a href=\"https:\/\/www.africa-press.net\/tchad\">Tchad<\/a>, suivez <a href=\"https:\/\/www.africa-press.net\/\">Africa-Press<\/a><\/strong><\/p>\n","protected":false},"excerpt":{"rendered":"<p>Africa-Press &#8211; Tchad. Le procureur de la R\u00e9publique Moussa Wade Djibrine a d\u00e9nonc\u00e9 ce 12 novembre un \u00ab\u00a0acte ignoble\u00a0\u00bb commis par l&rsquo;\u00e9l\u00e8ve qui a tu\u00e9 un surveillant du lyc\u00e9e Groupe Le Touma\u00ef \u00e0 N&rsquo;Djamena. L&rsquo;\u00e9l\u00e8ve a \u00e9t\u00e9 arr\u00eat\u00e9 et d\u00e9f\u00e9r\u00e9 au parquet. \u00c9tant un mineur de 16 ans, l&rsquo;auteur a \u00e9t\u00e9 traduit devant un juge [&hellip;]<\/p>\n","protected":false},"author":82,"featured_media":13676,"comment_status":"open","ping_status":"closed","sticky":false,"template":"","format":"standard","meta":{"footnotes":""},"categories":[21,11,10],"tags":[37,292,2481,508,29],"class_list":["post-13677","post","type-post","status-publish","format-standard","has-post-thumbnail","hentry","category-communaute","category-homepage-french","category-toutes-les-actualites","tag-africa-press","tag-africa-press-tchad","tag-incarcere","tag-klessoum","tag-tchad"],"yoast_head":"<!-- This site is optimized with the Yoast SEO Premium plugin v26.1 (Yoast SEO v27.0) - https:\/\/yoast.com\/product\/yoast-seo-premium-wordpress\/ -->\n<title>\u00e2g\u00e9 de 16 ans, l&#039;assassin du surveillant incarc\u00e9r\u00e9 \u00e0 Klessoum - tchad<\/title>\n<meta name=\"description\" content=\"Le procureur de la R\u00e9publique Moussa Wade Djibrine a d\u00e9nonc\u00e9 ce 12 novembre un &quot;acte ignoble&quot; commis par l&#039;\u00e9l\u00e8ve qui a t ...\" \/>\n<meta name=\"robots\" content=\"index, follow, max-snippet:-1, max-image-preview:large, max-video-preview:-1\" \/>\n<link rel=\"canonical\" href=\"https:\/\/www.africa-press.net\/tchad\/toutes-les-actualites\/age-de-16-ans-lassassin-du-surveillant-incarcere-a-klessoum\" \/>\n<meta property=\"og:locale\" content=\"fr_FR\" \/>\n<meta property=\"og:type\" content=\"article\" \/>\n<meta property=\"og:title\" content=\"\u00e2g\u00e9 de 16 ans, l&#039;assassin du surveillant incarc\u00e9r\u00e9 \u00e0 Klessoum\" \/>\n<meta property=\"og:description\" content=\"Le procureur de la R\u00e9publique Moussa Wade Djibrine a d\u00e9nonc\u00e9 ce 12 novembre un &quot;acte ignoble&quot; commis par l&#039;\u00e9l\u00e8ve qui a t ...\" \/>\n<meta property=\"og:url\" content=\"https:\/\/www.africa-press.net\/tchad\/toutes-les-actualites\/age-de-16-ans-lassassin-du-surveillant-incarcere-a-klessoum\" \/>\n<meta property=\"og:site_name\" content=\"tchad\" \/>\n<meta property=\"article:published_time\" content=\"2021-11-13T14:22:55+00:00\" \/>\n<meta property=\"article:modified_time\" content=\"2021-11-14T22:09:38+00:00\" \/>\n<meta property=\"og:image\" content=\"https:\/\/static.africa-press.net\/tchad\/sites\/41\/2021\/11\/img-618fd29574e61.jpg\" \/>\n\t<meta property=\"og:image:width\" content=\"644\" \/>\n\t<meta property=\"og:image:height\" content=\"378\" \/>\n\t<meta property=\"og:image:type\" content=\"image\/jpeg\" \/>\n<meta name=\"author\" content=\"cfeditorfr\" \/>\n<meta name=\"twitter:card\" content=\"summary_large_image\" \/>\n<meta name=\"twitter:label1\" content=\"\u00c9crit par\" \/>\n\t<meta name=\"twitter:data1\" content=\"cfeditorfr\" \/>\n\t<meta name=\"twitter:label2\" content=\"Dur\u00e9e de lecture estim\u00e9e\" \/>\n\t<meta name=\"twitter:data2\" content=\"1 minute\" \/>\n<script type=\"application\/ld+json\" class=\"yoast-schema-graph\">{\"@context\":\"https:\/\/schema.org\",\"@graph\":[{\"@type\":\"Article\",\"@id\":\"https:\/\/www.africa-press.net\/tchad\/toutes-les-actualites\/age-de-16-ans-lassassin-du-surveillant-incarcere-a-klessoum#article\",\"isPartOf\":{\"@id\":\"https:\/\/www.africa-press.net\/tchad\/toutes-les-actualites\/age-de-16-ans-lassassin-du-surveillant-incarcere-a-klessoum\"},\"author\":{\"name\":\"cfeditorfr\",\"@id\":\"https:\/\/www.africa-press.net\/tchad\/#\/schema\/person\/2b1cf3cd81a31e3cd26889ca66d677f1\"},\"headline\":\"\u00e2g\u00e9 de 16 ans, l&rsquo;assassin du surveillant incarc\u00e9r\u00e9 \u00e0 Klessoum\",\"datePublished\":\"2021-11-13T14:22:55+00:00\",\"dateModified\":\"2021-11-14T22:09:38+00:00\",\"mainEntityOfPage\":{\"@id\":\"https:\/\/www.africa-press.net\/tchad\/toutes-les-actualites\/age-de-16-ans-lassassin-du-surveillant-incarcere-a-klessoum\"},\"wordCount\":284,\"commentCount\":0,\"image\":{\"@id\":\"https:\/\/www.africa-press.net\/tchad\/toutes-les-actualites\/age-de-16-ans-lassassin-du-surveillant-incarcere-a-klessoum#primaryimage\"},\"thumbnailUrl\":\"https:\/\/static.africa-press.net\/tchad\/sites\/41\/2021\/11\/img-618fd29574e61.jpg\",\"keywords\":[\"Africa Press\",\"Africa Press-Tchad\",\"incarc\u00e9r\u00e9\",\"Klessoum\",\"Tchad\"],\"articleSection\":[\"Communaut\u00e9\",\"homepage-french\",\"Toutes les actualit\u00e9s\"],\"inLanguage\":\"fr-FR\",\"potentialAction\":[{\"@type\":\"CommentAction\",\"name\":\"Comment\",\"target\":[\"https:\/\/www.africa-press.net\/tchad\/toutes-les-actualites\/age-de-16-ans-lassassin-du-surveillant-incarcere-a-klessoum#respond\"]}]},{\"@type\":\"WebPage\",\"@id\":\"https:\/\/www.africa-press.net\/tchad\/toutes-les-actualites\/age-de-16-ans-lassassin-du-surveillant-incarcere-a-klessoum\",\"url\":\"https:\/\/www.africa-press.net\/tchad\/toutes-les-actualites\/age-de-16-ans-lassassin-du-surveillant-incarcere-a-klessoum\",\"name\":\"\u00e2g\u00e9 de 16 ans, l'assassin du surveillant incarc\u00e9r\u00e9 \u00e0 Klessoum - tchad\",\"isPartOf\":{\"@id\":\"https:\/\/www.africa-press.net\/tchad\/#website\"},\"primaryImageOfPage\":{\"@id\":\"https:\/\/www.africa-press.net\/tchad\/toutes-les-actualites\/age-de-16-ans-lassassin-du-surveillant-incarcere-a-klessoum#primaryimage\"},\"image\":{\"@id\":\"https:\/\/www.africa-press.net\/tchad\/toutes-les-actualites\/age-de-16-ans-lassassin-du-surveillant-incarcere-a-klessoum#primaryimage\"},\"thumbnailUrl\":\"https:\/\/static.africa-press.net\/tchad\/sites\/41\/2021\/11\/img-618fd29574e61.jpg\",\"datePublished\":\"2021-11-13T14:22:55+00:00\",\"dateModified\":\"2021-11-14T22:09:38+00:00\",\"author\":{\"@id\":\"https:\/\/www.africa-press.net\/tchad\/#\/schema\/person\/2b1cf3cd81a31e3cd26889ca66d677f1\"},\"description\":\"Le procureur de la R\u00e9publique Moussa Wade Djibrine a d\u00e9nonc\u00e9 ce 12 novembre un \\\"acte ignoble\\\" commis par l'\u00e9l\u00e8ve qui a t ...\",\"breadcrumb\":{\"@id\":\"https:\/\/www.africa-press.net\/tchad\/toutes-les-actualites\/age-de-16-ans-lassassin-du-surveillant-incarcere-a-klessoum#breadcrumb\"},\"inLanguage\":\"fr-FR\",\"potentialAction\":[{\"@type\":\"ReadAction\",\"target\":[\"https:\/\/www.africa-press.net\/tchad\/toutes-les-actualites\/age-de-16-ans-lassassin-du-surveillant-incarcere-a-klessoum\"]}]},{\"@type\":\"ImageObject\",\"inLanguage\":\"fr-FR\",\"@id\":\"https:\/\/www.africa-press.net\/tchad\/toutes-les-actualites\/age-de-16-ans-lassassin-du-surveillant-incarcere-a-klessoum#primaryimage\",\"url\":\"https:\/\/static.africa-press.net\/tchad\/sites\/41\/2021\/11\/img-618fd29574e61.jpg\",\"contentUrl\":\"https:\/\/static.africa-press.net\/tchad\/sites\/41\/2021\/11\/img-618fd29574e61.jpg\",\"width\":644,\"height\":378,\"caption\":\"\u00e2g\u00e9 de 16 ans, l'assassin du surveillant incarc\u00e9r\u00e9 \u00e0 Klessoum\"},{\"@type\":\"BreadcrumbList\",\"@id\":\"https:\/\/www.africa-press.net\/tchad\/toutes-les-actualites\/age-de-16-ans-lassassin-du-surveillant-incarcere-a-klessoum#breadcrumb\",\"itemListElement\":[{\"@type\":\"ListItem\",\"position\":1,\"name\":\"Accueil\",\"item\":\"https:\/\/www.africa-press.net\/tchad\/\"},{\"@type\":\"ListItem\",\"position\":2,\"name\":\"\u00e2g\u00e9 de 16 ans, l&#8217;assassin du surveillant incarc\u00e9r\u00e9 \u00e0 Klessoum\"}]},{\"@type\":\"WebSite\",\"@id\":\"https:\/\/www.africa-press.net\/tchad\/#website\",\"url\":\"https:\/\/www.africa-press.net\/tchad\/\",\"name\":\"tchad\",\"description\":\"Just another Africa News Agency Sites site\",\"potentialAction\":[{\"@type\":\"SearchAction\",\"target\":{\"@type\":\"EntryPoint\",\"urlTemplate\":\"https:\/\/www.africa-press.net\/tchad\/?s={search_term_string}\"},\"query-input\":{\"@type\":\"PropertyValueSpecification\",\"valueRequired\":true,\"valueName\":\"search_term_string\"}}],\"inLanguage\":\"fr-FR\"},{\"@type\":\"Person\",\"@id\":\"https:\/\/www.africa-press.net\/tchad\/#\/schema\/person\/2b1cf3cd81a31e3cd26889ca66d677f1\",\"name\":\"cfeditorfr\"}]}<\/script>\n<!-- \/ Yoast SEO Premium plugin. -->","yoast_head_json":{"title":"\u00e2g\u00e9 de 16 ans, l'assassin du surveillant incarc\u00e9r\u00e9 \u00e0 Klessoum - tchad","description":"Le procureur de la R\u00e9publique Moussa Wade Djibrine a d\u00e9nonc\u00e9 ce 12 novembre un \"acte ignoble\" commis par l'\u00e9l\u00e8ve qui a t ...","robots":{"index":"index","follow":"follow","max-snippet":"max-snippet:-1","max-image-preview":"max-image-preview:large","max-video-preview":"max-video-preview:-1"},"canonical":"https:\/\/www.africa-press.net\/tchad\/toutes-les-actualites\/age-de-16-ans-lassassin-du-surveillant-incarcere-a-klessoum","og_locale":"fr_FR","og_type":"article","og_title":"\u00e2g\u00e9 de 16 ans, l'assassin du surveillant incarc\u00e9r\u00e9 \u00e0 Klessoum","og_description":"Le procureur de la R\u00e9publique Moussa Wade Djibrine a d\u00e9nonc\u00e9 ce 12 novembre un \"acte ignoble\" commis par l'\u00e9l\u00e8ve qui a t ...","og_url":"https:\/\/www.africa-press.net\/tchad\/toutes-les-actualites\/age-de-16-ans-lassassin-du-surveillant-incarcere-a-klessoum","og_site_name":"tchad","article_published_time":"2021-11-13T14:22:55+00:00","article_modified_time":"2021-11-14T22:09:38+00:00","og_image":[{"width":644,"height":378,"url":"https:\/\/static.africa-press.net\/tchad\/sites\/41\/2021\/11\/img-618fd29574e61.jpg","type":"image\/jpeg"}],"author":"cfeditorfr","twitter_card":"summary_large_image","twitter_misc":{"\u00c9crit par":"cfeditorfr","Dur\u00e9e de lecture estim\u00e9e":"1 minute"},"schema":{"@context":"https:\/\/schema.org","@graph":[{"@type":"Article","@id":"https:\/\/www.africa-press.net\/tchad\/toutes-les-actualites\/age-de-16-ans-lassassin-du-surveillant-incarcere-a-klessoum#article","isPartOf":{"@id":"https:\/\/www.africa-press.net\/tchad\/toutes-les-actualites\/age-de-16-ans-lassassin-du-surveillant-incarcere-a-klessoum"},"author":{"name":"cfeditorfr","@id":"https:\/\/www.africa-press.net\/tchad\/#\/schema\/person\/2b1cf3cd81a31e3cd26889ca66d677f1"},"headline":"\u00e2g\u00e9 de 16 ans, l&rsquo;assassin du surveillant incarc\u00e9r\u00e9 \u00e0 Klessoum","datePublished":"2021-11-13T14:22:55+00:00","dateModified":"2021-11-14T22:09:38+00:00","mainEntityOfPage":{"@id":"https:\/\/www.africa-press.net\/tchad\/toutes-les-actualites\/age-de-16-ans-lassassin-du-surveillant-incarcere-a-klessoum"},"wordCount":284,"commentCount":0,"image":{"@id":"https:\/\/www.africa-press.net\/tchad\/toutes-les-actualites\/age-de-16-ans-lassassin-du-surveillant-incarcere-a-klessoum#primaryimage"},"thumbnailUrl":"https:\/\/static.africa-press.net\/tchad\/sites\/41\/2021\/11\/img-618fd29574e61.jpg","keywords":["Africa Press","Africa Press-Tchad","incarc\u00e9r\u00e9","Klessoum","Tchad"],"articleSection":["Communaut\u00e9","homepage-french","Toutes les actualit\u00e9s"],"inLanguage":"fr-FR","potentialAction":[{"@type":"CommentAction","name":"Comment","target":["https:\/\/www.africa-press.net\/tchad\/toutes-les-actualites\/age-de-16-ans-lassassin-du-surveillant-incarcere-a-klessoum#respond"]}]},{"@type":"WebPage","@id":"https:\/\/www.africa-press.net\/tchad\/toutes-les-actualites\/age-de-16-ans-lassassin-du-surveillant-incarcere-a-klessoum","url":"https:\/\/www.africa-press.net\/tchad\/toutes-les-actualites\/age-de-16-ans-lassassin-du-surveillant-incarcere-a-klessoum","name":"\u00e2g\u00e9 de 16 ans, l'assassin du surveillant incarc\u00e9r\u00e9 \u00e0 Klessoum - tchad","isPartOf":{"@id":"https:\/\/www.africa-press.net\/tchad\/#website"},"primaryImageOfPage":{"@id":"https:\/\/www.africa-press.net\/tchad\/toutes-les-actualites\/age-de-16-ans-lassassin-du-surveillant-incarcere-a-klessoum#primaryimage"},"image":{"@id":"https:\/\/www.africa-press.net\/tchad\/toutes-les-actualites\/age-de-16-ans-lassassin-du-surveillant-incarcere-a-klessoum#primaryimage"},"thumbnailUrl":"https:\/\/static.africa-press.net\/tchad\/sites\/41\/2021\/11\/img-618fd29574e61.jpg","datePublished":"2021-11-13T14:22:55+00:00","dateModified":"2021-11-14T22:09:38+00:00","author":{"@id":"https:\/\/www.africa-press.net\/tchad\/#\/schema\/person\/2b1cf3cd81a31e3cd26889ca66d677f1"},"description":"Le procureur de la R\u00e9publique Moussa Wade Djibrine a d\u00e9nonc\u00e9 ce 12 novembre un \"acte ignoble\" commis par l'\u00e9l\u00e8ve qui a t ...","breadcrumb":{"@id":"https:\/\/www.africa-press.net\/tchad\/toutes-les-actualites\/age-de-16-ans-lassassin-du-surveillant-incarcere-a-klessoum#breadcrumb"},"inLanguage":"fr-FR","potentialAction":[{"@type":"ReadAction","target":["https:\/\/www.africa-press.net\/tchad\/toutes-les-actualites\/age-de-16-ans-lassassin-du-surveillant-incarcere-a-klessoum"]}]},{"@type":"ImageObject","inLanguage":"fr-FR","@id":"https:\/\/www.africa-press.net\/tchad\/toutes-les-actualites\/age-de-16-ans-lassassin-du-surveillant-incarcere-a-klessoum#primaryimage","url":"https:\/\/static.africa-press.net\/tchad\/sites\/41\/2021\/11\/img-618fd29574e61.jpg","contentUrl":"https:\/\/static.africa-press.net\/tchad\/sites\/41\/2021\/11\/img-618fd29574e61.jpg","width":644,"height":378,"caption":"\u00e2g\u00e9 de 16 ans, l'assassin du surveillant incarc\u00e9r\u00e9 \u00e0 Klessoum"},{"@type":"BreadcrumbList","@id":"https:\/\/www.africa-press.net\/tchad\/toutes-les-actualites\/age-de-16-ans-lassassin-du-surveillant-incarcere-a-klessoum#breadcrumb","itemListElement":[{"@type":"ListItem","position":1,"name":"Accueil","item":"https:\/\/www.africa-press.net\/tchad\/"},{"@type":"ListItem","position":2,"name":"\u00e2g\u00e9 de 16 ans, l&#8217;assassin du surveillant incarc\u00e9r\u00e9 \u00e0 Klessoum"}]},{"@type":"WebSite","@id":"https:\/\/www.africa-press.net\/tchad\/#website","url":"https:\/\/www.africa-press.net\/tchad\/","name":"tchad","description":"Just another Africa News Agency Sites site","potentialAction":[{"@type":"SearchAction","target":{"@type":"EntryPoint","urlTemplate":"https:\/\/www.africa-press.net\/tchad\/?s={search_term_string}"},"query-input":{"@type":"PropertyValueSpecification","valueRequired":true,"valueName":"search_term_string"}}],"inLanguage":"fr-FR"},{"@type":"Person","@id":"https:\/\/www.africa-press.net\/tchad\/#\/schema\/person\/2b1cf3cd81a31e3cd26889ca66d677f1","name":"cfeditorfr"}]}},"_links":{"self":[{"href":"https:\/\/www.africa-press.net\/tchad\/wp-json\/wp\/v2\/posts\/13677","targetHints":{"allow":["GET"]}}],"collection":[{"href":"https:\/\/www.africa-press.net\/tchad\/wp-json\/wp\/v2\/posts"}],"about":[{"href":"https:\/\/www.africa-press.net\/tchad\/wp-json\/wp\/v2\/types\/post"}],"author":[{"embeddable":true,"href":"https:\/\/www.africa-press.net\/tchad\/wp-json\/wp\/v2\/users\/82"}],"replies":[{"embeddable":true,"href":"https:\/\/www.africa-press.net\/tchad\/wp-json\/wp\/v2\/comments?post=13677"}],"version-history":[{"count":0,"href":"https:\/\/www.africa-press.net\/tchad\/wp-json\/wp\/v2\/posts\/13677\/revisions"}],"wp:featuredmedia":[{"embeddable":true,"href":"https:\/\/www.africa-press.net\/tchad\/wp-json\/wp\/v2\/media\/13676"}],"wp:attachment":[{"href":"https:\/\/www.africa-press.net\/tchad\/wp-json\/wp\/v2\/media?parent=13677"}],"wp:term":[{"taxonomy":"category","embeddable":true,"href":"https:\/\/www.africa-press.net\/tchad\/wp-json\/wp\/v2\/categories?post=13677"},{"taxonomy":"post_tag","embeddable":true,"href":"https:\/\/www.africa-press.net\/tchad\/wp-json\/wp\/v2\/tags?post=13677"}],"curies":[{"name":"wp","href":"https:\/\/api.w.org\/{rel}","templated":true}]}}