{"id":13687,"date":"2021-11-13T14:26:44","date_gmt":"2021-11-13T14:26:44","guid":{"rendered":"https:\/\/www.africa-press.net\/tchad\/politique\/le-nouveau-gouverneur-du-lac-adoum-moustapha-brahimi-installe"},"modified":"2021-11-14T22:10:02","modified_gmt":"2021-11-14T22:10:02","slug":"le-nouveau-gouverneur-du-lac-adoum-moustapha-brahimi-installe","status":"publish","type":"post","link":"https:\/\/www.africa-press.net\/tchad\/politique\/le-nouveau-gouverneur-du-lac-adoum-moustapha-brahimi-installe","title":{"rendered":"le nouveau gouverneur du Lac, Adoum Moustapha Brahimi, install\u00e9"},"content":{"rendered":"<p><span style=\"color: #ff6600\"><strong>Africa-Press &#8211; Tchad. <\/strong><\/span>Le gouverneur sortant Mahamat Fadoul Mackaye a dans ses allocutions pr\u00e9sent\u00e9 succinctement la province, avant de relever quelques r\u00e9alisations, notamment la restauration de l\u2019autorit\u00e9 de l&rsquo;\u00c9tat, le r\u00e8glement des conflits intra et extra communautaires li\u00e9s \u00e0 la gestion des polders, l\u2019am\u00e9lioration de la situation s\u00e9curitaire, la lutte contre la corruption, la d\u00e9perdition d\u00e8s recettes, le d\u00e9tournement des biens de l&rsquo;\u00c9tat et l\u2019abandon des postes.<\/p>\n<p>La population du Lac a t\u00e9moign\u00e9 sa reconnaissance au gouverneur sortant pour les nombreux efforts fournis pour le bien \u00eatre de la province. Tout en f\u00e9licitant le gouverneur sortant pour ces nombreuses actions entreprises, le secr\u00e9taire g\u00e9n\u00e9ral du minist\u00e8re de l\u2019Administration du territoire et de la D\u00e9centralisation, Mahamat Adoum Idriss, a rappel\u00e9 au gouverneur entrant les missions qui lui sont assign\u00e9es.<\/p>\n<p>Pour lui, la province du Lac est confront\u00e9e aux nombreux d\u00e9fis qui hypoth\u00e8quent son d\u00e9veloppement socio-\u00e9conomique et constituent des obstacles majeurs \u00e0 son \u00e9panouissement.<\/p>\n<p>\ufffc<\/p>\n<p>Le gouverneur entrant de la province du Lac, Adoum Moustapha Brahimi, a remerci\u00e9 les plus hautes autorit\u00e9s du pays pour la confiance plac\u00e9e en sa modeste personne.<\/p>\n<p>Il a ensuite sollicit\u00e9 la franche collaboration de ses collaborateurs et administr\u00e9s afin de relever le d\u00e9fi, celui d\u2019assurer la s\u00e9curit\u00e9 des biens et des personnes et le d\u00e9veloppement socio-\u00e9conomique de la province.<\/p>\n<p>La c\u00e9r\u00e9monie a vu la pr\u00e9sence des autorit\u00e9s administratives, militaires et traditionnelles. Elle a pris fin avec la signature du proc\u00e8s-verbal de passation de service.<\/p>\n<p><strong>Pour plus d&rsquo;informations et d&rsquo;analyses sur la <a href=\"https:\/\/www.africa-press.net\/tchad\">Tchad<\/a>, suivez <a href=\"https:\/\/www.africa-press.net\/\">Africa-Press<\/a><\/strong><\/p>\n","protected":false},"excerpt":{"rendered":"<p>Africa-Press &#8211; Tchad. Le gouverneur sortant Mahamat Fadoul Mackaye a dans ses allocutions pr\u00e9sent\u00e9 succinctement la province, avant de relever quelques r\u00e9alisations, notamment la restauration de l\u2019autorit\u00e9 de l&rsquo;\u00c9tat, le r\u00e8glement des conflits intra et extra communautaires li\u00e9s \u00e0 la gestion des polders, l\u2019am\u00e9lioration de la situation s\u00e9curitaire, la lutte contre la corruption, la d\u00e9perdition [&hellip;]<\/p>\n","protected":false},"author":82,"featured_media":13686,"comment_status":"open","ping_status":"closed","sticky":false,"template":"","format":"standard","meta":{"footnotes":""},"categories":[11,2,10],"tags":[2484,37,292,2485,29],"class_list":["post-13687","post","type-post","status-publish","format-standard","has-post-thumbnail","hentry","category-homepage-french","category-politique","category-toutes-les-actualites","tag-adoum-moustapha-brahimi","tag-africa-press","tag-africa-press-tchad","tag-moustapha","tag-tchad"],"yoast_head":"<!-- This site is optimized with the Yoast SEO Premium plugin v26.1 (Yoast SEO v27.0) - https:\/\/yoast.com\/product\/yoast-seo-premium-wordpress\/ -->\n<title>le nouveau gouverneur du Lac, Adoum Moustapha Brahimi, install\u00e9 - tchad<\/title>\n<meta name=\"description\" content=\"Le gouverneur sortant Mahamat Fadoul Mackaye a dans ses allocutions pr\u00e9sent\u00e9 succinctement la province, avant de relever ...\" \/>\n<meta name=\"robots\" content=\"index, follow, max-snippet:-1, max-image-preview:large, max-video-preview:-1\" \/>\n<link rel=\"canonical\" href=\"https:\/\/www.africa-press.net\/tchad\/politique\/le-nouveau-gouverneur-du-lac-adoum-moustapha-brahimi-installe\" \/>\n<meta property=\"og:locale\" content=\"fr_FR\" \/>\n<meta property=\"og:type\" content=\"article\" \/>\n<meta property=\"og:title\" content=\"le nouveau gouverneur du Lac, Adoum Moustapha Brahimi, install\u00e9\" \/>\n<meta property=\"og:description\" content=\"Le gouverneur sortant Mahamat Fadoul Mackaye a dans ses allocutions pr\u00e9sent\u00e9 succinctement la province, avant de relever ...\" \/>\n<meta property=\"og:url\" content=\"https:\/\/www.africa-press.net\/tchad\/politique\/le-nouveau-gouverneur-du-lac-adoum-moustapha-brahimi-installe\" \/>\n<meta property=\"og:site_name\" content=\"tchad\" \/>\n<meta property=\"article:published_time\" content=\"2021-11-13T14:26:44+00:00\" \/>\n<meta property=\"article:modified_time\" content=\"2021-11-14T22:10:02+00:00\" \/>\n<meta property=\"og:image\" content=\"https:\/\/static.africa-press.net\/tchad\/sites\/41\/2021\/11\/img-618fda04b6875.jpg\" \/>\n\t<meta property=\"og:image:width\" content=\"870\" \/>\n\t<meta property=\"og:image:height\" content=\"653\" \/>\n\t<meta property=\"og:image:type\" content=\"image\/jpeg\" \/>\n<meta name=\"author\" content=\"cfeditorfr\" \/>\n<meta name=\"twitter:card\" content=\"summary_large_image\" \/>\n<meta name=\"twitter:label1\" content=\"\u00c9crit par\" \/>\n\t<meta name=\"twitter:data1\" content=\"cfeditorfr\" \/>\n\t<meta name=\"twitter:label2\" content=\"Dur\u00e9e de lecture estim\u00e9e\" \/>\n\t<meta name=\"twitter:data2\" content=\"1 minute\" \/>\n<script type=\"application\/ld+json\" class=\"yoast-schema-graph\">{\"@context\":\"https:\/\/schema.org\",\"@graph\":[{\"@type\":\"Article\",\"@id\":\"https:\/\/www.africa-press.net\/tchad\/politique\/le-nouveau-gouverneur-du-lac-adoum-moustapha-brahimi-installe#article\",\"isPartOf\":{\"@id\":\"https:\/\/www.africa-press.net\/tchad\/politique\/le-nouveau-gouverneur-du-lac-adoum-moustapha-brahimi-installe\"},\"author\":{\"name\":\"cfeditorfr\",\"@id\":\"https:\/\/www.africa-press.net\/tchad\/#\/schema\/person\/2b1cf3cd81a31e3cd26889ca66d677f1\"},\"headline\":\"le nouveau gouverneur du Lac, Adoum Moustapha Brahimi, install\u00e9\",\"datePublished\":\"2021-11-13T14:26:44+00:00\",\"dateModified\":\"2021-11-14T22:10:02+00:00\",\"mainEntityOfPage\":{\"@id\":\"https:\/\/www.africa-press.net\/tchad\/politique\/le-nouveau-gouverneur-du-lac-adoum-moustapha-brahimi-installe\"},\"wordCount\":297,\"commentCount\":0,\"image\":{\"@id\":\"https:\/\/www.africa-press.net\/tchad\/politique\/le-nouveau-gouverneur-du-lac-adoum-moustapha-brahimi-installe#primaryimage\"},\"thumbnailUrl\":\"https:\/\/static.africa-press.net\/tchad\/sites\/41\/2021\/11\/img-618fda04b6875.jpg\",\"keywords\":[\"Adoum Moustapha Brahimi\",\"Africa Press\",\"Africa Press-Tchad\",\"Moustapha\",\"Tchad\"],\"articleSection\":[\"homepage-french\",\"Politique\",\"Toutes les actualit\u00e9s\"],\"inLanguage\":\"fr-FR\",\"potentialAction\":[{\"@type\":\"CommentAction\",\"name\":\"Comment\",\"target\":[\"https:\/\/www.africa-press.net\/tchad\/politique\/le-nouveau-gouverneur-du-lac-adoum-moustapha-brahimi-installe#respond\"]}]},{\"@type\":\"WebPage\",\"@id\":\"https:\/\/www.africa-press.net\/tchad\/politique\/le-nouveau-gouverneur-du-lac-adoum-moustapha-brahimi-installe\",\"url\":\"https:\/\/www.africa-press.net\/tchad\/politique\/le-nouveau-gouverneur-du-lac-adoum-moustapha-brahimi-installe\",\"name\":\"le nouveau gouverneur du Lac, Adoum Moustapha Brahimi, install\u00e9 - tchad\",\"isPartOf\":{\"@id\":\"https:\/\/www.africa-press.net\/tchad\/#website\"},\"primaryImageOfPage\":{\"@id\":\"https:\/\/www.africa-press.net\/tchad\/politique\/le-nouveau-gouverneur-du-lac-adoum-moustapha-brahimi-installe#primaryimage\"},\"image\":{\"@id\":\"https:\/\/www.africa-press.net\/tchad\/politique\/le-nouveau-gouverneur-du-lac-adoum-moustapha-brahimi-installe#primaryimage\"},\"thumbnailUrl\":\"https:\/\/static.africa-press.net\/tchad\/sites\/41\/2021\/11\/img-618fda04b6875.jpg\",\"datePublished\":\"2021-11-13T14:26:44+00:00\",\"dateModified\":\"2021-11-14T22:10:02+00:00\",\"author\":{\"@id\":\"https:\/\/www.africa-press.net\/tchad\/#\/schema\/person\/2b1cf3cd81a31e3cd26889ca66d677f1\"},\"description\":\"Le gouverneur sortant Mahamat Fadoul Mackaye a dans ses allocutions pr\u00e9sent\u00e9 succinctement la province, avant de relever ...\",\"breadcrumb\":{\"@id\":\"https:\/\/www.africa-press.net\/tchad\/politique\/le-nouveau-gouverneur-du-lac-adoum-moustapha-brahimi-installe#breadcrumb\"},\"inLanguage\":\"fr-FR\",\"potentialAction\":[{\"@type\":\"ReadAction\",\"target\":[\"https:\/\/www.africa-press.net\/tchad\/politique\/le-nouveau-gouverneur-du-lac-adoum-moustapha-brahimi-installe\"]}]},{\"@type\":\"ImageObject\",\"inLanguage\":\"fr-FR\",\"@id\":\"https:\/\/www.africa-press.net\/tchad\/politique\/le-nouveau-gouverneur-du-lac-adoum-moustapha-brahimi-installe#primaryimage\",\"url\":\"https:\/\/static.africa-press.net\/tchad\/sites\/41\/2021\/11\/img-618fda04b6875.jpg\",\"contentUrl\":\"https:\/\/static.africa-press.net\/tchad\/sites\/41\/2021\/11\/img-618fda04b6875.jpg\",\"width\":870,\"height\":653,\"caption\":\"le nouveau gouverneur du Lac, Adoum Moustapha Brahimi, install\u00e9\"},{\"@type\":\"BreadcrumbList\",\"@id\":\"https:\/\/www.africa-press.net\/tchad\/politique\/le-nouveau-gouverneur-du-lac-adoum-moustapha-brahimi-installe#breadcrumb\",\"itemListElement\":[{\"@type\":\"ListItem\",\"position\":1,\"name\":\"Accueil\",\"item\":\"https:\/\/www.africa-press.net\/tchad\/\"},{\"@type\":\"ListItem\",\"position\":2,\"name\":\"le nouveau gouverneur du Lac, Adoum Moustapha Brahimi, install\u00e9\"}]},{\"@type\":\"WebSite\",\"@id\":\"https:\/\/www.africa-press.net\/tchad\/#website\",\"url\":\"https:\/\/www.africa-press.net\/tchad\/\",\"name\":\"tchad\",\"description\":\"Just another Africa News Agency Sites site\",\"potentialAction\":[{\"@type\":\"SearchAction\",\"target\":{\"@type\":\"EntryPoint\",\"urlTemplate\":\"https:\/\/www.africa-press.net\/tchad\/?s={search_term_string}\"},\"query-input\":{\"@type\":\"PropertyValueSpecification\",\"valueRequired\":true,\"valueName\":\"search_term_string\"}}],\"inLanguage\":\"fr-FR\"},{\"@type\":\"Person\",\"@id\":\"https:\/\/www.africa-press.net\/tchad\/#\/schema\/person\/2b1cf3cd81a31e3cd26889ca66d677f1\",\"name\":\"cfeditorfr\"}]}<\/script>\n<!-- \/ Yoast SEO Premium plugin. -->","yoast_head_json":{"title":"le nouveau gouverneur du Lac, Adoum Moustapha Brahimi, install\u00e9 - tchad","description":"Le gouverneur sortant Mahamat Fadoul Mackaye a dans ses allocutions pr\u00e9sent\u00e9 succinctement la province, avant de relever ...","robots":{"index":"index","follow":"follow","max-snippet":"max-snippet:-1","max-image-preview":"max-image-preview:large","max-video-preview":"max-video-preview:-1"},"canonical":"https:\/\/www.africa-press.net\/tchad\/politique\/le-nouveau-gouverneur-du-lac-adoum-moustapha-brahimi-installe","og_locale":"fr_FR","og_type":"article","og_title":"le nouveau gouverneur du Lac, Adoum Moustapha Brahimi, install\u00e9","og_description":"Le gouverneur sortant Mahamat Fadoul Mackaye a dans ses allocutions pr\u00e9sent\u00e9 succinctement la province, avant de relever ...","og_url":"https:\/\/www.africa-press.net\/tchad\/politique\/le-nouveau-gouverneur-du-lac-adoum-moustapha-brahimi-installe","og_site_name":"tchad","article_published_time":"2021-11-13T14:26:44+00:00","article_modified_time":"2021-11-14T22:10:02+00:00","og_image":[{"width":870,"height":653,"url":"https:\/\/static.africa-press.net\/tchad\/sites\/41\/2021\/11\/img-618fda04b6875.jpg","type":"image\/jpeg"}],"author":"cfeditorfr","twitter_card":"summary_large_image","twitter_misc":{"\u00c9crit par":"cfeditorfr","Dur\u00e9e de lecture estim\u00e9e":"1 minute"},"schema":{"@context":"https:\/\/schema.org","@graph":[{"@type":"Article","@id":"https:\/\/www.africa-press.net\/tchad\/politique\/le-nouveau-gouverneur-du-lac-adoum-moustapha-brahimi-installe#article","isPartOf":{"@id":"https:\/\/www.africa-press.net\/tchad\/politique\/le-nouveau-gouverneur-du-lac-adoum-moustapha-brahimi-installe"},"author":{"name":"cfeditorfr","@id":"https:\/\/www.africa-press.net\/tchad\/#\/schema\/person\/2b1cf3cd81a31e3cd26889ca66d677f1"},"headline":"le nouveau gouverneur du Lac, Adoum Moustapha Brahimi, install\u00e9","datePublished":"2021-11-13T14:26:44+00:00","dateModified":"2021-11-14T22:10:02+00:00","mainEntityOfPage":{"@id":"https:\/\/www.africa-press.net\/tchad\/politique\/le-nouveau-gouverneur-du-lac-adoum-moustapha-brahimi-installe"},"wordCount":297,"commentCount":0,"image":{"@id":"https:\/\/www.africa-press.net\/tchad\/politique\/le-nouveau-gouverneur-du-lac-adoum-moustapha-brahimi-installe#primaryimage"},"thumbnailUrl":"https:\/\/static.africa-press.net\/tchad\/sites\/41\/2021\/11\/img-618fda04b6875.jpg","keywords":["Adoum Moustapha Brahimi","Africa Press","Africa Press-Tchad","Moustapha","Tchad"],"articleSection":["homepage-french","Politique","Toutes les actualit\u00e9s"],"inLanguage":"fr-FR","potentialAction":[{"@type":"CommentAction","name":"Comment","target":["https:\/\/www.africa-press.net\/tchad\/politique\/le-nouveau-gouverneur-du-lac-adoum-moustapha-brahimi-installe#respond"]}]},{"@type":"WebPage","@id":"https:\/\/www.africa-press.net\/tchad\/politique\/le-nouveau-gouverneur-du-lac-adoum-moustapha-brahimi-installe","url":"https:\/\/www.africa-press.net\/tchad\/politique\/le-nouveau-gouverneur-du-lac-adoum-moustapha-brahimi-installe","name":"le nouveau gouverneur du Lac, Adoum Moustapha Brahimi, install\u00e9 - tchad","isPartOf":{"@id":"https:\/\/www.africa-press.net\/tchad\/#website"},"primaryImageOfPage":{"@id":"https:\/\/www.africa-press.net\/tchad\/politique\/le-nouveau-gouverneur-du-lac-adoum-moustapha-brahimi-installe#primaryimage"},"image":{"@id":"https:\/\/www.africa-press.net\/tchad\/politique\/le-nouveau-gouverneur-du-lac-adoum-moustapha-brahimi-installe#primaryimage"},"thumbnailUrl":"https:\/\/static.africa-press.net\/tchad\/sites\/41\/2021\/11\/img-618fda04b6875.jpg","datePublished":"2021-11-13T14:26:44+00:00","dateModified":"2021-11-14T22:10:02+00:00","author":{"@id":"https:\/\/www.africa-press.net\/tchad\/#\/schema\/person\/2b1cf3cd81a31e3cd26889ca66d677f1"},"description":"Le gouverneur sortant Mahamat Fadoul Mackaye a dans ses allocutions pr\u00e9sent\u00e9 succinctement la province, avant de relever ...","breadcrumb":{"@id":"https:\/\/www.africa-press.net\/tchad\/politique\/le-nouveau-gouverneur-du-lac-adoum-moustapha-brahimi-installe#breadcrumb"},"inLanguage":"fr-FR","potentialAction":[{"@type":"ReadAction","target":["https:\/\/www.africa-press.net\/tchad\/politique\/le-nouveau-gouverneur-du-lac-adoum-moustapha-brahimi-installe"]}]},{"@type":"ImageObject","inLanguage":"fr-FR","@id":"https:\/\/www.africa-press.net\/tchad\/politique\/le-nouveau-gouverneur-du-lac-adoum-moustapha-brahimi-installe#primaryimage","url":"https:\/\/static.africa-press.net\/tchad\/sites\/41\/2021\/11\/img-618fda04b6875.jpg","contentUrl":"https:\/\/static.africa-press.net\/tchad\/sites\/41\/2021\/11\/img-618fda04b6875.jpg","width":870,"height":653,"caption":"le nouveau gouverneur du Lac, Adoum Moustapha Brahimi, install\u00e9"},{"@type":"BreadcrumbList","@id":"https:\/\/www.africa-press.net\/tchad\/politique\/le-nouveau-gouverneur-du-lac-adoum-moustapha-brahimi-installe#breadcrumb","itemListElement":[{"@type":"ListItem","position":1,"name":"Accueil","item":"https:\/\/www.africa-press.net\/tchad\/"},{"@type":"ListItem","position":2,"name":"le nouveau gouverneur du Lac, Adoum Moustapha Brahimi, install\u00e9"}]},{"@type":"WebSite","@id":"https:\/\/www.africa-press.net\/tchad\/#website","url":"https:\/\/www.africa-press.net\/tchad\/","name":"tchad","description":"Just another Africa News Agency Sites site","potentialAction":[{"@type":"SearchAction","target":{"@type":"EntryPoint","urlTemplate":"https:\/\/www.africa-press.net\/tchad\/?s={search_term_string}"},"query-input":{"@type":"PropertyValueSpecification","valueRequired":true,"valueName":"search_term_string"}}],"inLanguage":"fr-FR"},{"@type":"Person","@id":"https:\/\/www.africa-press.net\/tchad\/#\/schema\/person\/2b1cf3cd81a31e3cd26889ca66d677f1","name":"cfeditorfr"}]}},"_links":{"self":[{"href":"https:\/\/www.africa-press.net\/tchad\/wp-json\/wp\/v2\/posts\/13687","targetHints":{"allow":["GET"]}}],"collection":[{"href":"https:\/\/www.africa-press.net\/tchad\/wp-json\/wp\/v2\/posts"}],"about":[{"href":"https:\/\/www.africa-press.net\/tchad\/wp-json\/wp\/v2\/types\/post"}],"author":[{"embeddable":true,"href":"https:\/\/www.africa-press.net\/tchad\/wp-json\/wp\/v2\/users\/82"}],"replies":[{"embeddable":true,"href":"https:\/\/www.africa-press.net\/tchad\/wp-json\/wp\/v2\/comments?post=13687"}],"version-history":[{"count":0,"href":"https:\/\/www.africa-press.net\/tchad\/wp-json\/wp\/v2\/posts\/13687\/revisions"}],"wp:featuredmedia":[{"embeddable":true,"href":"https:\/\/www.africa-press.net\/tchad\/wp-json\/wp\/v2\/media\/13686"}],"wp:attachment":[{"href":"https:\/\/www.africa-press.net\/tchad\/wp-json\/wp\/v2\/media?parent=13687"}],"wp:term":[{"taxonomy":"category","embeddable":true,"href":"https:\/\/www.africa-press.net\/tchad\/wp-json\/wp\/v2\/categories?post=13687"},{"taxonomy":"post_tag","embeddable":true,"href":"https:\/\/www.africa-press.net\/tchad\/wp-json\/wp\/v2\/tags?post=13687"}],"curies":[{"name":"wp","href":"https:\/\/api.w.org\/{rel}","templated":true}]}}