{"id":13690,"date":"2021-11-13T14:27:49","date_gmt":"2021-11-13T14:27:49","guid":{"rendered":"https:\/\/www.africa-press.net\/tchad\/politique\/lavocat-de-world-vision-denonce-une-affaire-montee-de-toutes-pieces"},"modified":"2021-11-14T22:10:06","modified_gmt":"2021-11-14T22:10:06","slug":"lavocat-de-world-vision-denonce-une-affaire-montee-de-toutes-pieces","status":"publish","type":"post","link":"https:\/\/www.africa-press.net\/tchad\/toutes-les-actualites\/lavocat-de-world-vision-denonce-une-affaire-montee-de-toutes-pieces","title":{"rendered":"l&rsquo;avocat de World Vision d\u00e9nonce une affaire \u00ab\u00a0mont\u00e9e de toutes pi\u00e8ces\u00a0\u00bb"},"content":{"rendered":"<p><span style=\"color: #ff6600\"><strong>Africa-Press &#8211; Tchad. <\/strong><\/span>Ma\u00eetre Abdoulaye Adam Bahar d\u00e9nonce des contrev\u00e9rit\u00e9s et apporte un d\u00e9menti formel : l\u2019ONG ne se reconnait pas dans des pratiques de d\u00e9marchage ou de sollicitation d\u2019une quelconque faveur des acteurs judiciaires de sorte \u00e0 justifier une immixtion d\u2019une autorit\u00e9 judiciaire de la place.<\/p>\n<p>Il pr\u00e9cise que \u00ab\u00a0la proc\u00e9dure n\u2019est pas d\u00e9finitivement achev\u00e9e pour justifier un sentiment de victoire des uns et des autres\u00a0\u00bb. La Cour Supr\u00eame a \u00e9t\u00e9 saisie, dit-il.<\/p>\n<p>Et d&rsquo;ajouter que \u00ab\u00a0l\u2019ONG attend la r\u00e9daction de l&rsquo;arr\u00eat (de la Cour d&rsquo;appel, Ndlr) afin d\u2019appr\u00e9cier l\u2019opportunit\u00e9 de la saisine \u00e0 nouveau ou non de la Haute Cour\u00a0\u00bb.<\/p>\n<p>\u00ab\u00a0Une proc\u00e9dure correctionnelle est en cours contre tous ceux qui usent des documents faux, concoct\u00e9s par des individus v\u00e9reux et qui portent son logo ainsi que le sp\u00e9cimen de ses responsables\u00a0\u00bb, informe l&rsquo;avocat.<\/p>\n<p>Par la voix de son conseil, l&rsquo;ONG veut rassurer ses partenaires techniques et financiers ainsi que les b\u00e9n\u00e9ficiaires de ses services, qu\u2019elle \u00ab\u00a0n\u2019entend nullement baisser les bras face \u00e0 ce combat judiciaire ourdi et mont\u00e9 de toutes pi\u00e8ces avec des ramifications tr\u00e8s lointaines et dont le but est de l\u2019affaiblir et de saboter ses activit\u00e9s\u00a0\u00bb.<\/p>\n<p>Me. Abdoulaye Adam Bahar d\u00e9nonce des \u00ab\u00a0sorties qui s\u2019apparentent \u00e0 une campagne de d\u00e9nigrement et de discr\u00e9dit contre des multiples actions salvatrices et citoyennes de l\u2019ONG\u00a0\u00bb.<\/p>\n<p>L\u2019avocat de l\u2019ONG World Vision, Me. Abdoulaye Adam Bahar, estime que tous les documents du march\u00e9 \u00e0 l\u2019origine de cette affaire sont des faux. Parall\u00e8lement \u00e0 l\u2019affaire l\u2019opposant \u00e0 Gody Tary Gassara, une autre proc\u00e9dure judiciaire est enclench\u00e9e, annonce-t-il.<\/p>\n<p><strong>Pour plus d&rsquo;informations et d&rsquo;analyses sur la <a href=\"https:\/\/www.africa-press.net\/tchad\">Tchad<\/a>, suivez <a href=\"https:\/\/www.africa-press.net\/\">Africa-Press<\/a><\/strong><\/p>\n","protected":false},"excerpt":{"rendered":"<p>Africa-Press &#8211; Tchad. Ma\u00eetre Abdoulaye Adam Bahar d\u00e9nonce des contrev\u00e9rit\u00e9s et apporte un d\u00e9menti formel : l\u2019ONG ne se reconnait pas dans des pratiques de d\u00e9marchage ou de sollicitation d\u2019une quelconque faveur des acteurs judiciaires de sorte \u00e0 justifier une immixtion d\u2019une autorit\u00e9 judiciaire de la place. Il pr\u00e9cise que \u00ab\u00a0la proc\u00e9dure n\u2019est pas d\u00e9finitivement [&hellip;]<\/p>\n","protected":false},"author":82,"featured_media":13689,"comment_status":"open","ping_status":"closed","sticky":false,"template":"","format":"standard","meta":{"footnotes":""},"categories":[11,10],"tags":[37,292,1278,2486,29],"class_list":["post-13690","post","type-post","status-publish","format-standard","has-post-thumbnail","hentry","category-homepage-french","category-toutes-les-actualites","tag-africa-press","tag-africa-press-tchad","tag-denonce","tag-montee","tag-tchad"],"yoast_head":"<!-- This site is optimized with the Yoast SEO Premium plugin v26.1 (Yoast SEO v27.0) - https:\/\/yoast.com\/product\/yoast-seo-premium-wordpress\/ -->\n<title>l&#039;avocat de World Vision d\u00e9nonce une affaire &quot;mont\u00e9e de toutes pi\u00e8ces&quot; - tchad<\/title>\n<meta name=\"description\" content=\"Ma\u00eetre Abdoulaye Adam Bahar d\u00e9nonce des contrev\u00e9rit\u00e9s et apporte un d\u00e9menti formel : l\u2019ONG ne se reconnait pas dans des ...\" \/>\n<meta name=\"robots\" content=\"index, follow, max-snippet:-1, max-image-preview:large, max-video-preview:-1\" \/>\n<link rel=\"canonical\" href=\"https:\/\/www.africa-press.net\/tchad\/toutes-les-actualites\/lavocat-de-world-vision-denonce-une-affaire-montee-de-toutes-pieces\" \/>\n<meta property=\"og:locale\" content=\"fr_FR\" \/>\n<meta property=\"og:type\" content=\"article\" \/>\n<meta property=\"og:title\" content=\"l&#039;avocat de World Vision d\u00e9nonce une affaire &quot;mont\u00e9e de toutes pi\u00e8ces&quot;\" \/>\n<meta property=\"og:description\" content=\"Ma\u00eetre Abdoulaye Adam Bahar d\u00e9nonce des contrev\u00e9rit\u00e9s et apporte un d\u00e9menti formel : l\u2019ONG ne se reconnait pas dans des ...\" \/>\n<meta property=\"og:url\" content=\"https:\/\/www.africa-press.net\/tchad\/toutes-les-actualites\/lavocat-de-world-vision-denonce-une-affaire-montee-de-toutes-pieces\" \/>\n<meta property=\"og:site_name\" content=\"tchad\" \/>\n<meta property=\"article:published_time\" content=\"2021-11-13T14:27:49+00:00\" \/>\n<meta property=\"article:modified_time\" content=\"2021-11-14T22:10:06+00:00\" \/>\n<meta property=\"og:image\" content=\"https:\/\/static.africa-press.net\/tchad\/sites\/41\/2021\/11\/img-618fda4c1698e.jpg\" \/>\n\t<meta property=\"og:image:width\" content=\"870\" \/>\n\t<meta property=\"og:image:height\" content=\"604\" \/>\n\t<meta property=\"og:image:type\" content=\"image\/jpeg\" \/>\n<meta name=\"author\" content=\"cfeditorfr\" \/>\n<meta name=\"twitter:card\" content=\"summary_large_image\" \/>\n<meta name=\"twitter:label1\" content=\"\u00c9crit par\" \/>\n\t<meta name=\"twitter:data1\" content=\"cfeditorfr\" \/>\n\t<meta name=\"twitter:label2\" content=\"Dur\u00e9e de lecture estim\u00e9e\" \/>\n\t<meta name=\"twitter:data2\" content=\"2 minutes\" \/>\n<script type=\"application\/ld+json\" class=\"yoast-schema-graph\">{\"@context\":\"https:\/\/schema.org\",\"@graph\":[{\"@type\":\"Article\",\"@id\":\"https:\/\/www.africa-press.net\/tchad\/toutes-les-actualites\/lavocat-de-world-vision-denonce-une-affaire-montee-de-toutes-pieces#article\",\"isPartOf\":{\"@id\":\"https:\/\/www.africa-press.net\/tchad\/toutes-les-actualites\/lavocat-de-world-vision-denonce-une-affaire-montee-de-toutes-pieces\"},\"author\":{\"name\":\"cfeditorfr\",\"@id\":\"https:\/\/www.africa-press.net\/tchad\/#\/schema\/person\/2b1cf3cd81a31e3cd26889ca66d677f1\"},\"headline\":\"l&rsquo;avocat de World Vision d\u00e9nonce une affaire \u00ab\u00a0mont\u00e9e de toutes pi\u00e8ces\u00a0\u00bb\",\"datePublished\":\"2021-11-13T14:27:49+00:00\",\"dateModified\":\"2021-11-14T22:10:06+00:00\",\"mainEntityOfPage\":{\"@id\":\"https:\/\/www.africa-press.net\/tchad\/toutes-les-actualites\/lavocat-de-world-vision-denonce-une-affaire-montee-de-toutes-pieces\"},\"wordCount\":325,\"commentCount\":0,\"image\":{\"@id\":\"https:\/\/www.africa-press.net\/tchad\/toutes-les-actualites\/lavocat-de-world-vision-denonce-une-affaire-montee-de-toutes-pieces#primaryimage\"},\"thumbnailUrl\":\"https:\/\/static.africa-press.net\/tchad\/sites\/41\/2021\/11\/img-618fda4c1698e.jpg\",\"keywords\":[\"Africa Press\",\"Africa Press-Tchad\",\"d\u00e9nonce\",\"mont\u00e9e\",\"Tchad\"],\"articleSection\":[\"homepage-french\",\"Toutes les actualit\u00e9s\"],\"inLanguage\":\"fr-FR\",\"potentialAction\":[{\"@type\":\"CommentAction\",\"name\":\"Comment\",\"target\":[\"https:\/\/www.africa-press.net\/tchad\/toutes-les-actualites\/lavocat-de-world-vision-denonce-une-affaire-montee-de-toutes-pieces#respond\"]}]},{\"@type\":\"WebPage\",\"@id\":\"https:\/\/www.africa-press.net\/tchad\/toutes-les-actualites\/lavocat-de-world-vision-denonce-une-affaire-montee-de-toutes-pieces\",\"url\":\"https:\/\/www.africa-press.net\/tchad\/toutes-les-actualites\/lavocat-de-world-vision-denonce-une-affaire-montee-de-toutes-pieces\",\"name\":\"l'avocat de World Vision d\u00e9nonce une affaire \\\"mont\u00e9e de toutes pi\u00e8ces\\\" - tchad\",\"isPartOf\":{\"@id\":\"https:\/\/www.africa-press.net\/tchad\/#website\"},\"primaryImageOfPage\":{\"@id\":\"https:\/\/www.africa-press.net\/tchad\/toutes-les-actualites\/lavocat-de-world-vision-denonce-une-affaire-montee-de-toutes-pieces#primaryimage\"},\"image\":{\"@id\":\"https:\/\/www.africa-press.net\/tchad\/toutes-les-actualites\/lavocat-de-world-vision-denonce-une-affaire-montee-de-toutes-pieces#primaryimage\"},\"thumbnailUrl\":\"https:\/\/static.africa-press.net\/tchad\/sites\/41\/2021\/11\/img-618fda4c1698e.jpg\",\"datePublished\":\"2021-11-13T14:27:49+00:00\",\"dateModified\":\"2021-11-14T22:10:06+00:00\",\"author\":{\"@id\":\"https:\/\/www.africa-press.net\/tchad\/#\/schema\/person\/2b1cf3cd81a31e3cd26889ca66d677f1\"},\"description\":\"Ma\u00eetre Abdoulaye Adam Bahar d\u00e9nonce des contrev\u00e9rit\u00e9s et apporte un d\u00e9menti formel : l\u2019ONG ne se reconnait pas dans des ...\",\"breadcrumb\":{\"@id\":\"https:\/\/www.africa-press.net\/tchad\/toutes-les-actualites\/lavocat-de-world-vision-denonce-une-affaire-montee-de-toutes-pieces#breadcrumb\"},\"inLanguage\":\"fr-FR\",\"potentialAction\":[{\"@type\":\"ReadAction\",\"target\":[\"https:\/\/www.africa-press.net\/tchad\/toutes-les-actualites\/lavocat-de-world-vision-denonce-une-affaire-montee-de-toutes-pieces\"]}]},{\"@type\":\"ImageObject\",\"inLanguage\":\"fr-FR\",\"@id\":\"https:\/\/www.africa-press.net\/tchad\/toutes-les-actualites\/lavocat-de-world-vision-denonce-une-affaire-montee-de-toutes-pieces#primaryimage\",\"url\":\"https:\/\/static.africa-press.net\/tchad\/sites\/41\/2021\/11\/img-618fda4c1698e.jpg\",\"contentUrl\":\"https:\/\/static.africa-press.net\/tchad\/sites\/41\/2021\/11\/img-618fda4c1698e.jpg\",\"width\":870,\"height\":604,\"caption\":\"l'avocat de World Vision d\u00e9nonce une affaire \\\"mont\u00e9e de toutes pi\u00e8ces\\\"\"},{\"@type\":\"BreadcrumbList\",\"@id\":\"https:\/\/www.africa-press.net\/tchad\/toutes-les-actualites\/lavocat-de-world-vision-denonce-une-affaire-montee-de-toutes-pieces#breadcrumb\",\"itemListElement\":[{\"@type\":\"ListItem\",\"position\":1,\"name\":\"Accueil\",\"item\":\"https:\/\/www.africa-press.net\/tchad\/\"},{\"@type\":\"ListItem\",\"position\":2,\"name\":\"l&#8217;avocat de World Vision d\u00e9nonce une affaire &#8220;mont\u00e9e de toutes pi\u00e8ces&#8221;\"}]},{\"@type\":\"WebSite\",\"@id\":\"https:\/\/www.africa-press.net\/tchad\/#website\",\"url\":\"https:\/\/www.africa-press.net\/tchad\/\",\"name\":\"tchad\",\"description\":\"Just another Africa News Agency Sites site\",\"potentialAction\":[{\"@type\":\"SearchAction\",\"target\":{\"@type\":\"EntryPoint\",\"urlTemplate\":\"https:\/\/www.africa-press.net\/tchad\/?s={search_term_string}\"},\"query-input\":{\"@type\":\"PropertyValueSpecification\",\"valueRequired\":true,\"valueName\":\"search_term_string\"}}],\"inLanguage\":\"fr-FR\"},{\"@type\":\"Person\",\"@id\":\"https:\/\/www.africa-press.net\/tchad\/#\/schema\/person\/2b1cf3cd81a31e3cd26889ca66d677f1\",\"name\":\"cfeditorfr\"}]}<\/script>\n<!-- \/ Yoast SEO Premium plugin. -->","yoast_head_json":{"title":"l'avocat de World Vision d\u00e9nonce une affaire \"mont\u00e9e de toutes pi\u00e8ces\" - tchad","description":"Ma\u00eetre Abdoulaye Adam Bahar d\u00e9nonce des contrev\u00e9rit\u00e9s et apporte un d\u00e9menti formel : l\u2019ONG ne se reconnait pas dans des ...","robots":{"index":"index","follow":"follow","max-snippet":"max-snippet:-1","max-image-preview":"max-image-preview:large","max-video-preview":"max-video-preview:-1"},"canonical":"https:\/\/www.africa-press.net\/tchad\/toutes-les-actualites\/lavocat-de-world-vision-denonce-une-affaire-montee-de-toutes-pieces","og_locale":"fr_FR","og_type":"article","og_title":"l'avocat de World Vision d\u00e9nonce une affaire \"mont\u00e9e de toutes pi\u00e8ces\"","og_description":"Ma\u00eetre Abdoulaye Adam Bahar d\u00e9nonce des contrev\u00e9rit\u00e9s et apporte un d\u00e9menti formel : l\u2019ONG ne se reconnait pas dans des ...","og_url":"https:\/\/www.africa-press.net\/tchad\/toutes-les-actualites\/lavocat-de-world-vision-denonce-une-affaire-montee-de-toutes-pieces","og_site_name":"tchad","article_published_time":"2021-11-13T14:27:49+00:00","article_modified_time":"2021-11-14T22:10:06+00:00","og_image":[{"width":870,"height":604,"url":"https:\/\/static.africa-press.net\/tchad\/sites\/41\/2021\/11\/img-618fda4c1698e.jpg","type":"image\/jpeg"}],"author":"cfeditorfr","twitter_card":"summary_large_image","twitter_misc":{"\u00c9crit par":"cfeditorfr","Dur\u00e9e de lecture estim\u00e9e":"2 minutes"},"schema":{"@context":"https:\/\/schema.org","@graph":[{"@type":"Article","@id":"https:\/\/www.africa-press.net\/tchad\/toutes-les-actualites\/lavocat-de-world-vision-denonce-une-affaire-montee-de-toutes-pieces#article","isPartOf":{"@id":"https:\/\/www.africa-press.net\/tchad\/toutes-les-actualites\/lavocat-de-world-vision-denonce-une-affaire-montee-de-toutes-pieces"},"author":{"name":"cfeditorfr","@id":"https:\/\/www.africa-press.net\/tchad\/#\/schema\/person\/2b1cf3cd81a31e3cd26889ca66d677f1"},"headline":"l&rsquo;avocat de World Vision d\u00e9nonce une affaire \u00ab\u00a0mont\u00e9e de toutes pi\u00e8ces\u00a0\u00bb","datePublished":"2021-11-13T14:27:49+00:00","dateModified":"2021-11-14T22:10:06+00:00","mainEntityOfPage":{"@id":"https:\/\/www.africa-press.net\/tchad\/toutes-les-actualites\/lavocat-de-world-vision-denonce-une-affaire-montee-de-toutes-pieces"},"wordCount":325,"commentCount":0,"image":{"@id":"https:\/\/www.africa-press.net\/tchad\/toutes-les-actualites\/lavocat-de-world-vision-denonce-une-affaire-montee-de-toutes-pieces#primaryimage"},"thumbnailUrl":"https:\/\/static.africa-press.net\/tchad\/sites\/41\/2021\/11\/img-618fda4c1698e.jpg","keywords":["Africa Press","Africa Press-Tchad","d\u00e9nonce","mont\u00e9e","Tchad"],"articleSection":["homepage-french","Toutes les actualit\u00e9s"],"inLanguage":"fr-FR","potentialAction":[{"@type":"CommentAction","name":"Comment","target":["https:\/\/www.africa-press.net\/tchad\/toutes-les-actualites\/lavocat-de-world-vision-denonce-une-affaire-montee-de-toutes-pieces#respond"]}]},{"@type":"WebPage","@id":"https:\/\/www.africa-press.net\/tchad\/toutes-les-actualites\/lavocat-de-world-vision-denonce-une-affaire-montee-de-toutes-pieces","url":"https:\/\/www.africa-press.net\/tchad\/toutes-les-actualites\/lavocat-de-world-vision-denonce-une-affaire-montee-de-toutes-pieces","name":"l'avocat de World Vision d\u00e9nonce une affaire \"mont\u00e9e de toutes pi\u00e8ces\" - tchad","isPartOf":{"@id":"https:\/\/www.africa-press.net\/tchad\/#website"},"primaryImageOfPage":{"@id":"https:\/\/www.africa-press.net\/tchad\/toutes-les-actualites\/lavocat-de-world-vision-denonce-une-affaire-montee-de-toutes-pieces#primaryimage"},"image":{"@id":"https:\/\/www.africa-press.net\/tchad\/toutes-les-actualites\/lavocat-de-world-vision-denonce-une-affaire-montee-de-toutes-pieces#primaryimage"},"thumbnailUrl":"https:\/\/static.africa-press.net\/tchad\/sites\/41\/2021\/11\/img-618fda4c1698e.jpg","datePublished":"2021-11-13T14:27:49+00:00","dateModified":"2021-11-14T22:10:06+00:00","author":{"@id":"https:\/\/www.africa-press.net\/tchad\/#\/schema\/person\/2b1cf3cd81a31e3cd26889ca66d677f1"},"description":"Ma\u00eetre Abdoulaye Adam Bahar d\u00e9nonce des contrev\u00e9rit\u00e9s et apporte un d\u00e9menti formel : l\u2019ONG ne se reconnait pas dans des ...","breadcrumb":{"@id":"https:\/\/www.africa-press.net\/tchad\/toutes-les-actualites\/lavocat-de-world-vision-denonce-une-affaire-montee-de-toutes-pieces#breadcrumb"},"inLanguage":"fr-FR","potentialAction":[{"@type":"ReadAction","target":["https:\/\/www.africa-press.net\/tchad\/toutes-les-actualites\/lavocat-de-world-vision-denonce-une-affaire-montee-de-toutes-pieces"]}]},{"@type":"ImageObject","inLanguage":"fr-FR","@id":"https:\/\/www.africa-press.net\/tchad\/toutes-les-actualites\/lavocat-de-world-vision-denonce-une-affaire-montee-de-toutes-pieces#primaryimage","url":"https:\/\/static.africa-press.net\/tchad\/sites\/41\/2021\/11\/img-618fda4c1698e.jpg","contentUrl":"https:\/\/static.africa-press.net\/tchad\/sites\/41\/2021\/11\/img-618fda4c1698e.jpg","width":870,"height":604,"caption":"l'avocat de World Vision d\u00e9nonce une affaire \"mont\u00e9e de toutes pi\u00e8ces\""},{"@type":"BreadcrumbList","@id":"https:\/\/www.africa-press.net\/tchad\/toutes-les-actualites\/lavocat-de-world-vision-denonce-une-affaire-montee-de-toutes-pieces#breadcrumb","itemListElement":[{"@type":"ListItem","position":1,"name":"Accueil","item":"https:\/\/www.africa-press.net\/tchad\/"},{"@type":"ListItem","position":2,"name":"l&#8217;avocat de World Vision d\u00e9nonce une affaire &#8220;mont\u00e9e de toutes pi\u00e8ces&#8221;"}]},{"@type":"WebSite","@id":"https:\/\/www.africa-press.net\/tchad\/#website","url":"https:\/\/www.africa-press.net\/tchad\/","name":"tchad","description":"Just another Africa News Agency Sites site","potentialAction":[{"@type":"SearchAction","target":{"@type":"EntryPoint","urlTemplate":"https:\/\/www.africa-press.net\/tchad\/?s={search_term_string}"},"query-input":{"@type":"PropertyValueSpecification","valueRequired":true,"valueName":"search_term_string"}}],"inLanguage":"fr-FR"},{"@type":"Person","@id":"https:\/\/www.africa-press.net\/tchad\/#\/schema\/person\/2b1cf3cd81a31e3cd26889ca66d677f1","name":"cfeditorfr"}]}},"_links":{"self":[{"href":"https:\/\/www.africa-press.net\/tchad\/wp-json\/wp\/v2\/posts\/13690","targetHints":{"allow":["GET"]}}],"collection":[{"href":"https:\/\/www.africa-press.net\/tchad\/wp-json\/wp\/v2\/posts"}],"about":[{"href":"https:\/\/www.africa-press.net\/tchad\/wp-json\/wp\/v2\/types\/post"}],"author":[{"embeddable":true,"href":"https:\/\/www.africa-press.net\/tchad\/wp-json\/wp\/v2\/users\/82"}],"replies":[{"embeddable":true,"href":"https:\/\/www.africa-press.net\/tchad\/wp-json\/wp\/v2\/comments?post=13690"}],"version-history":[{"count":0,"href":"https:\/\/www.africa-press.net\/tchad\/wp-json\/wp\/v2\/posts\/13690\/revisions"}],"wp:featuredmedia":[{"embeddable":true,"href":"https:\/\/www.africa-press.net\/tchad\/wp-json\/wp\/v2\/media\/13689"}],"wp:attachment":[{"href":"https:\/\/www.africa-press.net\/tchad\/wp-json\/wp\/v2\/media?parent=13690"}],"wp:term":[{"taxonomy":"category","embeddable":true,"href":"https:\/\/www.africa-press.net\/tchad\/wp-json\/wp\/v2\/categories?post=13690"},{"taxonomy":"post_tag","embeddable":true,"href":"https:\/\/www.africa-press.net\/tchad\/wp-json\/wp\/v2\/tags?post=13690"}],"curies":[{"name":"wp","href":"https:\/\/api.w.org\/{rel}","templated":true}]}}