{"id":13706,"date":"2021-11-13T18:35:18","date_gmt":"2021-11-13T18:35:18","guid":{"rendered":"https:\/\/www.africa-press.net\/tchad\/politique\/ouverture-a-niamey-dun-pre-sommet-en-prelude-au-3eme-sommet-des-filles-africaines-prevu-du-16-au-18-novembre-2021"},"modified":"2021-11-14T22:10:41","modified_gmt":"2021-11-14T22:10:41","slug":"ouverture-a-niamey-dun-pre-sommet-en-prelude-au-3eme-sommet-des-filles-africaines-prevu-du-16-au-18-novembre-2021","status":"publish","type":"post","link":"https:\/\/www.africa-press.net\/tchad\/politique\/ouverture-a-niamey-dun-pre-sommet-en-prelude-au-3eme-sommet-des-filles-africaines-prevu-du-16-au-18-novembre-2021","title":{"rendered":"Ouverture \u00e0 Niamey d\u2019un Pr\u00e9-Sommet en pr\u00e9lude au 3\u00e8me Sommet des Filles Africaines pr\u00e9vu du 16 au 18 novembre 2021"},"content":{"rendered":"<p><span style=\"color: #ff6600\"><strong>Africa-Press &#8211; Tchad.\u00a0 <\/strong><\/span>La Ministre de la Promotion de la Femme et de la Protection de l&rsquo;Enfant, Mme Allahoury Aminata Zourkaleini, a pr\u00e9sid\u00e9, ce samedi 13 novembre 2021 au Centre International de Conf\u00e9rences Mahatma Gandhi de Niamey, la c\u00e9r\u00e9monie d\u2019ouverture des travaux du Pr\u00e9-Sommet des jeunes filles en pr\u00e9lude \u00e0 l\u2019organisation du 3\u00e8me Sommet des Filles Africaines pr\u00e9vu du 16 au 18 novembre 2021 \u00e0 Niamey.<\/p>\n<p>Autour du th\u00e8me \u00ab\u00a0Culture, Droits humains et Responsabilit\u00e9 : Acc\u00e9l\u00e9rer l\u2019Elimination des Pratiques N\u00e9fastes\u00a0\u00bb, l\u2019objectif de ce rencontre, organis\u00e9e par la plateforme ECFM Niger qui inclut le Gouvernement nig\u00e9rien, les Agences des Nations Unies (SNU), les Organisations internationales et nationales, les f\u00e9d\u00e9rations des femmes, ainsi qu\u2019avec la participation des organisations des jeunes filles, les Oul\u00e9mas et les Chefs traditionnels des diff\u00e9rentes r\u00e9gions du Niger, est de mener ensemble des consultations pour l\u2019\u00e9laboration d\u2019une feuille de route des recommandations et r\u00e9solutions qui seront pr\u00e9sent\u00e9es et adopt\u00e9es lors du sommet de Niamey.<\/p>\n<p>Dans son discours d\u2019ouverture, Mme Allahoury Aminata Zourkaleini a indiqu\u00e9 que \u00ab\u00a0l\u2019objectif de ce pr\u00e9-sommet est donc de pr\u00e9parer les jeunes pour une participation de qualit\u00e9 au 3\u00e8me sommet des Filles Africaines et de r\u00e9diger des points forts pour le plaidoyer\u00a0\u00bb.<\/p>\n<p>En effet, \u00e0 l\u2019issue du pr\u00e9-sommet, \u00ab nous attendons que les organisations des jeunes soient outill\u00e9es pour participer activement aux panels et aux r\u00e9flexions, ainsi qu\u2019\u00e0 la formulation des recommandations pour la lutte contre les pratiques n\u00e9fastes, y compris le mariage d\u2019enfants \u00bb, a poursuivi la Ministre nig\u00e9rienne en charge de la Promotion de la Femme et de la Protection de l&rsquo;Enfant, qui rappelle par ailleurs que \u00ab l\u2019Union Africaine (UA), dont le Niger fait partie, a plac\u00e9 la question de la femme et de la fille parmi les piliers centraux pour atteindre l\u2019objectif \u00ab\u00a0l\u2019Afrique que nous voyons d\u2019ici \u00e0 l\u2019horizon 2063&Prime; \u00bb.<\/p>\n<p>Mme Allahoury Aminata Zourkaleini de faire comprendre que le premier plan d\u00e9cennal 2013-2023 de la mise en \u0153uvre de l\u2019Agenda 2063 d\u00e9montre qu\u2019avoir des citoyens africains bien \u00e9duqu\u00e9s est une condition pr\u00e9alable pour une Afrique prosp\u00e8re et stable.<\/p>\n<p>Apr\u00e8s avoir rapport\u00e9 que la Commission de l\u2019Union Africaine s\u2019emploie \u00e0 promouvoir l\u2019\u00e9galit\u00e9 des sexes gr\u00e2ce aux cadres politiques et juridiques assign\u00e9s \u00e0 l\u2019agenda 2063, la ministre Aminata de noter \u2018\u2019qu\u2019un certain nombre de politiques, programmes et projets ont \u00e9t\u00e9 \u00e9labor\u00e9s et mis en \u0153uvre par les pays africains, avec l\u2019appui des partenaires au d\u00e9veloppement pour traiter des questions de l\u2019\u00e9ducation des filles y compris les violences bas\u00e9es sur le Genre (VBG), notamment dans les situations de conflits et de post-conflits\u00a0\u00bb.<\/p>\n<p>\u2018\u2019Aussi, les projets phares de l\u2019Agenda 2063, notamment la zone de libre Echange Continentale Africaine (ZLECAF), constituent une opportunit\u00e9 pour renforcer l\u2019autonomisation \u00e9conomique des femmes et des filles\u2019\u2019, a-t-elle d\u00e9clar\u00e9.<\/p>\n<p>Auparavant, le repr\u00e9sentant de la plateforme, M. Ben Mabrouk Abdallah, qui a tout d\u2019abord indiqu\u00e9 que le but de la plateforme est de mettre fin au mariage des enfants avant de souligner que depuis 2015, lors du lancement de la campagne de l\u2019union africaine \u00ab\u00a0End Child Marriage Now\u00a0\u00bb, le Niger a fait d\u2019\u00e9normes progr\u00e8s en mati\u00e8re de lutte contre le mariage des enfants. N\u00e9anmoins, a-t-elle reconnu, il reste encore des efforts \u00e0 d\u00e9ployer car trop de jeunes filles continuent d\u2019\u00eatre mari\u00e9es \u00e0 bas \u00e2ge dans le monde entier et en Afrique, particuli\u00e8rement au Niger o\u00f9 trois filles sur 4 sont mari\u00e9es avant leur 18\u00e8me anniversaire\u2019\u2019.<\/p>\n<p>Il est pr\u00e9vu au cours de ce pr\u00e9-sommet qui durera deux jours (du 13 au 14 novembre), plusieurs panels en parall\u00e8le dont, entre autres, une session sur \u00ab la voix des filles dans la prise de d\u00e9cision pour mettre fin au mariage des enfants et aux mutilations g\u00e9nitales f\u00e9minines \u00bb.<\/p>\n<p>Une autre session aura \u00e0 d\u00e9battre du r\u00f4le des arts cr\u00e9atifs pour acc\u00e9l\u00e9rer la fin des pratiques n\u00e9fastes, ensuite s\u2019en suivra une pr\u00e9sentation ax\u00e9e \u00ab mettre l\u2019\u00e9ducation des filles au service de l\u2019Afrique que nous voulons \u00bb.<\/p>\n<p>La fin de la premi\u00e8re journ\u00e9e sera cl\u00f4tur\u00e9e par une pr\u00e9sentation sur le th\u00e8me : \u00ab une \u00e9cole et une \u00e9ducation s\u00fbres en Afrique de l\u2019Ouest \u00bb.<\/p>\n<p>Pour la journ\u00e9e du 14 novembre, il sera pr\u00e9sent\u00e9 un th\u00e8me sur \u00ab l\u2019impact du COVID-19 sur les filles et les femmes \u00bb, un autre sur \u00ab l\u2019am\u00e9lioration du financement et du partenariat pour mettre fin aux pratiques n\u00e9fastes \u00bb.<\/p>\n<p>Puis interviendra le panel sur \u00ab l\u2019engagement des jeunes aux c\u00f4t\u00e9s des Etats membres pour mettre fin aux pratiques n\u00e9fastes\u00a0\u00bb et enfin une session sur la \u00ab lutte contre les st\u00e9r\u00e9otypes et les normes n\u00e9gatifs qui perp\u00e9tuent les pratiques n\u00e9fastes \u00bb.<\/p>\n<p><strong>Pour plus d&rsquo;informations et d&rsquo;analyses sur la <a href=\"https:\/\/www.africa-press.net\/tchad\">Tchad<\/a>, suivez <a href=\"https:\/\/www.africa-press.net\/\">Africa-Press<\/a><\/strong><\/p>\n","protected":false},"excerpt":{"rendered":"<p>Africa-Press &#8211; Tchad.\u00a0 La Ministre de la Promotion de la Femme et de la Protection de l&rsquo;Enfant, Mme Allahoury Aminata Zourkaleini, a pr\u00e9sid\u00e9, ce samedi 13 novembre 2021 au Centre International de Conf\u00e9rences Mahatma Gandhi de Niamey, la c\u00e9r\u00e9monie d\u2019ouverture des travaux du Pr\u00e9-Sommet des jeunes filles en pr\u00e9lude \u00e0 l\u2019organisation du 3\u00e8me Sommet des [&hellip;]<\/p>\n","protected":false},"author":82,"featured_media":13705,"comment_status":"open","ping_status":"closed","sticky":false,"template":"","format":"standard","meta":{"footnotes":""},"categories":[11,2,20,10],"tags":[37,292,2491,2490,29],"class_list":["post-13706","post","type-post","status-publish","format-standard","has-post-thumbnail","hentry","category-homepage-french","category-politique","category-top-nouvelles","category-toutes-les-actualites","tag-africa-press","tag-africa-press-tchad","tag-africaines","tag-niamey","tag-tchad"],"yoast_head":"<!-- This site is optimized with the Yoast SEO Premium plugin v26.1 (Yoast SEO v27.0) - https:\/\/yoast.com\/product\/yoast-seo-premium-wordpress\/ -->\n<title>Ouverture \u00e0 Niamey d\u2019un Pr\u00e9-Sommet en pr\u00e9lude au 3\u00e8me Sommet des Filles Africaines pr\u00e9vu du 16 au 18 novembre 2021 - tchad<\/title>\n<meta name=\"description\" content=\", 13 Novembre (ANP) - La Ministre de la Promotion de la Femme et de la Protection de l&#039;Enfant, Mme Allahoury Aminata Zou ...\" \/>\n<meta name=\"robots\" content=\"index, follow, max-snippet:-1, max-image-preview:large, max-video-preview:-1\" \/>\n<link rel=\"canonical\" href=\"https:\/\/www.africa-press.net\/tchad\/politique\/ouverture-a-niamey-dun-pre-sommet-en-prelude-au-3eme-sommet-des-filles-africaines-prevu-du-16-au-18-novembre-2021\" \/>\n<meta property=\"og:locale\" content=\"fr_FR\" \/>\n<meta property=\"og:type\" content=\"article\" \/>\n<meta property=\"og:title\" content=\"Ouverture \u00e0 Niamey d\u2019un Pr\u00e9-Sommet en pr\u00e9lude au 3\u00e8me Sommet des Filles Africaines pr\u00e9vu du 16 au 18 novembre 2021\" \/>\n<meta property=\"og:description\" content=\", 13 Novembre (ANP) - La Ministre de la Promotion de la Femme et de la Protection de l&#039;Enfant, Mme Allahoury Aminata Zou ...\" \/>\n<meta property=\"og:url\" content=\"https:\/\/www.africa-press.net\/tchad\/politique\/ouverture-a-niamey-dun-pre-sommet-en-prelude-au-3eme-sommet-des-filles-africaines-prevu-du-16-au-18-novembre-2021\" \/>\n<meta property=\"og:site_name\" content=\"tchad\" \/>\n<meta property=\"article:published_time\" content=\"2021-11-13T18:35:18+00:00\" \/>\n<meta property=\"article:modified_time\" content=\"2021-11-14T22:10:41+00:00\" \/>\n<meta property=\"og:image\" content=\"https:\/\/static.africa-press.net\/tchad\/sites\/41\/2021\/11\/img-619137331fdf0.jpg\" \/>\n\t<meta property=\"og:image:width\" content=\"1080\" \/>\n\t<meta property=\"og:image:height\" content=\"720\" \/>\n\t<meta property=\"og:image:type\" content=\"image\/jpeg\" \/>\n<meta name=\"author\" content=\"cfeditorfr\" \/>\n<meta name=\"twitter:card\" content=\"summary_large_image\" \/>\n<meta name=\"twitter:label1\" content=\"\u00c9crit par\" \/>\n\t<meta name=\"twitter:data1\" content=\"cfeditorfr\" \/>\n\t<meta name=\"twitter:label2\" content=\"Dur\u00e9e de lecture estim\u00e9e\" \/>\n\t<meta name=\"twitter:data2\" content=\"4 minutes\" \/>\n<script type=\"application\/ld+json\" class=\"yoast-schema-graph\">{\"@context\":\"https:\/\/schema.org\",\"@graph\":[{\"@type\":\"Article\",\"@id\":\"https:\/\/www.africa-press.net\/tchad\/politique\/ouverture-a-niamey-dun-pre-sommet-en-prelude-au-3eme-sommet-des-filles-africaines-prevu-du-16-au-18-novembre-2021#article\",\"isPartOf\":{\"@id\":\"https:\/\/www.africa-press.net\/tchad\/politique\/ouverture-a-niamey-dun-pre-sommet-en-prelude-au-3eme-sommet-des-filles-africaines-prevu-du-16-au-18-novembre-2021\"},\"author\":{\"name\":\"cfeditorfr\",\"@id\":\"https:\/\/www.africa-press.net\/tchad\/#\/schema\/person\/2b1cf3cd81a31e3cd26889ca66d677f1\"},\"headline\":\"Ouverture \u00e0 Niamey d\u2019un Pr\u00e9-Sommet en pr\u00e9lude au 3\u00e8me Sommet des Filles Africaines pr\u00e9vu du 16 au 18 novembre 2021\",\"datePublished\":\"2021-11-13T18:35:18+00:00\",\"dateModified\":\"2021-11-14T22:10:41+00:00\",\"mainEntityOfPage\":{\"@id\":\"https:\/\/www.africa-press.net\/tchad\/politique\/ouverture-a-niamey-dun-pre-sommet-en-prelude-au-3eme-sommet-des-filles-africaines-prevu-du-16-au-18-novembre-2021\"},\"wordCount\":863,\"commentCount\":0,\"image\":{\"@id\":\"https:\/\/www.africa-press.net\/tchad\/politique\/ouverture-a-niamey-dun-pre-sommet-en-prelude-au-3eme-sommet-des-filles-africaines-prevu-du-16-au-18-novembre-2021#primaryimage\"},\"thumbnailUrl\":\"https:\/\/static.africa-press.net\/tchad\/sites\/41\/2021\/11\/img-619137331fdf0.jpg\",\"keywords\":[\"Africa Press\",\"Africa Press-Tchad\",\"Africaines\",\"Niamey\",\"Tchad\"],\"articleSection\":[\"homepage-french\",\"Politique\",\"Top Nouvelles\",\"Toutes les actualit\u00e9s\"],\"inLanguage\":\"fr-FR\",\"potentialAction\":[{\"@type\":\"CommentAction\",\"name\":\"Comment\",\"target\":[\"https:\/\/www.africa-press.net\/tchad\/politique\/ouverture-a-niamey-dun-pre-sommet-en-prelude-au-3eme-sommet-des-filles-africaines-prevu-du-16-au-18-novembre-2021#respond\"]}]},{\"@type\":\"WebPage\",\"@id\":\"https:\/\/www.africa-press.net\/tchad\/politique\/ouverture-a-niamey-dun-pre-sommet-en-prelude-au-3eme-sommet-des-filles-africaines-prevu-du-16-au-18-novembre-2021\",\"url\":\"https:\/\/www.africa-press.net\/tchad\/politique\/ouverture-a-niamey-dun-pre-sommet-en-prelude-au-3eme-sommet-des-filles-africaines-prevu-du-16-au-18-novembre-2021\",\"name\":\"Ouverture \u00e0 Niamey d\u2019un Pr\u00e9-Sommet en pr\u00e9lude au 3\u00e8me Sommet des Filles Africaines pr\u00e9vu du 16 au 18 novembre 2021 - tchad\",\"isPartOf\":{\"@id\":\"https:\/\/www.africa-press.net\/tchad\/#website\"},\"primaryImageOfPage\":{\"@id\":\"https:\/\/www.africa-press.net\/tchad\/politique\/ouverture-a-niamey-dun-pre-sommet-en-prelude-au-3eme-sommet-des-filles-africaines-prevu-du-16-au-18-novembre-2021#primaryimage\"},\"image\":{\"@id\":\"https:\/\/www.africa-press.net\/tchad\/politique\/ouverture-a-niamey-dun-pre-sommet-en-prelude-au-3eme-sommet-des-filles-africaines-prevu-du-16-au-18-novembre-2021#primaryimage\"},\"thumbnailUrl\":\"https:\/\/static.africa-press.net\/tchad\/sites\/41\/2021\/11\/img-619137331fdf0.jpg\",\"datePublished\":\"2021-11-13T18:35:18+00:00\",\"dateModified\":\"2021-11-14T22:10:41+00:00\",\"author\":{\"@id\":\"https:\/\/www.africa-press.net\/tchad\/#\/schema\/person\/2b1cf3cd81a31e3cd26889ca66d677f1\"},\"description\":\", 13 Novembre (ANP) - La Ministre de la Promotion de la Femme et de la Protection de l'Enfant, Mme Allahoury Aminata Zou ...\",\"breadcrumb\":{\"@id\":\"https:\/\/www.africa-press.net\/tchad\/politique\/ouverture-a-niamey-dun-pre-sommet-en-prelude-au-3eme-sommet-des-filles-africaines-prevu-du-16-au-18-novembre-2021#breadcrumb\"},\"inLanguage\":\"fr-FR\",\"potentialAction\":[{\"@type\":\"ReadAction\",\"target\":[\"https:\/\/www.africa-press.net\/tchad\/politique\/ouverture-a-niamey-dun-pre-sommet-en-prelude-au-3eme-sommet-des-filles-africaines-prevu-du-16-au-18-novembre-2021\"]}]},{\"@type\":\"ImageObject\",\"inLanguage\":\"fr-FR\",\"@id\":\"https:\/\/www.africa-press.net\/tchad\/politique\/ouverture-a-niamey-dun-pre-sommet-en-prelude-au-3eme-sommet-des-filles-africaines-prevu-du-16-au-18-novembre-2021#primaryimage\",\"url\":\"https:\/\/static.africa-press.net\/tchad\/sites\/41\/2021\/11\/img-619137331fdf0.jpg\",\"contentUrl\":\"https:\/\/static.africa-press.net\/tchad\/sites\/41\/2021\/11\/img-619137331fdf0.jpg\",\"width\":1080,\"height\":720,\"caption\":\"Ouverture \u00e0 Niamey d\u2019un Pr\u00e9-Sommet en pr\u00e9lude au 3\u00e8me Sommet des Filles Africaines pr\u00e9vu du 16 au 18 novembre 2021\"},{\"@type\":\"BreadcrumbList\",\"@id\":\"https:\/\/www.africa-press.net\/tchad\/politique\/ouverture-a-niamey-dun-pre-sommet-en-prelude-au-3eme-sommet-des-filles-africaines-prevu-du-16-au-18-novembre-2021#breadcrumb\",\"itemListElement\":[{\"@type\":\"ListItem\",\"position\":1,\"name\":\"Accueil\",\"item\":\"https:\/\/www.africa-press.net\/tchad\/\"},{\"@type\":\"ListItem\",\"position\":2,\"name\":\"Ouverture \u00e0 Niamey d\u2019un Pr\u00e9-Sommet en pr\u00e9lude au 3\u00e8me Sommet des Filles Africaines pr\u00e9vu du 16 au 18 novembre 2021\"}]},{\"@type\":\"WebSite\",\"@id\":\"https:\/\/www.africa-press.net\/tchad\/#website\",\"url\":\"https:\/\/www.africa-press.net\/tchad\/\",\"name\":\"tchad\",\"description\":\"Just another Africa News Agency Sites site\",\"potentialAction\":[{\"@type\":\"SearchAction\",\"target\":{\"@type\":\"EntryPoint\",\"urlTemplate\":\"https:\/\/www.africa-press.net\/tchad\/?s={search_term_string}\"},\"query-input\":{\"@type\":\"PropertyValueSpecification\",\"valueRequired\":true,\"valueName\":\"search_term_string\"}}],\"inLanguage\":\"fr-FR\"},{\"@type\":\"Person\",\"@id\":\"https:\/\/www.africa-press.net\/tchad\/#\/schema\/person\/2b1cf3cd81a31e3cd26889ca66d677f1\",\"name\":\"cfeditorfr\"}]}<\/script>\n<!-- \/ Yoast SEO Premium plugin. -->","yoast_head_json":{"title":"Ouverture \u00e0 Niamey d\u2019un Pr\u00e9-Sommet en pr\u00e9lude au 3\u00e8me Sommet des Filles Africaines pr\u00e9vu du 16 au 18 novembre 2021 - tchad","description":", 13 Novembre (ANP) - La Ministre de la Promotion de la Femme et de la Protection de l'Enfant, Mme Allahoury Aminata Zou ...","robots":{"index":"index","follow":"follow","max-snippet":"max-snippet:-1","max-image-preview":"max-image-preview:large","max-video-preview":"max-video-preview:-1"},"canonical":"https:\/\/www.africa-press.net\/tchad\/politique\/ouverture-a-niamey-dun-pre-sommet-en-prelude-au-3eme-sommet-des-filles-africaines-prevu-du-16-au-18-novembre-2021","og_locale":"fr_FR","og_type":"article","og_title":"Ouverture \u00e0 Niamey d\u2019un Pr\u00e9-Sommet en pr\u00e9lude au 3\u00e8me Sommet des Filles Africaines pr\u00e9vu du 16 au 18 novembre 2021","og_description":", 13 Novembre (ANP) - La Ministre de la Promotion de la Femme et de la Protection de l'Enfant, Mme Allahoury Aminata Zou ...","og_url":"https:\/\/www.africa-press.net\/tchad\/politique\/ouverture-a-niamey-dun-pre-sommet-en-prelude-au-3eme-sommet-des-filles-africaines-prevu-du-16-au-18-novembre-2021","og_site_name":"tchad","article_published_time":"2021-11-13T18:35:18+00:00","article_modified_time":"2021-11-14T22:10:41+00:00","og_image":[{"width":1080,"height":720,"url":"https:\/\/static.africa-press.net\/tchad\/sites\/41\/2021\/11\/img-619137331fdf0.jpg","type":"image\/jpeg"}],"author":"cfeditorfr","twitter_card":"summary_large_image","twitter_misc":{"\u00c9crit par":"cfeditorfr","Dur\u00e9e de lecture estim\u00e9e":"4 minutes"},"schema":{"@context":"https:\/\/schema.org","@graph":[{"@type":"Article","@id":"https:\/\/www.africa-press.net\/tchad\/politique\/ouverture-a-niamey-dun-pre-sommet-en-prelude-au-3eme-sommet-des-filles-africaines-prevu-du-16-au-18-novembre-2021#article","isPartOf":{"@id":"https:\/\/www.africa-press.net\/tchad\/politique\/ouverture-a-niamey-dun-pre-sommet-en-prelude-au-3eme-sommet-des-filles-africaines-prevu-du-16-au-18-novembre-2021"},"author":{"name":"cfeditorfr","@id":"https:\/\/www.africa-press.net\/tchad\/#\/schema\/person\/2b1cf3cd81a31e3cd26889ca66d677f1"},"headline":"Ouverture \u00e0 Niamey d\u2019un Pr\u00e9-Sommet en pr\u00e9lude au 3\u00e8me Sommet des Filles Africaines pr\u00e9vu du 16 au 18 novembre 2021","datePublished":"2021-11-13T18:35:18+00:00","dateModified":"2021-11-14T22:10:41+00:00","mainEntityOfPage":{"@id":"https:\/\/www.africa-press.net\/tchad\/politique\/ouverture-a-niamey-dun-pre-sommet-en-prelude-au-3eme-sommet-des-filles-africaines-prevu-du-16-au-18-novembre-2021"},"wordCount":863,"commentCount":0,"image":{"@id":"https:\/\/www.africa-press.net\/tchad\/politique\/ouverture-a-niamey-dun-pre-sommet-en-prelude-au-3eme-sommet-des-filles-africaines-prevu-du-16-au-18-novembre-2021#primaryimage"},"thumbnailUrl":"https:\/\/static.africa-press.net\/tchad\/sites\/41\/2021\/11\/img-619137331fdf0.jpg","keywords":["Africa Press","Africa Press-Tchad","Africaines","Niamey","Tchad"],"articleSection":["homepage-french","Politique","Top Nouvelles","Toutes les actualit\u00e9s"],"inLanguage":"fr-FR","potentialAction":[{"@type":"CommentAction","name":"Comment","target":["https:\/\/www.africa-press.net\/tchad\/politique\/ouverture-a-niamey-dun-pre-sommet-en-prelude-au-3eme-sommet-des-filles-africaines-prevu-du-16-au-18-novembre-2021#respond"]}]},{"@type":"WebPage","@id":"https:\/\/www.africa-press.net\/tchad\/politique\/ouverture-a-niamey-dun-pre-sommet-en-prelude-au-3eme-sommet-des-filles-africaines-prevu-du-16-au-18-novembre-2021","url":"https:\/\/www.africa-press.net\/tchad\/politique\/ouverture-a-niamey-dun-pre-sommet-en-prelude-au-3eme-sommet-des-filles-africaines-prevu-du-16-au-18-novembre-2021","name":"Ouverture \u00e0 Niamey d\u2019un Pr\u00e9-Sommet en pr\u00e9lude au 3\u00e8me Sommet des Filles Africaines pr\u00e9vu du 16 au 18 novembre 2021 - tchad","isPartOf":{"@id":"https:\/\/www.africa-press.net\/tchad\/#website"},"primaryImageOfPage":{"@id":"https:\/\/www.africa-press.net\/tchad\/politique\/ouverture-a-niamey-dun-pre-sommet-en-prelude-au-3eme-sommet-des-filles-africaines-prevu-du-16-au-18-novembre-2021#primaryimage"},"image":{"@id":"https:\/\/www.africa-press.net\/tchad\/politique\/ouverture-a-niamey-dun-pre-sommet-en-prelude-au-3eme-sommet-des-filles-africaines-prevu-du-16-au-18-novembre-2021#primaryimage"},"thumbnailUrl":"https:\/\/static.africa-press.net\/tchad\/sites\/41\/2021\/11\/img-619137331fdf0.jpg","datePublished":"2021-11-13T18:35:18+00:00","dateModified":"2021-11-14T22:10:41+00:00","author":{"@id":"https:\/\/www.africa-press.net\/tchad\/#\/schema\/person\/2b1cf3cd81a31e3cd26889ca66d677f1"},"description":", 13 Novembre (ANP) - La Ministre de la Promotion de la Femme et de la Protection de l'Enfant, Mme Allahoury Aminata Zou ...","breadcrumb":{"@id":"https:\/\/www.africa-press.net\/tchad\/politique\/ouverture-a-niamey-dun-pre-sommet-en-prelude-au-3eme-sommet-des-filles-africaines-prevu-du-16-au-18-novembre-2021#breadcrumb"},"inLanguage":"fr-FR","potentialAction":[{"@type":"ReadAction","target":["https:\/\/www.africa-press.net\/tchad\/politique\/ouverture-a-niamey-dun-pre-sommet-en-prelude-au-3eme-sommet-des-filles-africaines-prevu-du-16-au-18-novembre-2021"]}]},{"@type":"ImageObject","inLanguage":"fr-FR","@id":"https:\/\/www.africa-press.net\/tchad\/politique\/ouverture-a-niamey-dun-pre-sommet-en-prelude-au-3eme-sommet-des-filles-africaines-prevu-du-16-au-18-novembre-2021#primaryimage","url":"https:\/\/static.africa-press.net\/tchad\/sites\/41\/2021\/11\/img-619137331fdf0.jpg","contentUrl":"https:\/\/static.africa-press.net\/tchad\/sites\/41\/2021\/11\/img-619137331fdf0.jpg","width":1080,"height":720,"caption":"Ouverture \u00e0 Niamey d\u2019un Pr\u00e9-Sommet en pr\u00e9lude au 3\u00e8me Sommet des Filles Africaines pr\u00e9vu du 16 au 18 novembre 2021"},{"@type":"BreadcrumbList","@id":"https:\/\/www.africa-press.net\/tchad\/politique\/ouverture-a-niamey-dun-pre-sommet-en-prelude-au-3eme-sommet-des-filles-africaines-prevu-du-16-au-18-novembre-2021#breadcrumb","itemListElement":[{"@type":"ListItem","position":1,"name":"Accueil","item":"https:\/\/www.africa-press.net\/tchad\/"},{"@type":"ListItem","position":2,"name":"Ouverture \u00e0 Niamey d\u2019un Pr\u00e9-Sommet en pr\u00e9lude au 3\u00e8me Sommet des Filles Africaines pr\u00e9vu du 16 au 18 novembre 2021"}]},{"@type":"WebSite","@id":"https:\/\/www.africa-press.net\/tchad\/#website","url":"https:\/\/www.africa-press.net\/tchad\/","name":"tchad","description":"Just another Africa News Agency Sites site","potentialAction":[{"@type":"SearchAction","target":{"@type":"EntryPoint","urlTemplate":"https:\/\/www.africa-press.net\/tchad\/?s={search_term_string}"},"query-input":{"@type":"PropertyValueSpecification","valueRequired":true,"valueName":"search_term_string"}}],"inLanguage":"fr-FR"},{"@type":"Person","@id":"https:\/\/www.africa-press.net\/tchad\/#\/schema\/person\/2b1cf3cd81a31e3cd26889ca66d677f1","name":"cfeditorfr"}]}},"_links":{"self":[{"href":"https:\/\/www.africa-press.net\/tchad\/wp-json\/wp\/v2\/posts\/13706","targetHints":{"allow":["GET"]}}],"collection":[{"href":"https:\/\/www.africa-press.net\/tchad\/wp-json\/wp\/v2\/posts"}],"about":[{"href":"https:\/\/www.africa-press.net\/tchad\/wp-json\/wp\/v2\/types\/post"}],"author":[{"embeddable":true,"href":"https:\/\/www.africa-press.net\/tchad\/wp-json\/wp\/v2\/users\/82"}],"replies":[{"embeddable":true,"href":"https:\/\/www.africa-press.net\/tchad\/wp-json\/wp\/v2\/comments?post=13706"}],"version-history":[{"count":0,"href":"https:\/\/www.africa-press.net\/tchad\/wp-json\/wp\/v2\/posts\/13706\/revisions"}],"wp:featuredmedia":[{"embeddable":true,"href":"https:\/\/www.africa-press.net\/tchad\/wp-json\/wp\/v2\/media\/13705"}],"wp:attachment":[{"href":"https:\/\/www.africa-press.net\/tchad\/wp-json\/wp\/v2\/media?parent=13706"}],"wp:term":[{"taxonomy":"category","embeddable":true,"href":"https:\/\/www.africa-press.net\/tchad\/wp-json\/wp\/v2\/categories?post=13706"},{"taxonomy":"post_tag","embeddable":true,"href":"https:\/\/www.africa-press.net\/tchad\/wp-json\/wp\/v2\/tags?post=13706"}],"curies":[{"name":"wp","href":"https:\/\/api.w.org\/{rel}","templated":true}]}}