{"id":13769,"date":"2021-11-15T17:03:41","date_gmt":"2021-11-15T17:03:41","guid":{"rendered":"https:\/\/www.africa-press.net\/tchad\/politique\/des-journees-scientifiques-sur-lapport-du-francais-dans-le-systeme-educatif-en-decembre"},"modified":"2021-11-15T17:41:53","modified_gmt":"2021-11-15T17:41:53","slug":"des-journees-scientifiques-sur-lapport-du-francais-dans-le-systeme-educatif-en-decembre","status":"publish","type":"post","link":"https:\/\/www.africa-press.net\/tchad\/culture-et-art\/des-journees-scientifiques-sur-lapport-du-francais-dans-le-systeme-educatif-en-decembre","title":{"rendered":"des journ\u00e9es scientifiques sur l&rsquo;apport du fran\u00e7ais dans le syst\u00e8me \u00e9ducatif en d\u00e9cembre"},"content":{"rendered":"<p><span style=\"color: #ff6600\"><strong>Africa-Press &#8211; Tchad. <\/strong><\/span>L&rsquo;\u00e9v\u00e8nement vise \u00e0 \u00e9valuer l&rsquo;apport de la langue fran\u00e7aise dans le syst\u00e8me \u00e9ducatif Tchadien et valoriser le travail de recherche des enseignants et chercheurs du fran\u00e7ais.<\/p>\n<p>Ensuite contribuer au renforcement de l&rsquo;enseignement en fran\u00e7ais du fondamental au sup\u00e9rieur. Apr\u00e8s avoir rappel\u00e9 importance de la langue fran\u00e7aise pour les pays francophones, Pr.<\/p>\n<p>Khalil Alio informe que les populations font tr\u00e8s largement confiance au fran\u00e7ais pour r\u00e9pondre \u00e0 leurs besoins d&rsquo;\u00e9ducation, de formation, de communication d&rsquo;information et m\u00eame de socialisation et de culture.<\/p>\n<p>Pour ce qui du Tchad, le syst\u00e8me \u00e9ducatif tchadien est constitu\u00e9 de l&rsquo;ensemble des instances d&rsquo;initiative et de conception, des structures de planification, de production et la gestion ainsi que des circonscriptions et structure d&rsquo;enseignement, de formation et de recherche \u0153uvrant \u00e0 la transmission des savoirs, entre autres savoir faire et savoir \u00eatre.<\/p>\n<p>\u00ab\u00a0Pr\u00e9sente de bout en bout sur l&rsquo;ensemble du curriculum scolaire (de la petite section de l&rsquo;\u00e9cole maternelle jusqu&rsquo;aux lyc\u00e9es, en classes des terminales), c&rsquo;est une langue vecteur des apprentissages pour la totalit\u00e9 des disciplines non linguistiques, ne soufrant par ailleurs d&rsquo;aucune concurrence v\u00e9ritable dans le syst\u00e8me \u00e9ducatif francophone\u00a0\u00bb, constate Pr.<\/p>\n<p>Khalil Alio. Ces journ\u00e9es de manifestations scientifiques ont pour but de montrer comment la recherche se fait de mani\u00e8re pratique en ce qui concerne l&rsquo;enseignement du fran\u00e7ais dans les \u00e9tablissements scolaires et universitaires.<\/p>\n<p>\u00ab\u00a0\u00c0 travers des interventions en fran\u00e7ais, des chercheurs, travaillant dans diff\u00e9rents domaines, vont montrer la fa\u00e7on dont le fran\u00e7ais est enseign\u00e9 du fondamental au sup\u00e9rieur\u00a0\u00bb, informe le pr\u00e9sident de la Chaire Senghor de la francophonie.<\/p>\n<p>Cette manifestation scientifique verra la participation des sp\u00e9cialistes du domaine et sera l&rsquo;occasion privil\u00e9gi\u00e9e de rencontres et de d\u00e9bats avec les professionnels et la communaut\u00e9 scientifique autour des probl\u00e9matiques et l&rsquo;actualit\u00e9 de ce champ de recherche qui est l&rsquo;apport du fran\u00e7ais dans le syst\u00e8me \u00e9ducatif tchadien.<\/p>\n<p>Ces assises deux jours de manifestations scientifiques doivent contribuer au renforcement de l&rsquo;enseignement en fran\u00e7ais du primaire \u00e0 l&rsquo;Universit\u00e9, puis de formuler des propositions concr\u00e8tes en vue du renforcement de la place du fran\u00e7ais dans le syst\u00e8me \u00e9ducatif tchadien.<\/p>\n<p><strong>Pour plus d&rsquo;informations et d&rsquo;analyses sur la <a href=\"https:\/\/www.africa-press.net\/tchad\">Tchad<\/a>, suivez <a href=\"https:\/\/www.africa-press.net\/\">Africa-Press<\/a><\/strong><\/p>\n","protected":false},"excerpt":{"rendered":"<p>Africa-Press &#8211; Tchad. L&rsquo;\u00e9v\u00e8nement vise \u00e0 \u00e9valuer l&rsquo;apport de la langue fran\u00e7aise dans le syst\u00e8me \u00e9ducatif Tchadien et valoriser le travail de recherche des enseignants et chercheurs du fran\u00e7ais. Ensuite contribuer au renforcement de l&rsquo;enseignement en fran\u00e7ais du fondamental au sup\u00e9rieur. Apr\u00e8s avoir rappel\u00e9 importance de la langue fran\u00e7aise pour les pays francophones, Pr. Khalil [&hellip;]<\/p>\n","protected":false},"author":82,"featured_media":13768,"comment_status":"open","ping_status":"closed","sticky":false,"template":"","format":"standard","meta":{"footnotes":""},"categories":[5,11,10],"tags":[37,292,1176,1595,29],"class_list":["post-13769","post","type-post","status-publish","format-standard","has-post-thumbnail","hentry","category-culture-et-art","category-homepage-french","category-toutes-les-actualites","tag-africa-press","tag-africa-press-tchad","tag-francais","tag-scientifiques","tag-tchad"],"yoast_head":"<!-- This site is optimized with the Yoast SEO Premium plugin v26.1 (Yoast SEO v27.0) - https:\/\/yoast.com\/product\/yoast-seo-premium-wordpress\/ -->\n<title>des journ\u00e9es scientifiques sur l&#039;apport du fran\u00e7ais dans le syst\u00e8me \u00e9ducatif en d\u00e9cembre - tchad<\/title>\n<meta name=\"description\" content=\"L&#039;\u00e9v\u00e8nement vise \u00e0 \u00e9valuer l&#039;apport de la langue fran\u00e7aise dans le syst\u00e8me \u00e9ducatif Tchadien et valoriser le travail de ...\" \/>\n<meta name=\"robots\" content=\"index, follow, max-snippet:-1, max-image-preview:large, max-video-preview:-1\" \/>\n<link rel=\"canonical\" href=\"https:\/\/www.africa-press.net\/tchad\/culture-et-art\/des-journees-scientifiques-sur-lapport-du-francais-dans-le-systeme-educatif-en-decembre\" \/>\n<meta property=\"og:locale\" content=\"fr_FR\" \/>\n<meta property=\"og:type\" content=\"article\" \/>\n<meta property=\"og:title\" content=\"des journ\u00e9es scientifiques sur l&#039;apport du fran\u00e7ais dans le syst\u00e8me \u00e9ducatif en d\u00e9cembre\" \/>\n<meta property=\"og:description\" content=\"L&#039;\u00e9v\u00e8nement vise \u00e0 \u00e9valuer l&#039;apport de la langue fran\u00e7aise dans le syst\u00e8me \u00e9ducatif Tchadien et valoriser le travail de ...\" \/>\n<meta property=\"og:url\" content=\"https:\/\/www.africa-press.net\/tchad\/culture-et-art\/des-journees-scientifiques-sur-lapport-du-francais-dans-le-systeme-educatif-en-decembre\" \/>\n<meta property=\"og:site_name\" content=\"tchad\" \/>\n<meta property=\"article:published_time\" content=\"2021-11-15T17:03:41+00:00\" \/>\n<meta property=\"article:modified_time\" content=\"2021-11-15T17:41:53+00:00\" \/>\n<meta property=\"og:image\" content=\"https:\/\/static.africa-press.net\/tchad\/sites\/41\/2021\/11\/img-61929bbca8520.jpg\" \/>\n\t<meta property=\"og:image:width\" content=\"819\" \/>\n\t<meta property=\"og:image:height\" content=\"535\" \/>\n\t<meta property=\"og:image:type\" content=\"image\/jpeg\" \/>\n<meta name=\"author\" content=\"cfeditorfr\" \/>\n<meta name=\"twitter:card\" content=\"summary_large_image\" \/>\n<meta name=\"twitter:label1\" content=\"\u00c9crit par\" \/>\n\t<meta name=\"twitter:data1\" content=\"cfeditorfr\" \/>\n\t<meta name=\"twitter:label2\" content=\"Dur\u00e9e de lecture estim\u00e9e\" \/>\n\t<meta name=\"twitter:data2\" content=\"2 minutes\" \/>\n<script type=\"application\/ld+json\" class=\"yoast-schema-graph\">{\"@context\":\"https:\/\/schema.org\",\"@graph\":[{\"@type\":\"Article\",\"@id\":\"https:\/\/www.africa-press.net\/tchad\/culture-et-art\/des-journees-scientifiques-sur-lapport-du-francais-dans-le-systeme-educatif-en-decembre#article\",\"isPartOf\":{\"@id\":\"https:\/\/www.africa-press.net\/tchad\/culture-et-art\/des-journees-scientifiques-sur-lapport-du-francais-dans-le-systeme-educatif-en-decembre\"},\"author\":{\"name\":\"cfeditorfr\",\"@id\":\"https:\/\/www.africa-press.net\/tchad\/#\/schema\/person\/2b1cf3cd81a31e3cd26889ca66d677f1\"},\"headline\":\"des journ\u00e9es scientifiques sur l&rsquo;apport du fran\u00e7ais dans le syst\u00e8me \u00e9ducatif en d\u00e9cembre\",\"datePublished\":\"2021-11-15T17:03:41+00:00\",\"dateModified\":\"2021-11-15T17:41:53+00:00\",\"mainEntityOfPage\":{\"@id\":\"https:\/\/www.africa-press.net\/tchad\/culture-et-art\/des-journees-scientifiques-sur-lapport-du-francais-dans-le-systeme-educatif-en-decembre\"},\"wordCount\":421,\"commentCount\":0,\"image\":{\"@id\":\"https:\/\/www.africa-press.net\/tchad\/culture-et-art\/des-journees-scientifiques-sur-lapport-du-francais-dans-le-systeme-educatif-en-decembre#primaryimage\"},\"thumbnailUrl\":\"https:\/\/static.africa-press.net\/tchad\/sites\/41\/2021\/11\/img-61929bbca8520.jpg\",\"keywords\":[\"Africa Press\",\"Africa Press-Tchad\",\"Fran\u00e7ais\",\"scientifiques\",\"Tchad\"],\"articleSection\":[\"Culture et Art\",\"homepage-french\",\"Toutes les actualit\u00e9s\"],\"inLanguage\":\"fr-FR\",\"potentialAction\":[{\"@type\":\"CommentAction\",\"name\":\"Comment\",\"target\":[\"https:\/\/www.africa-press.net\/tchad\/culture-et-art\/des-journees-scientifiques-sur-lapport-du-francais-dans-le-systeme-educatif-en-decembre#respond\"]}]},{\"@type\":\"WebPage\",\"@id\":\"https:\/\/www.africa-press.net\/tchad\/culture-et-art\/des-journees-scientifiques-sur-lapport-du-francais-dans-le-systeme-educatif-en-decembre\",\"url\":\"https:\/\/www.africa-press.net\/tchad\/culture-et-art\/des-journees-scientifiques-sur-lapport-du-francais-dans-le-systeme-educatif-en-decembre\",\"name\":\"des journ\u00e9es scientifiques sur l'apport du fran\u00e7ais dans le syst\u00e8me \u00e9ducatif en d\u00e9cembre - tchad\",\"isPartOf\":{\"@id\":\"https:\/\/www.africa-press.net\/tchad\/#website\"},\"primaryImageOfPage\":{\"@id\":\"https:\/\/www.africa-press.net\/tchad\/culture-et-art\/des-journees-scientifiques-sur-lapport-du-francais-dans-le-systeme-educatif-en-decembre#primaryimage\"},\"image\":{\"@id\":\"https:\/\/www.africa-press.net\/tchad\/culture-et-art\/des-journees-scientifiques-sur-lapport-du-francais-dans-le-systeme-educatif-en-decembre#primaryimage\"},\"thumbnailUrl\":\"https:\/\/static.africa-press.net\/tchad\/sites\/41\/2021\/11\/img-61929bbca8520.jpg\",\"datePublished\":\"2021-11-15T17:03:41+00:00\",\"dateModified\":\"2021-11-15T17:41:53+00:00\",\"author\":{\"@id\":\"https:\/\/www.africa-press.net\/tchad\/#\/schema\/person\/2b1cf3cd81a31e3cd26889ca66d677f1\"},\"description\":\"L'\u00e9v\u00e8nement vise \u00e0 \u00e9valuer l'apport de la langue fran\u00e7aise dans le syst\u00e8me \u00e9ducatif Tchadien et valoriser le travail de ...\",\"breadcrumb\":{\"@id\":\"https:\/\/www.africa-press.net\/tchad\/culture-et-art\/des-journees-scientifiques-sur-lapport-du-francais-dans-le-systeme-educatif-en-decembre#breadcrumb\"},\"inLanguage\":\"fr-FR\",\"potentialAction\":[{\"@type\":\"ReadAction\",\"target\":[\"https:\/\/www.africa-press.net\/tchad\/culture-et-art\/des-journees-scientifiques-sur-lapport-du-francais-dans-le-systeme-educatif-en-decembre\"]}]},{\"@type\":\"ImageObject\",\"inLanguage\":\"fr-FR\",\"@id\":\"https:\/\/www.africa-press.net\/tchad\/culture-et-art\/des-journees-scientifiques-sur-lapport-du-francais-dans-le-systeme-educatif-en-decembre#primaryimage\",\"url\":\"https:\/\/static.africa-press.net\/tchad\/sites\/41\/2021\/11\/img-61929bbca8520.jpg\",\"contentUrl\":\"https:\/\/static.africa-press.net\/tchad\/sites\/41\/2021\/11\/img-61929bbca8520.jpg\",\"width\":819,\"height\":535,\"caption\":\"des journ\u00e9es scientifiques sur l'apport du fran\u00e7ais dans le syst\u00e8me \u00e9ducatif en d\u00e9cembre\"},{\"@type\":\"BreadcrumbList\",\"@id\":\"https:\/\/www.africa-press.net\/tchad\/culture-et-art\/des-journees-scientifiques-sur-lapport-du-francais-dans-le-systeme-educatif-en-decembre#breadcrumb\",\"itemListElement\":[{\"@type\":\"ListItem\",\"position\":1,\"name\":\"Accueil\",\"item\":\"https:\/\/www.africa-press.net\/tchad\/\"},{\"@type\":\"ListItem\",\"position\":2,\"name\":\"des journ\u00e9es scientifiques sur l&#8217;apport du fran\u00e7ais dans le syst\u00e8me \u00e9ducatif en d\u00e9cembre\"}]},{\"@type\":\"WebSite\",\"@id\":\"https:\/\/www.africa-press.net\/tchad\/#website\",\"url\":\"https:\/\/www.africa-press.net\/tchad\/\",\"name\":\"tchad\",\"description\":\"Just another Africa News Agency Sites site\",\"potentialAction\":[{\"@type\":\"SearchAction\",\"target\":{\"@type\":\"EntryPoint\",\"urlTemplate\":\"https:\/\/www.africa-press.net\/tchad\/?s={search_term_string}\"},\"query-input\":{\"@type\":\"PropertyValueSpecification\",\"valueRequired\":true,\"valueName\":\"search_term_string\"}}],\"inLanguage\":\"fr-FR\"},{\"@type\":\"Person\",\"@id\":\"https:\/\/www.africa-press.net\/tchad\/#\/schema\/person\/2b1cf3cd81a31e3cd26889ca66d677f1\",\"name\":\"cfeditorfr\"}]}<\/script>\n<!-- \/ Yoast SEO Premium plugin. -->","yoast_head_json":{"title":"des journ\u00e9es scientifiques sur l'apport du fran\u00e7ais dans le syst\u00e8me \u00e9ducatif en d\u00e9cembre - tchad","description":"L'\u00e9v\u00e8nement vise \u00e0 \u00e9valuer l'apport de la langue fran\u00e7aise dans le syst\u00e8me \u00e9ducatif Tchadien et valoriser le travail de ...","robots":{"index":"index","follow":"follow","max-snippet":"max-snippet:-1","max-image-preview":"max-image-preview:large","max-video-preview":"max-video-preview:-1"},"canonical":"https:\/\/www.africa-press.net\/tchad\/culture-et-art\/des-journees-scientifiques-sur-lapport-du-francais-dans-le-systeme-educatif-en-decembre","og_locale":"fr_FR","og_type":"article","og_title":"des journ\u00e9es scientifiques sur l'apport du fran\u00e7ais dans le syst\u00e8me \u00e9ducatif en d\u00e9cembre","og_description":"L'\u00e9v\u00e8nement vise \u00e0 \u00e9valuer l'apport de la langue fran\u00e7aise dans le syst\u00e8me \u00e9ducatif Tchadien et valoriser le travail de ...","og_url":"https:\/\/www.africa-press.net\/tchad\/culture-et-art\/des-journees-scientifiques-sur-lapport-du-francais-dans-le-systeme-educatif-en-decembre","og_site_name":"tchad","article_published_time":"2021-11-15T17:03:41+00:00","article_modified_time":"2021-11-15T17:41:53+00:00","og_image":[{"width":819,"height":535,"url":"https:\/\/static.africa-press.net\/tchad\/sites\/41\/2021\/11\/img-61929bbca8520.jpg","type":"image\/jpeg"}],"author":"cfeditorfr","twitter_card":"summary_large_image","twitter_misc":{"\u00c9crit par":"cfeditorfr","Dur\u00e9e de lecture estim\u00e9e":"2 minutes"},"schema":{"@context":"https:\/\/schema.org","@graph":[{"@type":"Article","@id":"https:\/\/www.africa-press.net\/tchad\/culture-et-art\/des-journees-scientifiques-sur-lapport-du-francais-dans-le-systeme-educatif-en-decembre#article","isPartOf":{"@id":"https:\/\/www.africa-press.net\/tchad\/culture-et-art\/des-journees-scientifiques-sur-lapport-du-francais-dans-le-systeme-educatif-en-decembre"},"author":{"name":"cfeditorfr","@id":"https:\/\/www.africa-press.net\/tchad\/#\/schema\/person\/2b1cf3cd81a31e3cd26889ca66d677f1"},"headline":"des journ\u00e9es scientifiques sur l&rsquo;apport du fran\u00e7ais dans le syst\u00e8me \u00e9ducatif en d\u00e9cembre","datePublished":"2021-11-15T17:03:41+00:00","dateModified":"2021-11-15T17:41:53+00:00","mainEntityOfPage":{"@id":"https:\/\/www.africa-press.net\/tchad\/culture-et-art\/des-journees-scientifiques-sur-lapport-du-francais-dans-le-systeme-educatif-en-decembre"},"wordCount":421,"commentCount":0,"image":{"@id":"https:\/\/www.africa-press.net\/tchad\/culture-et-art\/des-journees-scientifiques-sur-lapport-du-francais-dans-le-systeme-educatif-en-decembre#primaryimage"},"thumbnailUrl":"https:\/\/static.africa-press.net\/tchad\/sites\/41\/2021\/11\/img-61929bbca8520.jpg","keywords":["Africa Press","Africa Press-Tchad","Fran\u00e7ais","scientifiques","Tchad"],"articleSection":["Culture et Art","homepage-french","Toutes les actualit\u00e9s"],"inLanguage":"fr-FR","potentialAction":[{"@type":"CommentAction","name":"Comment","target":["https:\/\/www.africa-press.net\/tchad\/culture-et-art\/des-journees-scientifiques-sur-lapport-du-francais-dans-le-systeme-educatif-en-decembre#respond"]}]},{"@type":"WebPage","@id":"https:\/\/www.africa-press.net\/tchad\/culture-et-art\/des-journees-scientifiques-sur-lapport-du-francais-dans-le-systeme-educatif-en-decembre","url":"https:\/\/www.africa-press.net\/tchad\/culture-et-art\/des-journees-scientifiques-sur-lapport-du-francais-dans-le-systeme-educatif-en-decembre","name":"des journ\u00e9es scientifiques sur l'apport du fran\u00e7ais dans le syst\u00e8me \u00e9ducatif en d\u00e9cembre - tchad","isPartOf":{"@id":"https:\/\/www.africa-press.net\/tchad\/#website"},"primaryImageOfPage":{"@id":"https:\/\/www.africa-press.net\/tchad\/culture-et-art\/des-journees-scientifiques-sur-lapport-du-francais-dans-le-systeme-educatif-en-decembre#primaryimage"},"image":{"@id":"https:\/\/www.africa-press.net\/tchad\/culture-et-art\/des-journees-scientifiques-sur-lapport-du-francais-dans-le-systeme-educatif-en-decembre#primaryimage"},"thumbnailUrl":"https:\/\/static.africa-press.net\/tchad\/sites\/41\/2021\/11\/img-61929bbca8520.jpg","datePublished":"2021-11-15T17:03:41+00:00","dateModified":"2021-11-15T17:41:53+00:00","author":{"@id":"https:\/\/www.africa-press.net\/tchad\/#\/schema\/person\/2b1cf3cd81a31e3cd26889ca66d677f1"},"description":"L'\u00e9v\u00e8nement vise \u00e0 \u00e9valuer l'apport de la langue fran\u00e7aise dans le syst\u00e8me \u00e9ducatif Tchadien et valoriser le travail de ...","breadcrumb":{"@id":"https:\/\/www.africa-press.net\/tchad\/culture-et-art\/des-journees-scientifiques-sur-lapport-du-francais-dans-le-systeme-educatif-en-decembre#breadcrumb"},"inLanguage":"fr-FR","potentialAction":[{"@type":"ReadAction","target":["https:\/\/www.africa-press.net\/tchad\/culture-et-art\/des-journees-scientifiques-sur-lapport-du-francais-dans-le-systeme-educatif-en-decembre"]}]},{"@type":"ImageObject","inLanguage":"fr-FR","@id":"https:\/\/www.africa-press.net\/tchad\/culture-et-art\/des-journees-scientifiques-sur-lapport-du-francais-dans-le-systeme-educatif-en-decembre#primaryimage","url":"https:\/\/static.africa-press.net\/tchad\/sites\/41\/2021\/11\/img-61929bbca8520.jpg","contentUrl":"https:\/\/static.africa-press.net\/tchad\/sites\/41\/2021\/11\/img-61929bbca8520.jpg","width":819,"height":535,"caption":"des journ\u00e9es scientifiques sur l'apport du fran\u00e7ais dans le syst\u00e8me \u00e9ducatif en d\u00e9cembre"},{"@type":"BreadcrumbList","@id":"https:\/\/www.africa-press.net\/tchad\/culture-et-art\/des-journees-scientifiques-sur-lapport-du-francais-dans-le-systeme-educatif-en-decembre#breadcrumb","itemListElement":[{"@type":"ListItem","position":1,"name":"Accueil","item":"https:\/\/www.africa-press.net\/tchad\/"},{"@type":"ListItem","position":2,"name":"des journ\u00e9es scientifiques sur l&#8217;apport du fran\u00e7ais dans le syst\u00e8me \u00e9ducatif en d\u00e9cembre"}]},{"@type":"WebSite","@id":"https:\/\/www.africa-press.net\/tchad\/#website","url":"https:\/\/www.africa-press.net\/tchad\/","name":"tchad","description":"Just another Africa News Agency Sites site","potentialAction":[{"@type":"SearchAction","target":{"@type":"EntryPoint","urlTemplate":"https:\/\/www.africa-press.net\/tchad\/?s={search_term_string}"},"query-input":{"@type":"PropertyValueSpecification","valueRequired":true,"valueName":"search_term_string"}}],"inLanguage":"fr-FR"},{"@type":"Person","@id":"https:\/\/www.africa-press.net\/tchad\/#\/schema\/person\/2b1cf3cd81a31e3cd26889ca66d677f1","name":"cfeditorfr"}]}},"_links":{"self":[{"href":"https:\/\/www.africa-press.net\/tchad\/wp-json\/wp\/v2\/posts\/13769","targetHints":{"allow":["GET"]}}],"collection":[{"href":"https:\/\/www.africa-press.net\/tchad\/wp-json\/wp\/v2\/posts"}],"about":[{"href":"https:\/\/www.africa-press.net\/tchad\/wp-json\/wp\/v2\/types\/post"}],"author":[{"embeddable":true,"href":"https:\/\/www.africa-press.net\/tchad\/wp-json\/wp\/v2\/users\/82"}],"replies":[{"embeddable":true,"href":"https:\/\/www.africa-press.net\/tchad\/wp-json\/wp\/v2\/comments?post=13769"}],"version-history":[{"count":0,"href":"https:\/\/www.africa-press.net\/tchad\/wp-json\/wp\/v2\/posts\/13769\/revisions"}],"wp:featuredmedia":[{"embeddable":true,"href":"https:\/\/www.africa-press.net\/tchad\/wp-json\/wp\/v2\/media\/13768"}],"wp:attachment":[{"href":"https:\/\/www.africa-press.net\/tchad\/wp-json\/wp\/v2\/media?parent=13769"}],"wp:term":[{"taxonomy":"category","embeddable":true,"href":"https:\/\/www.africa-press.net\/tchad\/wp-json\/wp\/v2\/categories?post=13769"},{"taxonomy":"post_tag","embeddable":true,"href":"https:\/\/www.africa-press.net\/tchad\/wp-json\/wp\/v2\/tags?post=13769"}],"curies":[{"name":"wp","href":"https:\/\/api.w.org\/{rel}","templated":true}]}}