{"id":13781,"date":"2021-11-15T17:09:54","date_gmt":"2021-11-15T17:09:54","guid":{"rendered":"https:\/\/www.africa-press.net\/tchad\/politique\/la-base-aerienne-dabeche-denommee-mahamat-hassan-hangata"},"modified":"2021-11-15T17:45:03","modified_gmt":"2021-11-15T17:45:03","slug":"la-base-aerienne-dabeche-denommee-mahamat-hassan-hangata","status":"publish","type":"post","link":"https:\/\/www.africa-press.net\/tchad\/politique\/la-base-aerienne-dabeche-denommee-mahamat-hassan-hangata","title":{"rendered":"La base a\u00e9rienne d\u2019Ab\u00e9ch\u00e9 d\u00e9nomm\u00e9e Mahamat Hassan Hangata"},"content":{"rendered":"<p><span style=\"color: #ff6600\"><strong>Africa-Press &#8211; Tchad. <\/strong><\/span>La base a\u00e9rienne de la ville d\u2019Ab\u00e9ch\u00e9 porte \u00e0 partir de ce lundi 15 novembre 2021, le nom du lieutenant-colonel d\u2019aviation Mahamat Hassan Hangata, d\u00e9c\u00e9d\u00e9 en avril 2021 sur le champ d\u2019honneur. C\u2019est \u00e0 travers une c\u00e9r\u00e9monie et en pr\u00e9sence des membres de sa famille que la base a\u00e9rienne d\u2019Ab\u00e9ch\u00e9 est baptis\u00e9e ce jour Mahamat Hassan Hangata.<\/p>\n<p>Guerrier et pilote hors pair, selon ses proches et connaissances, le d\u00e9c\u00e8s du pilote Mahamat Hassan Hangata est survenu dans le cadre des op\u00e9rations de ratissage dans le Nord Kanem \u00e0 bord d\u2019un h\u00e9licopt\u00e8re MI24.<\/p>\n<p>Il appuyait des troupes au sol engag\u00e9es dans un combat de haute intensit\u00e9. Son appareil a connu un crash lors de ses man\u0153uvres. Il d\u00e9c\u00e8de avec son copilote.<\/p>\n<p>\ufffc<\/p>\n<p>En donnant le nom de ce soldat \u00e0 la base a\u00e9rienne d\u2019Ab\u00e9ch\u00e9, les autorit\u00e9s militaires de la province du Ouadda\u00ef esp\u00e8rent rehausser la grandeur de la force a\u00e9rienne tchadienne \u00e0 l\u2019image de la bravoure du pilote.<\/p>\n<p><strong>Pour plus d&rsquo;informations et d&rsquo;analyses sur la <a href=\"https:\/\/www.africa-press.net\/tchad\">Tchad<\/a>, suivez <a href=\"https:\/\/www.africa-press.net\/\">Africa-Press<\/a><\/strong><\/p>\n","protected":false},"excerpt":{"rendered":"<p>Africa-Press &#8211; Tchad. La base a\u00e9rienne de la ville d\u2019Ab\u00e9ch\u00e9 porte \u00e0 partir de ce lundi 15 novembre 2021, le nom du lieutenant-colonel d\u2019aviation Mahamat Hassan Hangata, d\u00e9c\u00e9d\u00e9 en avril 2021 sur le champ d\u2019honneur. C\u2019est \u00e0 travers une c\u00e9r\u00e9monie et en pr\u00e9sence des membres de sa famille que la base a\u00e9rienne d\u2019Ab\u00e9ch\u00e9 est baptis\u00e9e [&hellip;]<\/p>\n","protected":false},"author":82,"featured_media":13780,"comment_status":"open","ping_status":"closed","sticky":false,"template":"","format":"standard","meta":{"footnotes":""},"categories":[11,2,20,10],"tags":[37,292,1467,2507,29],"class_list":["post-13781","post","type-post","status-publish","format-standard","has-post-thumbnail","hentry","category-homepage-french","category-politique","category-top-nouvelles","category-toutes-les-actualites","tag-africa-press","tag-africa-press-tchad","tag-dabeche-2","tag-mahamat-hassan-hangata","tag-tchad"],"yoast_head":"<!-- This site is optimized with the Yoast SEO Premium plugin v26.1 (Yoast SEO v27.0) - https:\/\/yoast.com\/product\/yoast-seo-premium-wordpress\/ -->\n<title>La base a\u00e9rienne d\u2019Ab\u00e9ch\u00e9 d\u00e9nomm\u00e9e Mahamat Hassan Hangata - tchad<\/title>\n<meta name=\"description\" content=\"La base a\u00e9rienne de la ville d\u2019Ab\u00e9ch\u00e9 porte \u00e0 partir de ce lundi 15 novembre 2021, le nom du lieutenant-colonel d\u2019aviati ...\" \/>\n<meta name=\"robots\" content=\"index, follow, max-snippet:-1, max-image-preview:large, max-video-preview:-1\" \/>\n<link rel=\"canonical\" href=\"https:\/\/www.africa-press.net\/tchad\/politique\/la-base-aerienne-dabeche-denommee-mahamat-hassan-hangata\" \/>\n<meta property=\"og:locale\" content=\"fr_FR\" \/>\n<meta property=\"og:type\" content=\"article\" \/>\n<meta property=\"og:title\" content=\"La base a\u00e9rienne d\u2019Ab\u00e9ch\u00e9 d\u00e9nomm\u00e9e Mahamat Hassan Hangata\" \/>\n<meta property=\"og:description\" content=\"La base a\u00e9rienne de la ville d\u2019Ab\u00e9ch\u00e9 porte \u00e0 partir de ce lundi 15 novembre 2021, le nom du lieutenant-colonel d\u2019aviati ...\" \/>\n<meta property=\"og:url\" content=\"https:\/\/www.africa-press.net\/tchad\/politique\/la-base-aerienne-dabeche-denommee-mahamat-hassan-hangata\" \/>\n<meta property=\"og:site_name\" content=\"tchad\" \/>\n<meta property=\"article:published_time\" content=\"2021-11-15T17:09:54+00:00\" \/>\n<meta property=\"article:modified_time\" content=\"2021-11-15T17:45:03+00:00\" \/>\n<meta property=\"og:image\" content=\"https:\/\/static.africa-press.net\/tchad\/sites\/41\/2021\/11\/img-61929c7dbcd72.jpg\" \/>\n\t<meta property=\"og:image:width\" content=\"999\" \/>\n\t<meta property=\"og:image:height\" content=\"455\" \/>\n\t<meta property=\"og:image:type\" content=\"image\/jpeg\" \/>\n<meta name=\"author\" content=\"cfeditorfr\" \/>\n<meta name=\"twitter:card\" content=\"summary_large_image\" \/>\n<meta name=\"twitter:label1\" content=\"\u00c9crit par\" \/>\n\t<meta name=\"twitter:data1\" content=\"cfeditorfr\" \/>\n\t<meta name=\"twitter:label2\" content=\"Dur\u00e9e de lecture estim\u00e9e\" \/>\n\t<meta name=\"twitter:data2\" content=\"1 minute\" \/>\n<script type=\"application\/ld+json\" class=\"yoast-schema-graph\">{\"@context\":\"https:\/\/schema.org\",\"@graph\":[{\"@type\":\"Article\",\"@id\":\"https:\/\/www.africa-press.net\/tchad\/politique\/la-base-aerienne-dabeche-denommee-mahamat-hassan-hangata#article\",\"isPartOf\":{\"@id\":\"https:\/\/www.africa-press.net\/tchad\/politique\/la-base-aerienne-dabeche-denommee-mahamat-hassan-hangata\"},\"author\":{\"name\":\"cfeditorfr\",\"@id\":\"https:\/\/www.africa-press.net\/tchad\/#\/schema\/person\/2b1cf3cd81a31e3cd26889ca66d677f1\"},\"headline\":\"La base a\u00e9rienne d\u2019Ab\u00e9ch\u00e9 d\u00e9nomm\u00e9e Mahamat Hassan Hangata\",\"datePublished\":\"2021-11-15T17:09:54+00:00\",\"dateModified\":\"2021-11-15T17:45:03+00:00\",\"mainEntityOfPage\":{\"@id\":\"https:\/\/www.africa-press.net\/tchad\/politique\/la-base-aerienne-dabeche-denommee-mahamat-hassan-hangata\"},\"wordCount\":208,\"commentCount\":0,\"image\":{\"@id\":\"https:\/\/www.africa-press.net\/tchad\/politique\/la-base-aerienne-dabeche-denommee-mahamat-hassan-hangata#primaryimage\"},\"thumbnailUrl\":\"https:\/\/static.africa-press.net\/tchad\/sites\/41\/2021\/11\/img-61929c7dbcd72.jpg\",\"keywords\":[\"Africa Press\",\"Africa Press-Tchad\",\"d\u2019Ab\u00e9ch\u00e9\",\"Mahamat Hassan Hangata\",\"Tchad\"],\"articleSection\":[\"homepage-french\",\"Politique\",\"Top Nouvelles\",\"Toutes les actualit\u00e9s\"],\"inLanguage\":\"fr-FR\",\"potentialAction\":[{\"@type\":\"CommentAction\",\"name\":\"Comment\",\"target\":[\"https:\/\/www.africa-press.net\/tchad\/politique\/la-base-aerienne-dabeche-denommee-mahamat-hassan-hangata#respond\"]}]},{\"@type\":\"WebPage\",\"@id\":\"https:\/\/www.africa-press.net\/tchad\/politique\/la-base-aerienne-dabeche-denommee-mahamat-hassan-hangata\",\"url\":\"https:\/\/www.africa-press.net\/tchad\/politique\/la-base-aerienne-dabeche-denommee-mahamat-hassan-hangata\",\"name\":\"La base a\u00e9rienne d\u2019Ab\u00e9ch\u00e9 d\u00e9nomm\u00e9e Mahamat Hassan Hangata - tchad\",\"isPartOf\":{\"@id\":\"https:\/\/www.africa-press.net\/tchad\/#website\"},\"primaryImageOfPage\":{\"@id\":\"https:\/\/www.africa-press.net\/tchad\/politique\/la-base-aerienne-dabeche-denommee-mahamat-hassan-hangata#primaryimage\"},\"image\":{\"@id\":\"https:\/\/www.africa-press.net\/tchad\/politique\/la-base-aerienne-dabeche-denommee-mahamat-hassan-hangata#primaryimage\"},\"thumbnailUrl\":\"https:\/\/static.africa-press.net\/tchad\/sites\/41\/2021\/11\/img-61929c7dbcd72.jpg\",\"datePublished\":\"2021-11-15T17:09:54+00:00\",\"dateModified\":\"2021-11-15T17:45:03+00:00\",\"author\":{\"@id\":\"https:\/\/www.africa-press.net\/tchad\/#\/schema\/person\/2b1cf3cd81a31e3cd26889ca66d677f1\"},\"description\":\"La base a\u00e9rienne de la ville d\u2019Ab\u00e9ch\u00e9 porte \u00e0 partir de ce lundi 15 novembre 2021, le nom du lieutenant-colonel d\u2019aviati ...\",\"breadcrumb\":{\"@id\":\"https:\/\/www.africa-press.net\/tchad\/politique\/la-base-aerienne-dabeche-denommee-mahamat-hassan-hangata#breadcrumb\"},\"inLanguage\":\"fr-FR\",\"potentialAction\":[{\"@type\":\"ReadAction\",\"target\":[\"https:\/\/www.africa-press.net\/tchad\/politique\/la-base-aerienne-dabeche-denommee-mahamat-hassan-hangata\"]}]},{\"@type\":\"ImageObject\",\"inLanguage\":\"fr-FR\",\"@id\":\"https:\/\/www.africa-press.net\/tchad\/politique\/la-base-aerienne-dabeche-denommee-mahamat-hassan-hangata#primaryimage\",\"url\":\"https:\/\/static.africa-press.net\/tchad\/sites\/41\/2021\/11\/img-61929c7dbcd72.jpg\",\"contentUrl\":\"https:\/\/static.africa-press.net\/tchad\/sites\/41\/2021\/11\/img-61929c7dbcd72.jpg\",\"width\":999,\"height\":455,\"caption\":\"La base a\u00e9rienne d\u2019Ab\u00e9ch\u00e9 d\u00e9nomm\u00e9e Mahamat Hassan Hangata\"},{\"@type\":\"BreadcrumbList\",\"@id\":\"https:\/\/www.africa-press.net\/tchad\/politique\/la-base-aerienne-dabeche-denommee-mahamat-hassan-hangata#breadcrumb\",\"itemListElement\":[{\"@type\":\"ListItem\",\"position\":1,\"name\":\"Accueil\",\"item\":\"https:\/\/www.africa-press.net\/tchad\/\"},{\"@type\":\"ListItem\",\"position\":2,\"name\":\"La base a\u00e9rienne d\u2019Ab\u00e9ch\u00e9 d\u00e9nomm\u00e9e Mahamat Hassan Hangata\"}]},{\"@type\":\"WebSite\",\"@id\":\"https:\/\/www.africa-press.net\/tchad\/#website\",\"url\":\"https:\/\/www.africa-press.net\/tchad\/\",\"name\":\"tchad\",\"description\":\"Just another Africa News Agency Sites site\",\"potentialAction\":[{\"@type\":\"SearchAction\",\"target\":{\"@type\":\"EntryPoint\",\"urlTemplate\":\"https:\/\/www.africa-press.net\/tchad\/?s={search_term_string}\"},\"query-input\":{\"@type\":\"PropertyValueSpecification\",\"valueRequired\":true,\"valueName\":\"search_term_string\"}}],\"inLanguage\":\"fr-FR\"},{\"@type\":\"Person\",\"@id\":\"https:\/\/www.africa-press.net\/tchad\/#\/schema\/person\/2b1cf3cd81a31e3cd26889ca66d677f1\",\"name\":\"cfeditorfr\"}]}<\/script>\n<!-- \/ Yoast SEO Premium plugin. -->","yoast_head_json":{"title":"La base a\u00e9rienne d\u2019Ab\u00e9ch\u00e9 d\u00e9nomm\u00e9e Mahamat Hassan Hangata - tchad","description":"La base a\u00e9rienne de la ville d\u2019Ab\u00e9ch\u00e9 porte \u00e0 partir de ce lundi 15 novembre 2021, le nom du lieutenant-colonel d\u2019aviati ...","robots":{"index":"index","follow":"follow","max-snippet":"max-snippet:-1","max-image-preview":"max-image-preview:large","max-video-preview":"max-video-preview:-1"},"canonical":"https:\/\/www.africa-press.net\/tchad\/politique\/la-base-aerienne-dabeche-denommee-mahamat-hassan-hangata","og_locale":"fr_FR","og_type":"article","og_title":"La base a\u00e9rienne d\u2019Ab\u00e9ch\u00e9 d\u00e9nomm\u00e9e Mahamat Hassan Hangata","og_description":"La base a\u00e9rienne de la ville d\u2019Ab\u00e9ch\u00e9 porte \u00e0 partir de ce lundi 15 novembre 2021, le nom du lieutenant-colonel d\u2019aviati ...","og_url":"https:\/\/www.africa-press.net\/tchad\/politique\/la-base-aerienne-dabeche-denommee-mahamat-hassan-hangata","og_site_name":"tchad","article_published_time":"2021-11-15T17:09:54+00:00","article_modified_time":"2021-11-15T17:45:03+00:00","og_image":[{"width":999,"height":455,"url":"https:\/\/static.africa-press.net\/tchad\/sites\/41\/2021\/11\/img-61929c7dbcd72.jpg","type":"image\/jpeg"}],"author":"cfeditorfr","twitter_card":"summary_large_image","twitter_misc":{"\u00c9crit par":"cfeditorfr","Dur\u00e9e de lecture estim\u00e9e":"1 minute"},"schema":{"@context":"https:\/\/schema.org","@graph":[{"@type":"Article","@id":"https:\/\/www.africa-press.net\/tchad\/politique\/la-base-aerienne-dabeche-denommee-mahamat-hassan-hangata#article","isPartOf":{"@id":"https:\/\/www.africa-press.net\/tchad\/politique\/la-base-aerienne-dabeche-denommee-mahamat-hassan-hangata"},"author":{"name":"cfeditorfr","@id":"https:\/\/www.africa-press.net\/tchad\/#\/schema\/person\/2b1cf3cd81a31e3cd26889ca66d677f1"},"headline":"La base a\u00e9rienne d\u2019Ab\u00e9ch\u00e9 d\u00e9nomm\u00e9e Mahamat Hassan Hangata","datePublished":"2021-11-15T17:09:54+00:00","dateModified":"2021-11-15T17:45:03+00:00","mainEntityOfPage":{"@id":"https:\/\/www.africa-press.net\/tchad\/politique\/la-base-aerienne-dabeche-denommee-mahamat-hassan-hangata"},"wordCount":208,"commentCount":0,"image":{"@id":"https:\/\/www.africa-press.net\/tchad\/politique\/la-base-aerienne-dabeche-denommee-mahamat-hassan-hangata#primaryimage"},"thumbnailUrl":"https:\/\/static.africa-press.net\/tchad\/sites\/41\/2021\/11\/img-61929c7dbcd72.jpg","keywords":["Africa Press","Africa Press-Tchad","d\u2019Ab\u00e9ch\u00e9","Mahamat Hassan Hangata","Tchad"],"articleSection":["homepage-french","Politique","Top Nouvelles","Toutes les actualit\u00e9s"],"inLanguage":"fr-FR","potentialAction":[{"@type":"CommentAction","name":"Comment","target":["https:\/\/www.africa-press.net\/tchad\/politique\/la-base-aerienne-dabeche-denommee-mahamat-hassan-hangata#respond"]}]},{"@type":"WebPage","@id":"https:\/\/www.africa-press.net\/tchad\/politique\/la-base-aerienne-dabeche-denommee-mahamat-hassan-hangata","url":"https:\/\/www.africa-press.net\/tchad\/politique\/la-base-aerienne-dabeche-denommee-mahamat-hassan-hangata","name":"La base a\u00e9rienne d\u2019Ab\u00e9ch\u00e9 d\u00e9nomm\u00e9e Mahamat Hassan Hangata - tchad","isPartOf":{"@id":"https:\/\/www.africa-press.net\/tchad\/#website"},"primaryImageOfPage":{"@id":"https:\/\/www.africa-press.net\/tchad\/politique\/la-base-aerienne-dabeche-denommee-mahamat-hassan-hangata#primaryimage"},"image":{"@id":"https:\/\/www.africa-press.net\/tchad\/politique\/la-base-aerienne-dabeche-denommee-mahamat-hassan-hangata#primaryimage"},"thumbnailUrl":"https:\/\/static.africa-press.net\/tchad\/sites\/41\/2021\/11\/img-61929c7dbcd72.jpg","datePublished":"2021-11-15T17:09:54+00:00","dateModified":"2021-11-15T17:45:03+00:00","author":{"@id":"https:\/\/www.africa-press.net\/tchad\/#\/schema\/person\/2b1cf3cd81a31e3cd26889ca66d677f1"},"description":"La base a\u00e9rienne de la ville d\u2019Ab\u00e9ch\u00e9 porte \u00e0 partir de ce lundi 15 novembre 2021, le nom du lieutenant-colonel d\u2019aviati ...","breadcrumb":{"@id":"https:\/\/www.africa-press.net\/tchad\/politique\/la-base-aerienne-dabeche-denommee-mahamat-hassan-hangata#breadcrumb"},"inLanguage":"fr-FR","potentialAction":[{"@type":"ReadAction","target":["https:\/\/www.africa-press.net\/tchad\/politique\/la-base-aerienne-dabeche-denommee-mahamat-hassan-hangata"]}]},{"@type":"ImageObject","inLanguage":"fr-FR","@id":"https:\/\/www.africa-press.net\/tchad\/politique\/la-base-aerienne-dabeche-denommee-mahamat-hassan-hangata#primaryimage","url":"https:\/\/static.africa-press.net\/tchad\/sites\/41\/2021\/11\/img-61929c7dbcd72.jpg","contentUrl":"https:\/\/static.africa-press.net\/tchad\/sites\/41\/2021\/11\/img-61929c7dbcd72.jpg","width":999,"height":455,"caption":"La base a\u00e9rienne d\u2019Ab\u00e9ch\u00e9 d\u00e9nomm\u00e9e Mahamat Hassan Hangata"},{"@type":"BreadcrumbList","@id":"https:\/\/www.africa-press.net\/tchad\/politique\/la-base-aerienne-dabeche-denommee-mahamat-hassan-hangata#breadcrumb","itemListElement":[{"@type":"ListItem","position":1,"name":"Accueil","item":"https:\/\/www.africa-press.net\/tchad\/"},{"@type":"ListItem","position":2,"name":"La base a\u00e9rienne d\u2019Ab\u00e9ch\u00e9 d\u00e9nomm\u00e9e Mahamat Hassan Hangata"}]},{"@type":"WebSite","@id":"https:\/\/www.africa-press.net\/tchad\/#website","url":"https:\/\/www.africa-press.net\/tchad\/","name":"tchad","description":"Just another Africa News Agency Sites site","potentialAction":[{"@type":"SearchAction","target":{"@type":"EntryPoint","urlTemplate":"https:\/\/www.africa-press.net\/tchad\/?s={search_term_string}"},"query-input":{"@type":"PropertyValueSpecification","valueRequired":true,"valueName":"search_term_string"}}],"inLanguage":"fr-FR"},{"@type":"Person","@id":"https:\/\/www.africa-press.net\/tchad\/#\/schema\/person\/2b1cf3cd81a31e3cd26889ca66d677f1","name":"cfeditorfr"}]}},"_links":{"self":[{"href":"https:\/\/www.africa-press.net\/tchad\/wp-json\/wp\/v2\/posts\/13781","targetHints":{"allow":["GET"]}}],"collection":[{"href":"https:\/\/www.africa-press.net\/tchad\/wp-json\/wp\/v2\/posts"}],"about":[{"href":"https:\/\/www.africa-press.net\/tchad\/wp-json\/wp\/v2\/types\/post"}],"author":[{"embeddable":true,"href":"https:\/\/www.africa-press.net\/tchad\/wp-json\/wp\/v2\/users\/82"}],"replies":[{"embeddable":true,"href":"https:\/\/www.africa-press.net\/tchad\/wp-json\/wp\/v2\/comments?post=13781"}],"version-history":[{"count":0,"href":"https:\/\/www.africa-press.net\/tchad\/wp-json\/wp\/v2\/posts\/13781\/revisions"}],"wp:featuredmedia":[{"embeddable":true,"href":"https:\/\/www.africa-press.net\/tchad\/wp-json\/wp\/v2\/media\/13780"}],"wp:attachment":[{"href":"https:\/\/www.africa-press.net\/tchad\/wp-json\/wp\/v2\/media?parent=13781"}],"wp:term":[{"taxonomy":"category","embeddable":true,"href":"https:\/\/www.africa-press.net\/tchad\/wp-json\/wp\/v2\/categories?post=13781"},{"taxonomy":"post_tag","embeddable":true,"href":"https:\/\/www.africa-press.net\/tchad\/wp-json\/wp\/v2\/tags?post=13781"}],"curies":[{"name":"wp","href":"https:\/\/api.w.org\/{rel}","templated":true}]}}