{"id":13784,"date":"2021-11-15T17:10:41","date_gmt":"2021-11-15T17:10:41","guid":{"rendered":"https:\/\/www.africa-press.net\/tchad\/politique\/une-delegation-de-haut-niveau-a-bruxelles-pour-mobiliser-des-ressources"},"modified":"2021-11-15T17:45:43","modified_gmt":"2021-11-15T17:45:43","slug":"une-delegation-de-haut-niveau-a-bruxelles-pour-mobiliser-des-ressources","status":"publish","type":"post","link":"https:\/\/www.africa-press.net\/tchad\/politique\/une-delegation-de-haut-niveau-a-bruxelles-pour-mobiliser-des-ressources","title":{"rendered":"Une d\u00e9l\u00e9gation de \u00ab haut niveau \u00bb \u00e0 Bruxelles pour mobiliser des ressources"},"content":{"rendered":"<p><span style=\"color: #ff6600\"><strong>Africa-Press &#8211; Tchad. <\/strong><\/span>Le premier ministre de transition Pahimi Padack\u00e9 Albert est \u00e0 la t\u00eate d\u2019une d\u00e9l\u00e9gation qui se trouve \u00e0 Bruxelles pour mobiliser de ressources en vue de mettre en \u0153uvre la feuille de route du gouvernement de transition.<\/p>\n<p>La d\u00e9l\u00e9gation tchadienne conduite par le premier ministre, chef du gouvernement de transition Pahimi Padack\u00e9 Albert va \u00e9changer du 16 au 17 novembre prochain le Haut-repr\u00e9sentant pour la politique ext\u00e9rieure et vice-pr\u00e9sident de la Commission Europ\u00e9enne Josep Borell, la Repr\u00e9sentant Sp\u00e9ciale de l\u2019Union Europ\u00e9enne pour le Sahel Emmanuela Del Re, le Commissaire pour les Partenaires Internationaux (Coop\u00e9ration au d\u00e9veloppement) Janez Lenarcic et de la Commissaire pour les Partenariats Internationaux (Coop\u00e9ration au d\u00e9veloppement) Jutta Urpilainen.<\/p>\n<p>Cette mission, rappelle le gouvernement, s\u2019inscrit dans le contexte de la transition d\u00e9mocratique et de la transformation socio-\u00e9conomique inclusive et durable au Tchad.<\/p>\n<p>Cette mission, dite de \u00ab haut niveau aupr\u00e8s de l\u2019Union Europ\u00e9enne \u00e0 Bruxelles \u00bb, vise \u00e0 \u00ab pr\u00e9senter les avanc\u00e9es et les d\u00e9fis de la transition et de plaider en faveur de la mobilisation des ressources pour la mise en \u0153uvre de la feuille de route du gouvernement de transition, suite \u00e0 la pr\u00e9sentation de celle-ci aux partenaires techniques et financiers bilat\u00e9raux et multilat\u00e9raux le 19 aout 2021 \u00e0 N\u2019Djamena par le Premier ministre Pahimi Padack\u00e9 Albert \u00bb.<\/p>\n<p>Le communiqu\u00e9 sign\u00e9 du directeur de communication de la primature Renaud Dinguemnaial r\u00e9v\u00e8le que la \u00ab la mobilisation des partenaires institutionnels et financiers participera favorablement au d\u00e9nouement positif de l\u2019action du gouvernement de transition civil, inclusif et d\u00e9termin\u00e9 dans son engagement avou\u00e9 en faveur des r\u00e9formes structurelles par le biais d\u2019un dialogue national inclusif, d\u2019une nouvelle constitution et des \u00e9lections d\u00e9mocratiques et pour le respect des engagements internationaux \u00bb.<\/p>\n<p>Le premier ministre de transition est accompagn\u00e9 par le ministre des affaires \u00e9trang\u00e8res, de l\u2019int\u00e9gration africaine et des Tchadiens de l\u2019\u00e9tranger Ch\u00e9rif Mahamat Z\u00e8ne, de son homologue de l\u2019\u00e9conomie, de la planification du d\u00e9veloppement et de la coop\u00e9ration internationale Issa Doubragne.<\/p>\n<p><strong>Pour plus d&rsquo;informations et d&rsquo;analyses sur la <a href=\"https:\/\/www.africa-press.net\/tchad\">Tchad<\/a>, suivez <a href=\"https:\/\/www.africa-press.net\/\">Africa-Press<\/a><\/strong><\/p>\n","protected":false},"excerpt":{"rendered":"<p>Africa-Press &#8211; Tchad. Le premier ministre de transition Pahimi Padack\u00e9 Albert est \u00e0 la t\u00eate d\u2019une d\u00e9l\u00e9gation qui se trouve \u00e0 Bruxelles pour mobiliser de ressources en vue de mettre en \u0153uvre la feuille de route du gouvernement de transition. La d\u00e9l\u00e9gation tchadienne conduite par le premier ministre, chef du gouvernement de transition Pahimi Padack\u00e9 [&hellip;]<\/p>\n","protected":false},"author":82,"featured_media":13783,"comment_status":"open","ping_status":"closed","sticky":false,"template":"","format":"standard","meta":{"footnotes":""},"categories":[11,2,20,10],"tags":[37,292,2508,2509,29],"class_list":["post-13784","post","type-post","status-publish","format-standard","has-post-thumbnail","hentry","category-homepage-french","category-politique","category-top-nouvelles","category-toutes-les-actualites","tag-africa-press","tag-africa-press-tchad","tag-bruxelles","tag-ressources","tag-tchad"],"yoast_head":"<!-- This site is optimized with the Yoast SEO Premium plugin v26.1 (Yoast SEO v27.0) - https:\/\/yoast.com\/product\/yoast-seo-premium-wordpress\/ -->\n<title>Une d\u00e9l\u00e9gation de \u00ab haut niveau \u00bb \u00e0 Bruxelles pour mobiliser des ressources - tchad<\/title>\n<meta name=\"description\" content=\"Le premier ministre de transition Pahimi Padack\u00e9 Albert est \u00e0 la t\u00eate d\u2019une d\u00e9l\u00e9gation qui se trouve \u00e0 Bruxelles pour mo ...\" \/>\n<meta name=\"robots\" content=\"index, follow, max-snippet:-1, max-image-preview:large, max-video-preview:-1\" \/>\n<link rel=\"canonical\" href=\"https:\/\/www.africa-press.net\/tchad\/politique\/une-delegation-de-haut-niveau-a-bruxelles-pour-mobiliser-des-ressources\" \/>\n<meta property=\"og:locale\" content=\"fr_FR\" \/>\n<meta property=\"og:type\" content=\"article\" \/>\n<meta property=\"og:title\" content=\"Une d\u00e9l\u00e9gation de \u00ab haut niveau \u00bb \u00e0 Bruxelles pour mobiliser des ressources\" \/>\n<meta property=\"og:description\" content=\"Le premier ministre de transition Pahimi Padack\u00e9 Albert est \u00e0 la t\u00eate d\u2019une d\u00e9l\u00e9gation qui se trouve \u00e0 Bruxelles pour mo ...\" \/>\n<meta property=\"og:url\" content=\"https:\/\/www.africa-press.net\/tchad\/politique\/une-delegation-de-haut-niveau-a-bruxelles-pour-mobiliser-des-ressources\" \/>\n<meta property=\"og:site_name\" content=\"tchad\" \/>\n<meta property=\"article:published_time\" content=\"2021-11-15T17:10:41+00:00\" \/>\n<meta property=\"article:modified_time\" content=\"2021-11-15T17:45:43+00:00\" \/>\n<meta property=\"og:image\" content=\"https:\/\/static.africa-press.net\/tchad\/sites\/41\/2021\/11\/img-61929ca88a1c2.jpg\" \/>\n\t<meta property=\"og:image:width\" content=\"560\" \/>\n\t<meta property=\"og:image:height\" content=\"292\" \/>\n\t<meta property=\"og:image:type\" content=\"image\/jpeg\" \/>\n<meta name=\"author\" content=\"cfeditorfr\" \/>\n<meta name=\"twitter:card\" content=\"summary_large_image\" \/>\n<meta name=\"twitter:label1\" content=\"\u00c9crit par\" \/>\n\t<meta name=\"twitter:data1\" content=\"cfeditorfr\" \/>\n\t<meta name=\"twitter:label2\" content=\"Dur\u00e9e de lecture estim\u00e9e\" \/>\n\t<meta name=\"twitter:data2\" content=\"2 minutes\" \/>\n<script type=\"application\/ld+json\" class=\"yoast-schema-graph\">{\"@context\":\"https:\/\/schema.org\",\"@graph\":[{\"@type\":\"Article\",\"@id\":\"https:\/\/www.africa-press.net\/tchad\/politique\/une-delegation-de-haut-niveau-a-bruxelles-pour-mobiliser-des-ressources#article\",\"isPartOf\":{\"@id\":\"https:\/\/www.africa-press.net\/tchad\/politique\/une-delegation-de-haut-niveau-a-bruxelles-pour-mobiliser-des-ressources\"},\"author\":{\"name\":\"cfeditorfr\",\"@id\":\"https:\/\/www.africa-press.net\/tchad\/#\/schema\/person\/2b1cf3cd81a31e3cd26889ca66d677f1\"},\"headline\":\"Une d\u00e9l\u00e9gation de \u00ab haut niveau \u00bb \u00e0 Bruxelles pour mobiliser des ressources\",\"datePublished\":\"2021-11-15T17:10:41+00:00\",\"dateModified\":\"2021-11-15T17:45:43+00:00\",\"mainEntityOfPage\":{\"@id\":\"https:\/\/www.africa-press.net\/tchad\/politique\/une-delegation-de-haut-niveau-a-bruxelles-pour-mobiliser-des-ressources\"},\"wordCount\":382,\"commentCount\":0,\"image\":{\"@id\":\"https:\/\/www.africa-press.net\/tchad\/politique\/une-delegation-de-haut-niveau-a-bruxelles-pour-mobiliser-des-ressources#primaryimage\"},\"thumbnailUrl\":\"https:\/\/static.africa-press.net\/tchad\/sites\/41\/2021\/11\/img-61929ca88a1c2.jpg\",\"keywords\":[\"Africa Press\",\"Africa Press-Tchad\",\"Bruxelles\",\"ressources\",\"Tchad\"],\"articleSection\":[\"homepage-french\",\"Politique\",\"Top Nouvelles\",\"Toutes les actualit\u00e9s\"],\"inLanguage\":\"fr-FR\",\"potentialAction\":[{\"@type\":\"CommentAction\",\"name\":\"Comment\",\"target\":[\"https:\/\/www.africa-press.net\/tchad\/politique\/une-delegation-de-haut-niveau-a-bruxelles-pour-mobiliser-des-ressources#respond\"]}]},{\"@type\":\"WebPage\",\"@id\":\"https:\/\/www.africa-press.net\/tchad\/politique\/une-delegation-de-haut-niveau-a-bruxelles-pour-mobiliser-des-ressources\",\"url\":\"https:\/\/www.africa-press.net\/tchad\/politique\/une-delegation-de-haut-niveau-a-bruxelles-pour-mobiliser-des-ressources\",\"name\":\"Une d\u00e9l\u00e9gation de \u00ab haut niveau \u00bb \u00e0 Bruxelles pour mobiliser des ressources - tchad\",\"isPartOf\":{\"@id\":\"https:\/\/www.africa-press.net\/tchad\/#website\"},\"primaryImageOfPage\":{\"@id\":\"https:\/\/www.africa-press.net\/tchad\/politique\/une-delegation-de-haut-niveau-a-bruxelles-pour-mobiliser-des-ressources#primaryimage\"},\"image\":{\"@id\":\"https:\/\/www.africa-press.net\/tchad\/politique\/une-delegation-de-haut-niveau-a-bruxelles-pour-mobiliser-des-ressources#primaryimage\"},\"thumbnailUrl\":\"https:\/\/static.africa-press.net\/tchad\/sites\/41\/2021\/11\/img-61929ca88a1c2.jpg\",\"datePublished\":\"2021-11-15T17:10:41+00:00\",\"dateModified\":\"2021-11-15T17:45:43+00:00\",\"author\":{\"@id\":\"https:\/\/www.africa-press.net\/tchad\/#\/schema\/person\/2b1cf3cd81a31e3cd26889ca66d677f1\"},\"description\":\"Le premier ministre de transition Pahimi Padack\u00e9 Albert est \u00e0 la t\u00eate d\u2019une d\u00e9l\u00e9gation qui se trouve \u00e0 Bruxelles pour mo ...\",\"breadcrumb\":{\"@id\":\"https:\/\/www.africa-press.net\/tchad\/politique\/une-delegation-de-haut-niveau-a-bruxelles-pour-mobiliser-des-ressources#breadcrumb\"},\"inLanguage\":\"fr-FR\",\"potentialAction\":[{\"@type\":\"ReadAction\",\"target\":[\"https:\/\/www.africa-press.net\/tchad\/politique\/une-delegation-de-haut-niveau-a-bruxelles-pour-mobiliser-des-ressources\"]}]},{\"@type\":\"ImageObject\",\"inLanguage\":\"fr-FR\",\"@id\":\"https:\/\/www.africa-press.net\/tchad\/politique\/une-delegation-de-haut-niveau-a-bruxelles-pour-mobiliser-des-ressources#primaryimage\",\"url\":\"https:\/\/static.africa-press.net\/tchad\/sites\/41\/2021\/11\/img-61929ca88a1c2.jpg\",\"contentUrl\":\"https:\/\/static.africa-press.net\/tchad\/sites\/41\/2021\/11\/img-61929ca88a1c2.jpg\",\"width\":560,\"height\":292,\"caption\":\"Une d\u00e9l\u00e9gation de \u00ab haut niveau \u00bb \u00e0 Bruxelles pour mobiliser des ressources\"},{\"@type\":\"BreadcrumbList\",\"@id\":\"https:\/\/www.africa-press.net\/tchad\/politique\/une-delegation-de-haut-niveau-a-bruxelles-pour-mobiliser-des-ressources#breadcrumb\",\"itemListElement\":[{\"@type\":\"ListItem\",\"position\":1,\"name\":\"Accueil\",\"item\":\"https:\/\/www.africa-press.net\/tchad\/\"},{\"@type\":\"ListItem\",\"position\":2,\"name\":\"Une d\u00e9l\u00e9gation de \u00ab haut niveau \u00bb \u00e0 Bruxelles pour mobiliser des ressources\"}]},{\"@type\":\"WebSite\",\"@id\":\"https:\/\/www.africa-press.net\/tchad\/#website\",\"url\":\"https:\/\/www.africa-press.net\/tchad\/\",\"name\":\"tchad\",\"description\":\"Just another Africa News Agency Sites site\",\"potentialAction\":[{\"@type\":\"SearchAction\",\"target\":{\"@type\":\"EntryPoint\",\"urlTemplate\":\"https:\/\/www.africa-press.net\/tchad\/?s={search_term_string}\"},\"query-input\":{\"@type\":\"PropertyValueSpecification\",\"valueRequired\":true,\"valueName\":\"search_term_string\"}}],\"inLanguage\":\"fr-FR\"},{\"@type\":\"Person\",\"@id\":\"https:\/\/www.africa-press.net\/tchad\/#\/schema\/person\/2b1cf3cd81a31e3cd26889ca66d677f1\",\"name\":\"cfeditorfr\"}]}<\/script>\n<!-- \/ Yoast SEO Premium plugin. -->","yoast_head_json":{"title":"Une d\u00e9l\u00e9gation de \u00ab haut niveau \u00bb \u00e0 Bruxelles pour mobiliser des ressources - tchad","description":"Le premier ministre de transition Pahimi Padack\u00e9 Albert est \u00e0 la t\u00eate d\u2019une d\u00e9l\u00e9gation qui se trouve \u00e0 Bruxelles pour mo ...","robots":{"index":"index","follow":"follow","max-snippet":"max-snippet:-1","max-image-preview":"max-image-preview:large","max-video-preview":"max-video-preview:-1"},"canonical":"https:\/\/www.africa-press.net\/tchad\/politique\/une-delegation-de-haut-niveau-a-bruxelles-pour-mobiliser-des-ressources","og_locale":"fr_FR","og_type":"article","og_title":"Une d\u00e9l\u00e9gation de \u00ab haut niveau \u00bb \u00e0 Bruxelles pour mobiliser des ressources","og_description":"Le premier ministre de transition Pahimi Padack\u00e9 Albert est \u00e0 la t\u00eate d\u2019une d\u00e9l\u00e9gation qui se trouve \u00e0 Bruxelles pour mo ...","og_url":"https:\/\/www.africa-press.net\/tchad\/politique\/une-delegation-de-haut-niveau-a-bruxelles-pour-mobiliser-des-ressources","og_site_name":"tchad","article_published_time":"2021-11-15T17:10:41+00:00","article_modified_time":"2021-11-15T17:45:43+00:00","og_image":[{"width":560,"height":292,"url":"https:\/\/static.africa-press.net\/tchad\/sites\/41\/2021\/11\/img-61929ca88a1c2.jpg","type":"image\/jpeg"}],"author":"cfeditorfr","twitter_card":"summary_large_image","twitter_misc":{"\u00c9crit par":"cfeditorfr","Dur\u00e9e de lecture estim\u00e9e":"2 minutes"},"schema":{"@context":"https:\/\/schema.org","@graph":[{"@type":"Article","@id":"https:\/\/www.africa-press.net\/tchad\/politique\/une-delegation-de-haut-niveau-a-bruxelles-pour-mobiliser-des-ressources#article","isPartOf":{"@id":"https:\/\/www.africa-press.net\/tchad\/politique\/une-delegation-de-haut-niveau-a-bruxelles-pour-mobiliser-des-ressources"},"author":{"name":"cfeditorfr","@id":"https:\/\/www.africa-press.net\/tchad\/#\/schema\/person\/2b1cf3cd81a31e3cd26889ca66d677f1"},"headline":"Une d\u00e9l\u00e9gation de \u00ab haut niveau \u00bb \u00e0 Bruxelles pour mobiliser des ressources","datePublished":"2021-11-15T17:10:41+00:00","dateModified":"2021-11-15T17:45:43+00:00","mainEntityOfPage":{"@id":"https:\/\/www.africa-press.net\/tchad\/politique\/une-delegation-de-haut-niveau-a-bruxelles-pour-mobiliser-des-ressources"},"wordCount":382,"commentCount":0,"image":{"@id":"https:\/\/www.africa-press.net\/tchad\/politique\/une-delegation-de-haut-niveau-a-bruxelles-pour-mobiliser-des-ressources#primaryimage"},"thumbnailUrl":"https:\/\/static.africa-press.net\/tchad\/sites\/41\/2021\/11\/img-61929ca88a1c2.jpg","keywords":["Africa Press","Africa Press-Tchad","Bruxelles","ressources","Tchad"],"articleSection":["homepage-french","Politique","Top Nouvelles","Toutes les actualit\u00e9s"],"inLanguage":"fr-FR","potentialAction":[{"@type":"CommentAction","name":"Comment","target":["https:\/\/www.africa-press.net\/tchad\/politique\/une-delegation-de-haut-niveau-a-bruxelles-pour-mobiliser-des-ressources#respond"]}]},{"@type":"WebPage","@id":"https:\/\/www.africa-press.net\/tchad\/politique\/une-delegation-de-haut-niveau-a-bruxelles-pour-mobiliser-des-ressources","url":"https:\/\/www.africa-press.net\/tchad\/politique\/une-delegation-de-haut-niveau-a-bruxelles-pour-mobiliser-des-ressources","name":"Une d\u00e9l\u00e9gation de \u00ab haut niveau \u00bb \u00e0 Bruxelles pour mobiliser des ressources - tchad","isPartOf":{"@id":"https:\/\/www.africa-press.net\/tchad\/#website"},"primaryImageOfPage":{"@id":"https:\/\/www.africa-press.net\/tchad\/politique\/une-delegation-de-haut-niveau-a-bruxelles-pour-mobiliser-des-ressources#primaryimage"},"image":{"@id":"https:\/\/www.africa-press.net\/tchad\/politique\/une-delegation-de-haut-niveau-a-bruxelles-pour-mobiliser-des-ressources#primaryimage"},"thumbnailUrl":"https:\/\/static.africa-press.net\/tchad\/sites\/41\/2021\/11\/img-61929ca88a1c2.jpg","datePublished":"2021-11-15T17:10:41+00:00","dateModified":"2021-11-15T17:45:43+00:00","author":{"@id":"https:\/\/www.africa-press.net\/tchad\/#\/schema\/person\/2b1cf3cd81a31e3cd26889ca66d677f1"},"description":"Le premier ministre de transition Pahimi Padack\u00e9 Albert est \u00e0 la t\u00eate d\u2019une d\u00e9l\u00e9gation qui se trouve \u00e0 Bruxelles pour mo ...","breadcrumb":{"@id":"https:\/\/www.africa-press.net\/tchad\/politique\/une-delegation-de-haut-niveau-a-bruxelles-pour-mobiliser-des-ressources#breadcrumb"},"inLanguage":"fr-FR","potentialAction":[{"@type":"ReadAction","target":["https:\/\/www.africa-press.net\/tchad\/politique\/une-delegation-de-haut-niveau-a-bruxelles-pour-mobiliser-des-ressources"]}]},{"@type":"ImageObject","inLanguage":"fr-FR","@id":"https:\/\/www.africa-press.net\/tchad\/politique\/une-delegation-de-haut-niveau-a-bruxelles-pour-mobiliser-des-ressources#primaryimage","url":"https:\/\/static.africa-press.net\/tchad\/sites\/41\/2021\/11\/img-61929ca88a1c2.jpg","contentUrl":"https:\/\/static.africa-press.net\/tchad\/sites\/41\/2021\/11\/img-61929ca88a1c2.jpg","width":560,"height":292,"caption":"Une d\u00e9l\u00e9gation de \u00ab haut niveau \u00bb \u00e0 Bruxelles pour mobiliser des ressources"},{"@type":"BreadcrumbList","@id":"https:\/\/www.africa-press.net\/tchad\/politique\/une-delegation-de-haut-niveau-a-bruxelles-pour-mobiliser-des-ressources#breadcrumb","itemListElement":[{"@type":"ListItem","position":1,"name":"Accueil","item":"https:\/\/www.africa-press.net\/tchad\/"},{"@type":"ListItem","position":2,"name":"Une d\u00e9l\u00e9gation de \u00ab haut niveau \u00bb \u00e0 Bruxelles pour mobiliser des ressources"}]},{"@type":"WebSite","@id":"https:\/\/www.africa-press.net\/tchad\/#website","url":"https:\/\/www.africa-press.net\/tchad\/","name":"tchad","description":"Just another Africa News Agency Sites site","potentialAction":[{"@type":"SearchAction","target":{"@type":"EntryPoint","urlTemplate":"https:\/\/www.africa-press.net\/tchad\/?s={search_term_string}"},"query-input":{"@type":"PropertyValueSpecification","valueRequired":true,"valueName":"search_term_string"}}],"inLanguage":"fr-FR"},{"@type":"Person","@id":"https:\/\/www.africa-press.net\/tchad\/#\/schema\/person\/2b1cf3cd81a31e3cd26889ca66d677f1","name":"cfeditorfr"}]}},"_links":{"self":[{"href":"https:\/\/www.africa-press.net\/tchad\/wp-json\/wp\/v2\/posts\/13784","targetHints":{"allow":["GET"]}}],"collection":[{"href":"https:\/\/www.africa-press.net\/tchad\/wp-json\/wp\/v2\/posts"}],"about":[{"href":"https:\/\/www.africa-press.net\/tchad\/wp-json\/wp\/v2\/types\/post"}],"author":[{"embeddable":true,"href":"https:\/\/www.africa-press.net\/tchad\/wp-json\/wp\/v2\/users\/82"}],"replies":[{"embeddable":true,"href":"https:\/\/www.africa-press.net\/tchad\/wp-json\/wp\/v2\/comments?post=13784"}],"version-history":[{"count":0,"href":"https:\/\/www.africa-press.net\/tchad\/wp-json\/wp\/v2\/posts\/13784\/revisions"}],"wp:featuredmedia":[{"embeddable":true,"href":"https:\/\/www.africa-press.net\/tchad\/wp-json\/wp\/v2\/media\/13783"}],"wp:attachment":[{"href":"https:\/\/www.africa-press.net\/tchad\/wp-json\/wp\/v2\/media?parent=13784"}],"wp:term":[{"taxonomy":"category","embeddable":true,"href":"https:\/\/www.africa-press.net\/tchad\/wp-json\/wp\/v2\/categories?post=13784"},{"taxonomy":"post_tag","embeddable":true,"href":"https:\/\/www.africa-press.net\/tchad\/wp-json\/wp\/v2\/tags?post=13784"}],"curies":[{"name":"wp","href":"https:\/\/api.w.org\/{rel}","templated":true}]}}