{"id":13802,"date":"2021-11-16T18:39:26","date_gmt":"2021-11-16T18:39:26","guid":{"rendered":"https:\/\/www.africa-press.net\/tchad\/politique\/les-acteurs-politiques-et-la-societe-civile-formes-a-lapproche-du-dialogue-national"},"modified":"2021-11-16T19:36:09","modified_gmt":"2021-11-16T19:36:09","slug":"les-acteurs-politiques-et-la-societe-civile-formes-a-lapproche-du-dialogue-national","status":"publish","type":"post","link":"https:\/\/www.africa-press.net\/tchad\/politique\/les-acteurs-politiques-et-la-societe-civile-formes-a-lapproche-du-dialogue-national","title":{"rendered":"les acteurs politiques et la soci\u00e9t\u00e9 civile form\u00e9s \u00e0 l&rsquo;approche du dialogue national"},"content":{"rendered":"<p><span style=\"color: #ff6600\"><strong>Africa-Press &#8211; Tchad. <\/strong><\/span>La c\u00e9r\u00e9monie de lancement de la formation a vu la pr\u00e9sence du ministre d\u2019\u00c9tat charg\u00e9 de la R\u00e9conciliation nationale et du Dialogue, Acheikh Ibn Oumar, des repr\u00e9sentants de la francophonie venant d\u2019Afrique de l\u2019Ouest, et d&rsquo;acteurs politiques et de la soci\u00e9t\u00e9 civile.<\/p>\n<p>\u00ab\u00a0La transition actuelle du Tchad a besoin du soutien de diff\u00e9rents \u00c9tats pour la tenue d\u2019un dialogue national inclusif dans un climat de paix.<\/p>\n<p>Raison pour laquelle il a \u00e9t\u00e9 choisi d\u2019appuyer techniquement les responsables politiques et de la soci\u00e9t\u00e9 civile dans cet \u00e9lan de n\u00e9gociation\u00a0\u00bb, explique Tierno Ba Demba Diallo, dipl\u00f4m\u00e9 en droit, sciences politiques et administration publique \u00e0 l\u2019Universit\u00e9 Gaston Berger de Saint Louis du S\u00e9n\u00e9gal, \u00e9galement charg\u00e9 de cours et formateur en n\u00e9gociation g\u00e9opolitique et en science de n\u00e9gociation.<\/p>\n<p>Sa\u00efd Abbas Ahamed, docteur en sciences politiques \u00e0 l\u2019Universit\u00e9 de Paris Panth\u00e9on la Sorbonne, a exprim\u00e9 le souhait d&rsquo;un dialogue r\u00e9ussi, et ce, \u00e0 travers un engagement des diff\u00e9rents acteurs.<\/p>\n<p>Pr\u00e9sent au lancement de la formation des acteurs politiques et de la soci\u00e9t\u00e9 civile, le ministre d\u2019\u00c9tat charg\u00e9 de la R\u00e9conciliation nationale et du Dialogue, Acheikh Ibn Oumar, a exhort\u00e9 les participants \u00e0 tirer profit de cette expertise.<\/p>\n<p><strong>Pour plus d&rsquo;informations et d&rsquo;analyses sur la <a href=\"https:\/\/www.africa-press.net\/tchad\">Tchad<\/a>, suivez <a href=\"https:\/\/www.africa-press.net\/\">Africa-Press<\/a><\/strong><\/p>\n","protected":false},"excerpt":{"rendered":"<p>Africa-Press &#8211; Tchad. La c\u00e9r\u00e9monie de lancement de la formation a vu la pr\u00e9sence du ministre d\u2019\u00c9tat charg\u00e9 de la R\u00e9conciliation nationale et du Dialogue, Acheikh Ibn Oumar, des repr\u00e9sentants de la francophonie venant d\u2019Afrique de l\u2019Ouest, et d&rsquo;acteurs politiques et de la soci\u00e9t\u00e9 civile. \u00ab\u00a0La transition actuelle du Tchad a besoin du soutien de [&hellip;]<\/p>\n","protected":false},"author":82,"featured_media":13801,"comment_status":"open","ping_status":"closed","sticky":false,"template":"","format":"standard","meta":{"footnotes":""},"categories":[11,2,10],"tags":[37,292,2290,180,29],"class_list":["post-13802","post","type-post","status-publish","format-standard","has-post-thumbnail","hentry","category-homepage-french","category-politique","category-toutes-les-actualites","tag-africa-press","tag-africa-press-tchad","tag-lancement","tag-reconciliation","tag-tchad"],"yoast_head":"<!-- This site is optimized with the Yoast SEO Premium plugin v26.1 (Yoast SEO v27.0) - https:\/\/yoast.com\/product\/yoast-seo-premium-wordpress\/ -->\n<title>les acteurs politiques et la soci\u00e9t\u00e9 civile form\u00e9s \u00e0 l&#039;approche du dialogue national - tchad<\/title>\n<meta name=\"description\" content=\"La c\u00e9r\u00e9monie de lancement de la formation a vu la pr\u00e9sence du ministre d\u2019\u00c9tat charg\u00e9 de la R\u00e9conciliation nationale et d ...\" \/>\n<meta name=\"robots\" content=\"index, follow, max-snippet:-1, max-image-preview:large, max-video-preview:-1\" \/>\n<link rel=\"canonical\" href=\"https:\/\/www.africa-press.net\/tchad\/politique\/les-acteurs-politiques-et-la-societe-civile-formes-a-lapproche-du-dialogue-national\" \/>\n<meta property=\"og:locale\" content=\"fr_FR\" \/>\n<meta property=\"og:type\" content=\"article\" \/>\n<meta property=\"og:title\" content=\"les acteurs politiques et la soci\u00e9t\u00e9 civile form\u00e9s \u00e0 l&#039;approche du dialogue national\" \/>\n<meta property=\"og:description\" content=\"La c\u00e9r\u00e9monie de lancement de la formation a vu la pr\u00e9sence du ministre d\u2019\u00c9tat charg\u00e9 de la R\u00e9conciliation nationale et d ...\" \/>\n<meta property=\"og:url\" content=\"https:\/\/www.africa-press.net\/tchad\/politique\/les-acteurs-politiques-et-la-societe-civile-formes-a-lapproche-du-dialogue-national\" \/>\n<meta property=\"og:site_name\" content=\"tchad\" \/>\n<meta property=\"article:published_time\" content=\"2021-11-16T18:39:26+00:00\" \/>\n<meta property=\"article:modified_time\" content=\"2021-11-16T19:36:09+00:00\" \/>\n<meta property=\"og:image\" content=\"https:\/\/static.africa-press.net\/tchad\/sites\/41\/2021\/11\/img-6194080e346af.jpg\" \/>\n\t<meta property=\"og:image:width\" content=\"640\" \/>\n\t<meta property=\"og:image:height\" content=\"480\" \/>\n\t<meta property=\"og:image:type\" content=\"image\/jpeg\" \/>\n<meta name=\"author\" content=\"cfeditorfr\" \/>\n<meta name=\"twitter:card\" content=\"summary_large_image\" \/>\n<meta name=\"twitter:label1\" content=\"\u00c9crit par\" \/>\n\t<meta name=\"twitter:data1\" content=\"cfeditorfr\" \/>\n\t<meta name=\"twitter:label2\" content=\"Dur\u00e9e de lecture estim\u00e9e\" \/>\n\t<meta name=\"twitter:data2\" content=\"1 minute\" \/>\n<script type=\"application\/ld+json\" class=\"yoast-schema-graph\">{\"@context\":\"https:\/\/schema.org\",\"@graph\":[{\"@type\":\"Article\",\"@id\":\"https:\/\/www.africa-press.net\/tchad\/politique\/les-acteurs-politiques-et-la-societe-civile-formes-a-lapproche-du-dialogue-national#article\",\"isPartOf\":{\"@id\":\"https:\/\/www.africa-press.net\/tchad\/politique\/les-acteurs-politiques-et-la-societe-civile-formes-a-lapproche-du-dialogue-national\"},\"author\":{\"name\":\"cfeditorfr\",\"@id\":\"https:\/\/www.africa-press.net\/tchad\/#\/schema\/person\/2b1cf3cd81a31e3cd26889ca66d677f1\"},\"headline\":\"les acteurs politiques et la soci\u00e9t\u00e9 civile form\u00e9s \u00e0 l&rsquo;approche du dialogue national\",\"datePublished\":\"2021-11-16T18:39:26+00:00\",\"dateModified\":\"2021-11-16T19:36:09+00:00\",\"mainEntityOfPage\":{\"@id\":\"https:\/\/www.africa-press.net\/tchad\/politique\/les-acteurs-politiques-et-la-societe-civile-formes-a-lapproche-du-dialogue-national\"},\"wordCount\":250,\"commentCount\":0,\"image\":{\"@id\":\"https:\/\/www.africa-press.net\/tchad\/politique\/les-acteurs-politiques-et-la-societe-civile-formes-a-lapproche-du-dialogue-national#primaryimage\"},\"thumbnailUrl\":\"https:\/\/static.africa-press.net\/tchad\/sites\/41\/2021\/11\/img-6194080e346af.jpg\",\"keywords\":[\"Africa Press\",\"Africa Press-Tchad\",\"lancement\",\"r\u00e9conciliation\",\"Tchad\"],\"articleSection\":[\"homepage-french\",\"Politique\",\"Toutes les actualit\u00e9s\"],\"inLanguage\":\"fr-FR\",\"potentialAction\":[{\"@type\":\"CommentAction\",\"name\":\"Comment\",\"target\":[\"https:\/\/www.africa-press.net\/tchad\/politique\/les-acteurs-politiques-et-la-societe-civile-formes-a-lapproche-du-dialogue-national#respond\"]}]},{\"@type\":\"WebPage\",\"@id\":\"https:\/\/www.africa-press.net\/tchad\/politique\/les-acteurs-politiques-et-la-societe-civile-formes-a-lapproche-du-dialogue-national\",\"url\":\"https:\/\/www.africa-press.net\/tchad\/politique\/les-acteurs-politiques-et-la-societe-civile-formes-a-lapproche-du-dialogue-national\",\"name\":\"les acteurs politiques et la soci\u00e9t\u00e9 civile form\u00e9s \u00e0 l'approche du dialogue national - tchad\",\"isPartOf\":{\"@id\":\"https:\/\/www.africa-press.net\/tchad\/#website\"},\"primaryImageOfPage\":{\"@id\":\"https:\/\/www.africa-press.net\/tchad\/politique\/les-acteurs-politiques-et-la-societe-civile-formes-a-lapproche-du-dialogue-national#primaryimage\"},\"image\":{\"@id\":\"https:\/\/www.africa-press.net\/tchad\/politique\/les-acteurs-politiques-et-la-societe-civile-formes-a-lapproche-du-dialogue-national#primaryimage\"},\"thumbnailUrl\":\"https:\/\/static.africa-press.net\/tchad\/sites\/41\/2021\/11\/img-6194080e346af.jpg\",\"datePublished\":\"2021-11-16T18:39:26+00:00\",\"dateModified\":\"2021-11-16T19:36:09+00:00\",\"author\":{\"@id\":\"https:\/\/www.africa-press.net\/tchad\/#\/schema\/person\/2b1cf3cd81a31e3cd26889ca66d677f1\"},\"description\":\"La c\u00e9r\u00e9monie de lancement de la formation a vu la pr\u00e9sence du ministre d\u2019\u00c9tat charg\u00e9 de la R\u00e9conciliation nationale et d ...\",\"breadcrumb\":{\"@id\":\"https:\/\/www.africa-press.net\/tchad\/politique\/les-acteurs-politiques-et-la-societe-civile-formes-a-lapproche-du-dialogue-national#breadcrumb\"},\"inLanguage\":\"fr-FR\",\"potentialAction\":[{\"@type\":\"ReadAction\",\"target\":[\"https:\/\/www.africa-press.net\/tchad\/politique\/les-acteurs-politiques-et-la-societe-civile-formes-a-lapproche-du-dialogue-national\"]}]},{\"@type\":\"ImageObject\",\"inLanguage\":\"fr-FR\",\"@id\":\"https:\/\/www.africa-press.net\/tchad\/politique\/les-acteurs-politiques-et-la-societe-civile-formes-a-lapproche-du-dialogue-national#primaryimage\",\"url\":\"https:\/\/static.africa-press.net\/tchad\/sites\/41\/2021\/11\/img-6194080e346af.jpg\",\"contentUrl\":\"https:\/\/static.africa-press.net\/tchad\/sites\/41\/2021\/11\/img-6194080e346af.jpg\",\"width\":640,\"height\":480,\"caption\":\"les acteurs politiques et la soci\u00e9t\u00e9 civile form\u00e9s \u00e0 l'approche du dialogue national\"},{\"@type\":\"BreadcrumbList\",\"@id\":\"https:\/\/www.africa-press.net\/tchad\/politique\/les-acteurs-politiques-et-la-societe-civile-formes-a-lapproche-du-dialogue-national#breadcrumb\",\"itemListElement\":[{\"@type\":\"ListItem\",\"position\":1,\"name\":\"Accueil\",\"item\":\"https:\/\/www.africa-press.net\/tchad\/\"},{\"@type\":\"ListItem\",\"position\":2,\"name\":\"les acteurs politiques et la soci\u00e9t\u00e9 civile form\u00e9s \u00e0 l&#8217;approche du dialogue national\"}]},{\"@type\":\"WebSite\",\"@id\":\"https:\/\/www.africa-press.net\/tchad\/#website\",\"url\":\"https:\/\/www.africa-press.net\/tchad\/\",\"name\":\"tchad\",\"description\":\"Just another Africa News Agency Sites site\",\"potentialAction\":[{\"@type\":\"SearchAction\",\"target\":{\"@type\":\"EntryPoint\",\"urlTemplate\":\"https:\/\/www.africa-press.net\/tchad\/?s={search_term_string}\"},\"query-input\":{\"@type\":\"PropertyValueSpecification\",\"valueRequired\":true,\"valueName\":\"search_term_string\"}}],\"inLanguage\":\"fr-FR\"},{\"@type\":\"Person\",\"@id\":\"https:\/\/www.africa-press.net\/tchad\/#\/schema\/person\/2b1cf3cd81a31e3cd26889ca66d677f1\",\"name\":\"cfeditorfr\"}]}<\/script>\n<!-- \/ Yoast SEO Premium plugin. -->","yoast_head_json":{"title":"les acteurs politiques et la soci\u00e9t\u00e9 civile form\u00e9s \u00e0 l'approche du dialogue national - tchad","description":"La c\u00e9r\u00e9monie de lancement de la formation a vu la pr\u00e9sence du ministre d\u2019\u00c9tat charg\u00e9 de la R\u00e9conciliation nationale et d ...","robots":{"index":"index","follow":"follow","max-snippet":"max-snippet:-1","max-image-preview":"max-image-preview:large","max-video-preview":"max-video-preview:-1"},"canonical":"https:\/\/www.africa-press.net\/tchad\/politique\/les-acteurs-politiques-et-la-societe-civile-formes-a-lapproche-du-dialogue-national","og_locale":"fr_FR","og_type":"article","og_title":"les acteurs politiques et la soci\u00e9t\u00e9 civile form\u00e9s \u00e0 l'approche du dialogue national","og_description":"La c\u00e9r\u00e9monie de lancement de la formation a vu la pr\u00e9sence du ministre d\u2019\u00c9tat charg\u00e9 de la R\u00e9conciliation nationale et d ...","og_url":"https:\/\/www.africa-press.net\/tchad\/politique\/les-acteurs-politiques-et-la-societe-civile-formes-a-lapproche-du-dialogue-national","og_site_name":"tchad","article_published_time":"2021-11-16T18:39:26+00:00","article_modified_time":"2021-11-16T19:36:09+00:00","og_image":[{"width":640,"height":480,"url":"https:\/\/static.africa-press.net\/tchad\/sites\/41\/2021\/11\/img-6194080e346af.jpg","type":"image\/jpeg"}],"author":"cfeditorfr","twitter_card":"summary_large_image","twitter_misc":{"\u00c9crit par":"cfeditorfr","Dur\u00e9e de lecture estim\u00e9e":"1 minute"},"schema":{"@context":"https:\/\/schema.org","@graph":[{"@type":"Article","@id":"https:\/\/www.africa-press.net\/tchad\/politique\/les-acteurs-politiques-et-la-societe-civile-formes-a-lapproche-du-dialogue-national#article","isPartOf":{"@id":"https:\/\/www.africa-press.net\/tchad\/politique\/les-acteurs-politiques-et-la-societe-civile-formes-a-lapproche-du-dialogue-national"},"author":{"name":"cfeditorfr","@id":"https:\/\/www.africa-press.net\/tchad\/#\/schema\/person\/2b1cf3cd81a31e3cd26889ca66d677f1"},"headline":"les acteurs politiques et la soci\u00e9t\u00e9 civile form\u00e9s \u00e0 l&rsquo;approche du dialogue national","datePublished":"2021-11-16T18:39:26+00:00","dateModified":"2021-11-16T19:36:09+00:00","mainEntityOfPage":{"@id":"https:\/\/www.africa-press.net\/tchad\/politique\/les-acteurs-politiques-et-la-societe-civile-formes-a-lapproche-du-dialogue-national"},"wordCount":250,"commentCount":0,"image":{"@id":"https:\/\/www.africa-press.net\/tchad\/politique\/les-acteurs-politiques-et-la-societe-civile-formes-a-lapproche-du-dialogue-national#primaryimage"},"thumbnailUrl":"https:\/\/static.africa-press.net\/tchad\/sites\/41\/2021\/11\/img-6194080e346af.jpg","keywords":["Africa Press","Africa Press-Tchad","lancement","r\u00e9conciliation","Tchad"],"articleSection":["homepage-french","Politique","Toutes les actualit\u00e9s"],"inLanguage":"fr-FR","potentialAction":[{"@type":"CommentAction","name":"Comment","target":["https:\/\/www.africa-press.net\/tchad\/politique\/les-acteurs-politiques-et-la-societe-civile-formes-a-lapproche-du-dialogue-national#respond"]}]},{"@type":"WebPage","@id":"https:\/\/www.africa-press.net\/tchad\/politique\/les-acteurs-politiques-et-la-societe-civile-formes-a-lapproche-du-dialogue-national","url":"https:\/\/www.africa-press.net\/tchad\/politique\/les-acteurs-politiques-et-la-societe-civile-formes-a-lapproche-du-dialogue-national","name":"les acteurs politiques et la soci\u00e9t\u00e9 civile form\u00e9s \u00e0 l'approche du dialogue national - tchad","isPartOf":{"@id":"https:\/\/www.africa-press.net\/tchad\/#website"},"primaryImageOfPage":{"@id":"https:\/\/www.africa-press.net\/tchad\/politique\/les-acteurs-politiques-et-la-societe-civile-formes-a-lapproche-du-dialogue-national#primaryimage"},"image":{"@id":"https:\/\/www.africa-press.net\/tchad\/politique\/les-acteurs-politiques-et-la-societe-civile-formes-a-lapproche-du-dialogue-national#primaryimage"},"thumbnailUrl":"https:\/\/static.africa-press.net\/tchad\/sites\/41\/2021\/11\/img-6194080e346af.jpg","datePublished":"2021-11-16T18:39:26+00:00","dateModified":"2021-11-16T19:36:09+00:00","author":{"@id":"https:\/\/www.africa-press.net\/tchad\/#\/schema\/person\/2b1cf3cd81a31e3cd26889ca66d677f1"},"description":"La c\u00e9r\u00e9monie de lancement de la formation a vu la pr\u00e9sence du ministre d\u2019\u00c9tat charg\u00e9 de la R\u00e9conciliation nationale et d ...","breadcrumb":{"@id":"https:\/\/www.africa-press.net\/tchad\/politique\/les-acteurs-politiques-et-la-societe-civile-formes-a-lapproche-du-dialogue-national#breadcrumb"},"inLanguage":"fr-FR","potentialAction":[{"@type":"ReadAction","target":["https:\/\/www.africa-press.net\/tchad\/politique\/les-acteurs-politiques-et-la-societe-civile-formes-a-lapproche-du-dialogue-national"]}]},{"@type":"ImageObject","inLanguage":"fr-FR","@id":"https:\/\/www.africa-press.net\/tchad\/politique\/les-acteurs-politiques-et-la-societe-civile-formes-a-lapproche-du-dialogue-national#primaryimage","url":"https:\/\/static.africa-press.net\/tchad\/sites\/41\/2021\/11\/img-6194080e346af.jpg","contentUrl":"https:\/\/static.africa-press.net\/tchad\/sites\/41\/2021\/11\/img-6194080e346af.jpg","width":640,"height":480,"caption":"les acteurs politiques et la soci\u00e9t\u00e9 civile form\u00e9s \u00e0 l'approche du dialogue national"},{"@type":"BreadcrumbList","@id":"https:\/\/www.africa-press.net\/tchad\/politique\/les-acteurs-politiques-et-la-societe-civile-formes-a-lapproche-du-dialogue-national#breadcrumb","itemListElement":[{"@type":"ListItem","position":1,"name":"Accueil","item":"https:\/\/www.africa-press.net\/tchad\/"},{"@type":"ListItem","position":2,"name":"les acteurs politiques et la soci\u00e9t\u00e9 civile form\u00e9s \u00e0 l&#8217;approche du dialogue national"}]},{"@type":"WebSite","@id":"https:\/\/www.africa-press.net\/tchad\/#website","url":"https:\/\/www.africa-press.net\/tchad\/","name":"tchad","description":"Just another Africa News Agency Sites site","potentialAction":[{"@type":"SearchAction","target":{"@type":"EntryPoint","urlTemplate":"https:\/\/www.africa-press.net\/tchad\/?s={search_term_string}"},"query-input":{"@type":"PropertyValueSpecification","valueRequired":true,"valueName":"search_term_string"}}],"inLanguage":"fr-FR"},{"@type":"Person","@id":"https:\/\/www.africa-press.net\/tchad\/#\/schema\/person\/2b1cf3cd81a31e3cd26889ca66d677f1","name":"cfeditorfr"}]}},"_links":{"self":[{"href":"https:\/\/www.africa-press.net\/tchad\/wp-json\/wp\/v2\/posts\/13802","targetHints":{"allow":["GET"]}}],"collection":[{"href":"https:\/\/www.africa-press.net\/tchad\/wp-json\/wp\/v2\/posts"}],"about":[{"href":"https:\/\/www.africa-press.net\/tchad\/wp-json\/wp\/v2\/types\/post"}],"author":[{"embeddable":true,"href":"https:\/\/www.africa-press.net\/tchad\/wp-json\/wp\/v2\/users\/82"}],"replies":[{"embeddable":true,"href":"https:\/\/www.africa-press.net\/tchad\/wp-json\/wp\/v2\/comments?post=13802"}],"version-history":[{"count":0,"href":"https:\/\/www.africa-press.net\/tchad\/wp-json\/wp\/v2\/posts\/13802\/revisions"}],"wp:featuredmedia":[{"embeddable":true,"href":"https:\/\/www.africa-press.net\/tchad\/wp-json\/wp\/v2\/media\/13801"}],"wp:attachment":[{"href":"https:\/\/www.africa-press.net\/tchad\/wp-json\/wp\/v2\/media?parent=13802"}],"wp:term":[{"taxonomy":"category","embeddable":true,"href":"https:\/\/www.africa-press.net\/tchad\/wp-json\/wp\/v2\/categories?post=13802"},{"taxonomy":"post_tag","embeddable":true,"href":"https:\/\/www.africa-press.net\/tchad\/wp-json\/wp\/v2\/tags?post=13802"}],"curies":[{"name":"wp","href":"https:\/\/api.w.org\/{rel}","templated":true}]}}