{"id":13847,"date":"2021-11-16T18:53:13","date_gmt":"2021-11-16T18:53:13","guid":{"rendered":"https:\/\/www.africa-press.net\/tchad\/politique\/oxfam-lance-le-projet-gouvernance-fonciere-inclusive-et-juste-au-tchad"},"modified":"2021-11-16T20:02:12","modified_gmt":"2021-11-16T20:02:12","slug":"oxfam-lance-le-projet-gouvernance-fonciere-inclusive-et-juste-au-tchad","status":"publish","type":"post","link":"https:\/\/www.africa-press.net\/tchad\/politique\/oxfam-lance-le-projet-gouvernance-fonciere-inclusive-et-juste-au-tchad","title":{"rendered":"Oxfam lance le projet \u00ab Gouvernance Fonci\u00e8re Inclusive et Juste au Tchad \u00bb"},"content":{"rendered":"<p><span style=\"color: #ff6600\"><strong>Africa-Press &#8211; Tchad. <\/strong><\/span>Le ministre des infrastructures et du d\u00e9senclavement Patalet Geo a pr\u00e9sid\u00e9 la c\u00e9r\u00e9monie du lancement du projet de Gouvernance Fonci\u00e8re Inclusive et Juste au Tchad ce 16 novembre \u00e0 l\u2019H\u00f4tel Radisson Blu.<\/p>\n<p>Ce projet vise l\u2019am\u00e9lioration de la gouvernance Fonci\u00e8re en R\u00e9publique du Tchad avec des volets sur la s\u00e9curisation fonci\u00e8re ainsi que la valorisation des terres . Il b\u00e9n\u00e9ficie du financement de l\u2019ambassade des Pays Bas \u00e0 travers son programme Land at Scale.<\/p>\n<p>Selon le Directeur Pays de Oxfam au Tchad, Dedeou Yahiya, le projet Gouvernance Fonci\u00e8re Inclusive et Juste au Tchad est parti d\u2019un atelier avec les organisations de femmes Tchadiennes pour formuler une campagne d\u2019influence vers le gouvernement du Tchad en vue d\u2019am\u00e9liorer les politiques en faveur de la femme rurale.<\/p>\n<p>Pour lui, le Gouvernement tchadien s\u2019est engag\u00e9 dans la r\u00e9vision et le changement d\u2019orientation vers une politique nationale fonci\u00e8re \u00e0 travers un processus national inclusif et a d\u00e9sign\u00e9 officiellement Oxfam comme facilitateur .<\/p>\n<p>Le projet \u300a Gouvernance Fonci\u00e8re Inclusive \u300bfait partie des programmes Land at Scale. Un programme financ\u00e9 par le minist\u00e8re des affaires \u00e9trang\u00e8res des Pays Bas et mise en \u0153uvre dans 15 pays \u00e0 travers le monde a indiqu\u00e9 le charg\u00e9 des affaires du Royaume des pays Bas Mark Ruteger Van Der Loeff.<\/p>\n<p>Ainsi, une grande partie de la population mondiale d\u00e9pend d\u2019un acc\u00e8s s\u00e9curis\u00e9 \u00e0 la terre pour ses revenus et c\u2019est aussi le cas au Tchad. Nous pouvons lire dans les m\u00e9dias les conflits et la violence li\u00e9e aux questions fonci\u00e8res.<\/p>\n<p>Les probl\u00e8mes les plus dominants dans l\u2019administration fonci\u00e8re tels que l\u2019enregistrement des terres co\u00fbte chers, les plans cadastraux d\u00e9taill\u00e9 sont absents en particulier dans les zones rurales et de nombreux litiges fonciers prennent des ann\u00e9es pour \u00eatre r\u00e9solue ajoute-t-il.<\/p>\n<p>Le ministre des infrastructures et du d\u00e9senclavement Patalet Geo pour sa part, salue les initiatives d\u2019Oxfam et affirme que \u00ab cette coop\u00e9ration r\u00e9pond parfaitement aux engagements du minist\u00e8re des affaires fonci\u00e8res du d\u00e9veloppement de l\u2019habitat et de l\u2019urbanisme de refondre le cadre l\u00e9gislatif r\u00e9glementaire du foncier actuellement inadapt\u00e9 au contexte actuel, pour l\u2019adapter aux nombreuses \u00e9volutions institutionnelles, sociale, \u00e9conomiques et environnementales que connait non seulement le Tchad, mais aussi l\u2019environnement mondiale \u00bb.<\/p>\n<p><strong>Pour plus d&rsquo;informations et d&rsquo;analyses sur la <a href=\"https:\/\/www.africa-press.net\/tchad\">Tchad<\/a>, suivez <a href=\"https:\/\/www.africa-press.net\/\">Africa-Press<\/a><\/strong><\/p>\n","protected":false},"excerpt":{"rendered":"<p>Africa-Press &#8211; Tchad. Le ministre des infrastructures et du d\u00e9senclavement Patalet Geo a pr\u00e9sid\u00e9 la c\u00e9r\u00e9monie du lancement du projet de Gouvernance Fonci\u00e8re Inclusive et Juste au Tchad ce 16 novembre \u00e0 l\u2019H\u00f4tel Radisson Blu. Ce projet vise l\u2019am\u00e9lioration de la gouvernance Fonci\u00e8re en R\u00e9publique du Tchad avec des volets sur la s\u00e9curisation fonci\u00e8re ainsi [&hellip;]<\/p>\n","protected":false},"author":82,"featured_media":13846,"comment_status":"open","ping_status":"closed","sticky":false,"template":"","format":"standard","meta":{"footnotes":""},"categories":[11,2,10],"tags":[37,292,2532,2398,29],"class_list":["post-13847","post","type-post","status-publish","format-standard","has-post-thumbnail","hentry","category-homepage-french","category-politique","category-toutes-les-actualites","tag-africa-press","tag-africa-press-tchad","tag-gouvernance","tag-oxfam","tag-tchad"],"yoast_head":"<!-- This site is optimized with the Yoast SEO Premium plugin v26.1 (Yoast SEO v27.0) - https:\/\/yoast.com\/product\/yoast-seo-premium-wordpress\/ -->\n<title>Oxfam lance le projet \u00ab Gouvernance Fonci\u00e8re Inclusive et Juste au Tchad \u00bb - tchad<\/title>\n<meta name=\"description\" content=\"Le ministre des infrastructures et du d\u00e9senclavement Patalet Geo a pr\u00e9sid\u00e9 la c\u00e9r\u00e9monie du lancement du projet de Gouver ...\" \/>\n<meta name=\"robots\" content=\"index, follow, max-snippet:-1, max-image-preview:large, max-video-preview:-1\" \/>\n<link rel=\"canonical\" href=\"https:\/\/www.africa-press.net\/tchad\/politique\/oxfam-lance-le-projet-gouvernance-fonciere-inclusive-et-juste-au-tchad\" \/>\n<meta property=\"og:locale\" content=\"fr_FR\" \/>\n<meta property=\"og:type\" content=\"article\" \/>\n<meta property=\"og:title\" content=\"Oxfam lance le projet \u00ab Gouvernance Fonci\u00e8re Inclusive et Juste au Tchad \u00bb\" \/>\n<meta property=\"og:description\" content=\"Le ministre des infrastructures et du d\u00e9senclavement Patalet Geo a pr\u00e9sid\u00e9 la c\u00e9r\u00e9monie du lancement du projet de Gouver ...\" \/>\n<meta property=\"og:url\" content=\"https:\/\/www.africa-press.net\/tchad\/politique\/oxfam-lance-le-projet-gouvernance-fonciere-inclusive-et-juste-au-tchad\" \/>\n<meta property=\"og:site_name\" content=\"tchad\" \/>\n<meta property=\"article:published_time\" content=\"2021-11-16T18:53:13+00:00\" \/>\n<meta property=\"article:modified_time\" content=\"2021-11-16T20:02:12+00:00\" \/>\n<meta property=\"og:image\" content=\"https:\/\/static.africa-press.net\/tchad\/sites\/41\/2021\/11\/img-61940e20e5f01.jpg\" \/>\n\t<meta property=\"og:image:width\" content=\"1040\" \/>\n\t<meta property=\"og:image:height\" content=\"780\" \/>\n\t<meta property=\"og:image:type\" content=\"image\/jpeg\" \/>\n<meta name=\"author\" content=\"cfeditorfr\" \/>\n<meta name=\"twitter:card\" content=\"summary_large_image\" \/>\n<meta name=\"twitter:label1\" content=\"\u00c9crit par\" \/>\n\t<meta name=\"twitter:data1\" content=\"cfeditorfr\" \/>\n\t<meta name=\"twitter:label2\" content=\"Dur\u00e9e de lecture estim\u00e9e\" \/>\n\t<meta name=\"twitter:data2\" content=\"2 minutes\" \/>\n<script type=\"application\/ld+json\" class=\"yoast-schema-graph\">{\"@context\":\"https:\/\/schema.org\",\"@graph\":[{\"@type\":\"Article\",\"@id\":\"https:\/\/www.africa-press.net\/tchad\/politique\/oxfam-lance-le-projet-gouvernance-fonciere-inclusive-et-juste-au-tchad#article\",\"isPartOf\":{\"@id\":\"https:\/\/www.africa-press.net\/tchad\/politique\/oxfam-lance-le-projet-gouvernance-fonciere-inclusive-et-juste-au-tchad\"},\"author\":{\"name\":\"cfeditorfr\",\"@id\":\"https:\/\/www.africa-press.net\/tchad\/#\/schema\/person\/2b1cf3cd81a31e3cd26889ca66d677f1\"},\"headline\":\"Oxfam lance le projet \u00ab Gouvernance Fonci\u00e8re Inclusive et Juste au Tchad \u00bb\",\"datePublished\":\"2021-11-16T18:53:13+00:00\",\"dateModified\":\"2021-11-16T20:02:12+00:00\",\"mainEntityOfPage\":{\"@id\":\"https:\/\/www.africa-press.net\/tchad\/politique\/oxfam-lance-le-projet-gouvernance-fonciere-inclusive-et-juste-au-tchad\"},\"wordCount\":433,\"commentCount\":0,\"image\":{\"@id\":\"https:\/\/www.africa-press.net\/tchad\/politique\/oxfam-lance-le-projet-gouvernance-fonciere-inclusive-et-juste-au-tchad#primaryimage\"},\"thumbnailUrl\":\"https:\/\/static.africa-press.net\/tchad\/sites\/41\/2021\/11\/img-61940e20e5f01.jpg\",\"keywords\":[\"Africa Press\",\"Africa Press-Tchad\",\"Gouvernance\",\"Oxfam\",\"Tchad\"],\"articleSection\":[\"homepage-french\",\"Politique\",\"Toutes les actualit\u00e9s\"],\"inLanguage\":\"fr-FR\",\"potentialAction\":[{\"@type\":\"CommentAction\",\"name\":\"Comment\",\"target\":[\"https:\/\/www.africa-press.net\/tchad\/politique\/oxfam-lance-le-projet-gouvernance-fonciere-inclusive-et-juste-au-tchad#respond\"]}]},{\"@type\":\"WebPage\",\"@id\":\"https:\/\/www.africa-press.net\/tchad\/politique\/oxfam-lance-le-projet-gouvernance-fonciere-inclusive-et-juste-au-tchad\",\"url\":\"https:\/\/www.africa-press.net\/tchad\/politique\/oxfam-lance-le-projet-gouvernance-fonciere-inclusive-et-juste-au-tchad\",\"name\":\"Oxfam lance le projet \u00ab Gouvernance Fonci\u00e8re Inclusive et Juste au Tchad \u00bb - tchad\",\"isPartOf\":{\"@id\":\"https:\/\/www.africa-press.net\/tchad\/#website\"},\"primaryImageOfPage\":{\"@id\":\"https:\/\/www.africa-press.net\/tchad\/politique\/oxfam-lance-le-projet-gouvernance-fonciere-inclusive-et-juste-au-tchad#primaryimage\"},\"image\":{\"@id\":\"https:\/\/www.africa-press.net\/tchad\/politique\/oxfam-lance-le-projet-gouvernance-fonciere-inclusive-et-juste-au-tchad#primaryimage\"},\"thumbnailUrl\":\"https:\/\/static.africa-press.net\/tchad\/sites\/41\/2021\/11\/img-61940e20e5f01.jpg\",\"datePublished\":\"2021-11-16T18:53:13+00:00\",\"dateModified\":\"2021-11-16T20:02:12+00:00\",\"author\":{\"@id\":\"https:\/\/www.africa-press.net\/tchad\/#\/schema\/person\/2b1cf3cd81a31e3cd26889ca66d677f1\"},\"description\":\"Le ministre des infrastructures et du d\u00e9senclavement Patalet Geo a pr\u00e9sid\u00e9 la c\u00e9r\u00e9monie du lancement du projet de Gouver ...\",\"breadcrumb\":{\"@id\":\"https:\/\/www.africa-press.net\/tchad\/politique\/oxfam-lance-le-projet-gouvernance-fonciere-inclusive-et-juste-au-tchad#breadcrumb\"},\"inLanguage\":\"fr-FR\",\"potentialAction\":[{\"@type\":\"ReadAction\",\"target\":[\"https:\/\/www.africa-press.net\/tchad\/politique\/oxfam-lance-le-projet-gouvernance-fonciere-inclusive-et-juste-au-tchad\"]}]},{\"@type\":\"ImageObject\",\"inLanguage\":\"fr-FR\",\"@id\":\"https:\/\/www.africa-press.net\/tchad\/politique\/oxfam-lance-le-projet-gouvernance-fonciere-inclusive-et-juste-au-tchad#primaryimage\",\"url\":\"https:\/\/static.africa-press.net\/tchad\/sites\/41\/2021\/11\/img-61940e20e5f01.jpg\",\"contentUrl\":\"https:\/\/static.africa-press.net\/tchad\/sites\/41\/2021\/11\/img-61940e20e5f01.jpg\",\"width\":1040,\"height\":780,\"caption\":\"Oxfam lance le projet \u00ab Gouvernance Fonci\u00e8re Inclusive et Juste au Tchad \u00bb\"},{\"@type\":\"BreadcrumbList\",\"@id\":\"https:\/\/www.africa-press.net\/tchad\/politique\/oxfam-lance-le-projet-gouvernance-fonciere-inclusive-et-juste-au-tchad#breadcrumb\",\"itemListElement\":[{\"@type\":\"ListItem\",\"position\":1,\"name\":\"Accueil\",\"item\":\"https:\/\/www.africa-press.net\/tchad\/\"},{\"@type\":\"ListItem\",\"position\":2,\"name\":\"Oxfam lance le projet \u00ab Gouvernance Fonci\u00e8re Inclusive et Juste au Tchad \u00bb\"}]},{\"@type\":\"WebSite\",\"@id\":\"https:\/\/www.africa-press.net\/tchad\/#website\",\"url\":\"https:\/\/www.africa-press.net\/tchad\/\",\"name\":\"tchad\",\"description\":\"Just another Africa News Agency Sites site\",\"potentialAction\":[{\"@type\":\"SearchAction\",\"target\":{\"@type\":\"EntryPoint\",\"urlTemplate\":\"https:\/\/www.africa-press.net\/tchad\/?s={search_term_string}\"},\"query-input\":{\"@type\":\"PropertyValueSpecification\",\"valueRequired\":true,\"valueName\":\"search_term_string\"}}],\"inLanguage\":\"fr-FR\"},{\"@type\":\"Person\",\"@id\":\"https:\/\/www.africa-press.net\/tchad\/#\/schema\/person\/2b1cf3cd81a31e3cd26889ca66d677f1\",\"name\":\"cfeditorfr\"}]}<\/script>\n<!-- \/ Yoast SEO Premium plugin. -->","yoast_head_json":{"title":"Oxfam lance le projet \u00ab Gouvernance Fonci\u00e8re Inclusive et Juste au Tchad \u00bb - tchad","description":"Le ministre des infrastructures et du d\u00e9senclavement Patalet Geo a pr\u00e9sid\u00e9 la c\u00e9r\u00e9monie du lancement du projet de Gouver ...","robots":{"index":"index","follow":"follow","max-snippet":"max-snippet:-1","max-image-preview":"max-image-preview:large","max-video-preview":"max-video-preview:-1"},"canonical":"https:\/\/www.africa-press.net\/tchad\/politique\/oxfam-lance-le-projet-gouvernance-fonciere-inclusive-et-juste-au-tchad","og_locale":"fr_FR","og_type":"article","og_title":"Oxfam lance le projet \u00ab Gouvernance Fonci\u00e8re Inclusive et Juste au Tchad \u00bb","og_description":"Le ministre des infrastructures et du d\u00e9senclavement Patalet Geo a pr\u00e9sid\u00e9 la c\u00e9r\u00e9monie du lancement du projet de Gouver ...","og_url":"https:\/\/www.africa-press.net\/tchad\/politique\/oxfam-lance-le-projet-gouvernance-fonciere-inclusive-et-juste-au-tchad","og_site_name":"tchad","article_published_time":"2021-11-16T18:53:13+00:00","article_modified_time":"2021-11-16T20:02:12+00:00","og_image":[{"width":1040,"height":780,"url":"https:\/\/static.africa-press.net\/tchad\/sites\/41\/2021\/11\/img-61940e20e5f01.jpg","type":"image\/jpeg"}],"author":"cfeditorfr","twitter_card":"summary_large_image","twitter_misc":{"\u00c9crit par":"cfeditorfr","Dur\u00e9e de lecture estim\u00e9e":"2 minutes"},"schema":{"@context":"https:\/\/schema.org","@graph":[{"@type":"Article","@id":"https:\/\/www.africa-press.net\/tchad\/politique\/oxfam-lance-le-projet-gouvernance-fonciere-inclusive-et-juste-au-tchad#article","isPartOf":{"@id":"https:\/\/www.africa-press.net\/tchad\/politique\/oxfam-lance-le-projet-gouvernance-fonciere-inclusive-et-juste-au-tchad"},"author":{"name":"cfeditorfr","@id":"https:\/\/www.africa-press.net\/tchad\/#\/schema\/person\/2b1cf3cd81a31e3cd26889ca66d677f1"},"headline":"Oxfam lance le projet \u00ab Gouvernance Fonci\u00e8re Inclusive et Juste au Tchad \u00bb","datePublished":"2021-11-16T18:53:13+00:00","dateModified":"2021-11-16T20:02:12+00:00","mainEntityOfPage":{"@id":"https:\/\/www.africa-press.net\/tchad\/politique\/oxfam-lance-le-projet-gouvernance-fonciere-inclusive-et-juste-au-tchad"},"wordCount":433,"commentCount":0,"image":{"@id":"https:\/\/www.africa-press.net\/tchad\/politique\/oxfam-lance-le-projet-gouvernance-fonciere-inclusive-et-juste-au-tchad#primaryimage"},"thumbnailUrl":"https:\/\/static.africa-press.net\/tchad\/sites\/41\/2021\/11\/img-61940e20e5f01.jpg","keywords":["Africa Press","Africa Press-Tchad","Gouvernance","Oxfam","Tchad"],"articleSection":["homepage-french","Politique","Toutes les actualit\u00e9s"],"inLanguage":"fr-FR","potentialAction":[{"@type":"CommentAction","name":"Comment","target":["https:\/\/www.africa-press.net\/tchad\/politique\/oxfam-lance-le-projet-gouvernance-fonciere-inclusive-et-juste-au-tchad#respond"]}]},{"@type":"WebPage","@id":"https:\/\/www.africa-press.net\/tchad\/politique\/oxfam-lance-le-projet-gouvernance-fonciere-inclusive-et-juste-au-tchad","url":"https:\/\/www.africa-press.net\/tchad\/politique\/oxfam-lance-le-projet-gouvernance-fonciere-inclusive-et-juste-au-tchad","name":"Oxfam lance le projet \u00ab Gouvernance Fonci\u00e8re Inclusive et Juste au Tchad \u00bb - tchad","isPartOf":{"@id":"https:\/\/www.africa-press.net\/tchad\/#website"},"primaryImageOfPage":{"@id":"https:\/\/www.africa-press.net\/tchad\/politique\/oxfam-lance-le-projet-gouvernance-fonciere-inclusive-et-juste-au-tchad#primaryimage"},"image":{"@id":"https:\/\/www.africa-press.net\/tchad\/politique\/oxfam-lance-le-projet-gouvernance-fonciere-inclusive-et-juste-au-tchad#primaryimage"},"thumbnailUrl":"https:\/\/static.africa-press.net\/tchad\/sites\/41\/2021\/11\/img-61940e20e5f01.jpg","datePublished":"2021-11-16T18:53:13+00:00","dateModified":"2021-11-16T20:02:12+00:00","author":{"@id":"https:\/\/www.africa-press.net\/tchad\/#\/schema\/person\/2b1cf3cd81a31e3cd26889ca66d677f1"},"description":"Le ministre des infrastructures et du d\u00e9senclavement Patalet Geo a pr\u00e9sid\u00e9 la c\u00e9r\u00e9monie du lancement du projet de Gouver ...","breadcrumb":{"@id":"https:\/\/www.africa-press.net\/tchad\/politique\/oxfam-lance-le-projet-gouvernance-fonciere-inclusive-et-juste-au-tchad#breadcrumb"},"inLanguage":"fr-FR","potentialAction":[{"@type":"ReadAction","target":["https:\/\/www.africa-press.net\/tchad\/politique\/oxfam-lance-le-projet-gouvernance-fonciere-inclusive-et-juste-au-tchad"]}]},{"@type":"ImageObject","inLanguage":"fr-FR","@id":"https:\/\/www.africa-press.net\/tchad\/politique\/oxfam-lance-le-projet-gouvernance-fonciere-inclusive-et-juste-au-tchad#primaryimage","url":"https:\/\/static.africa-press.net\/tchad\/sites\/41\/2021\/11\/img-61940e20e5f01.jpg","contentUrl":"https:\/\/static.africa-press.net\/tchad\/sites\/41\/2021\/11\/img-61940e20e5f01.jpg","width":1040,"height":780,"caption":"Oxfam lance le projet \u00ab Gouvernance Fonci\u00e8re Inclusive et Juste au Tchad \u00bb"},{"@type":"BreadcrumbList","@id":"https:\/\/www.africa-press.net\/tchad\/politique\/oxfam-lance-le-projet-gouvernance-fonciere-inclusive-et-juste-au-tchad#breadcrumb","itemListElement":[{"@type":"ListItem","position":1,"name":"Accueil","item":"https:\/\/www.africa-press.net\/tchad\/"},{"@type":"ListItem","position":2,"name":"Oxfam lance le projet \u00ab Gouvernance Fonci\u00e8re Inclusive et Juste au Tchad \u00bb"}]},{"@type":"WebSite","@id":"https:\/\/www.africa-press.net\/tchad\/#website","url":"https:\/\/www.africa-press.net\/tchad\/","name":"tchad","description":"Just another Africa News Agency Sites site","potentialAction":[{"@type":"SearchAction","target":{"@type":"EntryPoint","urlTemplate":"https:\/\/www.africa-press.net\/tchad\/?s={search_term_string}"},"query-input":{"@type":"PropertyValueSpecification","valueRequired":true,"valueName":"search_term_string"}}],"inLanguage":"fr-FR"},{"@type":"Person","@id":"https:\/\/www.africa-press.net\/tchad\/#\/schema\/person\/2b1cf3cd81a31e3cd26889ca66d677f1","name":"cfeditorfr"}]}},"_links":{"self":[{"href":"https:\/\/www.africa-press.net\/tchad\/wp-json\/wp\/v2\/posts\/13847","targetHints":{"allow":["GET"]}}],"collection":[{"href":"https:\/\/www.africa-press.net\/tchad\/wp-json\/wp\/v2\/posts"}],"about":[{"href":"https:\/\/www.africa-press.net\/tchad\/wp-json\/wp\/v2\/types\/post"}],"author":[{"embeddable":true,"href":"https:\/\/www.africa-press.net\/tchad\/wp-json\/wp\/v2\/users\/82"}],"replies":[{"embeddable":true,"href":"https:\/\/www.africa-press.net\/tchad\/wp-json\/wp\/v2\/comments?post=13847"}],"version-history":[{"count":0,"href":"https:\/\/www.africa-press.net\/tchad\/wp-json\/wp\/v2\/posts\/13847\/revisions"}],"wp:featuredmedia":[{"embeddable":true,"href":"https:\/\/www.africa-press.net\/tchad\/wp-json\/wp\/v2\/media\/13846"}],"wp:attachment":[{"href":"https:\/\/www.africa-press.net\/tchad\/wp-json\/wp\/v2\/media?parent=13847"}],"wp:term":[{"taxonomy":"category","embeddable":true,"href":"https:\/\/www.africa-press.net\/tchad\/wp-json\/wp\/v2\/categories?post=13847"},{"taxonomy":"post_tag","embeddable":true,"href":"https:\/\/www.africa-press.net\/tchad\/wp-json\/wp\/v2\/tags?post=13847"}],"curies":[{"name":"wp","href":"https:\/\/api.w.org\/{rel}","templated":true}]}}