{"id":13850,"date":"2021-11-16T18:55:00","date_gmt":"2021-11-16T18:55:00","guid":{"rendered":"https:\/\/www.africa-press.net\/tchad\/politique\/pcmt-la-solution-a-la-crise-libyenne-est-entre-les-mains-des-libyens-eux-memes"},"modified":"2021-11-16T22:07:36","modified_gmt":"2021-11-16T22:07:36","slug":"pcmt-la-solution-a-la-crise-libyenne-est-entre-les-mains-des-libyens-eux-memes","status":"publish","type":"post","link":"https:\/\/www.africa-press.net\/tchad\/politique\/pcmt-la-solution-a-la-crise-libyenne-est-entre-les-mains-des-libyens-eux-memes","title":{"rendered":"PCMT : \u00ab\u00a0La solution \u00e0 la crise libyenne est entre les mains des Libyens eux-m\u00eames\u00a0\u00bb"},"content":{"rendered":"<p><span style=\"color: #ff6600\"><strong>Africa-Press &#8211; Tchad. <\/strong><\/span>Mahamat Idriss Deby a estim\u00e9 que \u00ab\u00a0la solution \u00e0 la crise libyenne est entre les mains des Libyens eux-m\u00eames\u00a0\u00bb. La conf\u00e9rence sur la stabilisation de la Libye, tenue le 21 octobre dernier \u00e0 Tripoli, \u00e0 l\u2019initiative du gouvernement libyen, \u00ab\u00a0est une \u00e9loquente d\u00e9monstration de la capacit\u00e9 des Libyens \u00e0 prendre le leadership du processus politique en vue de sortir leur pays de la crise\u00a0\u00bb, selon Mahamat Idriss Deby.<\/p>\n<p>Il encourage les libyens \u00ab\u00a0\u00e0 tout mettre en \u0153uvre pour r\u00e9tablir la paix et la stabilit\u00e9 dans leur pays\u00a0\u00bb, pr\u00e9cisent que \u00ab\u00a0le soutien du Tchad ne leur fera jamais d\u00e9faut\u00a0\u00bb. La crise libyenne a des cons\u00e9quences r\u00e9gionales d\u00e9vastatrices pour les voisins et plus largement pour le Sahel.<\/p>\n<p>\u00ab\u00a0Depuis quelques ann\u00e9es, le Tchad faisait l\u2019objet des attaques r\u00e9currentes par des assaillants lourdement arm\u00e9s en provenance du sud libyen\u00a0\u00bb, selon le pr\u00e9sident du CMT.<\/p>\n<p>De l&rsquo;avis de Mahamat Idriss Deby, \u00ab\u00a0le sud de la Libye sert encore et toujours de repaire des groupes terroristes, des mercenaires et des trafiquants de drogue, d\u2019armes, des munitions et d\u2019\u00eatres humains.<\/p>\n<p>L\u2019assassinat du Pr\u00e9sident D\u00c9BY et l\u2019ampleur des trafics illicites en cours dans cette partie de la Libye, sont r\u00e9v\u00e9lateurs de la menace que repr\u00e9sente la pr\u00e9sence des mercenaires et des bandes \u00e9trang\u00e8res arm\u00e9es sur le sol libyen\u00a0\u00bb.<\/p>\n<p>Le Tchad \u00ab\u00a0ne cesse de rappeler l\u2019imp\u00e9rieuse n\u00e9cessit\u00e9 de bien encadrer le retrait de la Libye des mercenaires et combattants \u00e9trangers\u00a0\u00bb. Mahamat Idriss Deby se dit \u00ab\u00a0conscient de l\u2019urgence d\u2019examiner les modalit\u00e9s de d\u00e9part des ressortissants des pays voisins au Sud de la Libye, recrut\u00e9s, form\u00e9s et arm\u00e9s pour servir des suppl\u00e9tifs aux factions libyennes\u00a0\u00bb.<\/p>\n<p><strong>Pour plus d&rsquo;informations et d&rsquo;analyses sur la <a href=\"https:\/\/www.africa-press.net\/tchad\">Tchad<\/a>, suivez <a href=\"https:\/\/www.africa-press.net\/\">Africa-Press<\/a><\/strong><\/p>\n","protected":false},"excerpt":{"rendered":"<p>Africa-Press &#8211; Tchad. Mahamat Idriss Deby a estim\u00e9 que \u00ab\u00a0la solution \u00e0 la crise libyenne est entre les mains des Libyens eux-m\u00eames\u00a0\u00bb. La conf\u00e9rence sur la stabilisation de la Libye, tenue le 21 octobre dernier \u00e0 Tripoli, \u00e0 l\u2019initiative du gouvernement libyen, \u00ab\u00a0est une \u00e9loquente d\u00e9monstration de la capacit\u00e9 des Libyens \u00e0 prendre le leadership [&hellip;]<\/p>\n","protected":false},"author":82,"featured_media":13849,"comment_status":"open","ping_status":"closed","sticky":false,"template":"","format":"standard","meta":{"footnotes":""},"categories":[11,2,20,10],"tags":[37,292,703,1717,29],"class_list":["post-13850","post","type-post","status-publish","format-standard","has-post-thumbnail","hentry","category-homepage-french","category-politique","category-top-nouvelles","category-toutes-les-actualites","tag-africa-press","tag-africa-press-tchad","tag-mahamat-idriss-deby","tag-pcmt","tag-tchad"],"yoast_head":"<!-- This site is optimized with the Yoast SEO Premium plugin v26.1 (Yoast SEO v27.0) - https:\/\/yoast.com\/product\/yoast-seo-premium-wordpress\/ -->\n<title>PCMT : &quot;La solution \u00e0 la crise libyenne est entre les mains des Libyens eux-m\u00eames&quot; - tchad<\/title>\n<meta name=\"description\" content=\"Mahamat Idriss Deby a estim\u00e9 que &quot;la solution \u00e0 la crise libyenne est entre les mains des Libyens eux-m\u00eames&quot;. La conf\u00e9re ...\" \/>\n<meta name=\"robots\" content=\"index, follow, max-snippet:-1, max-image-preview:large, max-video-preview:-1\" \/>\n<link rel=\"canonical\" href=\"https:\/\/www.africa-press.net\/tchad\/politique\/pcmt-la-solution-a-la-crise-libyenne-est-entre-les-mains-des-libyens-eux-memes\" \/>\n<meta property=\"og:locale\" content=\"fr_FR\" \/>\n<meta property=\"og:type\" content=\"article\" \/>\n<meta property=\"og:title\" content=\"PCMT : &quot;La solution \u00e0 la crise libyenne est entre les mains des Libyens eux-m\u00eames&quot;\" \/>\n<meta property=\"og:description\" content=\"Mahamat Idriss Deby a estim\u00e9 que &quot;la solution \u00e0 la crise libyenne est entre les mains des Libyens eux-m\u00eames&quot;. La conf\u00e9re ...\" \/>\n<meta property=\"og:url\" content=\"https:\/\/www.africa-press.net\/tchad\/politique\/pcmt-la-solution-a-la-crise-libyenne-est-entre-les-mains-des-libyens-eux-memes\" \/>\n<meta property=\"og:site_name\" content=\"tchad\" \/>\n<meta property=\"article:published_time\" content=\"2021-11-16T18:55:00+00:00\" \/>\n<meta property=\"article:modified_time\" content=\"2021-11-16T22:07:36+00:00\" \/>\n<meta property=\"og:image\" content=\"https:\/\/static.africa-press.net\/tchad\/sites\/41\/2021\/11\/img-61942b44e95f7.jpg\" \/>\n\t<meta property=\"og:image:width\" content=\"869\" \/>\n\t<meta property=\"og:image:height\" content=\"547\" \/>\n\t<meta property=\"og:image:type\" content=\"image\/jpeg\" \/>\n<meta name=\"author\" content=\"cfeditorfr\" \/>\n<meta name=\"twitter:card\" content=\"summary_large_image\" \/>\n<meta name=\"twitter:label1\" content=\"\u00c9crit par\" \/>\n\t<meta name=\"twitter:data1\" content=\"cfeditorfr\" \/>\n\t<meta name=\"twitter:label2\" content=\"Dur\u00e9e de lecture estim\u00e9e\" \/>\n\t<meta name=\"twitter:data2\" content=\"2 minutes\" \/>\n<script type=\"application\/ld+json\" class=\"yoast-schema-graph\">{\"@context\":\"https:\/\/schema.org\",\"@graph\":[{\"@type\":\"Article\",\"@id\":\"https:\/\/www.africa-press.net\/tchad\/politique\/pcmt-la-solution-a-la-crise-libyenne-est-entre-les-mains-des-libyens-eux-memes#article\",\"isPartOf\":{\"@id\":\"https:\/\/www.africa-press.net\/tchad\/politique\/pcmt-la-solution-a-la-crise-libyenne-est-entre-les-mains-des-libyens-eux-memes\"},\"author\":{\"name\":\"cfeditorfr\",\"@id\":\"https:\/\/www.africa-press.net\/tchad\/#\/schema\/person\/2b1cf3cd81a31e3cd26889ca66d677f1\"},\"headline\":\"PCMT : \u00ab\u00a0La solution \u00e0 la crise libyenne est entre les mains des Libyens eux-m\u00eames\u00a0\u00bb\",\"datePublished\":\"2021-11-16T18:55:00+00:00\",\"dateModified\":\"2021-11-16T22:07:36+00:00\",\"mainEntityOfPage\":{\"@id\":\"https:\/\/www.africa-press.net\/tchad\/politique\/pcmt-la-solution-a-la-crise-libyenne-est-entre-les-mains-des-libyens-eux-memes\"},\"wordCount\":327,\"commentCount\":0,\"image\":{\"@id\":\"https:\/\/www.africa-press.net\/tchad\/politique\/pcmt-la-solution-a-la-crise-libyenne-est-entre-les-mains-des-libyens-eux-memes#primaryimage\"},\"thumbnailUrl\":\"https:\/\/static.africa-press.net\/tchad\/sites\/41\/2021\/11\/img-61942b44e95f7.jpg\",\"keywords\":[\"Africa Press\",\"Africa Press-Tchad\",\"Mahamat Idriss D\u00e9by\",\"PCMT\",\"Tchad\"],\"articleSection\":[\"homepage-french\",\"Politique\",\"Top Nouvelles\",\"Toutes les actualit\u00e9s\"],\"inLanguage\":\"fr-FR\",\"potentialAction\":[{\"@type\":\"CommentAction\",\"name\":\"Comment\",\"target\":[\"https:\/\/www.africa-press.net\/tchad\/politique\/pcmt-la-solution-a-la-crise-libyenne-est-entre-les-mains-des-libyens-eux-memes#respond\"]}]},{\"@type\":\"WebPage\",\"@id\":\"https:\/\/www.africa-press.net\/tchad\/politique\/pcmt-la-solution-a-la-crise-libyenne-est-entre-les-mains-des-libyens-eux-memes\",\"url\":\"https:\/\/www.africa-press.net\/tchad\/politique\/pcmt-la-solution-a-la-crise-libyenne-est-entre-les-mains-des-libyens-eux-memes\",\"name\":\"PCMT : \\\"La solution \u00e0 la crise libyenne est entre les mains des Libyens eux-m\u00eames\\\" - tchad\",\"isPartOf\":{\"@id\":\"https:\/\/www.africa-press.net\/tchad\/#website\"},\"primaryImageOfPage\":{\"@id\":\"https:\/\/www.africa-press.net\/tchad\/politique\/pcmt-la-solution-a-la-crise-libyenne-est-entre-les-mains-des-libyens-eux-memes#primaryimage\"},\"image\":{\"@id\":\"https:\/\/www.africa-press.net\/tchad\/politique\/pcmt-la-solution-a-la-crise-libyenne-est-entre-les-mains-des-libyens-eux-memes#primaryimage\"},\"thumbnailUrl\":\"https:\/\/static.africa-press.net\/tchad\/sites\/41\/2021\/11\/img-61942b44e95f7.jpg\",\"datePublished\":\"2021-11-16T18:55:00+00:00\",\"dateModified\":\"2021-11-16T22:07:36+00:00\",\"author\":{\"@id\":\"https:\/\/www.africa-press.net\/tchad\/#\/schema\/person\/2b1cf3cd81a31e3cd26889ca66d677f1\"},\"description\":\"Mahamat Idriss Deby a estim\u00e9 que \\\"la solution \u00e0 la crise libyenne est entre les mains des Libyens eux-m\u00eames\\\". La conf\u00e9re ...\",\"breadcrumb\":{\"@id\":\"https:\/\/www.africa-press.net\/tchad\/politique\/pcmt-la-solution-a-la-crise-libyenne-est-entre-les-mains-des-libyens-eux-memes#breadcrumb\"},\"inLanguage\":\"fr-FR\",\"potentialAction\":[{\"@type\":\"ReadAction\",\"target\":[\"https:\/\/www.africa-press.net\/tchad\/politique\/pcmt-la-solution-a-la-crise-libyenne-est-entre-les-mains-des-libyens-eux-memes\"]}]},{\"@type\":\"ImageObject\",\"inLanguage\":\"fr-FR\",\"@id\":\"https:\/\/www.africa-press.net\/tchad\/politique\/pcmt-la-solution-a-la-crise-libyenne-est-entre-les-mains-des-libyens-eux-memes#primaryimage\",\"url\":\"https:\/\/static.africa-press.net\/tchad\/sites\/41\/2021\/11\/img-61942b44e95f7.jpg\",\"contentUrl\":\"https:\/\/static.africa-press.net\/tchad\/sites\/41\/2021\/11\/img-61942b44e95f7.jpg\",\"width\":869,\"height\":547,\"caption\":\"PCMT : \\\"La solution \u00e0 la crise libyenne est entre les mains des Libyens eux-m\u00eames\\\"\"},{\"@type\":\"BreadcrumbList\",\"@id\":\"https:\/\/www.africa-press.net\/tchad\/politique\/pcmt-la-solution-a-la-crise-libyenne-est-entre-les-mains-des-libyens-eux-memes#breadcrumb\",\"itemListElement\":[{\"@type\":\"ListItem\",\"position\":1,\"name\":\"Accueil\",\"item\":\"https:\/\/www.africa-press.net\/tchad\/\"},{\"@type\":\"ListItem\",\"position\":2,\"name\":\"PCMT : &#8220;La solution \u00e0 la crise libyenne est entre les mains des Libyens eux-m\u00eames&#8221;\"}]},{\"@type\":\"WebSite\",\"@id\":\"https:\/\/www.africa-press.net\/tchad\/#website\",\"url\":\"https:\/\/www.africa-press.net\/tchad\/\",\"name\":\"tchad\",\"description\":\"Just another Africa News Agency Sites site\",\"potentialAction\":[{\"@type\":\"SearchAction\",\"target\":{\"@type\":\"EntryPoint\",\"urlTemplate\":\"https:\/\/www.africa-press.net\/tchad\/?s={search_term_string}\"},\"query-input\":{\"@type\":\"PropertyValueSpecification\",\"valueRequired\":true,\"valueName\":\"search_term_string\"}}],\"inLanguage\":\"fr-FR\"},{\"@type\":\"Person\",\"@id\":\"https:\/\/www.africa-press.net\/tchad\/#\/schema\/person\/2b1cf3cd81a31e3cd26889ca66d677f1\",\"name\":\"cfeditorfr\"}]}<\/script>\n<!-- \/ Yoast SEO Premium plugin. -->","yoast_head_json":{"title":"PCMT : \"La solution \u00e0 la crise libyenne est entre les mains des Libyens eux-m\u00eames\" - tchad","description":"Mahamat Idriss Deby a estim\u00e9 que \"la solution \u00e0 la crise libyenne est entre les mains des Libyens eux-m\u00eames\". La conf\u00e9re ...","robots":{"index":"index","follow":"follow","max-snippet":"max-snippet:-1","max-image-preview":"max-image-preview:large","max-video-preview":"max-video-preview:-1"},"canonical":"https:\/\/www.africa-press.net\/tchad\/politique\/pcmt-la-solution-a-la-crise-libyenne-est-entre-les-mains-des-libyens-eux-memes","og_locale":"fr_FR","og_type":"article","og_title":"PCMT : \"La solution \u00e0 la crise libyenne est entre les mains des Libyens eux-m\u00eames\"","og_description":"Mahamat Idriss Deby a estim\u00e9 que \"la solution \u00e0 la crise libyenne est entre les mains des Libyens eux-m\u00eames\". La conf\u00e9re ...","og_url":"https:\/\/www.africa-press.net\/tchad\/politique\/pcmt-la-solution-a-la-crise-libyenne-est-entre-les-mains-des-libyens-eux-memes","og_site_name":"tchad","article_published_time":"2021-11-16T18:55:00+00:00","article_modified_time":"2021-11-16T22:07:36+00:00","og_image":[{"width":869,"height":547,"url":"https:\/\/static.africa-press.net\/tchad\/sites\/41\/2021\/11\/img-61942b44e95f7.jpg","type":"image\/jpeg"}],"author":"cfeditorfr","twitter_card":"summary_large_image","twitter_misc":{"\u00c9crit par":"cfeditorfr","Dur\u00e9e de lecture estim\u00e9e":"2 minutes"},"schema":{"@context":"https:\/\/schema.org","@graph":[{"@type":"Article","@id":"https:\/\/www.africa-press.net\/tchad\/politique\/pcmt-la-solution-a-la-crise-libyenne-est-entre-les-mains-des-libyens-eux-memes#article","isPartOf":{"@id":"https:\/\/www.africa-press.net\/tchad\/politique\/pcmt-la-solution-a-la-crise-libyenne-est-entre-les-mains-des-libyens-eux-memes"},"author":{"name":"cfeditorfr","@id":"https:\/\/www.africa-press.net\/tchad\/#\/schema\/person\/2b1cf3cd81a31e3cd26889ca66d677f1"},"headline":"PCMT : \u00ab\u00a0La solution \u00e0 la crise libyenne est entre les mains des Libyens eux-m\u00eames\u00a0\u00bb","datePublished":"2021-11-16T18:55:00+00:00","dateModified":"2021-11-16T22:07:36+00:00","mainEntityOfPage":{"@id":"https:\/\/www.africa-press.net\/tchad\/politique\/pcmt-la-solution-a-la-crise-libyenne-est-entre-les-mains-des-libyens-eux-memes"},"wordCount":327,"commentCount":0,"image":{"@id":"https:\/\/www.africa-press.net\/tchad\/politique\/pcmt-la-solution-a-la-crise-libyenne-est-entre-les-mains-des-libyens-eux-memes#primaryimage"},"thumbnailUrl":"https:\/\/static.africa-press.net\/tchad\/sites\/41\/2021\/11\/img-61942b44e95f7.jpg","keywords":["Africa Press","Africa Press-Tchad","Mahamat Idriss D\u00e9by","PCMT","Tchad"],"articleSection":["homepage-french","Politique","Top Nouvelles","Toutes les actualit\u00e9s"],"inLanguage":"fr-FR","potentialAction":[{"@type":"CommentAction","name":"Comment","target":["https:\/\/www.africa-press.net\/tchad\/politique\/pcmt-la-solution-a-la-crise-libyenne-est-entre-les-mains-des-libyens-eux-memes#respond"]}]},{"@type":"WebPage","@id":"https:\/\/www.africa-press.net\/tchad\/politique\/pcmt-la-solution-a-la-crise-libyenne-est-entre-les-mains-des-libyens-eux-memes","url":"https:\/\/www.africa-press.net\/tchad\/politique\/pcmt-la-solution-a-la-crise-libyenne-est-entre-les-mains-des-libyens-eux-memes","name":"PCMT : \"La solution \u00e0 la crise libyenne est entre les mains des Libyens eux-m\u00eames\" - tchad","isPartOf":{"@id":"https:\/\/www.africa-press.net\/tchad\/#website"},"primaryImageOfPage":{"@id":"https:\/\/www.africa-press.net\/tchad\/politique\/pcmt-la-solution-a-la-crise-libyenne-est-entre-les-mains-des-libyens-eux-memes#primaryimage"},"image":{"@id":"https:\/\/www.africa-press.net\/tchad\/politique\/pcmt-la-solution-a-la-crise-libyenne-est-entre-les-mains-des-libyens-eux-memes#primaryimage"},"thumbnailUrl":"https:\/\/static.africa-press.net\/tchad\/sites\/41\/2021\/11\/img-61942b44e95f7.jpg","datePublished":"2021-11-16T18:55:00+00:00","dateModified":"2021-11-16T22:07:36+00:00","author":{"@id":"https:\/\/www.africa-press.net\/tchad\/#\/schema\/person\/2b1cf3cd81a31e3cd26889ca66d677f1"},"description":"Mahamat Idriss Deby a estim\u00e9 que \"la solution \u00e0 la crise libyenne est entre les mains des Libyens eux-m\u00eames\". La conf\u00e9re ...","breadcrumb":{"@id":"https:\/\/www.africa-press.net\/tchad\/politique\/pcmt-la-solution-a-la-crise-libyenne-est-entre-les-mains-des-libyens-eux-memes#breadcrumb"},"inLanguage":"fr-FR","potentialAction":[{"@type":"ReadAction","target":["https:\/\/www.africa-press.net\/tchad\/politique\/pcmt-la-solution-a-la-crise-libyenne-est-entre-les-mains-des-libyens-eux-memes"]}]},{"@type":"ImageObject","inLanguage":"fr-FR","@id":"https:\/\/www.africa-press.net\/tchad\/politique\/pcmt-la-solution-a-la-crise-libyenne-est-entre-les-mains-des-libyens-eux-memes#primaryimage","url":"https:\/\/static.africa-press.net\/tchad\/sites\/41\/2021\/11\/img-61942b44e95f7.jpg","contentUrl":"https:\/\/static.africa-press.net\/tchad\/sites\/41\/2021\/11\/img-61942b44e95f7.jpg","width":869,"height":547,"caption":"PCMT : \"La solution \u00e0 la crise libyenne est entre les mains des Libyens eux-m\u00eames\""},{"@type":"BreadcrumbList","@id":"https:\/\/www.africa-press.net\/tchad\/politique\/pcmt-la-solution-a-la-crise-libyenne-est-entre-les-mains-des-libyens-eux-memes#breadcrumb","itemListElement":[{"@type":"ListItem","position":1,"name":"Accueil","item":"https:\/\/www.africa-press.net\/tchad\/"},{"@type":"ListItem","position":2,"name":"PCMT : &#8220;La solution \u00e0 la crise libyenne est entre les mains des Libyens eux-m\u00eames&#8221;"}]},{"@type":"WebSite","@id":"https:\/\/www.africa-press.net\/tchad\/#website","url":"https:\/\/www.africa-press.net\/tchad\/","name":"tchad","description":"Just another Africa News Agency Sites site","potentialAction":[{"@type":"SearchAction","target":{"@type":"EntryPoint","urlTemplate":"https:\/\/www.africa-press.net\/tchad\/?s={search_term_string}"},"query-input":{"@type":"PropertyValueSpecification","valueRequired":true,"valueName":"search_term_string"}}],"inLanguage":"fr-FR"},{"@type":"Person","@id":"https:\/\/www.africa-press.net\/tchad\/#\/schema\/person\/2b1cf3cd81a31e3cd26889ca66d677f1","name":"cfeditorfr"}]}},"_links":{"self":[{"href":"https:\/\/www.africa-press.net\/tchad\/wp-json\/wp\/v2\/posts\/13850","targetHints":{"allow":["GET"]}}],"collection":[{"href":"https:\/\/www.africa-press.net\/tchad\/wp-json\/wp\/v2\/posts"}],"about":[{"href":"https:\/\/www.africa-press.net\/tchad\/wp-json\/wp\/v2\/types\/post"}],"author":[{"embeddable":true,"href":"https:\/\/www.africa-press.net\/tchad\/wp-json\/wp\/v2\/users\/82"}],"replies":[{"embeddable":true,"href":"https:\/\/www.africa-press.net\/tchad\/wp-json\/wp\/v2\/comments?post=13850"}],"version-history":[{"count":0,"href":"https:\/\/www.africa-press.net\/tchad\/wp-json\/wp\/v2\/posts\/13850\/revisions"}],"wp:featuredmedia":[{"embeddable":true,"href":"https:\/\/www.africa-press.net\/tchad\/wp-json\/wp\/v2\/media\/13849"}],"wp:attachment":[{"href":"https:\/\/www.africa-press.net\/tchad\/wp-json\/wp\/v2\/media?parent=13850"}],"wp:term":[{"taxonomy":"category","embeddable":true,"href":"https:\/\/www.africa-press.net\/tchad\/wp-json\/wp\/v2\/categories?post=13850"},{"taxonomy":"post_tag","embeddable":true,"href":"https:\/\/www.africa-press.net\/tchad\/wp-json\/wp\/v2\/tags?post=13850"}],"curies":[{"name":"wp","href":"https:\/\/api.w.org\/{rel}","templated":true}]}}