{"id":13863,"date":"2021-11-17T19:12:05","date_gmt":"2021-11-17T19:12:05","guid":{"rendered":"https:\/\/www.africa-press.net\/tchad\/politique\/tchad-au-moins-deux-blesses-dans-les-manifestations-des-etudiants-a-abeche"},"modified":"2021-11-17T19:26:55","modified_gmt":"2021-11-17T19:26:55","slug":"tchad-au-moins-deux-blesses-dans-les-manifestations-des-etudiants-a-abeche","status":"publish","type":"post","link":"https:\/\/www.africa-press.net\/tchad\/toutes-les-actualites\/tchad-au-moins-deux-blesses-dans-les-manifestations-des-etudiants-a-abeche","title":{"rendered":"Tchad : au moins deux bless\u00e9s dans les manifestations des \u00e9tudiants \u00e0 Ab\u00e9ch\u00e9"},"content":{"rendered":"<p><span style=\"color: #ff6600\"><strong>Africa-Press &#8211; Tchad. <\/strong><\/span><b>Les \u00e9tudiants de l\u2019universit\u00e9 Adam Bakar d\u2019 Ab\u00e9ch\u00e9 (UNABA), ont manifest\u00e9 dans la matin\u00e9e du 17 novembre 2021. Ils r\u00e9clament la reprise des cours.<\/b><\/p>\n<p>Depuis quelques jours, les enseignants et chercheurs de de la section SYNECS l\u2019universit\u00e9 d\u2019Ab\u00e9ch\u00e9 demandent le d\u00e9part du pr\u00e9sident de l\u2019institution. Car pour eux, il repr\u00e9sente le seul obstacle \u00e0 l\u2019application de leurs revendications. Ils ont d\u2019ailleurs exig\u00e9 un audit et d\u00e9cr\u00e9t\u00e9 une gr\u00e8ve s\u00e8che et illimit\u00e9e.<\/p>\n<p>Ce jour, plusieurs \u00e9tudiants ont manifest\u00e9 pour r\u00e9clamer la reprise de cours. La police est intervenue pour disperser les manifestants qui ont pris d\u2019assaut l\u2019universit\u00e9. Pendant la dispersion, deux manifestants ont \u00e9t\u00e9 bless\u00e9, dont un cas grave, renseigne une source pr\u00e9sente sur les lieux. Certains \u00e9tudiants ont \u00e9galement \u00e9t\u00e9 arr\u00eat\u00e9s au cours de cette manifestation. On cite entre autres, le coordinateur de l\u2019UNET section UNABA arr\u00eat\u00e9 avec 10 autres \u00e9tudiants.<\/p>\n<p>Avec cette situation, d\u00e9sormais deux points de revendications sont en cours \u00e0 l\u2019UNABA. Les enseignants demandent le d\u00e9part du pr\u00e9sident de l\u2019universit\u00e9 et un audit. Les \u00e9tudiants quant \u00e0 eux r\u00e9clament la lib\u00e9ration de leurs camarades arr\u00eat\u00e9s pendant la manifestation et la reprise imminente des cours.<\/p>\n<p><strong>Pour plus d&rsquo;informations et d&rsquo;analyses sur la <a href=\"https:\/\/www.africa-press.net\/tchad\">Tchad<\/a>, suivez <a href=\"https:\/\/www.africa-press.net\/\">Africa-Press<\/a><\/strong><\/p>\n","protected":false},"excerpt":{"rendered":"<p>Africa-Press &#8211; Tchad. Les \u00e9tudiants de l\u2019universit\u00e9 Adam Bakar d\u2019 Ab\u00e9ch\u00e9 (UNABA), ont manifest\u00e9 dans la matin\u00e9e du 17 novembre 2021. Ils r\u00e9clament la reprise des cours. Depuis quelques jours, les enseignants et chercheurs de de la section SYNECS l\u2019universit\u00e9 d\u2019Ab\u00e9ch\u00e9 demandent le d\u00e9part du pr\u00e9sident de l\u2019institution. Car pour eux, il repr\u00e9sente le seul [&hellip;]<\/p>\n","protected":false},"author":82,"featured_media":13862,"comment_status":"open","ping_status":"closed","sticky":false,"template":"","format":"standard","meta":{"footnotes":""},"categories":[21,11,10],"tags":[37,292,2539,2538,29],"class_list":["post-13863","post","type-post","status-publish","format-standard","has-post-thumbnail","hentry","category-communaute","category-homepage-french","category-toutes-les-actualites","tag-africa-press","tag-africa-press-tchad","tag-au-moins-deux-blesses","tag-manifestations-des-etudiants-a-abeche","tag-tchad"],"yoast_head":"<!-- This site is optimized with the Yoast SEO Premium plugin v26.1 (Yoast SEO v27.0) - https:\/\/yoast.com\/product\/yoast-seo-premium-wordpress\/ -->\n<title>Tchad : au moins deux bless\u00e9s dans les manifestations des \u00e9tudiants \u00e0 Ab\u00e9ch\u00e9 - tchad<\/title>\n<meta name=\"description\" content=\"Les \u00e9tudiants de l\u2019universit\u00e9 Adam Bakar d\u2019 Ab\u00e9ch\u00e9 (UNABA), ont manifest\u00e9 dans la matin\u00e9e du 17 novembre 2021. Ils r\u00e9 ...\" \/>\n<meta name=\"robots\" content=\"index, follow, max-snippet:-1, max-image-preview:large, max-video-preview:-1\" \/>\n<link rel=\"canonical\" href=\"https:\/\/www.africa-press.net\/tchad\/toutes-les-actualites\/tchad-au-moins-deux-blesses-dans-les-manifestations-des-etudiants-a-abeche\" \/>\n<meta property=\"og:locale\" content=\"fr_FR\" \/>\n<meta property=\"og:type\" content=\"article\" \/>\n<meta property=\"og:title\" content=\"Tchad : au moins deux bless\u00e9s dans les manifestations des \u00e9tudiants \u00e0 Ab\u00e9ch\u00e9\" \/>\n<meta property=\"og:description\" content=\"Les \u00e9tudiants de l\u2019universit\u00e9 Adam Bakar d\u2019 Ab\u00e9ch\u00e9 (UNABA), ont manifest\u00e9 dans la matin\u00e9e du 17 novembre 2021. Ils r\u00e9 ...\" \/>\n<meta property=\"og:url\" content=\"https:\/\/www.africa-press.net\/tchad\/toutes-les-actualites\/tchad-au-moins-deux-blesses-dans-les-manifestations-des-etudiants-a-abeche\" \/>\n<meta property=\"og:site_name\" content=\"tchad\" \/>\n<meta property=\"article:published_time\" content=\"2021-11-17T19:12:05+00:00\" \/>\n<meta property=\"article:modified_time\" content=\"2021-11-17T19:26:55+00:00\" \/>\n<meta property=\"og:image\" content=\"https:\/\/static.africa-press.net\/tchad\/sites\/41\/2021\/11\/img-6195574e81bef.jpg\" \/>\n\t<meta property=\"og:image:width\" content=\"780\" \/>\n\t<meta property=\"og:image:height\" content=\"440\" \/>\n\t<meta property=\"og:image:type\" content=\"image\/jpeg\" \/>\n<meta name=\"author\" content=\"cfeditorfr\" \/>\n<meta name=\"twitter:card\" content=\"summary_large_image\" \/>\n<meta name=\"twitter:label1\" content=\"\u00c9crit par\" \/>\n\t<meta name=\"twitter:data1\" content=\"cfeditorfr\" \/>\n\t<meta name=\"twitter:label2\" content=\"Dur\u00e9e de lecture estim\u00e9e\" \/>\n\t<meta name=\"twitter:data2\" content=\"1 minute\" \/>\n<script type=\"application\/ld+json\" class=\"yoast-schema-graph\">{\"@context\":\"https:\/\/schema.org\",\"@graph\":[{\"@type\":\"Article\",\"@id\":\"https:\/\/www.africa-press.net\/tchad\/toutes-les-actualites\/tchad-au-moins-deux-blesses-dans-les-manifestations-des-etudiants-a-abeche#article\",\"isPartOf\":{\"@id\":\"https:\/\/www.africa-press.net\/tchad\/toutes-les-actualites\/tchad-au-moins-deux-blesses-dans-les-manifestations-des-etudiants-a-abeche\"},\"author\":{\"name\":\"cfeditorfr\",\"@id\":\"https:\/\/www.africa-press.net\/tchad\/#\/schema\/person\/2b1cf3cd81a31e3cd26889ca66d677f1\"},\"headline\":\"Tchad : au moins deux bless\u00e9s dans les manifestations des \u00e9tudiants \u00e0 Ab\u00e9ch\u00e9\",\"datePublished\":\"2021-11-17T19:12:05+00:00\",\"dateModified\":\"2021-11-17T19:26:55+00:00\",\"mainEntityOfPage\":{\"@id\":\"https:\/\/www.africa-press.net\/tchad\/toutes-les-actualites\/tchad-au-moins-deux-blesses-dans-les-manifestations-des-etudiants-a-abeche\"},\"wordCount\":244,\"commentCount\":0,\"image\":{\"@id\":\"https:\/\/www.africa-press.net\/tchad\/toutes-les-actualites\/tchad-au-moins-deux-blesses-dans-les-manifestations-des-etudiants-a-abeche#primaryimage\"},\"thumbnailUrl\":\"https:\/\/static.africa-press.net\/tchad\/sites\/41\/2021\/11\/img-6195574e81bef.jpg\",\"keywords\":[\"Africa Press\",\"Africa Press-Tchad\",\"au moins deux bless\u00e9s\",\"manifestations des \u00e9tudiants \u00e0 Ab\u00e9ch\u00e9\",\"Tchad\"],\"articleSection\":[\"Communaut\u00e9\",\"homepage-french\",\"Toutes les actualit\u00e9s\"],\"inLanguage\":\"fr-FR\",\"potentialAction\":[{\"@type\":\"CommentAction\",\"name\":\"Comment\",\"target\":[\"https:\/\/www.africa-press.net\/tchad\/toutes-les-actualites\/tchad-au-moins-deux-blesses-dans-les-manifestations-des-etudiants-a-abeche#respond\"]}]},{\"@type\":\"WebPage\",\"@id\":\"https:\/\/www.africa-press.net\/tchad\/toutes-les-actualites\/tchad-au-moins-deux-blesses-dans-les-manifestations-des-etudiants-a-abeche\",\"url\":\"https:\/\/www.africa-press.net\/tchad\/toutes-les-actualites\/tchad-au-moins-deux-blesses-dans-les-manifestations-des-etudiants-a-abeche\",\"name\":\"Tchad : au moins deux bless\u00e9s dans les manifestations des \u00e9tudiants \u00e0 Ab\u00e9ch\u00e9 - tchad\",\"isPartOf\":{\"@id\":\"https:\/\/www.africa-press.net\/tchad\/#website\"},\"primaryImageOfPage\":{\"@id\":\"https:\/\/www.africa-press.net\/tchad\/toutes-les-actualites\/tchad-au-moins-deux-blesses-dans-les-manifestations-des-etudiants-a-abeche#primaryimage\"},\"image\":{\"@id\":\"https:\/\/www.africa-press.net\/tchad\/toutes-les-actualites\/tchad-au-moins-deux-blesses-dans-les-manifestations-des-etudiants-a-abeche#primaryimage\"},\"thumbnailUrl\":\"https:\/\/static.africa-press.net\/tchad\/sites\/41\/2021\/11\/img-6195574e81bef.jpg\",\"datePublished\":\"2021-11-17T19:12:05+00:00\",\"dateModified\":\"2021-11-17T19:26:55+00:00\",\"author\":{\"@id\":\"https:\/\/www.africa-press.net\/tchad\/#\/schema\/person\/2b1cf3cd81a31e3cd26889ca66d677f1\"},\"description\":\"Les \u00e9tudiants de l\u2019universit\u00e9 Adam Bakar d\u2019 Ab\u00e9ch\u00e9 (UNABA), ont manifest\u00e9 dans la matin\u00e9e du 17 novembre 2021. Ils r\u00e9 ...\",\"breadcrumb\":{\"@id\":\"https:\/\/www.africa-press.net\/tchad\/toutes-les-actualites\/tchad-au-moins-deux-blesses-dans-les-manifestations-des-etudiants-a-abeche#breadcrumb\"},\"inLanguage\":\"fr-FR\",\"potentialAction\":[{\"@type\":\"ReadAction\",\"target\":[\"https:\/\/www.africa-press.net\/tchad\/toutes-les-actualites\/tchad-au-moins-deux-blesses-dans-les-manifestations-des-etudiants-a-abeche\"]}]},{\"@type\":\"ImageObject\",\"inLanguage\":\"fr-FR\",\"@id\":\"https:\/\/www.africa-press.net\/tchad\/toutes-les-actualites\/tchad-au-moins-deux-blesses-dans-les-manifestations-des-etudiants-a-abeche#primaryimage\",\"url\":\"https:\/\/static.africa-press.net\/tchad\/sites\/41\/2021\/11\/img-6195574e81bef.jpg\",\"contentUrl\":\"https:\/\/static.africa-press.net\/tchad\/sites\/41\/2021\/11\/img-6195574e81bef.jpg\",\"width\":780,\"height\":440,\"caption\":\"Tchad : au moins deux bless\u00e9s dans les manifestations des \u00e9tudiants \u00e0 Ab\u00e9ch\u00e9\"},{\"@type\":\"BreadcrumbList\",\"@id\":\"https:\/\/www.africa-press.net\/tchad\/toutes-les-actualites\/tchad-au-moins-deux-blesses-dans-les-manifestations-des-etudiants-a-abeche#breadcrumb\",\"itemListElement\":[{\"@type\":\"ListItem\",\"position\":1,\"name\":\"Accueil\",\"item\":\"https:\/\/www.africa-press.net\/tchad\/\"},{\"@type\":\"ListItem\",\"position\":2,\"name\":\"Tchad : au moins deux bless\u00e9s dans les manifestations des \u00e9tudiants \u00e0 Ab\u00e9ch\u00e9\"}]},{\"@type\":\"WebSite\",\"@id\":\"https:\/\/www.africa-press.net\/tchad\/#website\",\"url\":\"https:\/\/www.africa-press.net\/tchad\/\",\"name\":\"tchad\",\"description\":\"Just another Africa News Agency Sites site\",\"potentialAction\":[{\"@type\":\"SearchAction\",\"target\":{\"@type\":\"EntryPoint\",\"urlTemplate\":\"https:\/\/www.africa-press.net\/tchad\/?s={search_term_string}\"},\"query-input\":{\"@type\":\"PropertyValueSpecification\",\"valueRequired\":true,\"valueName\":\"search_term_string\"}}],\"inLanguage\":\"fr-FR\"},{\"@type\":\"Person\",\"@id\":\"https:\/\/www.africa-press.net\/tchad\/#\/schema\/person\/2b1cf3cd81a31e3cd26889ca66d677f1\",\"name\":\"cfeditorfr\"}]}<\/script>\n<!-- \/ Yoast SEO Premium plugin. -->","yoast_head_json":{"title":"Tchad : au moins deux bless\u00e9s dans les manifestations des \u00e9tudiants \u00e0 Ab\u00e9ch\u00e9 - tchad","description":"Les \u00e9tudiants de l\u2019universit\u00e9 Adam Bakar d\u2019 Ab\u00e9ch\u00e9 (UNABA), ont manifest\u00e9 dans la matin\u00e9e du 17 novembre 2021. Ils r\u00e9 ...","robots":{"index":"index","follow":"follow","max-snippet":"max-snippet:-1","max-image-preview":"max-image-preview:large","max-video-preview":"max-video-preview:-1"},"canonical":"https:\/\/www.africa-press.net\/tchad\/toutes-les-actualites\/tchad-au-moins-deux-blesses-dans-les-manifestations-des-etudiants-a-abeche","og_locale":"fr_FR","og_type":"article","og_title":"Tchad : au moins deux bless\u00e9s dans les manifestations des \u00e9tudiants \u00e0 Ab\u00e9ch\u00e9","og_description":"Les \u00e9tudiants de l\u2019universit\u00e9 Adam Bakar d\u2019 Ab\u00e9ch\u00e9 (UNABA), ont manifest\u00e9 dans la matin\u00e9e du 17 novembre 2021. Ils r\u00e9 ...","og_url":"https:\/\/www.africa-press.net\/tchad\/toutes-les-actualites\/tchad-au-moins-deux-blesses-dans-les-manifestations-des-etudiants-a-abeche","og_site_name":"tchad","article_published_time":"2021-11-17T19:12:05+00:00","article_modified_time":"2021-11-17T19:26:55+00:00","og_image":[{"width":780,"height":440,"url":"https:\/\/static.africa-press.net\/tchad\/sites\/41\/2021\/11\/img-6195574e81bef.jpg","type":"image\/jpeg"}],"author":"cfeditorfr","twitter_card":"summary_large_image","twitter_misc":{"\u00c9crit par":"cfeditorfr","Dur\u00e9e de lecture estim\u00e9e":"1 minute"},"schema":{"@context":"https:\/\/schema.org","@graph":[{"@type":"Article","@id":"https:\/\/www.africa-press.net\/tchad\/toutes-les-actualites\/tchad-au-moins-deux-blesses-dans-les-manifestations-des-etudiants-a-abeche#article","isPartOf":{"@id":"https:\/\/www.africa-press.net\/tchad\/toutes-les-actualites\/tchad-au-moins-deux-blesses-dans-les-manifestations-des-etudiants-a-abeche"},"author":{"name":"cfeditorfr","@id":"https:\/\/www.africa-press.net\/tchad\/#\/schema\/person\/2b1cf3cd81a31e3cd26889ca66d677f1"},"headline":"Tchad : au moins deux bless\u00e9s dans les manifestations des \u00e9tudiants \u00e0 Ab\u00e9ch\u00e9","datePublished":"2021-11-17T19:12:05+00:00","dateModified":"2021-11-17T19:26:55+00:00","mainEntityOfPage":{"@id":"https:\/\/www.africa-press.net\/tchad\/toutes-les-actualites\/tchad-au-moins-deux-blesses-dans-les-manifestations-des-etudiants-a-abeche"},"wordCount":244,"commentCount":0,"image":{"@id":"https:\/\/www.africa-press.net\/tchad\/toutes-les-actualites\/tchad-au-moins-deux-blesses-dans-les-manifestations-des-etudiants-a-abeche#primaryimage"},"thumbnailUrl":"https:\/\/static.africa-press.net\/tchad\/sites\/41\/2021\/11\/img-6195574e81bef.jpg","keywords":["Africa Press","Africa Press-Tchad","au moins deux bless\u00e9s","manifestations des \u00e9tudiants \u00e0 Ab\u00e9ch\u00e9","Tchad"],"articleSection":["Communaut\u00e9","homepage-french","Toutes les actualit\u00e9s"],"inLanguage":"fr-FR","potentialAction":[{"@type":"CommentAction","name":"Comment","target":["https:\/\/www.africa-press.net\/tchad\/toutes-les-actualites\/tchad-au-moins-deux-blesses-dans-les-manifestations-des-etudiants-a-abeche#respond"]}]},{"@type":"WebPage","@id":"https:\/\/www.africa-press.net\/tchad\/toutes-les-actualites\/tchad-au-moins-deux-blesses-dans-les-manifestations-des-etudiants-a-abeche","url":"https:\/\/www.africa-press.net\/tchad\/toutes-les-actualites\/tchad-au-moins-deux-blesses-dans-les-manifestations-des-etudiants-a-abeche","name":"Tchad : au moins deux bless\u00e9s dans les manifestations des \u00e9tudiants \u00e0 Ab\u00e9ch\u00e9 - tchad","isPartOf":{"@id":"https:\/\/www.africa-press.net\/tchad\/#website"},"primaryImageOfPage":{"@id":"https:\/\/www.africa-press.net\/tchad\/toutes-les-actualites\/tchad-au-moins-deux-blesses-dans-les-manifestations-des-etudiants-a-abeche#primaryimage"},"image":{"@id":"https:\/\/www.africa-press.net\/tchad\/toutes-les-actualites\/tchad-au-moins-deux-blesses-dans-les-manifestations-des-etudiants-a-abeche#primaryimage"},"thumbnailUrl":"https:\/\/static.africa-press.net\/tchad\/sites\/41\/2021\/11\/img-6195574e81bef.jpg","datePublished":"2021-11-17T19:12:05+00:00","dateModified":"2021-11-17T19:26:55+00:00","author":{"@id":"https:\/\/www.africa-press.net\/tchad\/#\/schema\/person\/2b1cf3cd81a31e3cd26889ca66d677f1"},"description":"Les \u00e9tudiants de l\u2019universit\u00e9 Adam Bakar d\u2019 Ab\u00e9ch\u00e9 (UNABA), ont manifest\u00e9 dans la matin\u00e9e du 17 novembre 2021. Ils r\u00e9 ...","breadcrumb":{"@id":"https:\/\/www.africa-press.net\/tchad\/toutes-les-actualites\/tchad-au-moins-deux-blesses-dans-les-manifestations-des-etudiants-a-abeche#breadcrumb"},"inLanguage":"fr-FR","potentialAction":[{"@type":"ReadAction","target":["https:\/\/www.africa-press.net\/tchad\/toutes-les-actualites\/tchad-au-moins-deux-blesses-dans-les-manifestations-des-etudiants-a-abeche"]}]},{"@type":"ImageObject","inLanguage":"fr-FR","@id":"https:\/\/www.africa-press.net\/tchad\/toutes-les-actualites\/tchad-au-moins-deux-blesses-dans-les-manifestations-des-etudiants-a-abeche#primaryimage","url":"https:\/\/static.africa-press.net\/tchad\/sites\/41\/2021\/11\/img-6195574e81bef.jpg","contentUrl":"https:\/\/static.africa-press.net\/tchad\/sites\/41\/2021\/11\/img-6195574e81bef.jpg","width":780,"height":440,"caption":"Tchad : au moins deux bless\u00e9s dans les manifestations des \u00e9tudiants \u00e0 Ab\u00e9ch\u00e9"},{"@type":"BreadcrumbList","@id":"https:\/\/www.africa-press.net\/tchad\/toutes-les-actualites\/tchad-au-moins-deux-blesses-dans-les-manifestations-des-etudiants-a-abeche#breadcrumb","itemListElement":[{"@type":"ListItem","position":1,"name":"Accueil","item":"https:\/\/www.africa-press.net\/tchad\/"},{"@type":"ListItem","position":2,"name":"Tchad : au moins deux bless\u00e9s dans les manifestations des \u00e9tudiants \u00e0 Ab\u00e9ch\u00e9"}]},{"@type":"WebSite","@id":"https:\/\/www.africa-press.net\/tchad\/#website","url":"https:\/\/www.africa-press.net\/tchad\/","name":"tchad","description":"Just another Africa News Agency Sites site","potentialAction":[{"@type":"SearchAction","target":{"@type":"EntryPoint","urlTemplate":"https:\/\/www.africa-press.net\/tchad\/?s={search_term_string}"},"query-input":{"@type":"PropertyValueSpecification","valueRequired":true,"valueName":"search_term_string"}}],"inLanguage":"fr-FR"},{"@type":"Person","@id":"https:\/\/www.africa-press.net\/tchad\/#\/schema\/person\/2b1cf3cd81a31e3cd26889ca66d677f1","name":"cfeditorfr"}]}},"_links":{"self":[{"href":"https:\/\/www.africa-press.net\/tchad\/wp-json\/wp\/v2\/posts\/13863","targetHints":{"allow":["GET"]}}],"collection":[{"href":"https:\/\/www.africa-press.net\/tchad\/wp-json\/wp\/v2\/posts"}],"about":[{"href":"https:\/\/www.africa-press.net\/tchad\/wp-json\/wp\/v2\/types\/post"}],"author":[{"embeddable":true,"href":"https:\/\/www.africa-press.net\/tchad\/wp-json\/wp\/v2\/users\/82"}],"replies":[{"embeddable":true,"href":"https:\/\/www.africa-press.net\/tchad\/wp-json\/wp\/v2\/comments?post=13863"}],"version-history":[{"count":0,"href":"https:\/\/www.africa-press.net\/tchad\/wp-json\/wp\/v2\/posts\/13863\/revisions"}],"wp:featuredmedia":[{"embeddable":true,"href":"https:\/\/www.africa-press.net\/tchad\/wp-json\/wp\/v2\/media\/13862"}],"wp:attachment":[{"href":"https:\/\/www.africa-press.net\/tchad\/wp-json\/wp\/v2\/media?parent=13863"}],"wp:term":[{"taxonomy":"category","embeddable":true,"href":"https:\/\/www.africa-press.net\/tchad\/wp-json\/wp\/v2\/categories?post=13863"},{"taxonomy":"post_tag","embeddable":true,"href":"https:\/\/www.africa-press.net\/tchad\/wp-json\/wp\/v2\/tags?post=13863"}],"curies":[{"name":"wp","href":"https:\/\/api.w.org\/{rel}","templated":true}]}}