{"id":13869,"date":"2021-11-17T19:14:26","date_gmt":"2021-11-17T19:14:26","guid":{"rendered":"https:\/\/www.africa-press.net\/tchad\/politique\/suspension-du-president-de-luniversite-adam-barka-dabeche"},"modified":"2021-11-18T23:39:47","modified_gmt":"2021-11-18T23:39:47","slug":"suspension-du-president-de-luniversite-adam-barka-dabeche","status":"publish","type":"post","link":"https:\/\/www.africa-press.net\/tchad\/toutes-les-actualites\/suspension-du-president-de-luniversite-adam-barka-dabeche","title":{"rendered":"suspension du pr\u00e9sident de l\u2019universit\u00e9 Adam Barka d\u2019Ab\u00e9ch\u00e9"},"content":{"rendered":"<p><span style=\"color: #ff6600\"><strong>Africa-Press &#8211; Tchad. <\/strong><\/span><b>Suite aux revendications des enseignants et chercheurs du sup\u00e9rieur, le pr\u00e9sident de l\u2019universit\u00e9 Adoum Barka d\u2019Ab\u00e9ch\u00e9 est suspendu de ses fonctions d\u00e8s ce 17 novembre 2021.<\/b><\/p>\n<p>Le gouverneur de la province du Ouadda\u00ef suspend le Pr Mahamat Se\u00efd Ali, de ses fonctions \u00e0 Ab\u00e9ch\u00e9. Il a \u00e9t\u00e9 d\u00e9cid\u00e9 que de fa\u00e7on provisoire, il n\u2019est plus le pr\u00e9sident du Conseil d\u2019administration de l\u2019universit\u00e9 Adam Barka d\u2019Ab\u00e9ch\u00e9. Cette d\u00e9cision fait suite \u00e0 la gr\u00e8ve s\u00e8che et illimit\u00e9e des enseignants et chercheurs qui ont exig\u00e9 son d\u00e9part. Aussi de la manifestation des \u00e9tudiants ce jour.<\/p>\n<p>En effet, le 12 novembre 2021, les enseignants de la section SYNECS d\u2019 Ab\u00e9ch\u00e9 ont entam\u00e9 une gr\u00e8ve s\u00e8che et illimit\u00e9e. Ils exigent, le d\u00e9part imm\u00e9diat et sans d\u00e9lai du pr\u00e9sident de l\u2019UNABA, Mahamat Seid. Pour le SYNECS, il est le seul obstacle \u00e0 l\u2019application des revendications des enseignants de ladite universit\u00e9. Le syndicat a \u00e9galement demand\u00e9 un audit.<\/p>\n<p>Et ce matin, les \u00e9tudiants \u00e9galement ont manifest\u00e9 pour demander la reprise des cours. Deux apprenants ont \u00e9t\u00e9 bless\u00e9s et une dizaine arr\u00eat\u00e9s. Quelques heures plus tard, apparait la note officielle, suspendant le pr\u00e9sident de l\u2019UNABA.<\/p>\n<p><strong>Pour plus d&rsquo;informations et d&rsquo;analyses sur la <a href=\"https:\/\/www.africa-press.net\/tchad\">Tchad<\/a>, suivez <a href=\"https:\/\/www.africa-press.net\/\">Africa-Press<\/a><\/strong><\/p>\n","protected":false},"excerpt":{"rendered":"<p>Africa-Press &#8211; Tchad. Suite aux revendications des enseignants et chercheurs du sup\u00e9rieur, le pr\u00e9sident de l\u2019universit\u00e9 Adoum Barka d\u2019Ab\u00e9ch\u00e9 est suspendu de ses fonctions d\u00e8s ce 17 novembre 2021. Le gouverneur de la province du Ouadda\u00ef suspend le Pr Mahamat Se\u00efd Ali, de ses fonctions \u00e0 Ab\u00e9ch\u00e9. Il a \u00e9t\u00e9 d\u00e9cid\u00e9 que de fa\u00e7on provisoire, [&hellip;]<\/p>\n","protected":false},"author":82,"featured_media":13868,"comment_status":"open","ping_status":"closed","sticky":false,"template":"","format":"standard","meta":{"footnotes":""},"categories":[21,11,20,10],"tags":[37,292,1467,2540,29],"class_list":["post-13869","post","type-post","status-publish","format-standard","has-post-thumbnail","hentry","category-communaute","category-homepage-french","category-top-nouvelles","category-toutes-les-actualites","tag-africa-press","tag-africa-press-tchad","tag-dabeche-2","tag-le-president-de-luniversite-adam-barka-suspendu","tag-tchad"],"yoast_head":"<!-- This site is optimized with the Yoast SEO Premium plugin v26.1 (Yoast SEO v27.0) - https:\/\/yoast.com\/product\/yoast-seo-premium-wordpress\/ -->\n<title>suspension du pr\u00e9sident de l\u2019universit\u00e9 Adam Barka d\u2019Ab\u00e9ch\u00e9 - tchad<\/title>\n<meta name=\"description\" content=\"Suite aux revendications des enseignants et chercheurs du sup\u00e9rieur, le pr\u00e9sident de l\u2019universit\u00e9 Adoum Barka d\u2019Ab\u00e9ch ...\" \/>\n<meta name=\"robots\" content=\"index, follow, max-snippet:-1, max-image-preview:large, max-video-preview:-1\" \/>\n<link rel=\"canonical\" href=\"https:\/\/www.africa-press.net\/tchad\/toutes-les-actualites\/suspension-du-president-de-luniversite-adam-barka-dabeche\" \/>\n<meta property=\"og:locale\" content=\"fr_FR\" \/>\n<meta property=\"og:type\" content=\"article\" \/>\n<meta property=\"og:title\" content=\"suspension du pr\u00e9sident de l\u2019universit\u00e9 Adam Barka d\u2019Ab\u00e9ch\u00e9\" \/>\n<meta property=\"og:description\" content=\"Suite aux revendications des enseignants et chercheurs du sup\u00e9rieur, le pr\u00e9sident de l\u2019universit\u00e9 Adoum Barka d\u2019Ab\u00e9ch ...\" \/>\n<meta property=\"og:url\" content=\"https:\/\/www.africa-press.net\/tchad\/toutes-les-actualites\/suspension-du-president-de-luniversite-adam-barka-dabeche\" \/>\n<meta property=\"og:site_name\" content=\"tchad\" \/>\n<meta property=\"article:published_time\" content=\"2021-11-17T19:14:26+00:00\" \/>\n<meta property=\"article:modified_time\" content=\"2021-11-18T23:39:47+00:00\" \/>\n<meta property=\"og:image\" content=\"https:\/\/static.africa-press.net\/tchad\/sites\/41\/2021\/11\/img-6195580a1ecde.jpg\" \/>\n\t<meta property=\"og:image:width\" content=\"780\" \/>\n\t<meta property=\"og:image:height\" content=\"440\" \/>\n\t<meta property=\"og:image:type\" content=\"image\/jpeg\" \/>\n<meta name=\"author\" content=\"cfeditorfr\" \/>\n<meta name=\"twitter:card\" content=\"summary_large_image\" \/>\n<meta name=\"twitter:label1\" content=\"\u00c9crit par\" \/>\n\t<meta name=\"twitter:data1\" content=\"cfeditorfr\" \/>\n\t<meta name=\"twitter:label2\" content=\"Dur\u00e9e de lecture estim\u00e9e\" \/>\n\t<meta name=\"twitter:data2\" content=\"1 minute\" \/>\n<script type=\"application\/ld+json\" class=\"yoast-schema-graph\">{\"@context\":\"https:\/\/schema.org\",\"@graph\":[{\"@type\":\"Article\",\"@id\":\"https:\/\/www.africa-press.net\/tchad\/toutes-les-actualites\/suspension-du-president-de-luniversite-adam-barka-dabeche#article\",\"isPartOf\":{\"@id\":\"https:\/\/www.africa-press.net\/tchad\/toutes-les-actualites\/suspension-du-president-de-luniversite-adam-barka-dabeche\"},\"author\":{\"name\":\"cfeditorfr\",\"@id\":\"https:\/\/www.africa-press.net\/tchad\/#\/schema\/person\/2b1cf3cd81a31e3cd26889ca66d677f1\"},\"headline\":\"suspension du pr\u00e9sident de l\u2019universit\u00e9 Adam Barka d\u2019Ab\u00e9ch\u00e9\",\"datePublished\":\"2021-11-17T19:14:26+00:00\",\"dateModified\":\"2021-11-18T23:39:47+00:00\",\"mainEntityOfPage\":{\"@id\":\"https:\/\/www.africa-press.net\/tchad\/toutes-les-actualites\/suspension-du-president-de-luniversite-adam-barka-dabeche\"},\"wordCount\":243,\"commentCount\":0,\"image\":{\"@id\":\"https:\/\/www.africa-press.net\/tchad\/toutes-les-actualites\/suspension-du-president-de-luniversite-adam-barka-dabeche#primaryimage\"},\"thumbnailUrl\":\"https:\/\/static.africa-press.net\/tchad\/sites\/41\/2021\/11\/img-6195580a1ecde.jpg\",\"keywords\":[\"Africa Press\",\"Africa Press-Tchad\",\"d\u2019Ab\u00e9ch\u00e9\",\"le pr\u00e9sident de l\u2019universit\u00e9 Adam Barka suspendu\",\"Tchad\"],\"articleSection\":[\"Communaut\u00e9\",\"homepage-french\",\"Top Nouvelles\",\"Toutes les actualit\u00e9s\"],\"inLanguage\":\"fr-FR\",\"potentialAction\":[{\"@type\":\"CommentAction\",\"name\":\"Comment\",\"target\":[\"https:\/\/www.africa-press.net\/tchad\/toutes-les-actualites\/suspension-du-president-de-luniversite-adam-barka-dabeche#respond\"]}]},{\"@type\":\"WebPage\",\"@id\":\"https:\/\/www.africa-press.net\/tchad\/toutes-les-actualites\/suspension-du-president-de-luniversite-adam-barka-dabeche\",\"url\":\"https:\/\/www.africa-press.net\/tchad\/toutes-les-actualites\/suspension-du-president-de-luniversite-adam-barka-dabeche\",\"name\":\"suspension du pr\u00e9sident de l\u2019universit\u00e9 Adam Barka d\u2019Ab\u00e9ch\u00e9 - tchad\",\"isPartOf\":{\"@id\":\"https:\/\/www.africa-press.net\/tchad\/#website\"},\"primaryImageOfPage\":{\"@id\":\"https:\/\/www.africa-press.net\/tchad\/toutes-les-actualites\/suspension-du-president-de-luniversite-adam-barka-dabeche#primaryimage\"},\"image\":{\"@id\":\"https:\/\/www.africa-press.net\/tchad\/toutes-les-actualites\/suspension-du-president-de-luniversite-adam-barka-dabeche#primaryimage\"},\"thumbnailUrl\":\"https:\/\/static.africa-press.net\/tchad\/sites\/41\/2021\/11\/img-6195580a1ecde.jpg\",\"datePublished\":\"2021-11-17T19:14:26+00:00\",\"dateModified\":\"2021-11-18T23:39:47+00:00\",\"author\":{\"@id\":\"https:\/\/www.africa-press.net\/tchad\/#\/schema\/person\/2b1cf3cd81a31e3cd26889ca66d677f1\"},\"description\":\"Suite aux revendications des enseignants et chercheurs du sup\u00e9rieur, le pr\u00e9sident de l\u2019universit\u00e9 Adoum Barka d\u2019Ab\u00e9ch ...\",\"breadcrumb\":{\"@id\":\"https:\/\/www.africa-press.net\/tchad\/toutes-les-actualites\/suspension-du-president-de-luniversite-adam-barka-dabeche#breadcrumb\"},\"inLanguage\":\"fr-FR\",\"potentialAction\":[{\"@type\":\"ReadAction\",\"target\":[\"https:\/\/www.africa-press.net\/tchad\/toutes-les-actualites\/suspension-du-president-de-luniversite-adam-barka-dabeche\"]}]},{\"@type\":\"ImageObject\",\"inLanguage\":\"fr-FR\",\"@id\":\"https:\/\/www.africa-press.net\/tchad\/toutes-les-actualites\/suspension-du-president-de-luniversite-adam-barka-dabeche#primaryimage\",\"url\":\"https:\/\/static.africa-press.net\/tchad\/sites\/41\/2021\/11\/img-6195580a1ecde.jpg\",\"contentUrl\":\"https:\/\/static.africa-press.net\/tchad\/sites\/41\/2021\/11\/img-6195580a1ecde.jpg\",\"width\":780,\"height\":440,\"caption\":\"suspension du pr\u00e9sident de l\u2019universit\u00e9 Adam Barka d\u2019Ab\u00e9ch\u00e9\"},{\"@type\":\"BreadcrumbList\",\"@id\":\"https:\/\/www.africa-press.net\/tchad\/toutes-les-actualites\/suspension-du-president-de-luniversite-adam-barka-dabeche#breadcrumb\",\"itemListElement\":[{\"@type\":\"ListItem\",\"position\":1,\"name\":\"Accueil\",\"item\":\"https:\/\/www.africa-press.net\/tchad\/\"},{\"@type\":\"ListItem\",\"position\":2,\"name\":\"suspension du pr\u00e9sident de l\u2019universit\u00e9 Adam Barka d\u2019Ab\u00e9ch\u00e9\"}]},{\"@type\":\"WebSite\",\"@id\":\"https:\/\/www.africa-press.net\/tchad\/#website\",\"url\":\"https:\/\/www.africa-press.net\/tchad\/\",\"name\":\"tchad\",\"description\":\"Just another Africa News Agency Sites site\",\"potentialAction\":[{\"@type\":\"SearchAction\",\"target\":{\"@type\":\"EntryPoint\",\"urlTemplate\":\"https:\/\/www.africa-press.net\/tchad\/?s={search_term_string}\"},\"query-input\":{\"@type\":\"PropertyValueSpecification\",\"valueRequired\":true,\"valueName\":\"search_term_string\"}}],\"inLanguage\":\"fr-FR\"},{\"@type\":\"Person\",\"@id\":\"https:\/\/www.africa-press.net\/tchad\/#\/schema\/person\/2b1cf3cd81a31e3cd26889ca66d677f1\",\"name\":\"cfeditorfr\"}]}<\/script>\n<!-- \/ Yoast SEO Premium plugin. -->","yoast_head_json":{"title":"suspension du pr\u00e9sident de l\u2019universit\u00e9 Adam Barka d\u2019Ab\u00e9ch\u00e9 - tchad","description":"Suite aux revendications des enseignants et chercheurs du sup\u00e9rieur, le pr\u00e9sident de l\u2019universit\u00e9 Adoum Barka d\u2019Ab\u00e9ch ...","robots":{"index":"index","follow":"follow","max-snippet":"max-snippet:-1","max-image-preview":"max-image-preview:large","max-video-preview":"max-video-preview:-1"},"canonical":"https:\/\/www.africa-press.net\/tchad\/toutes-les-actualites\/suspension-du-president-de-luniversite-adam-barka-dabeche","og_locale":"fr_FR","og_type":"article","og_title":"suspension du pr\u00e9sident de l\u2019universit\u00e9 Adam Barka d\u2019Ab\u00e9ch\u00e9","og_description":"Suite aux revendications des enseignants et chercheurs du sup\u00e9rieur, le pr\u00e9sident de l\u2019universit\u00e9 Adoum Barka d\u2019Ab\u00e9ch ...","og_url":"https:\/\/www.africa-press.net\/tchad\/toutes-les-actualites\/suspension-du-president-de-luniversite-adam-barka-dabeche","og_site_name":"tchad","article_published_time":"2021-11-17T19:14:26+00:00","article_modified_time":"2021-11-18T23:39:47+00:00","og_image":[{"width":780,"height":440,"url":"https:\/\/static.africa-press.net\/tchad\/sites\/41\/2021\/11\/img-6195580a1ecde.jpg","type":"image\/jpeg"}],"author":"cfeditorfr","twitter_card":"summary_large_image","twitter_misc":{"\u00c9crit par":"cfeditorfr","Dur\u00e9e de lecture estim\u00e9e":"1 minute"},"schema":{"@context":"https:\/\/schema.org","@graph":[{"@type":"Article","@id":"https:\/\/www.africa-press.net\/tchad\/toutes-les-actualites\/suspension-du-president-de-luniversite-adam-barka-dabeche#article","isPartOf":{"@id":"https:\/\/www.africa-press.net\/tchad\/toutes-les-actualites\/suspension-du-president-de-luniversite-adam-barka-dabeche"},"author":{"name":"cfeditorfr","@id":"https:\/\/www.africa-press.net\/tchad\/#\/schema\/person\/2b1cf3cd81a31e3cd26889ca66d677f1"},"headline":"suspension du pr\u00e9sident de l\u2019universit\u00e9 Adam Barka d\u2019Ab\u00e9ch\u00e9","datePublished":"2021-11-17T19:14:26+00:00","dateModified":"2021-11-18T23:39:47+00:00","mainEntityOfPage":{"@id":"https:\/\/www.africa-press.net\/tchad\/toutes-les-actualites\/suspension-du-president-de-luniversite-adam-barka-dabeche"},"wordCount":243,"commentCount":0,"image":{"@id":"https:\/\/www.africa-press.net\/tchad\/toutes-les-actualites\/suspension-du-president-de-luniversite-adam-barka-dabeche#primaryimage"},"thumbnailUrl":"https:\/\/static.africa-press.net\/tchad\/sites\/41\/2021\/11\/img-6195580a1ecde.jpg","keywords":["Africa Press","Africa Press-Tchad","d\u2019Ab\u00e9ch\u00e9","le pr\u00e9sident de l\u2019universit\u00e9 Adam Barka suspendu","Tchad"],"articleSection":["Communaut\u00e9","homepage-french","Top Nouvelles","Toutes les actualit\u00e9s"],"inLanguage":"fr-FR","potentialAction":[{"@type":"CommentAction","name":"Comment","target":["https:\/\/www.africa-press.net\/tchad\/toutes-les-actualites\/suspension-du-president-de-luniversite-adam-barka-dabeche#respond"]}]},{"@type":"WebPage","@id":"https:\/\/www.africa-press.net\/tchad\/toutes-les-actualites\/suspension-du-president-de-luniversite-adam-barka-dabeche","url":"https:\/\/www.africa-press.net\/tchad\/toutes-les-actualites\/suspension-du-president-de-luniversite-adam-barka-dabeche","name":"suspension du pr\u00e9sident de l\u2019universit\u00e9 Adam Barka d\u2019Ab\u00e9ch\u00e9 - tchad","isPartOf":{"@id":"https:\/\/www.africa-press.net\/tchad\/#website"},"primaryImageOfPage":{"@id":"https:\/\/www.africa-press.net\/tchad\/toutes-les-actualites\/suspension-du-president-de-luniversite-adam-barka-dabeche#primaryimage"},"image":{"@id":"https:\/\/www.africa-press.net\/tchad\/toutes-les-actualites\/suspension-du-president-de-luniversite-adam-barka-dabeche#primaryimage"},"thumbnailUrl":"https:\/\/static.africa-press.net\/tchad\/sites\/41\/2021\/11\/img-6195580a1ecde.jpg","datePublished":"2021-11-17T19:14:26+00:00","dateModified":"2021-11-18T23:39:47+00:00","author":{"@id":"https:\/\/www.africa-press.net\/tchad\/#\/schema\/person\/2b1cf3cd81a31e3cd26889ca66d677f1"},"description":"Suite aux revendications des enseignants et chercheurs du sup\u00e9rieur, le pr\u00e9sident de l\u2019universit\u00e9 Adoum Barka d\u2019Ab\u00e9ch ...","breadcrumb":{"@id":"https:\/\/www.africa-press.net\/tchad\/toutes-les-actualites\/suspension-du-president-de-luniversite-adam-barka-dabeche#breadcrumb"},"inLanguage":"fr-FR","potentialAction":[{"@type":"ReadAction","target":["https:\/\/www.africa-press.net\/tchad\/toutes-les-actualites\/suspension-du-president-de-luniversite-adam-barka-dabeche"]}]},{"@type":"ImageObject","inLanguage":"fr-FR","@id":"https:\/\/www.africa-press.net\/tchad\/toutes-les-actualites\/suspension-du-president-de-luniversite-adam-barka-dabeche#primaryimage","url":"https:\/\/static.africa-press.net\/tchad\/sites\/41\/2021\/11\/img-6195580a1ecde.jpg","contentUrl":"https:\/\/static.africa-press.net\/tchad\/sites\/41\/2021\/11\/img-6195580a1ecde.jpg","width":780,"height":440,"caption":"suspension du pr\u00e9sident de l\u2019universit\u00e9 Adam Barka d\u2019Ab\u00e9ch\u00e9"},{"@type":"BreadcrumbList","@id":"https:\/\/www.africa-press.net\/tchad\/toutes-les-actualites\/suspension-du-president-de-luniversite-adam-barka-dabeche#breadcrumb","itemListElement":[{"@type":"ListItem","position":1,"name":"Accueil","item":"https:\/\/www.africa-press.net\/tchad\/"},{"@type":"ListItem","position":2,"name":"suspension du pr\u00e9sident de l\u2019universit\u00e9 Adam Barka d\u2019Ab\u00e9ch\u00e9"}]},{"@type":"WebSite","@id":"https:\/\/www.africa-press.net\/tchad\/#website","url":"https:\/\/www.africa-press.net\/tchad\/","name":"tchad","description":"Just another Africa News Agency Sites site","potentialAction":[{"@type":"SearchAction","target":{"@type":"EntryPoint","urlTemplate":"https:\/\/www.africa-press.net\/tchad\/?s={search_term_string}"},"query-input":{"@type":"PropertyValueSpecification","valueRequired":true,"valueName":"search_term_string"}}],"inLanguage":"fr-FR"},{"@type":"Person","@id":"https:\/\/www.africa-press.net\/tchad\/#\/schema\/person\/2b1cf3cd81a31e3cd26889ca66d677f1","name":"cfeditorfr"}]}},"_links":{"self":[{"href":"https:\/\/www.africa-press.net\/tchad\/wp-json\/wp\/v2\/posts\/13869","targetHints":{"allow":["GET"]}}],"collection":[{"href":"https:\/\/www.africa-press.net\/tchad\/wp-json\/wp\/v2\/posts"}],"about":[{"href":"https:\/\/www.africa-press.net\/tchad\/wp-json\/wp\/v2\/types\/post"}],"author":[{"embeddable":true,"href":"https:\/\/www.africa-press.net\/tchad\/wp-json\/wp\/v2\/users\/82"}],"replies":[{"embeddable":true,"href":"https:\/\/www.africa-press.net\/tchad\/wp-json\/wp\/v2\/comments?post=13869"}],"version-history":[{"count":0,"href":"https:\/\/www.africa-press.net\/tchad\/wp-json\/wp\/v2\/posts\/13869\/revisions"}],"wp:featuredmedia":[{"embeddable":true,"href":"https:\/\/www.africa-press.net\/tchad\/wp-json\/wp\/v2\/media\/13868"}],"wp:attachment":[{"href":"https:\/\/www.africa-press.net\/tchad\/wp-json\/wp\/v2\/media?parent=13869"}],"wp:term":[{"taxonomy":"category","embeddable":true,"href":"https:\/\/www.africa-press.net\/tchad\/wp-json\/wp\/v2\/categories?post=13869"},{"taxonomy":"post_tag","embeddable":true,"href":"https:\/\/www.africa-press.net\/tchad\/wp-json\/wp\/v2\/tags?post=13869"}],"curies":[{"name":"wp","href":"https:\/\/api.w.org\/{rel}","templated":true}]}}