{"id":13887,"date":"2021-11-17T19:23:05","date_gmt":"2021-11-17T19:23:05","guid":{"rendered":"https:\/\/www.africa-press.net\/tchad\/politique\/de-nombreux-espagnols-consideraient-les-incas-comme-des-analphabetes"},"modified":"2021-11-18T23:41:19","modified_gmt":"2021-11-18T23:41:19","slug":"de-nombreux-espagnols-consideraient-les-incas-comme-des-analphabetes","status":"publish","type":"post","link":"https:\/\/www.africa-press.net\/tchad\/toutes-les-actualites\/de-nombreux-espagnols-consideraient-les-incas-comme-des-analphabetes","title":{"rendered":"&lsquo;De nombreux Espagnols consid\u00e9raient les Incas comme des analphab\u00e8tes&rsquo;"},"content":{"rendered":"<p><span style=\"color: #ff6600\"><strong>Africa-Press &#8211; Tchad. <\/strong><\/span>C&rsquo;est dans une r\u00e9sidence d&rsquo;\u00e9tudiants de l&rsquo;universit\u00e9 de Harvard que le math\u00e9maticien Manuel Medrano (Los Angeles, 1996) a eu son \u00ab\u00a0moment Rosetta\u00a0\u00bb, \u00e0 l&rsquo;\u00e2ge de 19 ans seulement.<\/p>\n<p>C&rsquo;est ainsi que l&rsquo;universitaire d\u00e9finit les petites d\u00e9couvertes qui, accumul\u00e9es, permettent de faire avancer le monde de la connaissance.<\/p>\n<p>De la m\u00eame mani\u00e8re que Jean-Fran\u00e7ois Champollion a r\u00e9ussi \u00e0 d\u00e9chiffrer la signification des hi\u00e9roglyphes en 1822, en partie gr\u00e2ce \u00e0 toutes les recherches qui l&rsquo;ont pr\u00e9c\u00e9d\u00e9.<\/p>\n<p>Dans son cas, Medrano avait trouv\u00e9 une correspondance d&rsquo;informations non num\u00e9riques entre 6 anciens quipus (\u00ab\u00a0n\u0153ud\u00a0\u00bb en quechua) et un document de recensement espagnol du 17\u00e8me si\u00e8cle qui avaient \u00e9t\u00e9 pr\u00e9c\u00e9demment identifi\u00e9s comme de possibles sources concordantes.<\/p>\n<p>Des experts indiens enqu\u00eatent sur une maladie \u00ab\u00a0myst\u00e9rieuse\u00a0\u00bb Un petit pas de plus vers le d\u00e9chiffrage de ces artefacts complexes compos\u00e9s de cordes, de n\u0153uds et de couleurs utilis\u00e9s pour enregistrer des informations num\u00e9riques et narratives et invent\u00e9s par la puissante culture Wari, aux alentours de 950 apr\u00e8s J-C.<\/p>\n<p>Il en existe actuellement 1 386 exemplaires dispers\u00e9s dans le monde, soit seulement 1 % de ceux qui auraient exist\u00e9.<\/p>\n<p>Medrano est actuellement \u00e0 l&rsquo;universit\u00e9 de St Andrews en \u00c9cosse, o\u00f9 il \u00e9tudie les \u00ab\u00a0paper quipus\u00a0\u00bb, transcriptions de quipus que, apr\u00e8s la conqu\u00eate, les plaideurs andins introduisaient comme preuves dans les proc\u00e9dures judiciaires.<\/p>\n<p>Une autre de ses contributions est \u00ab\u00a0Quipus. Mille ans d&rsquo;histoire nou\u00e9e dans les Andes et son avenir num\u00e9rique\u00a0\u00bb, un livre tr\u00e8s int\u00e9ressant dont l&rsquo;auteur esp\u00e8re qu&rsquo;il \u00e9veillera la curiosit\u00e9 du public sur cette \u00ab\u00a0grande \u00e9nigme de l&rsquo;humanit\u00e9\u00a0\u00bb.<\/p>\n<p>Le chercheur am\u00e9ricain s&rsquo;est entretenu avec BBC Mundo dans le cadre du Hay Festival Arequipa.<\/p>\n<p>D&rsquo;o\u00f9 vient la passion d&rsquo;un math\u00e9maticien pour l&rsquo;\u00e9tude des quipus ?J&rsquo;ai \u00e9t\u00e9 fascin\u00e9 par l&rsquo;Antiquit\u00e9 lorsque, \u00e0 l&rsquo;\u00e2ge de 8 ans, j&rsquo;ai visit\u00e9 une exposition sur les restes fun\u00e9raires de Toutankhamon \u00e0 Los Angeles.<\/p>\n<p>J&rsquo;ai su que je voulais d\u00e9velopper mon int\u00e9r\u00eat pour l&rsquo;arch\u00e9ologie lorsque je suis arriv\u00e9 \u00e0 Harvard, o\u00f9 j&rsquo;ai d\u00e9couvert les Incas et le probl\u00e8me du d\u00e9codage du quipu. J&rsquo;ai obtenu un dipl\u00f4me en math\u00e9matiques appliqu\u00e9es parce que je m&rsquo;int\u00e9ressais aux techniques quantitatives pour l&rsquo;\u00e9tude de l&rsquo;histoire.<\/p>\n<p>Mais il ne s&rsquo;agit pas seulement d&rsquo;une pr\u00e9occupation acad\u00e9mique, il y a aussi une motivation personnelle.<\/p>\n<p>Mon grand-p\u00e8re maternel, Antonio Flores, et sa femme, Eva, ont \u00e9migr\u00e9 \u00e0 Sacramento, en Californie. Antonio \u00e9tait un travailleur journalier et ne savait ni lire ni \u00e9crire, et j&rsquo;ai pens\u00e9 \u00e0 l&rsquo;impact quotidien qu&rsquo;un tel \u00e9v\u00e9nement pouvait avoir aux \u00c9tats-Unis.<\/p>\n<p>Je tiens \u00e0 dire que, m\u00eame si l&rsquo;histoire de ma propre famille n&rsquo;a rien \u00e0 voir avec les quipus, elle m&rsquo;a fait voir le pouvoir que la perception de l&rsquo;illettrisme peut avoir dans des contextes multiculturels.<\/p>\n<p>Qu&rsquo;est-ce que tu veux dire ?Pour des raisons historiques, il existe un lien entre les Andes pr\u00e9hispaniques et l&rsquo;analphab\u00e9tisme.<\/p>\n<p>\u00c1ngel Rama a \u00e9crit dans \u00ab\u00a0La ciudad letrada\u00a0\u00bb que l&rsquo;\u00e9criture graphique avait un pouvoir important dans le \u00ab\u00a0Nouveau Monde\u00a0\u00bb car elle devenait une aptitude \u00e0 participer \u00e0 la vie civique.<\/p>\n<p>L&rsquo;id\u00e9e que la capacit\u00e9 de lire et d&rsquo;\u00e9crire permettait aux citoyens d&rsquo;acc\u00e9der au pouvoir a laiss\u00e9 un h\u00e9ritage important dans les \u00e9crits et dans les si\u00e8cles qui ont suivi la conqu\u00eate.<\/p>\n<p>Elle a \u00e9galement influenc\u00e9 notre propre interpr\u00e9tation de la question de savoir si les quipus peuvent remplir les fonctions de l&rsquo;\u00e9criture ou s&rsquo;ils sont complexes ou non, par exemple.<\/p>\n<p>Et lors de la conqu\u00eate, peut-on dire que les Espagnols ont exploit\u00e9 cette vision des Incas comme analphab\u00e8tes \u00e0 des fins de domination ?Ce n&rsquo;\u00e9tait pas n\u00e9cessairement le fer de lance, m\u00eame s&rsquo;il existait un pr\u00e9jug\u00e9 culturel qui d\u00e9finissait la capacit\u00e9 \u00e0 lire et \u00e0 \u00e9crire uniquement de mani\u00e8re bidimensionnelle, c&rsquo;est-\u00e0-dire sur du papier et de l&rsquo;encre.<\/p>\n<p>Ainsi, beaucoup consid\u00e9raient les Incas comme des analphab\u00e8tes parce que les quipus ne correspondaient pas \u00e0 ce qu&rsquo;ils comprenaient comme une \u00e9criture. Mais ce n&rsquo;est l\u00e0 qu&rsquo;un des pr\u00e9jug\u00e9s et une des visions du monde qui sous-tendent la conqu\u00eate de l&rsquo;Am\u00e9rique.<\/p>\n<p>Qu&rsquo;est-ce qui a fait de cette combinaison de ficelle, de n\u0153uds et de couleurs une forme viable de communication ? C&rsquo;\u00e9tait un outil id\u00e9al pour l&rsquo;environnement d\u00e9sertique et pluvieux des Andes, et un instrument parfait pour transmettre des informations sur des milliers de kilom\u00e8tres.<\/p>\n<p>Il est passionnant de rencontrer une forme d&rsquo;inscription tridimensionnelle, quelque chose qui d\u00e9fie notre \u00e9ducation. Lorsque nous entendons le mot \u00a0\u00bb \u00e9criture \u00ab\u00a0, nous pensons \u00e0 deux dimensions, mais nous devons envisager la possibilit\u00e9 qu&rsquo;une autre civilisation ne proc\u00e9dait pas de cette mani\u00e8re.<\/p>\n<p>Peut-on alors la consid\u00e9rer comme une forme d&rsquo;\u00e9criture ?C&rsquo;est un d\u00e9bat, mais je dirais qu&rsquo;ils ont rempli les m\u00eames fonctions que l&rsquo;\u00e9criture avant et apr\u00e8s la conqu\u00eate. Nous connaissons certaines communaut\u00e9s des hautes terres centrales du P\u00e9rou qui, des d\u00e9cennies apr\u00e8s l&rsquo;introduction de l&rsquo;\u00e9criture graphique, ont continu\u00e9 \u00e0 utiliser les quipus.<\/p>\n<p>Le quipu doit \u00eatre consid\u00e9r\u00e9 comme un outil complexe \u00e0 chaque p\u00e9riode de son utilisation active, et pas seulement pendant les 130 ans de la p\u00e9riode inca. En fait, cette p\u00e9riode repr\u00e9sente moins de 15% de son utilisation.<\/p>\n<p>Au-del\u00e0 de la comptabilit\u00e9, dans quels autres contextes ont-ils \u00e9t\u00e9 utilis\u00e9s ? En d\u00e9crivant un mill\u00e9naire de quipu, l&rsquo;un des mythes que je voulais briser est qu&rsquo;ils sont les documents des \u00e9lites et qu&rsquo;ils sont morts rapidement apr\u00e8s la conqu\u00eate espagnole.<\/p>\n<p>En fait, un exemple du 18\u00e8me si\u00e8cle est l&rsquo;utilisation de quipus pour planifier le soul\u00e8vement contre les administrateurs coloniaux avant l&rsquo;ind\u00e9pendance.<\/p>\n<p>J&rsquo;imagine que c&rsquo;est aussi contre l&rsquo;\u00c9gliseNous savons que lorsque l&rsquo;\u00c9glise catholique est entr\u00e9e, le quipu a \u00e9t\u00e9 impos\u00e9 \u00e0 des fins religieuses, comme les chapelets ou pour la confession.<\/p>\n<p>Mais en m\u00eame temps, nous avons des exemples d&rsquo;une communaut\u00e9 o\u00f9 le pr\u00eatre d&rsquo;une \u00e9glise a \u00e9t\u00e9 surpris parce que ses paroissiens venaient se confesser avec un quipu standardis\u00e9, c&rsquo;est-\u00e0-dire que le pr\u00eatre a entendu la m\u00eame confession encore et encore de la part des membres de la communaut\u00e9.<\/p>\n<p>Le quipu pouvait donc \u00eatre utilis\u00e9 \u00e0 la fois comme un instrument de domination et de subversion. Et bien que la forme du quipus dans chacun des cas ne soit pas encore claire, il est important de condenser et de d\u00e9crire l&rsquo;esprit sous-jacent.<\/p>\n<p>Mais les Espagnols n&rsquo;ont-ils jamais voulu apprendre \u00e0 les d\u00e9chiffrer ?Jusqu&rsquo;\u00e0 pr\u00e9sent, nous n&rsquo;avons pas, parmi les sources connues des chroniqueurs espagnols, celle qui nous fournit la cl\u00e9 de l&rsquo;interpr\u00e9tation universelle du quipu inca.<\/p>\n<p>Cependant, il est possible qu&rsquo;un jour nous trouvions des documents qui incluent certains de ces d\u00e9tails. Esp\u00e9rons que ce jour viendra !<\/p>\n<p>Et pourquoi est-il essentiel que nous d\u00e9chiffrions les quipus ?Si nous voulons \u00e9crire une histoire du monde pr\u00e9hispanique telle que racont\u00e9e par ce monde lui-m\u00eame, nous devons disposer de toute la gamme des sources disponibles, et l&rsquo;une de ces sources de premi\u00e8re main est le quipus.<\/p>\n<p>En outre, elle nous permettrait de modifier la conceptualisation du plus grand empire du \u00a0\u00bb Nouveau Monde \u00a0\u00bb et de relever l&rsquo;un des d\u00e9fis communs de notre humanit\u00e9.<\/p>\n<p>Nous avons d\u00e9chiffr\u00e9 les sources primaires de presque toutes les grandes civilisations anciennes et les quipus repr\u00e9sentent l&rsquo;une des derni\u00e8res qui restent \u00e0 d\u00e9coder.<\/p>\n<p>Pourquoi n&rsquo;avons-nous pas encore atteint cet objectif ?Il y a plusieurs raisons, mais cela d\u00e9pend de la personne \u00e0 qui vous demandez. Les arch\u00e9ologues pourraient vous dire que nous manquons de sp\u00e9cimens, les sp\u00e9cialistes de la litt\u00e9rature coloniale que nous n&rsquo;avons pas assez d&rsquo;\u00e9crits de l&rsquo;\u00e9poque, et les historiens que nous avons besoin de plus de sources archivistiques.<\/p>\n<p>Mais tous s&rsquo;accordent \u00e0 dire que l&rsquo;ensemble des sources est incomplet. Pour traiter ce dossier partiel, nous devons int\u00e9grer les m\u00e9thodes de nombreuses disciplines compl\u00e9mentaires.<\/p>\n<p>Par exemple, les techniques informatiques peuvent nous aider en l&rsquo;absence d&rsquo;archives arch\u00e9ologiques, c&rsquo;est-\u00e0-dire qu&rsquo;avec les statistiques, nous pouvons tester les hypoth\u00e8ses que nous tirons de quelques sp\u00e9cimens arch\u00e9ologiques.<\/p>\n<p>Parlez-moi de votre vision de l&rsquo;avenirNous sommes en train de num\u00e9riser les quipus et cela nous permet de les conserver, c&rsquo;est-\u00e0-dire d&rsquo;avoir un enregistrement permanent de ces sp\u00e9cimens dans leur \u00e9tat original et la possibilit\u00e9 de les analyser dans cet effort commun de d\u00e9chiffrage.<\/p>\n<p>Le quipu num\u00e9rique et son catalogage repr\u00e9sentent pour moi l&rsquo;un des moyens de commencer \u00e0 faire des comparaisons \u00e0 grande \u00e9chelle ou \u00e0 plusieurs niveaux, et c&rsquo;est pourquoi j&rsquo;ai mis en \u0153uvre certaines des techniques de la science des donn\u00e9es pour l&rsquo;examen des sp\u00e9cimens survivants.<\/p>\n<p>Par exemple ?Lorsque nous pourrons former des groupes ou des familles de quipus, cela constituera un guide puissant pour l&rsquo;interpr\u00e9tation d&rsquo;autres \u00e9l\u00e9ments au sein de ces familles et nous pourrons discuter de la signification d&rsquo;\u00e9l\u00e9ments sp\u00e9cifiques au sein des quipus d\u00e9mographiques, calendaires ou tributaires.<\/p>\n<p>Pour l&rsquo;instant, nous n&rsquo;avons pas identifi\u00e9 suffisamment de sp\u00e9cimens pour \u00eatre s\u00fbrs qu&rsquo;ils remplissent ces fonctions sp\u00e9cifiques, mais l&rsquo;intelligence artificielle &#8211; et l&rsquo;apprentissage automatique en particulier &#8211; peut former certains de ces groupements pr\u00e9liminaires que nous pouvons ensuite v\u00e9rifier manuellement.<\/p>\n<p>C&rsquo;est l&rsquo;une des approches les plus passionnantes et les plus prometteuses pour l&rsquo;avenir.<\/p>\n<p>Que nous disent les quipus sur le P\u00e9rou d&rsquo;aujourd&rsquo;hui ?Nous avons affaire \u00e0 l&rsquo;une des technologies les plus sophistiqu\u00e9es et complexes de l&rsquo;histoire de l&rsquo;humanit\u00e9, qui a connu son apog\u00e9e dans les Andes.<\/p>\n<p>Un guide sur les \u00ab\u00a0tr\u00e9sors pill\u00e9s\u00a0\u00bb de l&rsquo;Afrique Il nous dit que le P\u00e9rou ou le monde andin est un lieu \u00a0\u00bb d&rsquo;authenticit\u00e9 historique \u00a0\u00bb et d&rsquo;une complexit\u00e9 si profonde qu&rsquo;avec toute la technologie dont nous disposons, nous n&rsquo;avons pas pu en achever le d\u00e9chiffrement.<\/p>\n<p>C&rsquo;est passionnant et nous sommes redevables \u00e0 tous les chercheurs qui nous ont pr\u00e9c\u00e9d\u00e9s dans ce d\u00e9fi.<\/p>\n<p>Cet article fait partie de la version num\u00e9rique du Hay Festival Arequipa, un rassemblement d&rsquo;\u00e9crivains et de penseurs qui se d\u00e9roule \u00e0 Arequipa du 1er au 7 novembre.<\/p>\n<p><strong>Pour plus d&rsquo;informations et d&rsquo;analyses sur la <a href=\"https:\/\/www.africa-press.net\/tchad\">Tchad<\/a>, suivez <a href=\"https:\/\/www.africa-press.net\/\">Africa-Press<\/a><\/strong><\/p>\n","protected":false},"excerpt":{"rendered":"<p>Africa-Press &#8211; Tchad. C&rsquo;est dans une r\u00e9sidence d&rsquo;\u00e9tudiants de l&rsquo;universit\u00e9 de Harvard que le math\u00e9maticien Manuel Medrano (Los Angeles, 1996) a eu son \u00ab\u00a0moment Rosetta\u00a0\u00bb, \u00e0 l&rsquo;\u00e2ge de 19 ans seulement. C&rsquo;est ainsi que l&rsquo;universitaire d\u00e9finit les petites d\u00e9couvertes qui, accumul\u00e9es, permettent de faire avancer le monde de la connaissance. De la m\u00eame mani\u00e8re que [&hellip;]<\/p>\n","protected":false},"author":82,"featured_media":13886,"comment_status":"open","ping_status":"closed","sticky":false,"template":"","format":"standard","meta":{"footnotes":""},"categories":[22,11,10],"tags":[37,292,2545,2546,29],"class_list":["post-13887","post","type-post","status-publish","format-standard","has-post-thumbnail","hentry","category-divers","category-homepage-french","category-toutes-les-actualites","tag-africa-press","tag-africa-press-tchad","tag-espagnols","tag-harvard","tag-tchad"],"yoast_head":"<!-- This site is optimized with the Yoast SEO Premium plugin v26.1 (Yoast SEO v27.0) - https:\/\/yoast.com\/product\/yoast-seo-premium-wordpress\/ -->\n<title>&#039;De nombreux Espagnols consid\u00e9raient les Incas comme des analphab\u00e8tes&#039; - tchad<\/title>\n<meta name=\"description\" content=\"C&#039;est dans une r\u00e9sidence d&#039;\u00e9tudiants de l&#039;universit\u00e9 de Harvard que le math\u00e9maticien Manuel Medrano (Los Angeles, 1996) ...\" \/>\n<meta name=\"robots\" content=\"index, follow, max-snippet:-1, max-image-preview:large, max-video-preview:-1\" \/>\n<link rel=\"canonical\" href=\"https:\/\/www.africa-press.net\/tchad\/toutes-les-actualites\/de-nombreux-espagnols-consideraient-les-incas-comme-des-analphabetes\" \/>\n<meta property=\"og:locale\" content=\"fr_FR\" \/>\n<meta property=\"og:type\" content=\"article\" \/>\n<meta property=\"og:title\" content=\"&#039;De nombreux Espagnols consid\u00e9raient les Incas comme des analphab\u00e8tes&#039;\" \/>\n<meta property=\"og:description\" content=\"C&#039;est dans une r\u00e9sidence d&#039;\u00e9tudiants de l&#039;universit\u00e9 de Harvard que le math\u00e9maticien Manuel Medrano (Los Angeles, 1996) ...\" \/>\n<meta property=\"og:url\" content=\"https:\/\/www.africa-press.net\/tchad\/toutes-les-actualites\/de-nombreux-espagnols-consideraient-les-incas-comme-des-analphabetes\" \/>\n<meta property=\"og:site_name\" content=\"tchad\" \/>\n<meta property=\"article:published_time\" content=\"2021-11-17T19:23:05+00:00\" \/>\n<meta property=\"article:modified_time\" content=\"2021-11-18T23:41:19+00:00\" \/>\n<meta property=\"og:image\" content=\"https:\/\/static.africa-press.net\/tchad\/sites\/41\/2021\/11\/img-61955b35c3166.jpg\" \/>\n\t<meta property=\"og:image:width\" content=\"976\" \/>\n\t<meta property=\"og:image:height\" content=\"549\" \/>\n\t<meta property=\"og:image:type\" content=\"image\/jpeg\" \/>\n<meta name=\"author\" content=\"cfeditorfr\" \/>\n<meta name=\"twitter:card\" content=\"summary_large_image\" \/>\n<meta name=\"twitter:label1\" content=\"\u00c9crit par\" \/>\n\t<meta name=\"twitter:data1\" content=\"cfeditorfr\" \/>\n\t<meta name=\"twitter:label2\" content=\"Dur\u00e9e de lecture estim\u00e9e\" \/>\n\t<meta name=\"twitter:data2\" content=\"9 minutes\" \/>\n<script type=\"application\/ld+json\" class=\"yoast-schema-graph\">{\"@context\":\"https:\/\/schema.org\",\"@graph\":[{\"@type\":\"Article\",\"@id\":\"https:\/\/www.africa-press.net\/tchad\/toutes-les-actualites\/de-nombreux-espagnols-consideraient-les-incas-comme-des-analphabetes#article\",\"isPartOf\":{\"@id\":\"https:\/\/www.africa-press.net\/tchad\/toutes-les-actualites\/de-nombreux-espagnols-consideraient-les-incas-comme-des-analphabetes\"},\"author\":{\"name\":\"cfeditorfr\",\"@id\":\"https:\/\/www.africa-press.net\/tchad\/#\/schema\/person\/2b1cf3cd81a31e3cd26889ca66d677f1\"},\"headline\":\"&lsquo;De nombreux Espagnols consid\u00e9raient les Incas comme des analphab\u00e8tes&rsquo;\",\"datePublished\":\"2021-11-17T19:23:05+00:00\",\"dateModified\":\"2021-11-18T23:41:19+00:00\",\"mainEntityOfPage\":{\"@id\":\"https:\/\/www.africa-press.net\/tchad\/toutes-les-actualites\/de-nombreux-espagnols-consideraient-les-incas-comme-des-analphabetes\"},\"wordCount\":1847,\"commentCount\":0,\"image\":{\"@id\":\"https:\/\/www.africa-press.net\/tchad\/toutes-les-actualites\/de-nombreux-espagnols-consideraient-les-incas-comme-des-analphabetes#primaryimage\"},\"thumbnailUrl\":\"https:\/\/static.africa-press.net\/tchad\/sites\/41\/2021\/11\/img-61955b35c3166.jpg\",\"keywords\":[\"Africa Press\",\"Africa Press-Tchad\",\"Espagnols\",\"Harvard\",\"Tchad\"],\"articleSection\":[\"Divers\",\"homepage-french\",\"Toutes les actualit\u00e9s\"],\"inLanguage\":\"fr-FR\",\"potentialAction\":[{\"@type\":\"CommentAction\",\"name\":\"Comment\",\"target\":[\"https:\/\/www.africa-press.net\/tchad\/toutes-les-actualites\/de-nombreux-espagnols-consideraient-les-incas-comme-des-analphabetes#respond\"]}]},{\"@type\":\"WebPage\",\"@id\":\"https:\/\/www.africa-press.net\/tchad\/toutes-les-actualites\/de-nombreux-espagnols-consideraient-les-incas-comme-des-analphabetes\",\"url\":\"https:\/\/www.africa-press.net\/tchad\/toutes-les-actualites\/de-nombreux-espagnols-consideraient-les-incas-comme-des-analphabetes\",\"name\":\"'De nombreux Espagnols consid\u00e9raient les Incas comme des analphab\u00e8tes' - tchad\",\"isPartOf\":{\"@id\":\"https:\/\/www.africa-press.net\/tchad\/#website\"},\"primaryImageOfPage\":{\"@id\":\"https:\/\/www.africa-press.net\/tchad\/toutes-les-actualites\/de-nombreux-espagnols-consideraient-les-incas-comme-des-analphabetes#primaryimage\"},\"image\":{\"@id\":\"https:\/\/www.africa-press.net\/tchad\/toutes-les-actualites\/de-nombreux-espagnols-consideraient-les-incas-comme-des-analphabetes#primaryimage\"},\"thumbnailUrl\":\"https:\/\/static.africa-press.net\/tchad\/sites\/41\/2021\/11\/img-61955b35c3166.jpg\",\"datePublished\":\"2021-11-17T19:23:05+00:00\",\"dateModified\":\"2021-11-18T23:41:19+00:00\",\"author\":{\"@id\":\"https:\/\/www.africa-press.net\/tchad\/#\/schema\/person\/2b1cf3cd81a31e3cd26889ca66d677f1\"},\"description\":\"C'est dans une r\u00e9sidence d'\u00e9tudiants de l'universit\u00e9 de Harvard que le math\u00e9maticien Manuel Medrano (Los Angeles, 1996) ...\",\"breadcrumb\":{\"@id\":\"https:\/\/www.africa-press.net\/tchad\/toutes-les-actualites\/de-nombreux-espagnols-consideraient-les-incas-comme-des-analphabetes#breadcrumb\"},\"inLanguage\":\"fr-FR\",\"potentialAction\":[{\"@type\":\"ReadAction\",\"target\":[\"https:\/\/www.africa-press.net\/tchad\/toutes-les-actualites\/de-nombreux-espagnols-consideraient-les-incas-comme-des-analphabetes\"]}]},{\"@type\":\"ImageObject\",\"inLanguage\":\"fr-FR\",\"@id\":\"https:\/\/www.africa-press.net\/tchad\/toutes-les-actualites\/de-nombreux-espagnols-consideraient-les-incas-comme-des-analphabetes#primaryimage\",\"url\":\"https:\/\/static.africa-press.net\/tchad\/sites\/41\/2021\/11\/img-61955b35c3166.jpg\",\"contentUrl\":\"https:\/\/static.africa-press.net\/tchad\/sites\/41\/2021\/11\/img-61955b35c3166.jpg\",\"width\":976,\"height\":549,\"caption\":\"'De nombreux Espagnols consid\u00e9raient les Incas comme des analphab\u00e8tes'\"},{\"@type\":\"BreadcrumbList\",\"@id\":\"https:\/\/www.africa-press.net\/tchad\/toutes-les-actualites\/de-nombreux-espagnols-consideraient-les-incas-comme-des-analphabetes#breadcrumb\",\"itemListElement\":[{\"@type\":\"ListItem\",\"position\":1,\"name\":\"Accueil\",\"item\":\"https:\/\/www.africa-press.net\/tchad\/\"},{\"@type\":\"ListItem\",\"position\":2,\"name\":\"&#8216;De nombreux Espagnols consid\u00e9raient les Incas comme des analphab\u00e8tes&#8217;\"}]},{\"@type\":\"WebSite\",\"@id\":\"https:\/\/www.africa-press.net\/tchad\/#website\",\"url\":\"https:\/\/www.africa-press.net\/tchad\/\",\"name\":\"tchad\",\"description\":\"Just another Africa News Agency Sites site\",\"potentialAction\":[{\"@type\":\"SearchAction\",\"target\":{\"@type\":\"EntryPoint\",\"urlTemplate\":\"https:\/\/www.africa-press.net\/tchad\/?s={search_term_string}\"},\"query-input\":{\"@type\":\"PropertyValueSpecification\",\"valueRequired\":true,\"valueName\":\"search_term_string\"}}],\"inLanguage\":\"fr-FR\"},{\"@type\":\"Person\",\"@id\":\"https:\/\/www.africa-press.net\/tchad\/#\/schema\/person\/2b1cf3cd81a31e3cd26889ca66d677f1\",\"name\":\"cfeditorfr\"}]}<\/script>\n<!-- \/ Yoast SEO Premium plugin. -->","yoast_head_json":{"title":"'De nombreux Espagnols consid\u00e9raient les Incas comme des analphab\u00e8tes' - tchad","description":"C'est dans une r\u00e9sidence d'\u00e9tudiants de l'universit\u00e9 de Harvard que le math\u00e9maticien Manuel Medrano (Los Angeles, 1996) ...","robots":{"index":"index","follow":"follow","max-snippet":"max-snippet:-1","max-image-preview":"max-image-preview:large","max-video-preview":"max-video-preview:-1"},"canonical":"https:\/\/www.africa-press.net\/tchad\/toutes-les-actualites\/de-nombreux-espagnols-consideraient-les-incas-comme-des-analphabetes","og_locale":"fr_FR","og_type":"article","og_title":"'De nombreux Espagnols consid\u00e9raient les Incas comme des analphab\u00e8tes'","og_description":"C'est dans une r\u00e9sidence d'\u00e9tudiants de l'universit\u00e9 de Harvard que le math\u00e9maticien Manuel Medrano (Los Angeles, 1996) ...","og_url":"https:\/\/www.africa-press.net\/tchad\/toutes-les-actualites\/de-nombreux-espagnols-consideraient-les-incas-comme-des-analphabetes","og_site_name":"tchad","article_published_time":"2021-11-17T19:23:05+00:00","article_modified_time":"2021-11-18T23:41:19+00:00","og_image":[{"width":976,"height":549,"url":"https:\/\/static.africa-press.net\/tchad\/sites\/41\/2021\/11\/img-61955b35c3166.jpg","type":"image\/jpeg"}],"author":"cfeditorfr","twitter_card":"summary_large_image","twitter_misc":{"\u00c9crit par":"cfeditorfr","Dur\u00e9e de lecture estim\u00e9e":"9 minutes"},"schema":{"@context":"https:\/\/schema.org","@graph":[{"@type":"Article","@id":"https:\/\/www.africa-press.net\/tchad\/toutes-les-actualites\/de-nombreux-espagnols-consideraient-les-incas-comme-des-analphabetes#article","isPartOf":{"@id":"https:\/\/www.africa-press.net\/tchad\/toutes-les-actualites\/de-nombreux-espagnols-consideraient-les-incas-comme-des-analphabetes"},"author":{"name":"cfeditorfr","@id":"https:\/\/www.africa-press.net\/tchad\/#\/schema\/person\/2b1cf3cd81a31e3cd26889ca66d677f1"},"headline":"&lsquo;De nombreux Espagnols consid\u00e9raient les Incas comme des analphab\u00e8tes&rsquo;","datePublished":"2021-11-17T19:23:05+00:00","dateModified":"2021-11-18T23:41:19+00:00","mainEntityOfPage":{"@id":"https:\/\/www.africa-press.net\/tchad\/toutes-les-actualites\/de-nombreux-espagnols-consideraient-les-incas-comme-des-analphabetes"},"wordCount":1847,"commentCount":0,"image":{"@id":"https:\/\/www.africa-press.net\/tchad\/toutes-les-actualites\/de-nombreux-espagnols-consideraient-les-incas-comme-des-analphabetes#primaryimage"},"thumbnailUrl":"https:\/\/static.africa-press.net\/tchad\/sites\/41\/2021\/11\/img-61955b35c3166.jpg","keywords":["Africa Press","Africa Press-Tchad","Espagnols","Harvard","Tchad"],"articleSection":["Divers","homepage-french","Toutes les actualit\u00e9s"],"inLanguage":"fr-FR","potentialAction":[{"@type":"CommentAction","name":"Comment","target":["https:\/\/www.africa-press.net\/tchad\/toutes-les-actualites\/de-nombreux-espagnols-consideraient-les-incas-comme-des-analphabetes#respond"]}]},{"@type":"WebPage","@id":"https:\/\/www.africa-press.net\/tchad\/toutes-les-actualites\/de-nombreux-espagnols-consideraient-les-incas-comme-des-analphabetes","url":"https:\/\/www.africa-press.net\/tchad\/toutes-les-actualites\/de-nombreux-espagnols-consideraient-les-incas-comme-des-analphabetes","name":"'De nombreux Espagnols consid\u00e9raient les Incas comme des analphab\u00e8tes' - tchad","isPartOf":{"@id":"https:\/\/www.africa-press.net\/tchad\/#website"},"primaryImageOfPage":{"@id":"https:\/\/www.africa-press.net\/tchad\/toutes-les-actualites\/de-nombreux-espagnols-consideraient-les-incas-comme-des-analphabetes#primaryimage"},"image":{"@id":"https:\/\/www.africa-press.net\/tchad\/toutes-les-actualites\/de-nombreux-espagnols-consideraient-les-incas-comme-des-analphabetes#primaryimage"},"thumbnailUrl":"https:\/\/static.africa-press.net\/tchad\/sites\/41\/2021\/11\/img-61955b35c3166.jpg","datePublished":"2021-11-17T19:23:05+00:00","dateModified":"2021-11-18T23:41:19+00:00","author":{"@id":"https:\/\/www.africa-press.net\/tchad\/#\/schema\/person\/2b1cf3cd81a31e3cd26889ca66d677f1"},"description":"C'est dans une r\u00e9sidence d'\u00e9tudiants de l'universit\u00e9 de Harvard que le math\u00e9maticien Manuel Medrano (Los Angeles, 1996) ...","breadcrumb":{"@id":"https:\/\/www.africa-press.net\/tchad\/toutes-les-actualites\/de-nombreux-espagnols-consideraient-les-incas-comme-des-analphabetes#breadcrumb"},"inLanguage":"fr-FR","potentialAction":[{"@type":"ReadAction","target":["https:\/\/www.africa-press.net\/tchad\/toutes-les-actualites\/de-nombreux-espagnols-consideraient-les-incas-comme-des-analphabetes"]}]},{"@type":"ImageObject","inLanguage":"fr-FR","@id":"https:\/\/www.africa-press.net\/tchad\/toutes-les-actualites\/de-nombreux-espagnols-consideraient-les-incas-comme-des-analphabetes#primaryimage","url":"https:\/\/static.africa-press.net\/tchad\/sites\/41\/2021\/11\/img-61955b35c3166.jpg","contentUrl":"https:\/\/static.africa-press.net\/tchad\/sites\/41\/2021\/11\/img-61955b35c3166.jpg","width":976,"height":549,"caption":"'De nombreux Espagnols consid\u00e9raient les Incas comme des analphab\u00e8tes'"},{"@type":"BreadcrumbList","@id":"https:\/\/www.africa-press.net\/tchad\/toutes-les-actualites\/de-nombreux-espagnols-consideraient-les-incas-comme-des-analphabetes#breadcrumb","itemListElement":[{"@type":"ListItem","position":1,"name":"Accueil","item":"https:\/\/www.africa-press.net\/tchad\/"},{"@type":"ListItem","position":2,"name":"&#8216;De nombreux Espagnols consid\u00e9raient les Incas comme des analphab\u00e8tes&#8217;"}]},{"@type":"WebSite","@id":"https:\/\/www.africa-press.net\/tchad\/#website","url":"https:\/\/www.africa-press.net\/tchad\/","name":"tchad","description":"Just another Africa News Agency Sites site","potentialAction":[{"@type":"SearchAction","target":{"@type":"EntryPoint","urlTemplate":"https:\/\/www.africa-press.net\/tchad\/?s={search_term_string}"},"query-input":{"@type":"PropertyValueSpecification","valueRequired":true,"valueName":"search_term_string"}}],"inLanguage":"fr-FR"},{"@type":"Person","@id":"https:\/\/www.africa-press.net\/tchad\/#\/schema\/person\/2b1cf3cd81a31e3cd26889ca66d677f1","name":"cfeditorfr"}]}},"_links":{"self":[{"href":"https:\/\/www.africa-press.net\/tchad\/wp-json\/wp\/v2\/posts\/13887","targetHints":{"allow":["GET"]}}],"collection":[{"href":"https:\/\/www.africa-press.net\/tchad\/wp-json\/wp\/v2\/posts"}],"about":[{"href":"https:\/\/www.africa-press.net\/tchad\/wp-json\/wp\/v2\/types\/post"}],"author":[{"embeddable":true,"href":"https:\/\/www.africa-press.net\/tchad\/wp-json\/wp\/v2\/users\/82"}],"replies":[{"embeddable":true,"href":"https:\/\/www.africa-press.net\/tchad\/wp-json\/wp\/v2\/comments?post=13887"}],"version-history":[{"count":0,"href":"https:\/\/www.africa-press.net\/tchad\/wp-json\/wp\/v2\/posts\/13887\/revisions"}],"wp:featuredmedia":[{"embeddable":true,"href":"https:\/\/www.africa-press.net\/tchad\/wp-json\/wp\/v2\/media\/13886"}],"wp:attachment":[{"href":"https:\/\/www.africa-press.net\/tchad\/wp-json\/wp\/v2\/media?parent=13887"}],"wp:term":[{"taxonomy":"category","embeddable":true,"href":"https:\/\/www.africa-press.net\/tchad\/wp-json\/wp\/v2\/categories?post=13887"},{"taxonomy":"post_tag","embeddable":true,"href":"https:\/\/www.africa-press.net\/tchad\/wp-json\/wp\/v2\/tags?post=13887"}],"curies":[{"name":"wp","href":"https:\/\/api.w.org\/{rel}","templated":true}]}}