{"id":13903,"date":"2021-11-18T17:32:25","date_gmt":"2021-11-18T17:32:25","guid":{"rendered":"https:\/\/www.africa-press.net\/tchad\/politique\/le-dg-de-ladac-apporte-des-eclaircissements-sur-le-nouvel-arrete-instituant-la-redevance"},"modified":"2021-11-18T23:42:50","modified_gmt":"2021-11-18T23:42:50","slug":"le-dg-de-ladac-apporte-des-eclaircissements-sur-le-nouvel-arrete-instituant-la-redevance","status":"publish","type":"post","link":"https:\/\/www.africa-press.net\/tchad\/politique\/le-dg-de-ladac-apporte-des-eclaircissements-sur-le-nouvel-arrete-instituant-la-redevance","title":{"rendered":"le DG de l\u2019ADAC apporte des \u00e9claircissements sur le nouvel arr\u00eat\u00e9 instituant la redevance"},"content":{"rendered":"<p><span style=\"color: #ff6600\"><strong>Africa-Press &#8211; Tchad. <\/strong><\/span>Au cours d\u2019une conf\u00e9rence de presse anim\u00e9e ce mercredi 17 novembre, le directeur g\u00e9n\u00e9ral de l\u2019Autorit\u00e9 de l\u2019aviation civile (ADAC) Koko\u00ef Abdraman Dadi a apport\u00e9 des \u00e9claircissements sur le nouvel arr\u00eat\u00e9 instituant la redevance.<\/p>\n<p>Koko\u00ef Abdraman Dadi a d\u2019abord relev\u00e9 qu\u2019en fin 2019, l\u2019Etat s\u2019\u00e9tait appropri\u00e9 de la probl\u00e9matique du co\u00fbt du billet d\u2019avion. Il y a eu des r\u00e9flexions tr\u00e8s profondes en amont qui ont \u00e9t\u00e9 faites et suite \u00e0 des plaintes de la compagnie a\u00e9rienne qui trouvaient que des taxes \u00e0 partir du Tchad sont tr\u00e8s ch\u00e8res.<\/p>\n<p>L\u2019Etat a donc d\u00e9cid\u00e9 de r\u00e9duire de 50% la redevance qui est collect\u00e9e par l\u2019Autorit\u00e9 de l\u2019aviation civile, ainsi que le gestionnaire de l\u2019a\u00e9roport \u00e0 travers l\u2019ASECNA.<\/p>\n<p>Apr\u00e8s deux ans, il a \u00e9t\u00e9 constat\u00e9 que cette mesure sur la r\u00e9duction de 50% n\u2019a pas eu d\u2019impact sur le prix de billet d\u2019avion, celui-ci est rest\u00e9 intact, a fait le directeur g\u00e9n\u00e9ral de l\u2019ADAC.<\/p>\n<p>Uune r\u00e9union sur la probl\u00e9matique du prix de billet d\u2019avion a \u00e9t\u00e9 convoqu\u00e9e d\u00e8s la prise de fonction du ministre de l\u2019Aviation civile et de la M\u00e9trologie nationale Haliki Choua Mahamat, informe Kokoi Abderaman Dadi.<\/p>\n<p>Ensuite une commission restreinte avec un \u00e9chantillonnage de certaines compagnies a\u00e9riennes ainsi que des soci\u00e9t\u00e9s d\u2019assistance et les services des imp\u00f4ts est mise en place pour comprendre le vrai probl\u00e8me.<\/p>\n<p>\u00ab Ni les imp\u00f4ts, ni la redevance n\u2019avaient un impact sur le prix du billet et nous avons pu le d\u00e9montrer\u201d, rapporte le DG de l\u2019ADAC. Ce qui a amen\u00e9 le minist\u00e8re \u00e0 reconduire la redevance \u00e0 partir du Tchad sur le m\u00eame niveau, m\u00eame taux o\u00f9 ils \u00e9taient avant 2019.<\/p>\n<p>L\u2019autorit\u00e9 de l\u2019aviation a\u00e9rienne a une mission r\u00e9galienne de s\u2019assurer que les passagers en provenance de l\u2019ext\u00e9rieur ou au d\u00e9part du Tchad voyagent dans les meilleures conditions de s\u00e9curit\u00e9 et de suret\u00e9.<\/p>\n<p>Pour r\u00e9ussir cette mission, \u00ab nous devrons faire des inspections, nous assurer que le p\u00e9rim\u00e8tre a\u00e9roportuaire n\u2019est pas franchi ni par des personnes mal intentionn\u00e9es, ni par les animaux, ce qui pourrait cr\u00e9er des incidents \u00bb. Ces redevances, les passagers en b\u00e9n\u00e9ficient directement. Cela ne vient pas s\u2019ajouter, c\u2019est une prestation de service.<\/p>\n<p>Par rapport \u00e0 la situation du gestionnaire de l\u2019a\u00e9roport qui, lui aussi b\u00e9n\u00e9ficie de cette normalisation, les passagers b\u00e9n\u00e9ficient aussi de ce qu\u2019ils payent sur la plateforme a\u00e9roportuaire comme l\u2019\u00e9lectrification, la climatisation, la toilette, ce sont des services que l\u2019a\u00e9roportuaire rend mais les passagers au cours de son voyage b\u00e9n\u00e9ficient directement \u00bb, pr\u00e9cise le DG.<\/p>\n<p>Pour rappel l\u2019arr\u00eat\u00e9 n\u00b0025 fixant les r\u00e8gles relatives aux tarifs applicables aux passagers, au fret et \u00e0 la poste pour les services de transport a\u00e9rien en provenance et \u00e0 destination du Tchad souligne que \u201cles transporteurs a\u00e9riens fixent librement les tarifs de passagers, de fret et de courrier.<\/p>\n<p>Afin de sauvegarder les int\u00e9r\u00eats des consommateurs et de l\u2019industrie, les tarifs sont fix\u00e9s en relation avec le co\u00fbt de la prestation et du service rendu\u201d.<\/p>\n<p><strong>Pour plus d&rsquo;informations et d&rsquo;analyses sur la <a href=\"https:\/\/www.africa-press.net\/tchad\">Tchad<\/a>, suivez <a href=\"https:\/\/www.africa-press.net\/\">Africa-Press<\/a><\/strong><\/p>\n","protected":false},"excerpt":{"rendered":"<p>Africa-Press &#8211; Tchad. Au cours d\u2019une conf\u00e9rence de presse anim\u00e9e ce mercredi 17 novembre, le directeur g\u00e9n\u00e9ral de l\u2019Autorit\u00e9 de l\u2019aviation civile (ADAC) Koko\u00ef Abdraman Dadi a apport\u00e9 des \u00e9claircissements sur le nouvel arr\u00eat\u00e9 instituant la redevance. Koko\u00ef Abdraman Dadi a d\u2019abord relev\u00e9 qu\u2019en fin 2019, l\u2019Etat s\u2019\u00e9tait appropri\u00e9 de la probl\u00e9matique du co\u00fbt du [&hellip;]<\/p>\n","protected":false},"author":82,"featured_media":13902,"comment_status":"open","ping_status":"closed","sticky":false,"template":"","format":"standard","meta":{"footnotes":""},"categories":[11,2,10],"tags":[37,292,2554,2553,29],"class_list":["post-13903","post","type-post","status-publish","format-standard","has-post-thumbnail","hentry","category-homepage-french","category-politique","category-toutes-les-actualites","tag-africa-press","tag-africa-press-tchad","tag-eclaircissements","tag-redevance","tag-tchad"],"yoast_head":"<!-- This site is optimized with the Yoast SEO Premium plugin v26.1 (Yoast SEO v27.0) - https:\/\/yoast.com\/product\/yoast-seo-premium-wordpress\/ -->\n<title>le DG de l\u2019ADAC apporte des \u00e9claircissements sur le nouvel arr\u00eat\u00e9 instituant la redevance - tchad<\/title>\n<meta name=\"description\" content=\"Au cours d\u2019une conf\u00e9rence de presse anim\u00e9e ce mercredi 17 novembre, le directeur g\u00e9n\u00e9ral de l\u2019Autorit\u00e9 de l\u2019aviation civ ...\" \/>\n<meta name=\"robots\" content=\"index, follow, max-snippet:-1, max-image-preview:large, max-video-preview:-1\" \/>\n<link rel=\"canonical\" href=\"https:\/\/www.africa-press.net\/tchad\/politique\/le-dg-de-ladac-apporte-des-eclaircissements-sur-le-nouvel-arrete-instituant-la-redevance\" \/>\n<meta property=\"og:locale\" content=\"fr_FR\" \/>\n<meta property=\"og:type\" content=\"article\" \/>\n<meta property=\"og:title\" content=\"le DG de l\u2019ADAC apporte des \u00e9claircissements sur le nouvel arr\u00eat\u00e9 instituant la redevance\" \/>\n<meta property=\"og:description\" content=\"Au cours d\u2019une conf\u00e9rence de presse anim\u00e9e ce mercredi 17 novembre, le directeur g\u00e9n\u00e9ral de l\u2019Autorit\u00e9 de l\u2019aviation civ ...\" \/>\n<meta property=\"og:url\" content=\"https:\/\/www.africa-press.net\/tchad\/politique\/le-dg-de-ladac-apporte-des-eclaircissements-sur-le-nouvel-arrete-instituant-la-redevance\" \/>\n<meta property=\"og:site_name\" content=\"tchad\" \/>\n<meta property=\"article:published_time\" content=\"2021-11-18T17:32:25+00:00\" \/>\n<meta property=\"article:modified_time\" content=\"2021-11-18T23:42:50+00:00\" \/>\n<meta property=\"og:image\" content=\"https:\/\/static.africa-press.net\/tchad\/sites\/41\/2021\/11\/img-61969251c5f8f.jpg\" \/>\n\t<meta property=\"og:image:width\" content=\"696\" \/>\n\t<meta property=\"og:image:height\" content=\"522\" \/>\n\t<meta property=\"og:image:type\" content=\"image\/jpeg\" \/>\n<meta name=\"author\" content=\"cfeditorfr\" \/>\n<meta name=\"twitter:card\" content=\"summary_large_image\" \/>\n<meta name=\"twitter:label1\" content=\"\u00c9crit par\" \/>\n\t<meta name=\"twitter:data1\" content=\"cfeditorfr\" \/>\n\t<meta name=\"twitter:label2\" content=\"Dur\u00e9e de lecture estim\u00e9e\" \/>\n\t<meta name=\"twitter:data2\" content=\"3 minutes\" \/>\n<script type=\"application\/ld+json\" class=\"yoast-schema-graph\">{\"@context\":\"https:\/\/schema.org\",\"@graph\":[{\"@type\":\"Article\",\"@id\":\"https:\/\/www.africa-press.net\/tchad\/politique\/le-dg-de-ladac-apporte-des-eclaircissements-sur-le-nouvel-arrete-instituant-la-redevance#article\",\"isPartOf\":{\"@id\":\"https:\/\/www.africa-press.net\/tchad\/politique\/le-dg-de-ladac-apporte-des-eclaircissements-sur-le-nouvel-arrete-instituant-la-redevance\"},\"author\":{\"name\":\"cfeditorfr\",\"@id\":\"https:\/\/www.africa-press.net\/tchad\/#\/schema\/person\/2b1cf3cd81a31e3cd26889ca66d677f1\"},\"headline\":\"le DG de l\u2019ADAC apporte des \u00e9claircissements sur le nouvel arr\u00eat\u00e9 instituant la redevance\",\"datePublished\":\"2021-11-18T17:32:25+00:00\",\"dateModified\":\"2021-11-18T23:42:50+00:00\",\"mainEntityOfPage\":{\"@id\":\"https:\/\/www.africa-press.net\/tchad\/politique\/le-dg-de-ladac-apporte-des-eclaircissements-sur-le-nouvel-arrete-instituant-la-redevance\"},\"wordCount\":597,\"commentCount\":0,\"image\":{\"@id\":\"https:\/\/www.africa-press.net\/tchad\/politique\/le-dg-de-ladac-apporte-des-eclaircissements-sur-le-nouvel-arrete-instituant-la-redevance#primaryimage\"},\"thumbnailUrl\":\"https:\/\/static.africa-press.net\/tchad\/sites\/41\/2021\/11\/img-61969251c5f8f.jpg\",\"keywords\":[\"Africa Press\",\"Africa Press-Tchad\",\"\u00e9claircissements\",\"redevance\",\"Tchad\"],\"articleSection\":[\"homepage-french\",\"Politique\",\"Toutes les actualit\u00e9s\"],\"inLanguage\":\"fr-FR\",\"potentialAction\":[{\"@type\":\"CommentAction\",\"name\":\"Comment\",\"target\":[\"https:\/\/www.africa-press.net\/tchad\/politique\/le-dg-de-ladac-apporte-des-eclaircissements-sur-le-nouvel-arrete-instituant-la-redevance#respond\"]}]},{\"@type\":\"WebPage\",\"@id\":\"https:\/\/www.africa-press.net\/tchad\/politique\/le-dg-de-ladac-apporte-des-eclaircissements-sur-le-nouvel-arrete-instituant-la-redevance\",\"url\":\"https:\/\/www.africa-press.net\/tchad\/politique\/le-dg-de-ladac-apporte-des-eclaircissements-sur-le-nouvel-arrete-instituant-la-redevance\",\"name\":\"le DG de l\u2019ADAC apporte des \u00e9claircissements sur le nouvel arr\u00eat\u00e9 instituant la redevance - tchad\",\"isPartOf\":{\"@id\":\"https:\/\/www.africa-press.net\/tchad\/#website\"},\"primaryImageOfPage\":{\"@id\":\"https:\/\/www.africa-press.net\/tchad\/politique\/le-dg-de-ladac-apporte-des-eclaircissements-sur-le-nouvel-arrete-instituant-la-redevance#primaryimage\"},\"image\":{\"@id\":\"https:\/\/www.africa-press.net\/tchad\/politique\/le-dg-de-ladac-apporte-des-eclaircissements-sur-le-nouvel-arrete-instituant-la-redevance#primaryimage\"},\"thumbnailUrl\":\"https:\/\/static.africa-press.net\/tchad\/sites\/41\/2021\/11\/img-61969251c5f8f.jpg\",\"datePublished\":\"2021-11-18T17:32:25+00:00\",\"dateModified\":\"2021-11-18T23:42:50+00:00\",\"author\":{\"@id\":\"https:\/\/www.africa-press.net\/tchad\/#\/schema\/person\/2b1cf3cd81a31e3cd26889ca66d677f1\"},\"description\":\"Au cours d\u2019une conf\u00e9rence de presse anim\u00e9e ce mercredi 17 novembre, le directeur g\u00e9n\u00e9ral de l\u2019Autorit\u00e9 de l\u2019aviation civ ...\",\"breadcrumb\":{\"@id\":\"https:\/\/www.africa-press.net\/tchad\/politique\/le-dg-de-ladac-apporte-des-eclaircissements-sur-le-nouvel-arrete-instituant-la-redevance#breadcrumb\"},\"inLanguage\":\"fr-FR\",\"potentialAction\":[{\"@type\":\"ReadAction\",\"target\":[\"https:\/\/www.africa-press.net\/tchad\/politique\/le-dg-de-ladac-apporte-des-eclaircissements-sur-le-nouvel-arrete-instituant-la-redevance\"]}]},{\"@type\":\"ImageObject\",\"inLanguage\":\"fr-FR\",\"@id\":\"https:\/\/www.africa-press.net\/tchad\/politique\/le-dg-de-ladac-apporte-des-eclaircissements-sur-le-nouvel-arrete-instituant-la-redevance#primaryimage\",\"url\":\"https:\/\/static.africa-press.net\/tchad\/sites\/41\/2021\/11\/img-61969251c5f8f.jpg\",\"contentUrl\":\"https:\/\/static.africa-press.net\/tchad\/sites\/41\/2021\/11\/img-61969251c5f8f.jpg\",\"width\":696,\"height\":522,\"caption\":\"le DG de l\u2019ADAC apporte des \u00e9claircissements sur le nouvel arr\u00eat\u00e9 instituant la redevance\"},{\"@type\":\"BreadcrumbList\",\"@id\":\"https:\/\/www.africa-press.net\/tchad\/politique\/le-dg-de-ladac-apporte-des-eclaircissements-sur-le-nouvel-arrete-instituant-la-redevance#breadcrumb\",\"itemListElement\":[{\"@type\":\"ListItem\",\"position\":1,\"name\":\"Accueil\",\"item\":\"https:\/\/www.africa-press.net\/tchad\/\"},{\"@type\":\"ListItem\",\"position\":2,\"name\":\"le DG de l\u2019ADAC apporte des \u00e9claircissements sur le nouvel arr\u00eat\u00e9 instituant la redevance\"}]},{\"@type\":\"WebSite\",\"@id\":\"https:\/\/www.africa-press.net\/tchad\/#website\",\"url\":\"https:\/\/www.africa-press.net\/tchad\/\",\"name\":\"tchad\",\"description\":\"Just another Africa News Agency Sites site\",\"potentialAction\":[{\"@type\":\"SearchAction\",\"target\":{\"@type\":\"EntryPoint\",\"urlTemplate\":\"https:\/\/www.africa-press.net\/tchad\/?s={search_term_string}\"},\"query-input\":{\"@type\":\"PropertyValueSpecification\",\"valueRequired\":true,\"valueName\":\"search_term_string\"}}],\"inLanguage\":\"fr-FR\"},{\"@type\":\"Person\",\"@id\":\"https:\/\/www.africa-press.net\/tchad\/#\/schema\/person\/2b1cf3cd81a31e3cd26889ca66d677f1\",\"name\":\"cfeditorfr\"}]}<\/script>\n<!-- \/ Yoast SEO Premium plugin. -->","yoast_head_json":{"title":"le DG de l\u2019ADAC apporte des \u00e9claircissements sur le nouvel arr\u00eat\u00e9 instituant la redevance - tchad","description":"Au cours d\u2019une conf\u00e9rence de presse anim\u00e9e ce mercredi 17 novembre, le directeur g\u00e9n\u00e9ral de l\u2019Autorit\u00e9 de l\u2019aviation civ ...","robots":{"index":"index","follow":"follow","max-snippet":"max-snippet:-1","max-image-preview":"max-image-preview:large","max-video-preview":"max-video-preview:-1"},"canonical":"https:\/\/www.africa-press.net\/tchad\/politique\/le-dg-de-ladac-apporte-des-eclaircissements-sur-le-nouvel-arrete-instituant-la-redevance","og_locale":"fr_FR","og_type":"article","og_title":"le DG de l\u2019ADAC apporte des \u00e9claircissements sur le nouvel arr\u00eat\u00e9 instituant la redevance","og_description":"Au cours d\u2019une conf\u00e9rence de presse anim\u00e9e ce mercredi 17 novembre, le directeur g\u00e9n\u00e9ral de l\u2019Autorit\u00e9 de l\u2019aviation civ ...","og_url":"https:\/\/www.africa-press.net\/tchad\/politique\/le-dg-de-ladac-apporte-des-eclaircissements-sur-le-nouvel-arrete-instituant-la-redevance","og_site_name":"tchad","article_published_time":"2021-11-18T17:32:25+00:00","article_modified_time":"2021-11-18T23:42:50+00:00","og_image":[{"width":696,"height":522,"url":"https:\/\/static.africa-press.net\/tchad\/sites\/41\/2021\/11\/img-61969251c5f8f.jpg","type":"image\/jpeg"}],"author":"cfeditorfr","twitter_card":"summary_large_image","twitter_misc":{"\u00c9crit par":"cfeditorfr","Dur\u00e9e de lecture estim\u00e9e":"3 minutes"},"schema":{"@context":"https:\/\/schema.org","@graph":[{"@type":"Article","@id":"https:\/\/www.africa-press.net\/tchad\/politique\/le-dg-de-ladac-apporte-des-eclaircissements-sur-le-nouvel-arrete-instituant-la-redevance#article","isPartOf":{"@id":"https:\/\/www.africa-press.net\/tchad\/politique\/le-dg-de-ladac-apporte-des-eclaircissements-sur-le-nouvel-arrete-instituant-la-redevance"},"author":{"name":"cfeditorfr","@id":"https:\/\/www.africa-press.net\/tchad\/#\/schema\/person\/2b1cf3cd81a31e3cd26889ca66d677f1"},"headline":"le DG de l\u2019ADAC apporte des \u00e9claircissements sur le nouvel arr\u00eat\u00e9 instituant la redevance","datePublished":"2021-11-18T17:32:25+00:00","dateModified":"2021-11-18T23:42:50+00:00","mainEntityOfPage":{"@id":"https:\/\/www.africa-press.net\/tchad\/politique\/le-dg-de-ladac-apporte-des-eclaircissements-sur-le-nouvel-arrete-instituant-la-redevance"},"wordCount":597,"commentCount":0,"image":{"@id":"https:\/\/www.africa-press.net\/tchad\/politique\/le-dg-de-ladac-apporte-des-eclaircissements-sur-le-nouvel-arrete-instituant-la-redevance#primaryimage"},"thumbnailUrl":"https:\/\/static.africa-press.net\/tchad\/sites\/41\/2021\/11\/img-61969251c5f8f.jpg","keywords":["Africa Press","Africa Press-Tchad","\u00e9claircissements","redevance","Tchad"],"articleSection":["homepage-french","Politique","Toutes les actualit\u00e9s"],"inLanguage":"fr-FR","potentialAction":[{"@type":"CommentAction","name":"Comment","target":["https:\/\/www.africa-press.net\/tchad\/politique\/le-dg-de-ladac-apporte-des-eclaircissements-sur-le-nouvel-arrete-instituant-la-redevance#respond"]}]},{"@type":"WebPage","@id":"https:\/\/www.africa-press.net\/tchad\/politique\/le-dg-de-ladac-apporte-des-eclaircissements-sur-le-nouvel-arrete-instituant-la-redevance","url":"https:\/\/www.africa-press.net\/tchad\/politique\/le-dg-de-ladac-apporte-des-eclaircissements-sur-le-nouvel-arrete-instituant-la-redevance","name":"le DG de l\u2019ADAC apporte des \u00e9claircissements sur le nouvel arr\u00eat\u00e9 instituant la redevance - tchad","isPartOf":{"@id":"https:\/\/www.africa-press.net\/tchad\/#website"},"primaryImageOfPage":{"@id":"https:\/\/www.africa-press.net\/tchad\/politique\/le-dg-de-ladac-apporte-des-eclaircissements-sur-le-nouvel-arrete-instituant-la-redevance#primaryimage"},"image":{"@id":"https:\/\/www.africa-press.net\/tchad\/politique\/le-dg-de-ladac-apporte-des-eclaircissements-sur-le-nouvel-arrete-instituant-la-redevance#primaryimage"},"thumbnailUrl":"https:\/\/static.africa-press.net\/tchad\/sites\/41\/2021\/11\/img-61969251c5f8f.jpg","datePublished":"2021-11-18T17:32:25+00:00","dateModified":"2021-11-18T23:42:50+00:00","author":{"@id":"https:\/\/www.africa-press.net\/tchad\/#\/schema\/person\/2b1cf3cd81a31e3cd26889ca66d677f1"},"description":"Au cours d\u2019une conf\u00e9rence de presse anim\u00e9e ce mercredi 17 novembre, le directeur g\u00e9n\u00e9ral de l\u2019Autorit\u00e9 de l\u2019aviation civ ...","breadcrumb":{"@id":"https:\/\/www.africa-press.net\/tchad\/politique\/le-dg-de-ladac-apporte-des-eclaircissements-sur-le-nouvel-arrete-instituant-la-redevance#breadcrumb"},"inLanguage":"fr-FR","potentialAction":[{"@type":"ReadAction","target":["https:\/\/www.africa-press.net\/tchad\/politique\/le-dg-de-ladac-apporte-des-eclaircissements-sur-le-nouvel-arrete-instituant-la-redevance"]}]},{"@type":"ImageObject","inLanguage":"fr-FR","@id":"https:\/\/www.africa-press.net\/tchad\/politique\/le-dg-de-ladac-apporte-des-eclaircissements-sur-le-nouvel-arrete-instituant-la-redevance#primaryimage","url":"https:\/\/static.africa-press.net\/tchad\/sites\/41\/2021\/11\/img-61969251c5f8f.jpg","contentUrl":"https:\/\/static.africa-press.net\/tchad\/sites\/41\/2021\/11\/img-61969251c5f8f.jpg","width":696,"height":522,"caption":"le DG de l\u2019ADAC apporte des \u00e9claircissements sur le nouvel arr\u00eat\u00e9 instituant la redevance"},{"@type":"BreadcrumbList","@id":"https:\/\/www.africa-press.net\/tchad\/politique\/le-dg-de-ladac-apporte-des-eclaircissements-sur-le-nouvel-arrete-instituant-la-redevance#breadcrumb","itemListElement":[{"@type":"ListItem","position":1,"name":"Accueil","item":"https:\/\/www.africa-press.net\/tchad\/"},{"@type":"ListItem","position":2,"name":"le DG de l\u2019ADAC apporte des \u00e9claircissements sur le nouvel arr\u00eat\u00e9 instituant la redevance"}]},{"@type":"WebSite","@id":"https:\/\/www.africa-press.net\/tchad\/#website","url":"https:\/\/www.africa-press.net\/tchad\/","name":"tchad","description":"Just another Africa News Agency Sites site","potentialAction":[{"@type":"SearchAction","target":{"@type":"EntryPoint","urlTemplate":"https:\/\/www.africa-press.net\/tchad\/?s={search_term_string}"},"query-input":{"@type":"PropertyValueSpecification","valueRequired":true,"valueName":"search_term_string"}}],"inLanguage":"fr-FR"},{"@type":"Person","@id":"https:\/\/www.africa-press.net\/tchad\/#\/schema\/person\/2b1cf3cd81a31e3cd26889ca66d677f1","name":"cfeditorfr"}]}},"_links":{"self":[{"href":"https:\/\/www.africa-press.net\/tchad\/wp-json\/wp\/v2\/posts\/13903","targetHints":{"allow":["GET"]}}],"collection":[{"href":"https:\/\/www.africa-press.net\/tchad\/wp-json\/wp\/v2\/posts"}],"about":[{"href":"https:\/\/www.africa-press.net\/tchad\/wp-json\/wp\/v2\/types\/post"}],"author":[{"embeddable":true,"href":"https:\/\/www.africa-press.net\/tchad\/wp-json\/wp\/v2\/users\/82"}],"replies":[{"embeddable":true,"href":"https:\/\/www.africa-press.net\/tchad\/wp-json\/wp\/v2\/comments?post=13903"}],"version-history":[{"count":0,"href":"https:\/\/www.africa-press.net\/tchad\/wp-json\/wp\/v2\/posts\/13903\/revisions"}],"wp:featuredmedia":[{"embeddable":true,"href":"https:\/\/www.africa-press.net\/tchad\/wp-json\/wp\/v2\/media\/13902"}],"wp:attachment":[{"href":"https:\/\/www.africa-press.net\/tchad\/wp-json\/wp\/v2\/media?parent=13903"}],"wp:term":[{"taxonomy":"category","embeddable":true,"href":"https:\/\/www.africa-press.net\/tchad\/wp-json\/wp\/v2\/categories?post=13903"},{"taxonomy":"post_tag","embeddable":true,"href":"https:\/\/www.africa-press.net\/tchad\/wp-json\/wp\/v2\/tags?post=13903"}],"curies":[{"name":"wp","href":"https:\/\/api.w.org\/{rel}","templated":true}]}}