{"id":13912,"date":"2021-11-18T17:37:36","date_gmt":"2021-11-18T17:37:36","guid":{"rendered":"https:\/\/www.africa-press.net\/tchad\/politique\/le-pcmt-reprend-ses-activites-apres-quelques-jours-de-confinement"},"modified":"2021-11-18T23:43:25","modified_gmt":"2021-11-18T23:43:25","slug":"le-pcmt-reprend-ses-activites-apres-quelques-jours-de-confinement","status":"publish","type":"post","link":"https:\/\/www.africa-press.net\/tchad\/politique\/le-pcmt-reprend-ses-activites-apres-quelques-jours-de-confinement","title":{"rendered":"le PCMT reprend ses activit\u00e9s apr\u00e8s quelques jours de confinement"},"content":{"rendered":"<p><span style=\"color: #ff6600\"><strong>Africa-Press &#8211; Tchad. <\/strong><\/span>\u201cApr\u00e8s quelques jours de confinement observ\u00e9 par pr\u00e9caution, en raison de l\u2019infection au COVID-19 de quelques collaborateurs et suite \u00e0 un nouveau test n\u00e9gatif, j\u2019ai repris, ce jeudi 18 novembre 2021, mes activit\u00e9s ordinaires\u201d, \u00e9crit sur sa page Facebook, le pr\u00e9sident du Conseil militaire de transition, Mahamat Idriss D\u00e9by Itno.<\/p>\n<p>Il invite ses compatriotes \u00e0 se faire vacciner, \u00e0 respecter les mesures barri\u00e8res et rester vigilants pour se prot\u00e9ger contre la pand\u00e9mie de Covid-19.<\/p>\n<p><strong>Pour plus d&rsquo;informations et d&rsquo;analyses sur la <a href=\"https:\/\/www.africa-press.net\/tchad\">Tchad<\/a>, suivez <a href=\"https:\/\/www.africa-press.net\/\">Africa-Press<\/a><\/strong><\/p>\n","protected":false},"excerpt":{"rendered":"<p>Africa-Press &#8211; Tchad. \u201cApr\u00e8s quelques jours de confinement observ\u00e9 par pr\u00e9caution, en raison de l\u2019infection au COVID-19 de quelques collaborateurs et suite \u00e0 un nouveau test n\u00e9gatif, j\u2019ai repris, ce jeudi 18 novembre 2021, mes activit\u00e9s ordinaires\u201d, \u00e9crit sur sa page Facebook, le pr\u00e9sident du Conseil militaire de transition, Mahamat Idriss D\u00e9by Itno. Il invite [&hellip;]<\/p>\n","protected":false},"author":82,"featured_media":13911,"comment_status":"open","ping_status":"closed","sticky":false,"template":"","format":"standard","meta":{"footnotes":""},"categories":[11,2,10],"tags":[37,292,307,1717,29],"class_list":["post-13912","post","type-post","status-publish","format-standard","has-post-thumbnail","hentry","category-homepage-french","category-politique","category-toutes-les-actualites","tag-africa-press","tag-africa-press-tchad","tag-confinement","tag-pcmt","tag-tchad"],"yoast_head":"<!-- This site is optimized with the Yoast SEO Premium plugin v26.1 (Yoast SEO v27.0) - https:\/\/yoast.com\/product\/yoast-seo-premium-wordpress\/ -->\n<title>le PCMT reprend ses activit\u00e9s apr\u00e8s quelques jours de confinement - tchad<\/title>\n<meta name=\"description\" content=\"\u201cApr\u00e8s quelques jours de confinement observ\u00e9 par pr\u00e9caution, en raison de l\u2019infection au COVID-19 de quelques collaborat ...\" \/>\n<meta name=\"robots\" content=\"index, follow, max-snippet:-1, max-image-preview:large, max-video-preview:-1\" \/>\n<link rel=\"canonical\" href=\"https:\/\/www.africa-press.net\/tchad\/politique\/le-pcmt-reprend-ses-activites-apres-quelques-jours-de-confinement\" \/>\n<meta property=\"og:locale\" content=\"fr_FR\" \/>\n<meta property=\"og:type\" content=\"article\" \/>\n<meta property=\"og:title\" content=\"le PCMT reprend ses activit\u00e9s apr\u00e8s quelques jours de confinement\" \/>\n<meta property=\"og:description\" content=\"\u201cApr\u00e8s quelques jours de confinement observ\u00e9 par pr\u00e9caution, en raison de l\u2019infection au COVID-19 de quelques collaborat ...\" \/>\n<meta property=\"og:url\" content=\"https:\/\/www.africa-press.net\/tchad\/politique\/le-pcmt-reprend-ses-activites-apres-quelques-jours-de-confinement\" \/>\n<meta property=\"og:site_name\" content=\"tchad\" \/>\n<meta property=\"article:published_time\" content=\"2021-11-18T17:37:36+00:00\" \/>\n<meta property=\"article:modified_time\" content=\"2021-11-18T23:43:25+00:00\" \/>\n<meta property=\"og:image\" content=\"https:\/\/static.africa-press.net\/tchad\/sites\/41\/2021\/11\/img-61969307e61fb.jpg\" \/>\n\t<meta property=\"og:image:width\" content=\"696\" \/>\n\t<meta property=\"og:image:height\" content=\"464\" \/>\n\t<meta property=\"og:image:type\" content=\"image\/jpeg\" \/>\n<meta name=\"author\" content=\"cfeditorfr\" \/>\n<meta name=\"twitter:card\" content=\"summary_large_image\" \/>\n<meta name=\"twitter:label1\" content=\"\u00c9crit par\" \/>\n\t<meta name=\"twitter:data1\" content=\"cfeditorfr\" \/>\n<script type=\"application\/ld+json\" class=\"yoast-schema-graph\">{\"@context\":\"https:\/\/schema.org\",\"@graph\":[{\"@type\":\"Article\",\"@id\":\"https:\/\/www.africa-press.net\/tchad\/politique\/le-pcmt-reprend-ses-activites-apres-quelques-jours-de-confinement#article\",\"isPartOf\":{\"@id\":\"https:\/\/www.africa-press.net\/tchad\/politique\/le-pcmt-reprend-ses-activites-apres-quelques-jours-de-confinement\"},\"author\":{\"name\":\"cfeditorfr\",\"@id\":\"https:\/\/www.africa-press.net\/tchad\/#\/schema\/person\/2b1cf3cd81a31e3cd26889ca66d677f1\"},\"headline\":\"le PCMT reprend ses activit\u00e9s apr\u00e8s quelques jours de confinement\",\"datePublished\":\"2021-11-18T17:37:36+00:00\",\"dateModified\":\"2021-11-18T23:43:25+00:00\",\"mainEntityOfPage\":{\"@id\":\"https:\/\/www.africa-press.net\/tchad\/politique\/le-pcmt-reprend-ses-activites-apres-quelques-jours-de-confinement\"},\"wordCount\":107,\"commentCount\":0,\"image\":{\"@id\":\"https:\/\/www.africa-press.net\/tchad\/politique\/le-pcmt-reprend-ses-activites-apres-quelques-jours-de-confinement#primaryimage\"},\"thumbnailUrl\":\"https:\/\/static.africa-press.net\/tchad\/sites\/41\/2021\/11\/img-61969307e61fb.jpg\",\"keywords\":[\"Africa Press\",\"Africa Press-Tchad\",\"Confinement\",\"PCMT\",\"Tchad\"],\"articleSection\":[\"homepage-french\",\"Politique\",\"Toutes les actualit\u00e9s\"],\"inLanguage\":\"fr-FR\",\"potentialAction\":[{\"@type\":\"CommentAction\",\"name\":\"Comment\",\"target\":[\"https:\/\/www.africa-press.net\/tchad\/politique\/le-pcmt-reprend-ses-activites-apres-quelques-jours-de-confinement#respond\"]}]},{\"@type\":\"WebPage\",\"@id\":\"https:\/\/www.africa-press.net\/tchad\/politique\/le-pcmt-reprend-ses-activites-apres-quelques-jours-de-confinement\",\"url\":\"https:\/\/www.africa-press.net\/tchad\/politique\/le-pcmt-reprend-ses-activites-apres-quelques-jours-de-confinement\",\"name\":\"le PCMT reprend ses activit\u00e9s apr\u00e8s quelques jours de confinement - tchad\",\"isPartOf\":{\"@id\":\"https:\/\/www.africa-press.net\/tchad\/#website\"},\"primaryImageOfPage\":{\"@id\":\"https:\/\/www.africa-press.net\/tchad\/politique\/le-pcmt-reprend-ses-activites-apres-quelques-jours-de-confinement#primaryimage\"},\"image\":{\"@id\":\"https:\/\/www.africa-press.net\/tchad\/politique\/le-pcmt-reprend-ses-activites-apres-quelques-jours-de-confinement#primaryimage\"},\"thumbnailUrl\":\"https:\/\/static.africa-press.net\/tchad\/sites\/41\/2021\/11\/img-61969307e61fb.jpg\",\"datePublished\":\"2021-11-18T17:37:36+00:00\",\"dateModified\":\"2021-11-18T23:43:25+00:00\",\"author\":{\"@id\":\"https:\/\/www.africa-press.net\/tchad\/#\/schema\/person\/2b1cf3cd81a31e3cd26889ca66d677f1\"},\"description\":\"\u201cApr\u00e8s quelques jours de confinement observ\u00e9 par pr\u00e9caution, en raison de l\u2019infection au COVID-19 de quelques collaborat ...\",\"breadcrumb\":{\"@id\":\"https:\/\/www.africa-press.net\/tchad\/politique\/le-pcmt-reprend-ses-activites-apres-quelques-jours-de-confinement#breadcrumb\"},\"inLanguage\":\"fr-FR\",\"potentialAction\":[{\"@type\":\"ReadAction\",\"target\":[\"https:\/\/www.africa-press.net\/tchad\/politique\/le-pcmt-reprend-ses-activites-apres-quelques-jours-de-confinement\"]}]},{\"@type\":\"ImageObject\",\"inLanguage\":\"fr-FR\",\"@id\":\"https:\/\/www.africa-press.net\/tchad\/politique\/le-pcmt-reprend-ses-activites-apres-quelques-jours-de-confinement#primaryimage\",\"url\":\"https:\/\/static.africa-press.net\/tchad\/sites\/41\/2021\/11\/img-61969307e61fb.jpg\",\"contentUrl\":\"https:\/\/static.africa-press.net\/tchad\/sites\/41\/2021\/11\/img-61969307e61fb.jpg\",\"width\":696,\"height\":464,\"caption\":\"le PCMT reprend ses activit\u00e9s apr\u00e8s quelques jours de confinement\"},{\"@type\":\"BreadcrumbList\",\"@id\":\"https:\/\/www.africa-press.net\/tchad\/politique\/le-pcmt-reprend-ses-activites-apres-quelques-jours-de-confinement#breadcrumb\",\"itemListElement\":[{\"@type\":\"ListItem\",\"position\":1,\"name\":\"Accueil\",\"item\":\"https:\/\/www.africa-press.net\/tchad\/\"},{\"@type\":\"ListItem\",\"position\":2,\"name\":\"le PCMT reprend ses activit\u00e9s apr\u00e8s quelques jours de confinement\"}]},{\"@type\":\"WebSite\",\"@id\":\"https:\/\/www.africa-press.net\/tchad\/#website\",\"url\":\"https:\/\/www.africa-press.net\/tchad\/\",\"name\":\"tchad\",\"description\":\"Just another Africa News Agency Sites site\",\"potentialAction\":[{\"@type\":\"SearchAction\",\"target\":{\"@type\":\"EntryPoint\",\"urlTemplate\":\"https:\/\/www.africa-press.net\/tchad\/?s={search_term_string}\"},\"query-input\":{\"@type\":\"PropertyValueSpecification\",\"valueRequired\":true,\"valueName\":\"search_term_string\"}}],\"inLanguage\":\"fr-FR\"},{\"@type\":\"Person\",\"@id\":\"https:\/\/www.africa-press.net\/tchad\/#\/schema\/person\/2b1cf3cd81a31e3cd26889ca66d677f1\",\"name\":\"cfeditorfr\"}]}<\/script>\n<!-- \/ Yoast SEO Premium plugin. -->","yoast_head_json":{"title":"le PCMT reprend ses activit\u00e9s apr\u00e8s quelques jours de confinement - tchad","description":"\u201cApr\u00e8s quelques jours de confinement observ\u00e9 par pr\u00e9caution, en raison de l\u2019infection au COVID-19 de quelques collaborat ...","robots":{"index":"index","follow":"follow","max-snippet":"max-snippet:-1","max-image-preview":"max-image-preview:large","max-video-preview":"max-video-preview:-1"},"canonical":"https:\/\/www.africa-press.net\/tchad\/politique\/le-pcmt-reprend-ses-activites-apres-quelques-jours-de-confinement","og_locale":"fr_FR","og_type":"article","og_title":"le PCMT reprend ses activit\u00e9s apr\u00e8s quelques jours de confinement","og_description":"\u201cApr\u00e8s quelques jours de confinement observ\u00e9 par pr\u00e9caution, en raison de l\u2019infection au COVID-19 de quelques collaborat ...","og_url":"https:\/\/www.africa-press.net\/tchad\/politique\/le-pcmt-reprend-ses-activites-apres-quelques-jours-de-confinement","og_site_name":"tchad","article_published_time":"2021-11-18T17:37:36+00:00","article_modified_time":"2021-11-18T23:43:25+00:00","og_image":[{"width":696,"height":464,"url":"https:\/\/static.africa-press.net\/tchad\/sites\/41\/2021\/11\/img-61969307e61fb.jpg","type":"image\/jpeg"}],"author":"cfeditorfr","twitter_card":"summary_large_image","twitter_misc":{"\u00c9crit par":"cfeditorfr"},"schema":{"@context":"https:\/\/schema.org","@graph":[{"@type":"Article","@id":"https:\/\/www.africa-press.net\/tchad\/politique\/le-pcmt-reprend-ses-activites-apres-quelques-jours-de-confinement#article","isPartOf":{"@id":"https:\/\/www.africa-press.net\/tchad\/politique\/le-pcmt-reprend-ses-activites-apres-quelques-jours-de-confinement"},"author":{"name":"cfeditorfr","@id":"https:\/\/www.africa-press.net\/tchad\/#\/schema\/person\/2b1cf3cd81a31e3cd26889ca66d677f1"},"headline":"le PCMT reprend ses activit\u00e9s apr\u00e8s quelques jours de confinement","datePublished":"2021-11-18T17:37:36+00:00","dateModified":"2021-11-18T23:43:25+00:00","mainEntityOfPage":{"@id":"https:\/\/www.africa-press.net\/tchad\/politique\/le-pcmt-reprend-ses-activites-apres-quelques-jours-de-confinement"},"wordCount":107,"commentCount":0,"image":{"@id":"https:\/\/www.africa-press.net\/tchad\/politique\/le-pcmt-reprend-ses-activites-apres-quelques-jours-de-confinement#primaryimage"},"thumbnailUrl":"https:\/\/static.africa-press.net\/tchad\/sites\/41\/2021\/11\/img-61969307e61fb.jpg","keywords":["Africa Press","Africa Press-Tchad","Confinement","PCMT","Tchad"],"articleSection":["homepage-french","Politique","Toutes les actualit\u00e9s"],"inLanguage":"fr-FR","potentialAction":[{"@type":"CommentAction","name":"Comment","target":["https:\/\/www.africa-press.net\/tchad\/politique\/le-pcmt-reprend-ses-activites-apres-quelques-jours-de-confinement#respond"]}]},{"@type":"WebPage","@id":"https:\/\/www.africa-press.net\/tchad\/politique\/le-pcmt-reprend-ses-activites-apres-quelques-jours-de-confinement","url":"https:\/\/www.africa-press.net\/tchad\/politique\/le-pcmt-reprend-ses-activites-apres-quelques-jours-de-confinement","name":"le PCMT reprend ses activit\u00e9s apr\u00e8s quelques jours de confinement - tchad","isPartOf":{"@id":"https:\/\/www.africa-press.net\/tchad\/#website"},"primaryImageOfPage":{"@id":"https:\/\/www.africa-press.net\/tchad\/politique\/le-pcmt-reprend-ses-activites-apres-quelques-jours-de-confinement#primaryimage"},"image":{"@id":"https:\/\/www.africa-press.net\/tchad\/politique\/le-pcmt-reprend-ses-activites-apres-quelques-jours-de-confinement#primaryimage"},"thumbnailUrl":"https:\/\/static.africa-press.net\/tchad\/sites\/41\/2021\/11\/img-61969307e61fb.jpg","datePublished":"2021-11-18T17:37:36+00:00","dateModified":"2021-11-18T23:43:25+00:00","author":{"@id":"https:\/\/www.africa-press.net\/tchad\/#\/schema\/person\/2b1cf3cd81a31e3cd26889ca66d677f1"},"description":"\u201cApr\u00e8s quelques jours de confinement observ\u00e9 par pr\u00e9caution, en raison de l\u2019infection au COVID-19 de quelques collaborat ...","breadcrumb":{"@id":"https:\/\/www.africa-press.net\/tchad\/politique\/le-pcmt-reprend-ses-activites-apres-quelques-jours-de-confinement#breadcrumb"},"inLanguage":"fr-FR","potentialAction":[{"@type":"ReadAction","target":["https:\/\/www.africa-press.net\/tchad\/politique\/le-pcmt-reprend-ses-activites-apres-quelques-jours-de-confinement"]}]},{"@type":"ImageObject","inLanguage":"fr-FR","@id":"https:\/\/www.africa-press.net\/tchad\/politique\/le-pcmt-reprend-ses-activites-apres-quelques-jours-de-confinement#primaryimage","url":"https:\/\/static.africa-press.net\/tchad\/sites\/41\/2021\/11\/img-61969307e61fb.jpg","contentUrl":"https:\/\/static.africa-press.net\/tchad\/sites\/41\/2021\/11\/img-61969307e61fb.jpg","width":696,"height":464,"caption":"le PCMT reprend ses activit\u00e9s apr\u00e8s quelques jours de confinement"},{"@type":"BreadcrumbList","@id":"https:\/\/www.africa-press.net\/tchad\/politique\/le-pcmt-reprend-ses-activites-apres-quelques-jours-de-confinement#breadcrumb","itemListElement":[{"@type":"ListItem","position":1,"name":"Accueil","item":"https:\/\/www.africa-press.net\/tchad\/"},{"@type":"ListItem","position":2,"name":"le PCMT reprend ses activit\u00e9s apr\u00e8s quelques jours de confinement"}]},{"@type":"WebSite","@id":"https:\/\/www.africa-press.net\/tchad\/#website","url":"https:\/\/www.africa-press.net\/tchad\/","name":"tchad","description":"Just another Africa News Agency Sites site","potentialAction":[{"@type":"SearchAction","target":{"@type":"EntryPoint","urlTemplate":"https:\/\/www.africa-press.net\/tchad\/?s={search_term_string}"},"query-input":{"@type":"PropertyValueSpecification","valueRequired":true,"valueName":"search_term_string"}}],"inLanguage":"fr-FR"},{"@type":"Person","@id":"https:\/\/www.africa-press.net\/tchad\/#\/schema\/person\/2b1cf3cd81a31e3cd26889ca66d677f1","name":"cfeditorfr"}]}},"_links":{"self":[{"href":"https:\/\/www.africa-press.net\/tchad\/wp-json\/wp\/v2\/posts\/13912","targetHints":{"allow":["GET"]}}],"collection":[{"href":"https:\/\/www.africa-press.net\/tchad\/wp-json\/wp\/v2\/posts"}],"about":[{"href":"https:\/\/www.africa-press.net\/tchad\/wp-json\/wp\/v2\/types\/post"}],"author":[{"embeddable":true,"href":"https:\/\/www.africa-press.net\/tchad\/wp-json\/wp\/v2\/users\/82"}],"replies":[{"embeddable":true,"href":"https:\/\/www.africa-press.net\/tchad\/wp-json\/wp\/v2\/comments?post=13912"}],"version-history":[{"count":0,"href":"https:\/\/www.africa-press.net\/tchad\/wp-json\/wp\/v2\/posts\/13912\/revisions"}],"wp:featuredmedia":[{"embeddable":true,"href":"https:\/\/www.africa-press.net\/tchad\/wp-json\/wp\/v2\/media\/13911"}],"wp:attachment":[{"href":"https:\/\/www.africa-press.net\/tchad\/wp-json\/wp\/v2\/media?parent=13912"}],"wp:term":[{"taxonomy":"category","embeddable":true,"href":"https:\/\/www.africa-press.net\/tchad\/wp-json\/wp\/v2\/categories?post=13912"},{"taxonomy":"post_tag","embeddable":true,"href":"https:\/\/www.africa-press.net\/tchad\/wp-json\/wp\/v2\/tags?post=13912"}],"curies":[{"name":"wp","href":"https:\/\/api.w.org\/{rel}","templated":true}]}}