{"id":13990,"date":"2021-11-19T15:15:23","date_gmt":"2021-11-19T15:15:23","guid":{"rendered":"https:\/\/www.africa-press.net\/tchad\/politique\/federalisme-au-tchad-la-cdf-appelle-a-lunite-dactions-face-a-la-ferveur-populaire"},"modified":"2021-11-19T16:27:37","modified_gmt":"2021-11-19T16:27:37","slug":"federalisme-au-tchad-la-cdf-appelle-a-lunite-dactions-face-a-la-ferveur-populaire","status":"publish","type":"post","link":"https:\/\/www.africa-press.net\/tchad\/politique\/federalisme-au-tchad-la-cdf-appelle-a-lunite-dactions-face-a-la-ferveur-populaire","title":{"rendered":"F\u00e9d\u00e9ralisme au Tchad : la CDF appelle \u00e0 \u00ab\u00a0l&rsquo;unit\u00e9 d&rsquo;actions\u00a0\u00bb face \u00e0 la \u00ab\u00a0ferveur populaire\u00a0\u00bb"},"content":{"rendered":"<p><span style=\"color: #ff6600\"><strong>Africa-Press &#8211; Tchad. <\/strong><\/span>Le parti note avec satisfaction la ferveur populaire manifest\u00e9e en faveur du syst\u00e8me f\u00e9d\u00e9ral lors des consultations du pr\u00e9-dialogue sur l&rsquo;ensemble du pays et dans la diaspora.<\/p>\n<p>\u00ab\u00a0Les manoeuvres mesquines des ennemis de la d\u00e9mocratie, qui ont r\u00e9ussi \u00e0 inverser les r\u00e9sultats des consultations dans certaines provinces, n&rsquo;ont pas pu endiguer l&rsquo;engouement national en faveut du f\u00e9d\u00e9ralisme\u00a0\u00bb, estime Noubatessem Jonathan Boguyanan.<\/p>\n<p>Selon lui, \u00ab\u00a0le peuple a compris que ce syst\u00e8me de gestion est le seul \u00e0 m\u00eame de garantir l&rsquo;unit\u00e9 nationale, le d\u00e9veloppement \u00e9conomique et la juste r\u00e9partition des richesses dans un pays aussi culturellement diversifi\u00e9 que le Tchad\u00a0\u00bb.<\/p>\n<p>La CDF appelle les partisans de la f\u00e9d\u00e9ration \u00ab\u00a0\u00e0 la vigilance pour que le combat pour la f\u00e9d\u00e9ration n&rsquo;occulte pas les autres aspects de la bonne gouvernance, notamment la lutte pour un vrai dialogue et une transition inclusive, consensuelle et apais\u00e9e, aboutissant aux \u00e9lections libres et transparentes\u00a0\u00bb.<\/p>\n<p><strong>Pour plus d&rsquo;informations et d&rsquo;analyses sur la <a href=\"https:\/\/www.africa-press.net\/tchad\">Tchad<\/a>, suivez <a href=\"https:\/\/www.africa-press.net\/\">Africa-Press<\/a><\/strong><\/p>\n","protected":false},"excerpt":{"rendered":"<p>Africa-Press &#8211; Tchad. Le parti note avec satisfaction la ferveur populaire manifest\u00e9e en faveur du syst\u00e8me f\u00e9d\u00e9ral lors des consultations du pr\u00e9-dialogue sur l&rsquo;ensemble du pays et dans la diaspora. \u00ab\u00a0Les manoeuvres mesquines des ennemis de la d\u00e9mocratie, qui ont r\u00e9ussi \u00e0 inverser les r\u00e9sultats des consultations dans certaines provinces, n&rsquo;ont pas pu endiguer l&rsquo;engouement [&hellip;]<\/p>\n","protected":false},"author":82,"featured_media":13989,"comment_status":"open","ping_status":"closed","sticky":false,"template":"","format":"standard","meta":{"footnotes":""},"categories":[11,2,20,10],"tags":[37,292,2577,2578,29],"class_list":["post-13990","post","type-post","status-publish","format-standard","has-post-thumbnail","hentry","category-homepage-french","category-politique","category-top-nouvelles","category-toutes-les-actualites","tag-africa-press","tag-africa-press-tchad","tag-federalisme","tag-populaire","tag-tchad"],"yoast_head":"<!-- This site is optimized with the Yoast SEO Premium plugin v26.1 (Yoast SEO v27.0) - https:\/\/yoast.com\/product\/yoast-seo-premium-wordpress\/ -->\n<title>F\u00e9d\u00e9ralisme au Tchad : la CDF appelle \u00e0 &quot;l&#039;unit\u00e9 d&#039;actions&quot; face \u00e0 la &quot;ferveur populaire&quot; - tchad<\/title>\n<meta name=\"description\" content=\"Le parti note avec satisfaction la ferveur populaire manifest\u00e9e en faveur du syst\u00e8me f\u00e9d\u00e9ral lors des consultations du p ...\" \/>\n<meta name=\"robots\" content=\"index, follow, max-snippet:-1, max-image-preview:large, max-video-preview:-1\" \/>\n<link rel=\"canonical\" href=\"https:\/\/www.africa-press.net\/tchad\/politique\/federalisme-au-tchad-la-cdf-appelle-a-lunite-dactions-face-a-la-ferveur-populaire\" \/>\n<meta property=\"og:locale\" content=\"fr_FR\" \/>\n<meta property=\"og:type\" content=\"article\" \/>\n<meta property=\"og:title\" content=\"F\u00e9d\u00e9ralisme au Tchad : la CDF appelle \u00e0 &quot;l&#039;unit\u00e9 d&#039;actions&quot; face \u00e0 la &quot;ferveur populaire&quot;\" \/>\n<meta property=\"og:description\" content=\"Le parti note avec satisfaction la ferveur populaire manifest\u00e9e en faveur du syst\u00e8me f\u00e9d\u00e9ral lors des consultations du p ...\" \/>\n<meta property=\"og:url\" content=\"https:\/\/www.africa-press.net\/tchad\/politique\/federalisme-au-tchad-la-cdf-appelle-a-lunite-dactions-face-a-la-ferveur-populaire\" \/>\n<meta property=\"og:site_name\" content=\"tchad\" \/>\n<meta property=\"article:published_time\" content=\"2021-11-19T15:15:23+00:00\" \/>\n<meta property=\"article:modified_time\" content=\"2021-11-19T16:27:37+00:00\" \/>\n<meta property=\"og:image\" content=\"https:\/\/static.africa-press.net\/tchad\/sites\/41\/2021\/11\/img-6197d05b04e21.jpg\" \/>\n\t<meta property=\"og:image:width\" content=\"818\" \/>\n\t<meta property=\"og:image:height\" content=\"387\" \/>\n\t<meta property=\"og:image:type\" content=\"image\/jpeg\" \/>\n<meta name=\"author\" content=\"cfeditorfr\" \/>\n<meta name=\"twitter:card\" content=\"summary_large_image\" \/>\n<meta name=\"twitter:label1\" content=\"\u00c9crit par\" \/>\n\t<meta name=\"twitter:data1\" content=\"cfeditorfr\" \/>\n\t<meta name=\"twitter:label2\" content=\"Dur\u00e9e de lecture estim\u00e9e\" \/>\n\t<meta name=\"twitter:data2\" content=\"1 minute\" \/>\n<script type=\"application\/ld+json\" class=\"yoast-schema-graph\">{\"@context\":\"https:\/\/schema.org\",\"@graph\":[{\"@type\":\"Article\",\"@id\":\"https:\/\/www.africa-press.net\/tchad\/politique\/federalisme-au-tchad-la-cdf-appelle-a-lunite-dactions-face-a-la-ferveur-populaire#article\",\"isPartOf\":{\"@id\":\"https:\/\/www.africa-press.net\/tchad\/politique\/federalisme-au-tchad-la-cdf-appelle-a-lunite-dactions-face-a-la-ferveur-populaire\"},\"author\":{\"name\":\"cfeditorfr\",\"@id\":\"https:\/\/www.africa-press.net\/tchad\/#\/schema\/person\/2b1cf3cd81a31e3cd26889ca66d677f1\"},\"headline\":\"F\u00e9d\u00e9ralisme au Tchad : la CDF appelle \u00e0 \u00ab\u00a0l&rsquo;unit\u00e9 d&rsquo;actions\u00a0\u00bb face \u00e0 la \u00ab\u00a0ferveur populaire\u00a0\u00bb\",\"datePublished\":\"2021-11-19T15:15:23+00:00\",\"dateModified\":\"2021-11-19T16:27:37+00:00\",\"mainEntityOfPage\":{\"@id\":\"https:\/\/www.africa-press.net\/tchad\/politique\/federalisme-au-tchad-la-cdf-appelle-a-lunite-dactions-face-a-la-ferveur-populaire\"},\"wordCount\":198,\"commentCount\":0,\"image\":{\"@id\":\"https:\/\/www.africa-press.net\/tchad\/politique\/federalisme-au-tchad-la-cdf-appelle-a-lunite-dactions-face-a-la-ferveur-populaire#primaryimage\"},\"thumbnailUrl\":\"https:\/\/static.africa-press.net\/tchad\/sites\/41\/2021\/11\/img-6197d05b04e21.jpg\",\"keywords\":[\"Africa Press\",\"Africa Press-Tchad\",\"F\u00e9d\u00e9ralisme\",\"populaire\",\"Tchad\"],\"articleSection\":[\"homepage-french\",\"Politique\",\"Top Nouvelles\",\"Toutes les actualit\u00e9s\"],\"inLanguage\":\"fr-FR\",\"potentialAction\":[{\"@type\":\"CommentAction\",\"name\":\"Comment\",\"target\":[\"https:\/\/www.africa-press.net\/tchad\/politique\/federalisme-au-tchad-la-cdf-appelle-a-lunite-dactions-face-a-la-ferveur-populaire#respond\"]}]},{\"@type\":\"WebPage\",\"@id\":\"https:\/\/www.africa-press.net\/tchad\/politique\/federalisme-au-tchad-la-cdf-appelle-a-lunite-dactions-face-a-la-ferveur-populaire\",\"url\":\"https:\/\/www.africa-press.net\/tchad\/politique\/federalisme-au-tchad-la-cdf-appelle-a-lunite-dactions-face-a-la-ferveur-populaire\",\"name\":\"F\u00e9d\u00e9ralisme au Tchad : la CDF appelle \u00e0 \\\"l'unit\u00e9 d'actions\\\" face \u00e0 la \\\"ferveur populaire\\\" - tchad\",\"isPartOf\":{\"@id\":\"https:\/\/www.africa-press.net\/tchad\/#website\"},\"primaryImageOfPage\":{\"@id\":\"https:\/\/www.africa-press.net\/tchad\/politique\/federalisme-au-tchad-la-cdf-appelle-a-lunite-dactions-face-a-la-ferveur-populaire#primaryimage\"},\"image\":{\"@id\":\"https:\/\/www.africa-press.net\/tchad\/politique\/federalisme-au-tchad-la-cdf-appelle-a-lunite-dactions-face-a-la-ferveur-populaire#primaryimage\"},\"thumbnailUrl\":\"https:\/\/static.africa-press.net\/tchad\/sites\/41\/2021\/11\/img-6197d05b04e21.jpg\",\"datePublished\":\"2021-11-19T15:15:23+00:00\",\"dateModified\":\"2021-11-19T16:27:37+00:00\",\"author\":{\"@id\":\"https:\/\/www.africa-press.net\/tchad\/#\/schema\/person\/2b1cf3cd81a31e3cd26889ca66d677f1\"},\"description\":\"Le parti note avec satisfaction la ferveur populaire manifest\u00e9e en faveur du syst\u00e8me f\u00e9d\u00e9ral lors des consultations du p ...\",\"breadcrumb\":{\"@id\":\"https:\/\/www.africa-press.net\/tchad\/politique\/federalisme-au-tchad-la-cdf-appelle-a-lunite-dactions-face-a-la-ferveur-populaire#breadcrumb\"},\"inLanguage\":\"fr-FR\",\"potentialAction\":[{\"@type\":\"ReadAction\",\"target\":[\"https:\/\/www.africa-press.net\/tchad\/politique\/federalisme-au-tchad-la-cdf-appelle-a-lunite-dactions-face-a-la-ferveur-populaire\"]}]},{\"@type\":\"ImageObject\",\"inLanguage\":\"fr-FR\",\"@id\":\"https:\/\/www.africa-press.net\/tchad\/politique\/federalisme-au-tchad-la-cdf-appelle-a-lunite-dactions-face-a-la-ferveur-populaire#primaryimage\",\"url\":\"https:\/\/static.africa-press.net\/tchad\/sites\/41\/2021\/11\/img-6197d05b04e21.jpg\",\"contentUrl\":\"https:\/\/static.africa-press.net\/tchad\/sites\/41\/2021\/11\/img-6197d05b04e21.jpg\",\"width\":818,\"height\":387,\"caption\":\"F\u00e9d\u00e9ralisme au Tchad : la CDF appelle \u00e0 \\\"l'unit\u00e9 d'actions\\\" face \u00e0 la \\\"ferveur populaire\\\"\"},{\"@type\":\"BreadcrumbList\",\"@id\":\"https:\/\/www.africa-press.net\/tchad\/politique\/federalisme-au-tchad-la-cdf-appelle-a-lunite-dactions-face-a-la-ferveur-populaire#breadcrumb\",\"itemListElement\":[{\"@type\":\"ListItem\",\"position\":1,\"name\":\"Accueil\",\"item\":\"https:\/\/www.africa-press.net\/tchad\/\"},{\"@type\":\"ListItem\",\"position\":2,\"name\":\"F\u00e9d\u00e9ralisme au Tchad : la CDF appelle \u00e0 &#8220;l&#8217;unit\u00e9 d&#8217;actions&#8221; face \u00e0 la &#8220;ferveur populaire&#8221;\"}]},{\"@type\":\"WebSite\",\"@id\":\"https:\/\/www.africa-press.net\/tchad\/#website\",\"url\":\"https:\/\/www.africa-press.net\/tchad\/\",\"name\":\"tchad\",\"description\":\"Just another Africa News Agency Sites site\",\"potentialAction\":[{\"@type\":\"SearchAction\",\"target\":{\"@type\":\"EntryPoint\",\"urlTemplate\":\"https:\/\/www.africa-press.net\/tchad\/?s={search_term_string}\"},\"query-input\":{\"@type\":\"PropertyValueSpecification\",\"valueRequired\":true,\"valueName\":\"search_term_string\"}}],\"inLanguage\":\"fr-FR\"},{\"@type\":\"Person\",\"@id\":\"https:\/\/www.africa-press.net\/tchad\/#\/schema\/person\/2b1cf3cd81a31e3cd26889ca66d677f1\",\"name\":\"cfeditorfr\"}]}<\/script>\n<!-- \/ Yoast SEO Premium plugin. -->","yoast_head_json":{"title":"F\u00e9d\u00e9ralisme au Tchad : la CDF appelle \u00e0 \"l'unit\u00e9 d'actions\" face \u00e0 la \"ferveur populaire\" - tchad","description":"Le parti note avec satisfaction la ferveur populaire manifest\u00e9e en faveur du syst\u00e8me f\u00e9d\u00e9ral lors des consultations du p ...","robots":{"index":"index","follow":"follow","max-snippet":"max-snippet:-1","max-image-preview":"max-image-preview:large","max-video-preview":"max-video-preview:-1"},"canonical":"https:\/\/www.africa-press.net\/tchad\/politique\/federalisme-au-tchad-la-cdf-appelle-a-lunite-dactions-face-a-la-ferveur-populaire","og_locale":"fr_FR","og_type":"article","og_title":"F\u00e9d\u00e9ralisme au Tchad : la CDF appelle \u00e0 \"l'unit\u00e9 d'actions\" face \u00e0 la \"ferveur populaire\"","og_description":"Le parti note avec satisfaction la ferveur populaire manifest\u00e9e en faveur du syst\u00e8me f\u00e9d\u00e9ral lors des consultations du p ...","og_url":"https:\/\/www.africa-press.net\/tchad\/politique\/federalisme-au-tchad-la-cdf-appelle-a-lunite-dactions-face-a-la-ferveur-populaire","og_site_name":"tchad","article_published_time":"2021-11-19T15:15:23+00:00","article_modified_time":"2021-11-19T16:27:37+00:00","og_image":[{"width":818,"height":387,"url":"https:\/\/static.africa-press.net\/tchad\/sites\/41\/2021\/11\/img-6197d05b04e21.jpg","type":"image\/jpeg"}],"author":"cfeditorfr","twitter_card":"summary_large_image","twitter_misc":{"\u00c9crit par":"cfeditorfr","Dur\u00e9e de lecture estim\u00e9e":"1 minute"},"schema":{"@context":"https:\/\/schema.org","@graph":[{"@type":"Article","@id":"https:\/\/www.africa-press.net\/tchad\/politique\/federalisme-au-tchad-la-cdf-appelle-a-lunite-dactions-face-a-la-ferveur-populaire#article","isPartOf":{"@id":"https:\/\/www.africa-press.net\/tchad\/politique\/federalisme-au-tchad-la-cdf-appelle-a-lunite-dactions-face-a-la-ferveur-populaire"},"author":{"name":"cfeditorfr","@id":"https:\/\/www.africa-press.net\/tchad\/#\/schema\/person\/2b1cf3cd81a31e3cd26889ca66d677f1"},"headline":"F\u00e9d\u00e9ralisme au Tchad : la CDF appelle \u00e0 \u00ab\u00a0l&rsquo;unit\u00e9 d&rsquo;actions\u00a0\u00bb face \u00e0 la \u00ab\u00a0ferveur populaire\u00a0\u00bb","datePublished":"2021-11-19T15:15:23+00:00","dateModified":"2021-11-19T16:27:37+00:00","mainEntityOfPage":{"@id":"https:\/\/www.africa-press.net\/tchad\/politique\/federalisme-au-tchad-la-cdf-appelle-a-lunite-dactions-face-a-la-ferveur-populaire"},"wordCount":198,"commentCount":0,"image":{"@id":"https:\/\/www.africa-press.net\/tchad\/politique\/federalisme-au-tchad-la-cdf-appelle-a-lunite-dactions-face-a-la-ferveur-populaire#primaryimage"},"thumbnailUrl":"https:\/\/static.africa-press.net\/tchad\/sites\/41\/2021\/11\/img-6197d05b04e21.jpg","keywords":["Africa Press","Africa Press-Tchad","F\u00e9d\u00e9ralisme","populaire","Tchad"],"articleSection":["homepage-french","Politique","Top Nouvelles","Toutes les actualit\u00e9s"],"inLanguage":"fr-FR","potentialAction":[{"@type":"CommentAction","name":"Comment","target":["https:\/\/www.africa-press.net\/tchad\/politique\/federalisme-au-tchad-la-cdf-appelle-a-lunite-dactions-face-a-la-ferveur-populaire#respond"]}]},{"@type":"WebPage","@id":"https:\/\/www.africa-press.net\/tchad\/politique\/federalisme-au-tchad-la-cdf-appelle-a-lunite-dactions-face-a-la-ferveur-populaire","url":"https:\/\/www.africa-press.net\/tchad\/politique\/federalisme-au-tchad-la-cdf-appelle-a-lunite-dactions-face-a-la-ferveur-populaire","name":"F\u00e9d\u00e9ralisme au Tchad : la CDF appelle \u00e0 \"l'unit\u00e9 d'actions\" face \u00e0 la \"ferveur populaire\" - tchad","isPartOf":{"@id":"https:\/\/www.africa-press.net\/tchad\/#website"},"primaryImageOfPage":{"@id":"https:\/\/www.africa-press.net\/tchad\/politique\/federalisme-au-tchad-la-cdf-appelle-a-lunite-dactions-face-a-la-ferveur-populaire#primaryimage"},"image":{"@id":"https:\/\/www.africa-press.net\/tchad\/politique\/federalisme-au-tchad-la-cdf-appelle-a-lunite-dactions-face-a-la-ferveur-populaire#primaryimage"},"thumbnailUrl":"https:\/\/static.africa-press.net\/tchad\/sites\/41\/2021\/11\/img-6197d05b04e21.jpg","datePublished":"2021-11-19T15:15:23+00:00","dateModified":"2021-11-19T16:27:37+00:00","author":{"@id":"https:\/\/www.africa-press.net\/tchad\/#\/schema\/person\/2b1cf3cd81a31e3cd26889ca66d677f1"},"description":"Le parti note avec satisfaction la ferveur populaire manifest\u00e9e en faveur du syst\u00e8me f\u00e9d\u00e9ral lors des consultations du p ...","breadcrumb":{"@id":"https:\/\/www.africa-press.net\/tchad\/politique\/federalisme-au-tchad-la-cdf-appelle-a-lunite-dactions-face-a-la-ferveur-populaire#breadcrumb"},"inLanguage":"fr-FR","potentialAction":[{"@type":"ReadAction","target":["https:\/\/www.africa-press.net\/tchad\/politique\/federalisme-au-tchad-la-cdf-appelle-a-lunite-dactions-face-a-la-ferveur-populaire"]}]},{"@type":"ImageObject","inLanguage":"fr-FR","@id":"https:\/\/www.africa-press.net\/tchad\/politique\/federalisme-au-tchad-la-cdf-appelle-a-lunite-dactions-face-a-la-ferveur-populaire#primaryimage","url":"https:\/\/static.africa-press.net\/tchad\/sites\/41\/2021\/11\/img-6197d05b04e21.jpg","contentUrl":"https:\/\/static.africa-press.net\/tchad\/sites\/41\/2021\/11\/img-6197d05b04e21.jpg","width":818,"height":387,"caption":"F\u00e9d\u00e9ralisme au Tchad : la CDF appelle \u00e0 \"l'unit\u00e9 d'actions\" face \u00e0 la \"ferveur populaire\""},{"@type":"BreadcrumbList","@id":"https:\/\/www.africa-press.net\/tchad\/politique\/federalisme-au-tchad-la-cdf-appelle-a-lunite-dactions-face-a-la-ferveur-populaire#breadcrumb","itemListElement":[{"@type":"ListItem","position":1,"name":"Accueil","item":"https:\/\/www.africa-press.net\/tchad\/"},{"@type":"ListItem","position":2,"name":"F\u00e9d\u00e9ralisme au Tchad : la CDF appelle \u00e0 &#8220;l&#8217;unit\u00e9 d&#8217;actions&#8221; face \u00e0 la &#8220;ferveur populaire&#8221;"}]},{"@type":"WebSite","@id":"https:\/\/www.africa-press.net\/tchad\/#website","url":"https:\/\/www.africa-press.net\/tchad\/","name":"tchad","description":"Just another Africa News Agency Sites site","potentialAction":[{"@type":"SearchAction","target":{"@type":"EntryPoint","urlTemplate":"https:\/\/www.africa-press.net\/tchad\/?s={search_term_string}"},"query-input":{"@type":"PropertyValueSpecification","valueRequired":true,"valueName":"search_term_string"}}],"inLanguage":"fr-FR"},{"@type":"Person","@id":"https:\/\/www.africa-press.net\/tchad\/#\/schema\/person\/2b1cf3cd81a31e3cd26889ca66d677f1","name":"cfeditorfr"}]}},"_links":{"self":[{"href":"https:\/\/www.africa-press.net\/tchad\/wp-json\/wp\/v2\/posts\/13990","targetHints":{"allow":["GET"]}}],"collection":[{"href":"https:\/\/www.africa-press.net\/tchad\/wp-json\/wp\/v2\/posts"}],"about":[{"href":"https:\/\/www.africa-press.net\/tchad\/wp-json\/wp\/v2\/types\/post"}],"author":[{"embeddable":true,"href":"https:\/\/www.africa-press.net\/tchad\/wp-json\/wp\/v2\/users\/82"}],"replies":[{"embeddable":true,"href":"https:\/\/www.africa-press.net\/tchad\/wp-json\/wp\/v2\/comments?post=13990"}],"version-history":[{"count":0,"href":"https:\/\/www.africa-press.net\/tchad\/wp-json\/wp\/v2\/posts\/13990\/revisions"}],"wp:featuredmedia":[{"embeddable":true,"href":"https:\/\/www.africa-press.net\/tchad\/wp-json\/wp\/v2\/media\/13989"}],"wp:attachment":[{"href":"https:\/\/www.africa-press.net\/tchad\/wp-json\/wp\/v2\/media?parent=13990"}],"wp:term":[{"taxonomy":"category","embeddable":true,"href":"https:\/\/www.africa-press.net\/tchad\/wp-json\/wp\/v2\/categories?post=13990"},{"taxonomy":"post_tag","embeddable":true,"href":"https:\/\/www.africa-press.net\/tchad\/wp-json\/wp\/v2\/tags?post=13990"}],"curies":[{"name":"wp","href":"https:\/\/api.w.org\/{rel}","templated":true}]}}