{"id":13993,"date":"2021-11-19T15:16:49","date_gmt":"2021-11-19T15:16:49","guid":{"rendered":"https:\/\/www.africa-press.net\/tchad\/politique\/rumeurs-denlevement-denfants-a-abeche-la-mairie-reagit-a-la-psychose"},"modified":"2021-11-19T16:28:12","modified_gmt":"2021-11-19T16:28:12","slug":"rumeurs-denlevement-denfants-a-abeche-la-mairie-reagit-a-la-psychose","status":"publish","type":"post","link":"https:\/\/www.africa-press.net\/tchad\/toutes-les-actualites\/rumeurs-denlevement-denfants-a-abeche-la-mairie-reagit-a-la-psychose","title":{"rendered":"rumeurs d&rsquo;enl\u00e8vement d&rsquo;enfants \u00e0 Ab\u00e9ch\u00e9, la mairie r\u00e9agit \u00e0 la psychose"},"content":{"rendered":"<p><span style=\"color: #ff6600\"><strong>Africa-Press &#8211; Tchad. <\/strong><\/span>\u00ab\u00a0Cette pratique d&rsquo;un nouveau genre et m\u00e9connu dans notre milieu commence \u00e0 prendre de l&rsquo;ampleur et s\u00e8me le d\u00e9sarroi et la psychose dans de nombreuses familles\u00a0\u00bb, indique Mahamat Sale Ahmat Adam. Le maire de la ville d&rsquo;Ab\u00e9ch\u00e9 invite tous les parents \u00e0 \u00ab\u00a0\u00eatre vigilants et \u00e0 prendre leur responsabilit\u00e9 pour ne pas laisser les mineurs divaguer dans la nature au risque de tomber dans les pi\u00e8ges de ces criminels gangsters, trafiquants d&rsquo;enfants\u00a0\u00bb.<\/p>\n<p>\u00ab\u00a0Les forces de d\u00e9fense et de s\u00e9curit\u00e9 seront mobilis\u00e9es pour traquer sans rel\u00e2che les bandits qui se livrent \u00e0 cette pratique myst\u00e9rieuse, ill\u00e9gale et louche\u00a0\u00bb, assure-t-il.<\/p>\n<p><strong>Pour plus d&rsquo;informations et d&rsquo;analyses sur la <a href=\"https:\/\/www.africa-press.net\/tchad\">Tchad<\/a>, suivez <a href=\"https:\/\/www.africa-press.net\/\">Africa-Press<\/a><\/strong><\/p>\n","protected":false},"excerpt":{"rendered":"<p>Africa-Press &#8211; Tchad. \u00ab\u00a0Cette pratique d&rsquo;un nouveau genre et m\u00e9connu dans notre milieu commence \u00e0 prendre de l&rsquo;ampleur et s\u00e8me le d\u00e9sarroi et la psychose dans de nombreuses familles\u00a0\u00bb, indique Mahamat Sale Ahmat Adam. Le maire de la ville d&rsquo;Ab\u00e9ch\u00e9 invite tous les parents \u00e0 \u00ab\u00a0\u00eatre vigilants et \u00e0 prendre leur responsabilit\u00e9 pour ne pas [&hellip;]<\/p>\n","protected":false},"author":82,"featured_media":13992,"comment_status":"open","ping_status":"closed","sticky":false,"template":"","format":"standard","meta":{"footnotes":""},"categories":[21,11,10],"tags":[67,37,292,2579,29],"class_list":["post-13993","post","type-post","status-publish","format-standard","has-post-thumbnail","hentry","category-communaute","category-homepage-french","category-toutes-les-actualites","tag-abeche","tag-africa-press","tag-africa-press-tchad","tag-psychose","tag-tchad"],"yoast_head":"<!-- This site is optimized with the Yoast SEO Premium plugin v26.1 (Yoast SEO v27.0) - https:\/\/yoast.com\/product\/yoast-seo-premium-wordpress\/ -->\n<title>rumeurs d&#039;enl\u00e8vement d&#039;enfants \u00e0 Ab\u00e9ch\u00e9, la mairie r\u00e9agit \u00e0 la psychose - tchad<\/title>\n<meta name=\"description\" content=\"&quot;Cette pratique d&#039;un nouveau genre et m\u00e9connu dans notre milieu commence \u00e0 prendre de l&#039;ampleur et s\u00e8me le d\u00e9sarroi et l ...\" \/>\n<meta name=\"robots\" content=\"index, follow, max-snippet:-1, max-image-preview:large, max-video-preview:-1\" \/>\n<link rel=\"canonical\" href=\"https:\/\/www.africa-press.net\/tchad\/toutes-les-actualites\/rumeurs-denlevement-denfants-a-abeche-la-mairie-reagit-a-la-psychose\" \/>\n<meta property=\"og:locale\" content=\"fr_FR\" \/>\n<meta property=\"og:type\" content=\"article\" \/>\n<meta property=\"og:title\" content=\"rumeurs d&#039;enl\u00e8vement d&#039;enfants \u00e0 Ab\u00e9ch\u00e9, la mairie r\u00e9agit \u00e0 la psychose\" \/>\n<meta property=\"og:description\" content=\"&quot;Cette pratique d&#039;un nouveau genre et m\u00e9connu dans notre milieu commence \u00e0 prendre de l&#039;ampleur et s\u00e8me le d\u00e9sarroi et l ...\" \/>\n<meta property=\"og:url\" content=\"https:\/\/www.africa-press.net\/tchad\/toutes-les-actualites\/rumeurs-denlevement-denfants-a-abeche-la-mairie-reagit-a-la-psychose\" \/>\n<meta property=\"og:site_name\" content=\"tchad\" \/>\n<meta property=\"article:published_time\" content=\"2021-11-19T15:16:49+00:00\" \/>\n<meta property=\"article:modified_time\" content=\"2021-11-19T16:28:12+00:00\" \/>\n<meta property=\"og:image\" content=\"https:\/\/static.africa-press.net\/tchad\/sites\/41\/2021\/11\/img-6197d07fed0b8.jpg\" \/>\n\t<meta property=\"og:image:width\" content=\"869\" \/>\n\t<meta property=\"og:image:height\" content=\"586\" \/>\n\t<meta property=\"og:image:type\" content=\"image\/jpeg\" \/>\n<meta name=\"author\" content=\"cfeditorfr\" \/>\n<meta name=\"twitter:card\" content=\"summary_large_image\" \/>\n<meta name=\"twitter:label1\" content=\"\u00c9crit par\" \/>\n\t<meta name=\"twitter:data1\" content=\"cfeditorfr\" \/>\n\t<meta name=\"twitter:label2\" content=\"Dur\u00e9e de lecture estim\u00e9e\" \/>\n\t<meta name=\"twitter:data2\" content=\"1 minute\" \/>\n<script type=\"application\/ld+json\" class=\"yoast-schema-graph\">{\"@context\":\"https:\/\/schema.org\",\"@graph\":[{\"@type\":\"Article\",\"@id\":\"https:\/\/www.africa-press.net\/tchad\/toutes-les-actualites\/rumeurs-denlevement-denfants-a-abeche-la-mairie-reagit-a-la-psychose#article\",\"isPartOf\":{\"@id\":\"https:\/\/www.africa-press.net\/tchad\/toutes-les-actualites\/rumeurs-denlevement-denfants-a-abeche-la-mairie-reagit-a-la-psychose\"},\"author\":{\"name\":\"cfeditorfr\",\"@id\":\"https:\/\/www.africa-press.net\/tchad\/#\/schema\/person\/2b1cf3cd81a31e3cd26889ca66d677f1\"},\"headline\":\"rumeurs d&rsquo;enl\u00e8vement d&rsquo;enfants \u00e0 Ab\u00e9ch\u00e9, la mairie r\u00e9agit \u00e0 la psychose\",\"datePublished\":\"2021-11-19T15:16:49+00:00\",\"dateModified\":\"2021-11-19T16:28:12+00:00\",\"mainEntityOfPage\":{\"@id\":\"https:\/\/www.africa-press.net\/tchad\/toutes-les-actualites\/rumeurs-denlevement-denfants-a-abeche-la-mairie-reagit-a-la-psychose\"},\"wordCount\":138,\"commentCount\":0,\"image\":{\"@id\":\"https:\/\/www.africa-press.net\/tchad\/toutes-les-actualites\/rumeurs-denlevement-denfants-a-abeche-la-mairie-reagit-a-la-psychose#primaryimage\"},\"thumbnailUrl\":\"https:\/\/static.africa-press.net\/tchad\/sites\/41\/2021\/11\/img-6197d07fed0b8.jpg\",\"keywords\":[\"Ab\u00e9ch\u00e9\",\"Africa Press\",\"Africa Press-Tchad\",\"psychose\",\"Tchad\"],\"articleSection\":[\"Communaut\u00e9\",\"homepage-french\",\"Toutes les actualit\u00e9s\"],\"inLanguage\":\"fr-FR\",\"potentialAction\":[{\"@type\":\"CommentAction\",\"name\":\"Comment\",\"target\":[\"https:\/\/www.africa-press.net\/tchad\/toutes-les-actualites\/rumeurs-denlevement-denfants-a-abeche-la-mairie-reagit-a-la-psychose#respond\"]}]},{\"@type\":\"WebPage\",\"@id\":\"https:\/\/www.africa-press.net\/tchad\/toutes-les-actualites\/rumeurs-denlevement-denfants-a-abeche-la-mairie-reagit-a-la-psychose\",\"url\":\"https:\/\/www.africa-press.net\/tchad\/toutes-les-actualites\/rumeurs-denlevement-denfants-a-abeche-la-mairie-reagit-a-la-psychose\",\"name\":\"rumeurs d'enl\u00e8vement d'enfants \u00e0 Ab\u00e9ch\u00e9, la mairie r\u00e9agit \u00e0 la psychose - tchad\",\"isPartOf\":{\"@id\":\"https:\/\/www.africa-press.net\/tchad\/#website\"},\"primaryImageOfPage\":{\"@id\":\"https:\/\/www.africa-press.net\/tchad\/toutes-les-actualites\/rumeurs-denlevement-denfants-a-abeche-la-mairie-reagit-a-la-psychose#primaryimage\"},\"image\":{\"@id\":\"https:\/\/www.africa-press.net\/tchad\/toutes-les-actualites\/rumeurs-denlevement-denfants-a-abeche-la-mairie-reagit-a-la-psychose#primaryimage\"},\"thumbnailUrl\":\"https:\/\/static.africa-press.net\/tchad\/sites\/41\/2021\/11\/img-6197d07fed0b8.jpg\",\"datePublished\":\"2021-11-19T15:16:49+00:00\",\"dateModified\":\"2021-11-19T16:28:12+00:00\",\"author\":{\"@id\":\"https:\/\/www.africa-press.net\/tchad\/#\/schema\/person\/2b1cf3cd81a31e3cd26889ca66d677f1\"},\"description\":\"\\\"Cette pratique d'un nouveau genre et m\u00e9connu dans notre milieu commence \u00e0 prendre de l'ampleur et s\u00e8me le d\u00e9sarroi et l ...\",\"breadcrumb\":{\"@id\":\"https:\/\/www.africa-press.net\/tchad\/toutes-les-actualites\/rumeurs-denlevement-denfants-a-abeche-la-mairie-reagit-a-la-psychose#breadcrumb\"},\"inLanguage\":\"fr-FR\",\"potentialAction\":[{\"@type\":\"ReadAction\",\"target\":[\"https:\/\/www.africa-press.net\/tchad\/toutes-les-actualites\/rumeurs-denlevement-denfants-a-abeche-la-mairie-reagit-a-la-psychose\"]}]},{\"@type\":\"ImageObject\",\"inLanguage\":\"fr-FR\",\"@id\":\"https:\/\/www.africa-press.net\/tchad\/toutes-les-actualites\/rumeurs-denlevement-denfants-a-abeche-la-mairie-reagit-a-la-psychose#primaryimage\",\"url\":\"https:\/\/static.africa-press.net\/tchad\/sites\/41\/2021\/11\/img-6197d07fed0b8.jpg\",\"contentUrl\":\"https:\/\/static.africa-press.net\/tchad\/sites\/41\/2021\/11\/img-6197d07fed0b8.jpg\",\"width\":869,\"height\":586,\"caption\":\"rumeurs d'enl\u00e8vement d'enfants \u00e0 Ab\u00e9ch\u00e9, la mairie r\u00e9agit \u00e0 la psychose\"},{\"@type\":\"BreadcrumbList\",\"@id\":\"https:\/\/www.africa-press.net\/tchad\/toutes-les-actualites\/rumeurs-denlevement-denfants-a-abeche-la-mairie-reagit-a-la-psychose#breadcrumb\",\"itemListElement\":[{\"@type\":\"ListItem\",\"position\":1,\"name\":\"Accueil\",\"item\":\"https:\/\/www.africa-press.net\/tchad\/\"},{\"@type\":\"ListItem\",\"position\":2,\"name\":\"rumeurs d&#8217;enl\u00e8vement d&#8217;enfants \u00e0 Ab\u00e9ch\u00e9, la mairie r\u00e9agit \u00e0 la psychose\"}]},{\"@type\":\"WebSite\",\"@id\":\"https:\/\/www.africa-press.net\/tchad\/#website\",\"url\":\"https:\/\/www.africa-press.net\/tchad\/\",\"name\":\"tchad\",\"description\":\"Just another Africa News Agency Sites site\",\"potentialAction\":[{\"@type\":\"SearchAction\",\"target\":{\"@type\":\"EntryPoint\",\"urlTemplate\":\"https:\/\/www.africa-press.net\/tchad\/?s={search_term_string}\"},\"query-input\":{\"@type\":\"PropertyValueSpecification\",\"valueRequired\":true,\"valueName\":\"search_term_string\"}}],\"inLanguage\":\"fr-FR\"},{\"@type\":\"Person\",\"@id\":\"https:\/\/www.africa-press.net\/tchad\/#\/schema\/person\/2b1cf3cd81a31e3cd26889ca66d677f1\",\"name\":\"cfeditorfr\"}]}<\/script>\n<!-- \/ Yoast SEO Premium plugin. -->","yoast_head_json":{"title":"rumeurs d'enl\u00e8vement d'enfants \u00e0 Ab\u00e9ch\u00e9, la mairie r\u00e9agit \u00e0 la psychose - tchad","description":"\"Cette pratique d'un nouveau genre et m\u00e9connu dans notre milieu commence \u00e0 prendre de l'ampleur et s\u00e8me le d\u00e9sarroi et l ...","robots":{"index":"index","follow":"follow","max-snippet":"max-snippet:-1","max-image-preview":"max-image-preview:large","max-video-preview":"max-video-preview:-1"},"canonical":"https:\/\/www.africa-press.net\/tchad\/toutes-les-actualites\/rumeurs-denlevement-denfants-a-abeche-la-mairie-reagit-a-la-psychose","og_locale":"fr_FR","og_type":"article","og_title":"rumeurs d'enl\u00e8vement d'enfants \u00e0 Ab\u00e9ch\u00e9, la mairie r\u00e9agit \u00e0 la psychose","og_description":"\"Cette pratique d'un nouveau genre et m\u00e9connu dans notre milieu commence \u00e0 prendre de l'ampleur et s\u00e8me le d\u00e9sarroi et l ...","og_url":"https:\/\/www.africa-press.net\/tchad\/toutes-les-actualites\/rumeurs-denlevement-denfants-a-abeche-la-mairie-reagit-a-la-psychose","og_site_name":"tchad","article_published_time":"2021-11-19T15:16:49+00:00","article_modified_time":"2021-11-19T16:28:12+00:00","og_image":[{"width":869,"height":586,"url":"https:\/\/static.africa-press.net\/tchad\/sites\/41\/2021\/11\/img-6197d07fed0b8.jpg","type":"image\/jpeg"}],"author":"cfeditorfr","twitter_card":"summary_large_image","twitter_misc":{"\u00c9crit par":"cfeditorfr","Dur\u00e9e de lecture estim\u00e9e":"1 minute"},"schema":{"@context":"https:\/\/schema.org","@graph":[{"@type":"Article","@id":"https:\/\/www.africa-press.net\/tchad\/toutes-les-actualites\/rumeurs-denlevement-denfants-a-abeche-la-mairie-reagit-a-la-psychose#article","isPartOf":{"@id":"https:\/\/www.africa-press.net\/tchad\/toutes-les-actualites\/rumeurs-denlevement-denfants-a-abeche-la-mairie-reagit-a-la-psychose"},"author":{"name":"cfeditorfr","@id":"https:\/\/www.africa-press.net\/tchad\/#\/schema\/person\/2b1cf3cd81a31e3cd26889ca66d677f1"},"headline":"rumeurs d&rsquo;enl\u00e8vement d&rsquo;enfants \u00e0 Ab\u00e9ch\u00e9, la mairie r\u00e9agit \u00e0 la psychose","datePublished":"2021-11-19T15:16:49+00:00","dateModified":"2021-11-19T16:28:12+00:00","mainEntityOfPage":{"@id":"https:\/\/www.africa-press.net\/tchad\/toutes-les-actualites\/rumeurs-denlevement-denfants-a-abeche-la-mairie-reagit-a-la-psychose"},"wordCount":138,"commentCount":0,"image":{"@id":"https:\/\/www.africa-press.net\/tchad\/toutes-les-actualites\/rumeurs-denlevement-denfants-a-abeche-la-mairie-reagit-a-la-psychose#primaryimage"},"thumbnailUrl":"https:\/\/static.africa-press.net\/tchad\/sites\/41\/2021\/11\/img-6197d07fed0b8.jpg","keywords":["Ab\u00e9ch\u00e9","Africa Press","Africa Press-Tchad","psychose","Tchad"],"articleSection":["Communaut\u00e9","homepage-french","Toutes les actualit\u00e9s"],"inLanguage":"fr-FR","potentialAction":[{"@type":"CommentAction","name":"Comment","target":["https:\/\/www.africa-press.net\/tchad\/toutes-les-actualites\/rumeurs-denlevement-denfants-a-abeche-la-mairie-reagit-a-la-psychose#respond"]}]},{"@type":"WebPage","@id":"https:\/\/www.africa-press.net\/tchad\/toutes-les-actualites\/rumeurs-denlevement-denfants-a-abeche-la-mairie-reagit-a-la-psychose","url":"https:\/\/www.africa-press.net\/tchad\/toutes-les-actualites\/rumeurs-denlevement-denfants-a-abeche-la-mairie-reagit-a-la-psychose","name":"rumeurs d'enl\u00e8vement d'enfants \u00e0 Ab\u00e9ch\u00e9, la mairie r\u00e9agit \u00e0 la psychose - tchad","isPartOf":{"@id":"https:\/\/www.africa-press.net\/tchad\/#website"},"primaryImageOfPage":{"@id":"https:\/\/www.africa-press.net\/tchad\/toutes-les-actualites\/rumeurs-denlevement-denfants-a-abeche-la-mairie-reagit-a-la-psychose#primaryimage"},"image":{"@id":"https:\/\/www.africa-press.net\/tchad\/toutes-les-actualites\/rumeurs-denlevement-denfants-a-abeche-la-mairie-reagit-a-la-psychose#primaryimage"},"thumbnailUrl":"https:\/\/static.africa-press.net\/tchad\/sites\/41\/2021\/11\/img-6197d07fed0b8.jpg","datePublished":"2021-11-19T15:16:49+00:00","dateModified":"2021-11-19T16:28:12+00:00","author":{"@id":"https:\/\/www.africa-press.net\/tchad\/#\/schema\/person\/2b1cf3cd81a31e3cd26889ca66d677f1"},"description":"\"Cette pratique d'un nouveau genre et m\u00e9connu dans notre milieu commence \u00e0 prendre de l'ampleur et s\u00e8me le d\u00e9sarroi et l ...","breadcrumb":{"@id":"https:\/\/www.africa-press.net\/tchad\/toutes-les-actualites\/rumeurs-denlevement-denfants-a-abeche-la-mairie-reagit-a-la-psychose#breadcrumb"},"inLanguage":"fr-FR","potentialAction":[{"@type":"ReadAction","target":["https:\/\/www.africa-press.net\/tchad\/toutes-les-actualites\/rumeurs-denlevement-denfants-a-abeche-la-mairie-reagit-a-la-psychose"]}]},{"@type":"ImageObject","inLanguage":"fr-FR","@id":"https:\/\/www.africa-press.net\/tchad\/toutes-les-actualites\/rumeurs-denlevement-denfants-a-abeche-la-mairie-reagit-a-la-psychose#primaryimage","url":"https:\/\/static.africa-press.net\/tchad\/sites\/41\/2021\/11\/img-6197d07fed0b8.jpg","contentUrl":"https:\/\/static.africa-press.net\/tchad\/sites\/41\/2021\/11\/img-6197d07fed0b8.jpg","width":869,"height":586,"caption":"rumeurs d'enl\u00e8vement d'enfants \u00e0 Ab\u00e9ch\u00e9, la mairie r\u00e9agit \u00e0 la psychose"},{"@type":"BreadcrumbList","@id":"https:\/\/www.africa-press.net\/tchad\/toutes-les-actualites\/rumeurs-denlevement-denfants-a-abeche-la-mairie-reagit-a-la-psychose#breadcrumb","itemListElement":[{"@type":"ListItem","position":1,"name":"Accueil","item":"https:\/\/www.africa-press.net\/tchad\/"},{"@type":"ListItem","position":2,"name":"rumeurs d&#8217;enl\u00e8vement d&#8217;enfants \u00e0 Ab\u00e9ch\u00e9, la mairie r\u00e9agit \u00e0 la psychose"}]},{"@type":"WebSite","@id":"https:\/\/www.africa-press.net\/tchad\/#website","url":"https:\/\/www.africa-press.net\/tchad\/","name":"tchad","description":"Just another Africa News Agency Sites site","potentialAction":[{"@type":"SearchAction","target":{"@type":"EntryPoint","urlTemplate":"https:\/\/www.africa-press.net\/tchad\/?s={search_term_string}"},"query-input":{"@type":"PropertyValueSpecification","valueRequired":true,"valueName":"search_term_string"}}],"inLanguage":"fr-FR"},{"@type":"Person","@id":"https:\/\/www.africa-press.net\/tchad\/#\/schema\/person\/2b1cf3cd81a31e3cd26889ca66d677f1","name":"cfeditorfr"}]}},"_links":{"self":[{"href":"https:\/\/www.africa-press.net\/tchad\/wp-json\/wp\/v2\/posts\/13993","targetHints":{"allow":["GET"]}}],"collection":[{"href":"https:\/\/www.africa-press.net\/tchad\/wp-json\/wp\/v2\/posts"}],"about":[{"href":"https:\/\/www.africa-press.net\/tchad\/wp-json\/wp\/v2\/types\/post"}],"author":[{"embeddable":true,"href":"https:\/\/www.africa-press.net\/tchad\/wp-json\/wp\/v2\/users\/82"}],"replies":[{"embeddable":true,"href":"https:\/\/www.africa-press.net\/tchad\/wp-json\/wp\/v2\/comments?post=13993"}],"version-history":[{"count":0,"href":"https:\/\/www.africa-press.net\/tchad\/wp-json\/wp\/v2\/posts\/13993\/revisions"}],"wp:featuredmedia":[{"embeddable":true,"href":"https:\/\/www.africa-press.net\/tchad\/wp-json\/wp\/v2\/media\/13992"}],"wp:attachment":[{"href":"https:\/\/www.africa-press.net\/tchad\/wp-json\/wp\/v2\/media?parent=13993"}],"wp:term":[{"taxonomy":"category","embeddable":true,"href":"https:\/\/www.africa-press.net\/tchad\/wp-json\/wp\/v2\/categories?post=13993"},{"taxonomy":"post_tag","embeddable":true,"href":"https:\/\/www.africa-press.net\/tchad\/wp-json\/wp\/v2\/tags?post=13993"}],"curies":[{"name":"wp","href":"https:\/\/api.w.org\/{rel}","templated":true}]}}