{"id":14008,"date":"2021-11-19T15:22:46","date_gmt":"2021-11-19T15:22:46","guid":{"rendered":"https:\/\/www.africa-press.net\/tchad\/politique\/les-forces-de-defense-et-de-securite-seront-mobilisees-pour-la-lutte-contre-les-enlevements-denfants"},"modified":"2021-11-19T16:31:20","modified_gmt":"2021-11-19T16:31:20","slug":"les-forces-de-defense-et-de-securite-seront-mobilisees-pour-la-lutte-contre-les-enlevements-denfants","status":"publish","type":"post","link":"https:\/\/www.africa-press.net\/tchad\/toutes-les-actualites\/les-forces-de-defense-et-de-securite-seront-mobilisees-pour-la-lutte-contre-les-enlevements-denfants","title":{"rendered":"les forces de d\u00e9fense et de s\u00e9curit\u00e9 seront mobilis\u00e9es pour la lutte contre les enl\u00e8vements d\u2019enfants"},"content":{"rendered":"<p><span style=\"color: #ff6600\"><strong>Africa-Press &#8211; Tchad. <\/strong><\/span>Le maire de la ville d\u2019Ab\u00e9ch\u00e9, Mahamat Saleh Ahmat Adam exprime son indignation face aux ph\u00e9nom\u00e8nes d\u2019enl\u00e8vement d\u2019enfants \u00e0 Ab\u00e9ch\u00e9. Des rumeurs faisant \u00e9tat de tentative d\u2019enl\u00e8vement d\u2019enfants circulent ces derniers jours dans la ville d\u2019Ab\u00e9ch\u00e9.<\/p>\n<p>Le maire de la ville, qui se dit soucieux de ce danger qui guette les enfants, invite tous les parents \u00e0 \u00eatre vigilants et \u00e0 prendre leur responsabilit\u00e9 pour ne pas laisser les mineurs divaguer dans la nature au risque de tomber dans \u201cle pi\u00e8ge des criminels\u201d.<\/p>\n<p>\u00ab Cette pratique du genre nouveau et m\u00e9connu dans notre milieu commence \u00e0 prendre de l\u2019ampleur et s\u00e8me le d\u00e9sarroi et la psychose dans des nombreuses famille \u00bb, s\u2019inqui\u00e8te le maire.<\/p>\n<p>Les force de d\u00e9fense et de s\u00e9curit\u00e9 seront mobilis\u00e9es \u00e0 cet effet pour \u201ctraquer sans rel\u00e2che les bandits qui se livrent \u00e0 cette pratique myst\u00e9rieuse, ill\u00e9gale et louche\u201d, indique le maire.<\/p>\n<p><strong>Pour plus d&rsquo;informations et d&rsquo;analyses sur la <a href=\"https:\/\/www.africa-press.net\/tchad\">Tchad<\/a>, suivez <a href=\"https:\/\/www.africa-press.net\/\">Africa-Press<\/a><\/strong><\/p>\n","protected":false},"excerpt":{"rendered":"<p>Africa-Press &#8211; Tchad. Le maire de la ville d\u2019Ab\u00e9ch\u00e9, Mahamat Saleh Ahmat Adam exprime son indignation face aux ph\u00e9nom\u00e8nes d\u2019enl\u00e8vement d\u2019enfants \u00e0 Ab\u00e9ch\u00e9. Des rumeurs faisant \u00e9tat de tentative d\u2019enl\u00e8vement d\u2019enfants circulent ces derniers jours dans la ville d\u2019Ab\u00e9ch\u00e9. Le maire de la ville, qui se dit soucieux de ce danger qui guette les enfants, [&hellip;]<\/p>\n","protected":false},"author":82,"featured_media":14007,"comment_status":"open","ping_status":"closed","sticky":false,"template":"","format":"standard","meta":{"footnotes":""},"categories":[21,11,10],"tags":[37,292,2586,2585,29],"class_list":["post-14008","post","type-post","status-publish","format-standard","has-post-thumbnail","hentry","category-communaute","category-homepage-french","category-toutes-les-actualites","tag-africa-press","tag-africa-press-tchad","tag-enlevements","tag-mobilisees","tag-tchad"],"yoast_head":"<!-- This site is optimized with the Yoast SEO Premium plugin v26.1 (Yoast SEO v27.0) - https:\/\/yoast.com\/product\/yoast-seo-premium-wordpress\/ -->\n<title>les forces de d\u00e9fense et de s\u00e9curit\u00e9 seront mobilis\u00e9es pour la lutte contre les enl\u00e8vements d\u2019enfants - tchad<\/title>\n<meta name=\"description\" content=\"Le maire de la ville d\u2019Ab\u00e9ch\u00e9, Mahamat Saleh Ahmat Adam exprime son indignation face aux ph\u00e9nom\u00e8nes d\u2019enl\u00e8vement d\u2019enfan ...\" \/>\n<meta name=\"robots\" content=\"index, follow, max-snippet:-1, max-image-preview:large, max-video-preview:-1\" \/>\n<link rel=\"canonical\" href=\"https:\/\/www.africa-press.net\/tchad\/toutes-les-actualites\/les-forces-de-defense-et-de-securite-seront-mobilisees-pour-la-lutte-contre-les-enlevements-denfants\" \/>\n<meta property=\"og:locale\" content=\"fr_FR\" \/>\n<meta property=\"og:type\" content=\"article\" \/>\n<meta property=\"og:title\" content=\"les forces de d\u00e9fense et de s\u00e9curit\u00e9 seront mobilis\u00e9es pour la lutte contre les enl\u00e8vements d\u2019enfants\" \/>\n<meta property=\"og:description\" content=\"Le maire de la ville d\u2019Ab\u00e9ch\u00e9, Mahamat Saleh Ahmat Adam exprime son indignation face aux ph\u00e9nom\u00e8nes d\u2019enl\u00e8vement d\u2019enfan ...\" \/>\n<meta property=\"og:url\" content=\"https:\/\/www.africa-press.net\/tchad\/toutes-les-actualites\/les-forces-de-defense-et-de-securite-seront-mobilisees-pour-la-lutte-contre-les-enlevements-denfants\" \/>\n<meta property=\"og:site_name\" content=\"tchad\" \/>\n<meta property=\"article:published_time\" content=\"2021-11-19T15:22:46+00:00\" \/>\n<meta property=\"article:modified_time\" content=\"2021-11-19T16:31:20+00:00\" \/>\n<meta property=\"og:image\" content=\"https:\/\/static.africa-press.net\/tchad\/sites\/41\/2021\/11\/img-6197d13c1edce.jpg\" \/>\n\t<meta property=\"og:image:width\" content=\"696\" \/>\n\t<meta property=\"og:image:height\" content=\"392\" \/>\n\t<meta property=\"og:image:type\" content=\"image\/jpeg\" \/>\n<meta name=\"author\" content=\"cfeditorfr\" \/>\n<meta name=\"twitter:card\" content=\"summary_large_image\" \/>\n<meta name=\"twitter:label1\" content=\"\u00c9crit par\" \/>\n\t<meta name=\"twitter:data1\" content=\"cfeditorfr\" \/>\n\t<meta name=\"twitter:label2\" content=\"Dur\u00e9e de lecture estim\u00e9e\" \/>\n\t<meta name=\"twitter:data2\" content=\"1 minute\" \/>\n<script type=\"application\/ld+json\" class=\"yoast-schema-graph\">{\"@context\":\"https:\/\/schema.org\",\"@graph\":[{\"@type\":\"Article\",\"@id\":\"https:\/\/www.africa-press.net\/tchad\/toutes-les-actualites\/les-forces-de-defense-et-de-securite-seront-mobilisees-pour-la-lutte-contre-les-enlevements-denfants#article\",\"isPartOf\":{\"@id\":\"https:\/\/www.africa-press.net\/tchad\/toutes-les-actualites\/les-forces-de-defense-et-de-securite-seront-mobilisees-pour-la-lutte-contre-les-enlevements-denfants\"},\"author\":{\"name\":\"cfeditorfr\",\"@id\":\"https:\/\/www.africa-press.net\/tchad\/#\/schema\/person\/2b1cf3cd81a31e3cd26889ca66d677f1\"},\"headline\":\"les forces de d\u00e9fense et de s\u00e9curit\u00e9 seront mobilis\u00e9es pour la lutte contre les enl\u00e8vements d\u2019enfants\",\"datePublished\":\"2021-11-19T15:22:46+00:00\",\"dateModified\":\"2021-11-19T16:31:20+00:00\",\"mainEntityOfPage\":{\"@id\":\"https:\/\/www.africa-press.net\/tchad\/toutes-les-actualites\/les-forces-de-defense-et-de-securite-seront-mobilisees-pour-la-lutte-contre-les-enlevements-denfants\"},\"wordCount\":199,\"commentCount\":0,\"image\":{\"@id\":\"https:\/\/www.africa-press.net\/tchad\/toutes-les-actualites\/les-forces-de-defense-et-de-securite-seront-mobilisees-pour-la-lutte-contre-les-enlevements-denfants#primaryimage\"},\"thumbnailUrl\":\"https:\/\/static.africa-press.net\/tchad\/sites\/41\/2021\/11\/img-6197d13c1edce.jpg\",\"keywords\":[\"Africa Press\",\"Africa Press-Tchad\",\"enl\u00e8vements\",\"mobilis\u00e9es\",\"Tchad\"],\"articleSection\":[\"Communaut\u00e9\",\"homepage-french\",\"Toutes les actualit\u00e9s\"],\"inLanguage\":\"fr-FR\",\"potentialAction\":[{\"@type\":\"CommentAction\",\"name\":\"Comment\",\"target\":[\"https:\/\/www.africa-press.net\/tchad\/toutes-les-actualites\/les-forces-de-defense-et-de-securite-seront-mobilisees-pour-la-lutte-contre-les-enlevements-denfants#respond\"]}]},{\"@type\":\"WebPage\",\"@id\":\"https:\/\/www.africa-press.net\/tchad\/toutes-les-actualites\/les-forces-de-defense-et-de-securite-seront-mobilisees-pour-la-lutte-contre-les-enlevements-denfants\",\"url\":\"https:\/\/www.africa-press.net\/tchad\/toutes-les-actualites\/les-forces-de-defense-et-de-securite-seront-mobilisees-pour-la-lutte-contre-les-enlevements-denfants\",\"name\":\"les forces de d\u00e9fense et de s\u00e9curit\u00e9 seront mobilis\u00e9es pour la lutte contre les enl\u00e8vements d\u2019enfants - tchad\",\"isPartOf\":{\"@id\":\"https:\/\/www.africa-press.net\/tchad\/#website\"},\"primaryImageOfPage\":{\"@id\":\"https:\/\/www.africa-press.net\/tchad\/toutes-les-actualites\/les-forces-de-defense-et-de-securite-seront-mobilisees-pour-la-lutte-contre-les-enlevements-denfants#primaryimage\"},\"image\":{\"@id\":\"https:\/\/www.africa-press.net\/tchad\/toutes-les-actualites\/les-forces-de-defense-et-de-securite-seront-mobilisees-pour-la-lutte-contre-les-enlevements-denfants#primaryimage\"},\"thumbnailUrl\":\"https:\/\/static.africa-press.net\/tchad\/sites\/41\/2021\/11\/img-6197d13c1edce.jpg\",\"datePublished\":\"2021-11-19T15:22:46+00:00\",\"dateModified\":\"2021-11-19T16:31:20+00:00\",\"author\":{\"@id\":\"https:\/\/www.africa-press.net\/tchad\/#\/schema\/person\/2b1cf3cd81a31e3cd26889ca66d677f1\"},\"description\":\"Le maire de la ville d\u2019Ab\u00e9ch\u00e9, Mahamat Saleh Ahmat Adam exprime son indignation face aux ph\u00e9nom\u00e8nes d\u2019enl\u00e8vement d\u2019enfan ...\",\"breadcrumb\":{\"@id\":\"https:\/\/www.africa-press.net\/tchad\/toutes-les-actualites\/les-forces-de-defense-et-de-securite-seront-mobilisees-pour-la-lutte-contre-les-enlevements-denfants#breadcrumb\"},\"inLanguage\":\"fr-FR\",\"potentialAction\":[{\"@type\":\"ReadAction\",\"target\":[\"https:\/\/www.africa-press.net\/tchad\/toutes-les-actualites\/les-forces-de-defense-et-de-securite-seront-mobilisees-pour-la-lutte-contre-les-enlevements-denfants\"]}]},{\"@type\":\"ImageObject\",\"inLanguage\":\"fr-FR\",\"@id\":\"https:\/\/www.africa-press.net\/tchad\/toutes-les-actualites\/les-forces-de-defense-et-de-securite-seront-mobilisees-pour-la-lutte-contre-les-enlevements-denfants#primaryimage\",\"url\":\"https:\/\/static.africa-press.net\/tchad\/sites\/41\/2021\/11\/img-6197d13c1edce.jpg\",\"contentUrl\":\"https:\/\/static.africa-press.net\/tchad\/sites\/41\/2021\/11\/img-6197d13c1edce.jpg\",\"width\":696,\"height\":392,\"caption\":\"les forces de d\u00e9fense et de s\u00e9curit\u00e9 seront mobilis\u00e9es pour la lutte contre les enl\u00e8vements d\u2019enfants\"},{\"@type\":\"BreadcrumbList\",\"@id\":\"https:\/\/www.africa-press.net\/tchad\/toutes-les-actualites\/les-forces-de-defense-et-de-securite-seront-mobilisees-pour-la-lutte-contre-les-enlevements-denfants#breadcrumb\",\"itemListElement\":[{\"@type\":\"ListItem\",\"position\":1,\"name\":\"Accueil\",\"item\":\"https:\/\/www.africa-press.net\/tchad\/\"},{\"@type\":\"ListItem\",\"position\":2,\"name\":\"les forces de d\u00e9fense et de s\u00e9curit\u00e9 seront mobilis\u00e9es pour la lutte contre les enl\u00e8vements d\u2019enfants\"}]},{\"@type\":\"WebSite\",\"@id\":\"https:\/\/www.africa-press.net\/tchad\/#website\",\"url\":\"https:\/\/www.africa-press.net\/tchad\/\",\"name\":\"tchad\",\"description\":\"Just another Africa News Agency Sites site\",\"potentialAction\":[{\"@type\":\"SearchAction\",\"target\":{\"@type\":\"EntryPoint\",\"urlTemplate\":\"https:\/\/www.africa-press.net\/tchad\/?s={search_term_string}\"},\"query-input\":{\"@type\":\"PropertyValueSpecification\",\"valueRequired\":true,\"valueName\":\"search_term_string\"}}],\"inLanguage\":\"fr-FR\"},{\"@type\":\"Person\",\"@id\":\"https:\/\/www.africa-press.net\/tchad\/#\/schema\/person\/2b1cf3cd81a31e3cd26889ca66d677f1\",\"name\":\"cfeditorfr\"}]}<\/script>\n<!-- \/ Yoast SEO Premium plugin. -->","yoast_head_json":{"title":"les forces de d\u00e9fense et de s\u00e9curit\u00e9 seront mobilis\u00e9es pour la lutte contre les enl\u00e8vements d\u2019enfants - tchad","description":"Le maire de la ville d\u2019Ab\u00e9ch\u00e9, Mahamat Saleh Ahmat Adam exprime son indignation face aux ph\u00e9nom\u00e8nes d\u2019enl\u00e8vement d\u2019enfan ...","robots":{"index":"index","follow":"follow","max-snippet":"max-snippet:-1","max-image-preview":"max-image-preview:large","max-video-preview":"max-video-preview:-1"},"canonical":"https:\/\/www.africa-press.net\/tchad\/toutes-les-actualites\/les-forces-de-defense-et-de-securite-seront-mobilisees-pour-la-lutte-contre-les-enlevements-denfants","og_locale":"fr_FR","og_type":"article","og_title":"les forces de d\u00e9fense et de s\u00e9curit\u00e9 seront mobilis\u00e9es pour la lutte contre les enl\u00e8vements d\u2019enfants","og_description":"Le maire de la ville d\u2019Ab\u00e9ch\u00e9, Mahamat Saleh Ahmat Adam exprime son indignation face aux ph\u00e9nom\u00e8nes d\u2019enl\u00e8vement d\u2019enfan ...","og_url":"https:\/\/www.africa-press.net\/tchad\/toutes-les-actualites\/les-forces-de-defense-et-de-securite-seront-mobilisees-pour-la-lutte-contre-les-enlevements-denfants","og_site_name":"tchad","article_published_time":"2021-11-19T15:22:46+00:00","article_modified_time":"2021-11-19T16:31:20+00:00","og_image":[{"width":696,"height":392,"url":"https:\/\/static.africa-press.net\/tchad\/sites\/41\/2021\/11\/img-6197d13c1edce.jpg","type":"image\/jpeg"}],"author":"cfeditorfr","twitter_card":"summary_large_image","twitter_misc":{"\u00c9crit par":"cfeditorfr","Dur\u00e9e de lecture estim\u00e9e":"1 minute"},"schema":{"@context":"https:\/\/schema.org","@graph":[{"@type":"Article","@id":"https:\/\/www.africa-press.net\/tchad\/toutes-les-actualites\/les-forces-de-defense-et-de-securite-seront-mobilisees-pour-la-lutte-contre-les-enlevements-denfants#article","isPartOf":{"@id":"https:\/\/www.africa-press.net\/tchad\/toutes-les-actualites\/les-forces-de-defense-et-de-securite-seront-mobilisees-pour-la-lutte-contre-les-enlevements-denfants"},"author":{"name":"cfeditorfr","@id":"https:\/\/www.africa-press.net\/tchad\/#\/schema\/person\/2b1cf3cd81a31e3cd26889ca66d677f1"},"headline":"les forces de d\u00e9fense et de s\u00e9curit\u00e9 seront mobilis\u00e9es pour la lutte contre les enl\u00e8vements d\u2019enfants","datePublished":"2021-11-19T15:22:46+00:00","dateModified":"2021-11-19T16:31:20+00:00","mainEntityOfPage":{"@id":"https:\/\/www.africa-press.net\/tchad\/toutes-les-actualites\/les-forces-de-defense-et-de-securite-seront-mobilisees-pour-la-lutte-contre-les-enlevements-denfants"},"wordCount":199,"commentCount":0,"image":{"@id":"https:\/\/www.africa-press.net\/tchad\/toutes-les-actualites\/les-forces-de-defense-et-de-securite-seront-mobilisees-pour-la-lutte-contre-les-enlevements-denfants#primaryimage"},"thumbnailUrl":"https:\/\/static.africa-press.net\/tchad\/sites\/41\/2021\/11\/img-6197d13c1edce.jpg","keywords":["Africa Press","Africa Press-Tchad","enl\u00e8vements","mobilis\u00e9es","Tchad"],"articleSection":["Communaut\u00e9","homepage-french","Toutes les actualit\u00e9s"],"inLanguage":"fr-FR","potentialAction":[{"@type":"CommentAction","name":"Comment","target":["https:\/\/www.africa-press.net\/tchad\/toutes-les-actualites\/les-forces-de-defense-et-de-securite-seront-mobilisees-pour-la-lutte-contre-les-enlevements-denfants#respond"]}]},{"@type":"WebPage","@id":"https:\/\/www.africa-press.net\/tchad\/toutes-les-actualites\/les-forces-de-defense-et-de-securite-seront-mobilisees-pour-la-lutte-contre-les-enlevements-denfants","url":"https:\/\/www.africa-press.net\/tchad\/toutes-les-actualites\/les-forces-de-defense-et-de-securite-seront-mobilisees-pour-la-lutte-contre-les-enlevements-denfants","name":"les forces de d\u00e9fense et de s\u00e9curit\u00e9 seront mobilis\u00e9es pour la lutte contre les enl\u00e8vements d\u2019enfants - tchad","isPartOf":{"@id":"https:\/\/www.africa-press.net\/tchad\/#website"},"primaryImageOfPage":{"@id":"https:\/\/www.africa-press.net\/tchad\/toutes-les-actualites\/les-forces-de-defense-et-de-securite-seront-mobilisees-pour-la-lutte-contre-les-enlevements-denfants#primaryimage"},"image":{"@id":"https:\/\/www.africa-press.net\/tchad\/toutes-les-actualites\/les-forces-de-defense-et-de-securite-seront-mobilisees-pour-la-lutte-contre-les-enlevements-denfants#primaryimage"},"thumbnailUrl":"https:\/\/static.africa-press.net\/tchad\/sites\/41\/2021\/11\/img-6197d13c1edce.jpg","datePublished":"2021-11-19T15:22:46+00:00","dateModified":"2021-11-19T16:31:20+00:00","author":{"@id":"https:\/\/www.africa-press.net\/tchad\/#\/schema\/person\/2b1cf3cd81a31e3cd26889ca66d677f1"},"description":"Le maire de la ville d\u2019Ab\u00e9ch\u00e9, Mahamat Saleh Ahmat Adam exprime son indignation face aux ph\u00e9nom\u00e8nes d\u2019enl\u00e8vement d\u2019enfan ...","breadcrumb":{"@id":"https:\/\/www.africa-press.net\/tchad\/toutes-les-actualites\/les-forces-de-defense-et-de-securite-seront-mobilisees-pour-la-lutte-contre-les-enlevements-denfants#breadcrumb"},"inLanguage":"fr-FR","potentialAction":[{"@type":"ReadAction","target":["https:\/\/www.africa-press.net\/tchad\/toutes-les-actualites\/les-forces-de-defense-et-de-securite-seront-mobilisees-pour-la-lutte-contre-les-enlevements-denfants"]}]},{"@type":"ImageObject","inLanguage":"fr-FR","@id":"https:\/\/www.africa-press.net\/tchad\/toutes-les-actualites\/les-forces-de-defense-et-de-securite-seront-mobilisees-pour-la-lutte-contre-les-enlevements-denfants#primaryimage","url":"https:\/\/static.africa-press.net\/tchad\/sites\/41\/2021\/11\/img-6197d13c1edce.jpg","contentUrl":"https:\/\/static.africa-press.net\/tchad\/sites\/41\/2021\/11\/img-6197d13c1edce.jpg","width":696,"height":392,"caption":"les forces de d\u00e9fense et de s\u00e9curit\u00e9 seront mobilis\u00e9es pour la lutte contre les enl\u00e8vements d\u2019enfants"},{"@type":"BreadcrumbList","@id":"https:\/\/www.africa-press.net\/tchad\/toutes-les-actualites\/les-forces-de-defense-et-de-securite-seront-mobilisees-pour-la-lutte-contre-les-enlevements-denfants#breadcrumb","itemListElement":[{"@type":"ListItem","position":1,"name":"Accueil","item":"https:\/\/www.africa-press.net\/tchad\/"},{"@type":"ListItem","position":2,"name":"les forces de d\u00e9fense et de s\u00e9curit\u00e9 seront mobilis\u00e9es pour la lutte contre les enl\u00e8vements d\u2019enfants"}]},{"@type":"WebSite","@id":"https:\/\/www.africa-press.net\/tchad\/#website","url":"https:\/\/www.africa-press.net\/tchad\/","name":"tchad","description":"Just another Africa News Agency Sites site","potentialAction":[{"@type":"SearchAction","target":{"@type":"EntryPoint","urlTemplate":"https:\/\/www.africa-press.net\/tchad\/?s={search_term_string}"},"query-input":{"@type":"PropertyValueSpecification","valueRequired":true,"valueName":"search_term_string"}}],"inLanguage":"fr-FR"},{"@type":"Person","@id":"https:\/\/www.africa-press.net\/tchad\/#\/schema\/person\/2b1cf3cd81a31e3cd26889ca66d677f1","name":"cfeditorfr"}]}},"_links":{"self":[{"href":"https:\/\/www.africa-press.net\/tchad\/wp-json\/wp\/v2\/posts\/14008","targetHints":{"allow":["GET"]}}],"collection":[{"href":"https:\/\/www.africa-press.net\/tchad\/wp-json\/wp\/v2\/posts"}],"about":[{"href":"https:\/\/www.africa-press.net\/tchad\/wp-json\/wp\/v2\/types\/post"}],"author":[{"embeddable":true,"href":"https:\/\/www.africa-press.net\/tchad\/wp-json\/wp\/v2\/users\/82"}],"replies":[{"embeddable":true,"href":"https:\/\/www.africa-press.net\/tchad\/wp-json\/wp\/v2\/comments?post=14008"}],"version-history":[{"count":0,"href":"https:\/\/www.africa-press.net\/tchad\/wp-json\/wp\/v2\/posts\/14008\/revisions"}],"wp:featuredmedia":[{"embeddable":true,"href":"https:\/\/www.africa-press.net\/tchad\/wp-json\/wp\/v2\/media\/14007"}],"wp:attachment":[{"href":"https:\/\/www.africa-press.net\/tchad\/wp-json\/wp\/v2\/media?parent=14008"}],"wp:term":[{"taxonomy":"category","embeddable":true,"href":"https:\/\/www.africa-press.net\/tchad\/wp-json\/wp\/v2\/categories?post=14008"},{"taxonomy":"post_tag","embeddable":true,"href":"https:\/\/www.africa-press.net\/tchad\/wp-json\/wp\/v2\/tags?post=14008"}],"curies":[{"name":"wp","href":"https:\/\/api.w.org\/{rel}","templated":true}]}}