{"id":14017,"date":"2021-11-19T15:28:31","date_gmt":"2021-11-19T15:28:31","guid":{"rendered":"https:\/\/www.africa-press.net\/tchad\/politique\/bdeac-la-relance-economique-post-covid-19-preoccupe"},"modified":"2021-11-19T16:33:28","modified_gmt":"2021-11-19T16:33:28","slug":"bdeac-la-relance-economique-post-covid-19-preoccupe","status":"publish","type":"post","link":"https:\/\/www.africa-press.net\/tchad\/economie\/bdeac-la-relance-economique-post-covid-19-preoccupe","title":{"rendered":"BDEAC : la relance \u00e9conomique post-Covid-19 pr\u00e9occupe"},"content":{"rendered":"<p><span style=\"color: #ff6600\"><strong>Africa-Press &#8211; Tchad. <\/strong><\/span>Les r\u00e9unions du conseil d\u2019administration et de l\u2019Assembl\u00e9e g\u00e9n\u00e9rale de la Banque de D\u00e9veloppement des Etats de l\u2019Afrique Centrale (BDEAC) se sont tenues \u00e0 Brazzaville par visioconf\u00e9rence le 17 novembre 2021, sous la pr\u00e9sidence de Mme Ingrid Olga Ghislaine Ebouka-Babackas, ministre de l\u2019Economie, du Plan, de la Statistique et de l\u2019Int\u00e9gration r\u00e9gionale, repr\u00e9sentant Rigobert Roger Andely, ministre des Finances, du Budget et du Portefeuille public de la R\u00e9publique du Congo.<\/p>\n<p>Le conseil d\u2019administration a examin\u00e9 le projet de budget 2022, \u00e9labor\u00e9 en tenant compte de la n\u00e9cessit\u00e9 pour la Banque d\u2019intensifier ses activit\u00e9s afin de r\u00e9pondre aux exigences de mise en \u0153uvre du Plan strat\u00e9gique 2017-2022 et \u00e0 la dynamique amorc\u00e9e en 2021.<\/p>\n<p>Ces activit\u00e9s concernent la diversification des ressources par recours aux march\u00e9s financiers, la finalisation des travaux d\u2019arrimage de la comptabilit\u00e9 et son \u00e9volution aux normes IFRS et le renforcement de la cr\u00e9dibilit\u00e9 de la signature de la BDEAC par le recours \u00e0 la notation financi\u00e8re.<\/p>\n<p>Sur la base de ces axes, le conseil a adopt\u00e9 le projet de budget 2022 ainsi que ses annexes, arr\u00eat\u00e9 \u00e0 un montant de plus de 49 milliards de FCFA. Le conseil a approuv\u00e9 11 propositions de financement pour un montant global de 185 milliards de FCFA environ.<\/p>\n<p>Une dizaine de ces projets sont issus du secteur priv\u00e9 et concernent des domaines vari\u00e9s comme le tourisme, l\u2019immobilier, l\u2019agropastoral et l\u2019agro-industrie, l\u2019\u00e9levage, la pisciculture et les finances.<\/p>\n<p>L\u2019un des projets approuv\u00e9s fait partie des 11 projets int\u00e9grateurs prioritaires du Programme Economique R\u00e9gional de la CEMAC et porte sur montant de presque 100 milliards de FCFA. Il s\u2019agit du projet d\u2019am\u00e9nagement du corridor multimodal Brazzaville-Ouesso-Bangui-Ndjamena.<\/p>\n<p>La r\u00e9alisation de ce projet permettra de relier directement trois pays de la CEMAC et d\u2019offrir une alternative d\u2019acc\u00e8s \u00e0 l\u2019Oc\u00e9an Atlantique \u00e0 la R\u00e9publique du Tchad et \u00e0 la R\u00e9publique centrafricaine.<\/p>\n<p>En cl\u00f4turant les travaux, Ingrid Ebouka-Babackas a, au nom de l\u2019Assembl\u00e9e g\u00e9n\u00e9rale, remerci\u00e9 toutes les parties prenantes qui par leur mobilisation et les moyens techniques mis en \u0153uvre, ont permis la tenue de cette session dans les meilleures conditions.<\/p>\n<p><strong>Pour plus d&rsquo;informations et d&rsquo;analyses sur la <a href=\"https:\/\/www.africa-press.net\/tchad\">Tchad<\/a>, suivez <a href=\"https:\/\/www.africa-press.net\/\">Africa-Press<\/a><\/strong><\/p>\n","protected":false},"excerpt":{"rendered":"<p>Africa-Press &#8211; Tchad. Les r\u00e9unions du conseil d\u2019administration et de l\u2019Assembl\u00e9e g\u00e9n\u00e9rale de la Banque de D\u00e9veloppement des Etats de l\u2019Afrique Centrale (BDEAC) se sont tenues \u00e0 Brazzaville par visioconf\u00e9rence le 17 novembre 2021, sous la pr\u00e9sidence de Mme Ingrid Olga Ghislaine Ebouka-Babackas, ministre de l\u2019Economie, du Plan, de la Statistique et de l\u2019Int\u00e9gration r\u00e9gionale, [&hellip;]<\/p>\n","protected":false},"author":82,"featured_media":14016,"comment_status":"open","ping_status":"closed","sticky":false,"template":"","format":"standard","meta":{"footnotes":""},"categories":[3,11,10],"tags":[37,292,1639,948,29],"class_list":["post-14017","post","type-post","status-publish","format-standard","has-post-thumbnail","hentry","category-economie","category-homepage-french","category-toutes-les-actualites","tag-africa-press","tag-africa-press-tchad","tag-bdeac","tag-covid","tag-tchad"],"yoast_head":"<!-- This site is optimized with the Yoast SEO Premium plugin v26.1 (Yoast SEO v27.0) - https:\/\/yoast.com\/product\/yoast-seo-premium-wordpress\/ -->\n<title>BDEAC : la relance \u00e9conomique post-Covid-19 pr\u00e9occupe - tchad<\/title>\n<meta name=\"description\" content=\"Les r\u00e9unions du conseil d\u2019administration et de l\u2019Assembl\u00e9e g\u00e9n\u00e9rale de la Banque de D\u00e9veloppement des Etats de l\u2019Afrique ...\" \/>\n<meta name=\"robots\" content=\"index, follow, max-snippet:-1, max-image-preview:large, max-video-preview:-1\" \/>\n<link rel=\"canonical\" href=\"https:\/\/www.africa-press.net\/tchad\/economie\/bdeac-la-relance-economique-post-covid-19-preoccupe\" \/>\n<meta property=\"og:locale\" content=\"fr_FR\" \/>\n<meta property=\"og:type\" content=\"article\" \/>\n<meta property=\"og:title\" content=\"BDEAC : la relance \u00e9conomique post-Covid-19 pr\u00e9occupe\" \/>\n<meta property=\"og:description\" content=\"Les r\u00e9unions du conseil d\u2019administration et de l\u2019Assembl\u00e9e g\u00e9n\u00e9rale de la Banque de D\u00e9veloppement des Etats de l\u2019Afrique ...\" \/>\n<meta property=\"og:url\" content=\"https:\/\/www.africa-press.net\/tchad\/economie\/bdeac-la-relance-economique-post-covid-19-preoccupe\" \/>\n<meta property=\"og:site_name\" content=\"tchad\" \/>\n<meta property=\"article:published_time\" content=\"2021-11-19T15:28:31+00:00\" \/>\n<meta property=\"article:modified_time\" content=\"2021-11-19T16:33:28+00:00\" \/>\n<meta property=\"og:image\" content=\"https:\/\/static.africa-press.net\/tchad\/sites\/41\/2021\/11\/img-6197d1bc88f8b.jpg\" \/>\n\t<meta property=\"og:image:width\" content=\"870\" \/>\n\t<meta property=\"og:image:height\" content=\"653\" \/>\n\t<meta property=\"og:image:type\" content=\"image\/jpeg\" \/>\n<meta name=\"author\" content=\"cfeditorfr\" \/>\n<meta name=\"twitter:card\" content=\"summary_large_image\" \/>\n<meta name=\"twitter:label1\" content=\"\u00c9crit par\" \/>\n\t<meta name=\"twitter:data1\" content=\"cfeditorfr\" \/>\n\t<meta name=\"twitter:label2\" content=\"Dur\u00e9e de lecture estim\u00e9e\" \/>\n\t<meta name=\"twitter:data2\" content=\"2 minutes\" \/>\n<script type=\"application\/ld+json\" class=\"yoast-schema-graph\">{\"@context\":\"https:\/\/schema.org\",\"@graph\":[{\"@type\":\"Article\",\"@id\":\"https:\/\/www.africa-press.net\/tchad\/economie\/bdeac-la-relance-economique-post-covid-19-preoccupe#article\",\"isPartOf\":{\"@id\":\"https:\/\/www.africa-press.net\/tchad\/economie\/bdeac-la-relance-economique-post-covid-19-preoccupe\"},\"author\":{\"name\":\"cfeditorfr\",\"@id\":\"https:\/\/www.africa-press.net\/tchad\/#\/schema\/person\/2b1cf3cd81a31e3cd26889ca66d677f1\"},\"headline\":\"BDEAC : la relance \u00e9conomique post-Covid-19 pr\u00e9occupe\",\"datePublished\":\"2021-11-19T15:28:31+00:00\",\"dateModified\":\"2021-11-19T16:33:28+00:00\",\"mainEntityOfPage\":{\"@id\":\"https:\/\/www.africa-press.net\/tchad\/economie\/bdeac-la-relance-economique-post-covid-19-preoccupe\"},\"wordCount\":401,\"commentCount\":0,\"image\":{\"@id\":\"https:\/\/www.africa-press.net\/tchad\/economie\/bdeac-la-relance-economique-post-covid-19-preoccupe#primaryimage\"},\"thumbnailUrl\":\"https:\/\/static.africa-press.net\/tchad\/sites\/41\/2021\/11\/img-6197d1bc88f8b.jpg\",\"keywords\":[\"Africa Press\",\"Africa Press-Tchad\",\"BDEAC\",\"Covid\",\"Tchad\"],\"articleSection\":[\"\u00c9conomie\",\"homepage-french\",\"Toutes les actualit\u00e9s\"],\"inLanguage\":\"fr-FR\",\"potentialAction\":[{\"@type\":\"CommentAction\",\"name\":\"Comment\",\"target\":[\"https:\/\/www.africa-press.net\/tchad\/economie\/bdeac-la-relance-economique-post-covid-19-preoccupe#respond\"]}]},{\"@type\":\"WebPage\",\"@id\":\"https:\/\/www.africa-press.net\/tchad\/economie\/bdeac-la-relance-economique-post-covid-19-preoccupe\",\"url\":\"https:\/\/www.africa-press.net\/tchad\/economie\/bdeac-la-relance-economique-post-covid-19-preoccupe\",\"name\":\"BDEAC : la relance \u00e9conomique post-Covid-19 pr\u00e9occupe - tchad\",\"isPartOf\":{\"@id\":\"https:\/\/www.africa-press.net\/tchad\/#website\"},\"primaryImageOfPage\":{\"@id\":\"https:\/\/www.africa-press.net\/tchad\/economie\/bdeac-la-relance-economique-post-covid-19-preoccupe#primaryimage\"},\"image\":{\"@id\":\"https:\/\/www.africa-press.net\/tchad\/economie\/bdeac-la-relance-economique-post-covid-19-preoccupe#primaryimage\"},\"thumbnailUrl\":\"https:\/\/static.africa-press.net\/tchad\/sites\/41\/2021\/11\/img-6197d1bc88f8b.jpg\",\"datePublished\":\"2021-11-19T15:28:31+00:00\",\"dateModified\":\"2021-11-19T16:33:28+00:00\",\"author\":{\"@id\":\"https:\/\/www.africa-press.net\/tchad\/#\/schema\/person\/2b1cf3cd81a31e3cd26889ca66d677f1\"},\"description\":\"Les r\u00e9unions du conseil d\u2019administration et de l\u2019Assembl\u00e9e g\u00e9n\u00e9rale de la Banque de D\u00e9veloppement des Etats de l\u2019Afrique ...\",\"breadcrumb\":{\"@id\":\"https:\/\/www.africa-press.net\/tchad\/economie\/bdeac-la-relance-economique-post-covid-19-preoccupe#breadcrumb\"},\"inLanguage\":\"fr-FR\",\"potentialAction\":[{\"@type\":\"ReadAction\",\"target\":[\"https:\/\/www.africa-press.net\/tchad\/economie\/bdeac-la-relance-economique-post-covid-19-preoccupe\"]}]},{\"@type\":\"ImageObject\",\"inLanguage\":\"fr-FR\",\"@id\":\"https:\/\/www.africa-press.net\/tchad\/economie\/bdeac-la-relance-economique-post-covid-19-preoccupe#primaryimage\",\"url\":\"https:\/\/static.africa-press.net\/tchad\/sites\/41\/2021\/11\/img-6197d1bc88f8b.jpg\",\"contentUrl\":\"https:\/\/static.africa-press.net\/tchad\/sites\/41\/2021\/11\/img-6197d1bc88f8b.jpg\",\"width\":870,\"height\":653,\"caption\":\"BDEAC : la relance \u00e9conomique post-Covid-19 pr\u00e9occupe\"},{\"@type\":\"BreadcrumbList\",\"@id\":\"https:\/\/www.africa-press.net\/tchad\/economie\/bdeac-la-relance-economique-post-covid-19-preoccupe#breadcrumb\",\"itemListElement\":[{\"@type\":\"ListItem\",\"position\":1,\"name\":\"Accueil\",\"item\":\"https:\/\/www.africa-press.net\/tchad\/\"},{\"@type\":\"ListItem\",\"position\":2,\"name\":\"BDEAC : la relance \u00e9conomique post-Covid-19 pr\u00e9occupe\"}]},{\"@type\":\"WebSite\",\"@id\":\"https:\/\/www.africa-press.net\/tchad\/#website\",\"url\":\"https:\/\/www.africa-press.net\/tchad\/\",\"name\":\"tchad\",\"description\":\"Just another Africa News Agency Sites site\",\"potentialAction\":[{\"@type\":\"SearchAction\",\"target\":{\"@type\":\"EntryPoint\",\"urlTemplate\":\"https:\/\/www.africa-press.net\/tchad\/?s={search_term_string}\"},\"query-input\":{\"@type\":\"PropertyValueSpecification\",\"valueRequired\":true,\"valueName\":\"search_term_string\"}}],\"inLanguage\":\"fr-FR\"},{\"@type\":\"Person\",\"@id\":\"https:\/\/www.africa-press.net\/tchad\/#\/schema\/person\/2b1cf3cd81a31e3cd26889ca66d677f1\",\"name\":\"cfeditorfr\"}]}<\/script>\n<!-- \/ Yoast SEO Premium plugin. -->","yoast_head_json":{"title":"BDEAC : la relance \u00e9conomique post-Covid-19 pr\u00e9occupe - tchad","description":"Les r\u00e9unions du conseil d\u2019administration et de l\u2019Assembl\u00e9e g\u00e9n\u00e9rale de la Banque de D\u00e9veloppement des Etats de l\u2019Afrique ...","robots":{"index":"index","follow":"follow","max-snippet":"max-snippet:-1","max-image-preview":"max-image-preview:large","max-video-preview":"max-video-preview:-1"},"canonical":"https:\/\/www.africa-press.net\/tchad\/economie\/bdeac-la-relance-economique-post-covid-19-preoccupe","og_locale":"fr_FR","og_type":"article","og_title":"BDEAC : la relance \u00e9conomique post-Covid-19 pr\u00e9occupe","og_description":"Les r\u00e9unions du conseil d\u2019administration et de l\u2019Assembl\u00e9e g\u00e9n\u00e9rale de la Banque de D\u00e9veloppement des Etats de l\u2019Afrique ...","og_url":"https:\/\/www.africa-press.net\/tchad\/economie\/bdeac-la-relance-economique-post-covid-19-preoccupe","og_site_name":"tchad","article_published_time":"2021-11-19T15:28:31+00:00","article_modified_time":"2021-11-19T16:33:28+00:00","og_image":[{"width":870,"height":653,"url":"https:\/\/static.africa-press.net\/tchad\/sites\/41\/2021\/11\/img-6197d1bc88f8b.jpg","type":"image\/jpeg"}],"author":"cfeditorfr","twitter_card":"summary_large_image","twitter_misc":{"\u00c9crit par":"cfeditorfr","Dur\u00e9e de lecture estim\u00e9e":"2 minutes"},"schema":{"@context":"https:\/\/schema.org","@graph":[{"@type":"Article","@id":"https:\/\/www.africa-press.net\/tchad\/economie\/bdeac-la-relance-economique-post-covid-19-preoccupe#article","isPartOf":{"@id":"https:\/\/www.africa-press.net\/tchad\/economie\/bdeac-la-relance-economique-post-covid-19-preoccupe"},"author":{"name":"cfeditorfr","@id":"https:\/\/www.africa-press.net\/tchad\/#\/schema\/person\/2b1cf3cd81a31e3cd26889ca66d677f1"},"headline":"BDEAC : la relance \u00e9conomique post-Covid-19 pr\u00e9occupe","datePublished":"2021-11-19T15:28:31+00:00","dateModified":"2021-11-19T16:33:28+00:00","mainEntityOfPage":{"@id":"https:\/\/www.africa-press.net\/tchad\/economie\/bdeac-la-relance-economique-post-covid-19-preoccupe"},"wordCount":401,"commentCount":0,"image":{"@id":"https:\/\/www.africa-press.net\/tchad\/economie\/bdeac-la-relance-economique-post-covid-19-preoccupe#primaryimage"},"thumbnailUrl":"https:\/\/static.africa-press.net\/tchad\/sites\/41\/2021\/11\/img-6197d1bc88f8b.jpg","keywords":["Africa Press","Africa Press-Tchad","BDEAC","Covid","Tchad"],"articleSection":["\u00c9conomie","homepage-french","Toutes les actualit\u00e9s"],"inLanguage":"fr-FR","potentialAction":[{"@type":"CommentAction","name":"Comment","target":["https:\/\/www.africa-press.net\/tchad\/economie\/bdeac-la-relance-economique-post-covid-19-preoccupe#respond"]}]},{"@type":"WebPage","@id":"https:\/\/www.africa-press.net\/tchad\/economie\/bdeac-la-relance-economique-post-covid-19-preoccupe","url":"https:\/\/www.africa-press.net\/tchad\/economie\/bdeac-la-relance-economique-post-covid-19-preoccupe","name":"BDEAC : la relance \u00e9conomique post-Covid-19 pr\u00e9occupe - tchad","isPartOf":{"@id":"https:\/\/www.africa-press.net\/tchad\/#website"},"primaryImageOfPage":{"@id":"https:\/\/www.africa-press.net\/tchad\/economie\/bdeac-la-relance-economique-post-covid-19-preoccupe#primaryimage"},"image":{"@id":"https:\/\/www.africa-press.net\/tchad\/economie\/bdeac-la-relance-economique-post-covid-19-preoccupe#primaryimage"},"thumbnailUrl":"https:\/\/static.africa-press.net\/tchad\/sites\/41\/2021\/11\/img-6197d1bc88f8b.jpg","datePublished":"2021-11-19T15:28:31+00:00","dateModified":"2021-11-19T16:33:28+00:00","author":{"@id":"https:\/\/www.africa-press.net\/tchad\/#\/schema\/person\/2b1cf3cd81a31e3cd26889ca66d677f1"},"description":"Les r\u00e9unions du conseil d\u2019administration et de l\u2019Assembl\u00e9e g\u00e9n\u00e9rale de la Banque de D\u00e9veloppement des Etats de l\u2019Afrique ...","breadcrumb":{"@id":"https:\/\/www.africa-press.net\/tchad\/economie\/bdeac-la-relance-economique-post-covid-19-preoccupe#breadcrumb"},"inLanguage":"fr-FR","potentialAction":[{"@type":"ReadAction","target":["https:\/\/www.africa-press.net\/tchad\/economie\/bdeac-la-relance-economique-post-covid-19-preoccupe"]}]},{"@type":"ImageObject","inLanguage":"fr-FR","@id":"https:\/\/www.africa-press.net\/tchad\/economie\/bdeac-la-relance-economique-post-covid-19-preoccupe#primaryimage","url":"https:\/\/static.africa-press.net\/tchad\/sites\/41\/2021\/11\/img-6197d1bc88f8b.jpg","contentUrl":"https:\/\/static.africa-press.net\/tchad\/sites\/41\/2021\/11\/img-6197d1bc88f8b.jpg","width":870,"height":653,"caption":"BDEAC : la relance \u00e9conomique post-Covid-19 pr\u00e9occupe"},{"@type":"BreadcrumbList","@id":"https:\/\/www.africa-press.net\/tchad\/economie\/bdeac-la-relance-economique-post-covid-19-preoccupe#breadcrumb","itemListElement":[{"@type":"ListItem","position":1,"name":"Accueil","item":"https:\/\/www.africa-press.net\/tchad\/"},{"@type":"ListItem","position":2,"name":"BDEAC : la relance \u00e9conomique post-Covid-19 pr\u00e9occupe"}]},{"@type":"WebSite","@id":"https:\/\/www.africa-press.net\/tchad\/#website","url":"https:\/\/www.africa-press.net\/tchad\/","name":"tchad","description":"Just another Africa News Agency Sites site","potentialAction":[{"@type":"SearchAction","target":{"@type":"EntryPoint","urlTemplate":"https:\/\/www.africa-press.net\/tchad\/?s={search_term_string}"},"query-input":{"@type":"PropertyValueSpecification","valueRequired":true,"valueName":"search_term_string"}}],"inLanguage":"fr-FR"},{"@type":"Person","@id":"https:\/\/www.africa-press.net\/tchad\/#\/schema\/person\/2b1cf3cd81a31e3cd26889ca66d677f1","name":"cfeditorfr"}]}},"_links":{"self":[{"href":"https:\/\/www.africa-press.net\/tchad\/wp-json\/wp\/v2\/posts\/14017","targetHints":{"allow":["GET"]}}],"collection":[{"href":"https:\/\/www.africa-press.net\/tchad\/wp-json\/wp\/v2\/posts"}],"about":[{"href":"https:\/\/www.africa-press.net\/tchad\/wp-json\/wp\/v2\/types\/post"}],"author":[{"embeddable":true,"href":"https:\/\/www.africa-press.net\/tchad\/wp-json\/wp\/v2\/users\/82"}],"replies":[{"embeddable":true,"href":"https:\/\/www.africa-press.net\/tchad\/wp-json\/wp\/v2\/comments?post=14017"}],"version-history":[{"count":0,"href":"https:\/\/www.africa-press.net\/tchad\/wp-json\/wp\/v2\/posts\/14017\/revisions"}],"wp:featuredmedia":[{"embeddable":true,"href":"https:\/\/www.africa-press.net\/tchad\/wp-json\/wp\/v2\/media\/14016"}],"wp:attachment":[{"href":"https:\/\/www.africa-press.net\/tchad\/wp-json\/wp\/v2\/media?parent=14017"}],"wp:term":[{"taxonomy":"category","embeddable":true,"href":"https:\/\/www.africa-press.net\/tchad\/wp-json\/wp\/v2\/categories?post=14017"},{"taxonomy":"post_tag","embeddable":true,"href":"https:\/\/www.africa-press.net\/tchad\/wp-json\/wp\/v2\/tags?post=14017"}],"curies":[{"name":"wp","href":"https:\/\/api.w.org\/{rel}","templated":true}]}}