{"id":14033,"date":"2021-11-20T14:51:22","date_gmt":"2021-11-20T14:51:22","guid":{"rendered":"https:\/\/www.africa-press.net\/tchad\/politique\/beral-mbaikoubou-plaide-le-sort-des-personnes-handicapees-aupres-du-pcmt"},"modified":"2021-11-20T15:13:07","modified_gmt":"2021-11-20T15:13:07","slug":"beral-mbaikoubou-plaide-le-sort-des-personnes-handicapees-aupres-du-pcmt","status":"publish","type":"post","link":"https:\/\/www.africa-press.net\/tchad\/politique\/beral-mbaikoubou-plaide-le-sort-des-personnes-handicapees-aupres-du-pcmt","title":{"rendered":"B\u00e9ral Mba\u00efkoubou plaide le sort des personnes handicap\u00e9es aupr\u00e8s du PCMT"},"content":{"rendered":"<p><span style=\"color: #ff6600\"><strong>Africa-Press &#8211; Tchad. <\/strong><\/span>Le pr\u00e9sident du Conseil militaire de transition (CMT), Mahamat Idriss Deby, a re\u00e7u ce 19 novembre l\u2019ex-d\u00e9put\u00e9 Beral Mba\u00efkoubou. Lui-m\u00eame d\u00e9ficient visuel, Beral Mba\u00efkoubou MBA\u00cfKOUBOU est venu demander le soutien du pr\u00e9sident pour les personnes en situation de handicap en mati\u00e8re d\u2019\u00e9ducation et de formation, rapporte la Pr\u00e9sidence.<\/p>\n<p>Le Centre d\u2019Education et de Formation pour D\u00e9ficients Visuels dont il est membre fondateur, bat de l\u2019aile par manque de moyens. Fond\u00e9e en 2014, cette \u00e9cole sp\u00e9cialis\u00e9e pour d\u00e9ficients visuels compte aujourd\u2019hui 30 apprenants r\u00e9guliers auxquels s\u2019ajoutent 15 autres apprenants inscrits dans des modules de formation sp\u00e9cifiques.<\/p>\n<p>Mahamat Idriss Deby a promis tout son soutien ainsi que celui de l\u2019\u00c9tat \u00e0 Beral Mba\u00efkoubou. Ce dernier a \u00e9galement \u00e9voqu\u00e9 avec le chef de l\u2019\u00c9tat la situation des personnes handicap\u00e9es interdites de faire le trafic entre Ndjamena et Kousseri, la ville camerounaise voisine. Mahamat Idriss Feby dit avoir pris acte de la demande et informe qu\u2019elle sera \u00e9tudi\u00e9e par les services comp\u00e9tents.<\/p>\n<p><strong>Pour plus d&rsquo;informations et d&rsquo;analyses sur la <a href=\"https:\/\/www.africa-press.net\/tchad\">Tchad<\/a>, suivez <a href=\"https:\/\/www.africa-press.net\/\">Africa-Press<\/a><\/strong><\/p>\n","protected":false},"excerpt":{"rendered":"<p>Africa-Press &#8211; Tchad. Le pr\u00e9sident du Conseil militaire de transition (CMT), Mahamat Idriss Deby, a re\u00e7u ce 19 novembre l\u2019ex-d\u00e9put\u00e9 Beral Mba\u00efkoubou. Lui-m\u00eame d\u00e9ficient visuel, Beral Mba\u00efkoubou MBA\u00cfKOUBOU est venu demander le soutien du pr\u00e9sident pour les personnes en situation de handicap en mati\u00e8re d\u2019\u00e9ducation et de formation, rapporte la Pr\u00e9sidence. Le Centre d\u2019Education et [&hellip;]<\/p>\n","protected":false},"author":82,"featured_media":14032,"comment_status":"open","ping_status":"closed","sticky":false,"template":"","format":"standard","meta":{"footnotes":""},"categories":[11,2,20,10],"tags":[37,292,2594,1717,29],"class_list":["post-14033","post","type-post","status-publish","format-standard","has-post-thumbnail","hentry","category-homepage-french","category-politique","category-top-nouvelles","category-toutes-les-actualites","tag-africa-press","tag-africa-press-tchad","tag-mbaikoubou","tag-pcmt","tag-tchad"],"yoast_head":"<!-- This site is optimized with the Yoast SEO Premium plugin v26.1 (Yoast SEO v27.0) - https:\/\/yoast.com\/product\/yoast-seo-premium-wordpress\/ -->\n<title>B\u00e9ral Mba\u00efkoubou plaide le sort des personnes handicap\u00e9es aupr\u00e8s du PCMT - tchad<\/title>\n<meta name=\"description\" content=\"Le pr\u00e9sident du Conseil militaire de transition (CMT), Mahamat Idriss Deby, a re\u00e7u ce 19 novembre l\u2019ex-d\u00e9put\u00e9 Beral Mba\u00ef ...\" \/>\n<meta name=\"robots\" content=\"index, follow, max-snippet:-1, max-image-preview:large, max-video-preview:-1\" \/>\n<link rel=\"canonical\" href=\"https:\/\/www.africa-press.net\/tchad\/politique\/beral-mbaikoubou-plaide-le-sort-des-personnes-handicapees-aupres-du-pcmt\" \/>\n<meta property=\"og:locale\" content=\"fr_FR\" \/>\n<meta property=\"og:type\" content=\"article\" \/>\n<meta property=\"og:title\" content=\"B\u00e9ral Mba\u00efkoubou plaide le sort des personnes handicap\u00e9es aupr\u00e8s du PCMT\" \/>\n<meta property=\"og:description\" content=\"Le pr\u00e9sident du Conseil militaire de transition (CMT), Mahamat Idriss Deby, a re\u00e7u ce 19 novembre l\u2019ex-d\u00e9put\u00e9 Beral Mba\u00ef ...\" \/>\n<meta property=\"og:url\" content=\"https:\/\/www.africa-press.net\/tchad\/politique\/beral-mbaikoubou-plaide-le-sort-des-personnes-handicapees-aupres-du-pcmt\" \/>\n<meta property=\"og:site_name\" content=\"tchad\" \/>\n<meta property=\"article:published_time\" content=\"2021-11-20T14:51:22+00:00\" \/>\n<meta property=\"article:modified_time\" content=\"2021-11-20T15:13:07+00:00\" \/>\n<meta property=\"og:image\" content=\"https:\/\/static.africa-press.net\/tchad\/sites\/41\/2021\/11\/img-61991066e5eda.jpg\" \/>\n\t<meta property=\"og:image:width\" content=\"820\" \/>\n\t<meta property=\"og:image:height\" content=\"515\" \/>\n\t<meta property=\"og:image:type\" content=\"image\/jpeg\" \/>\n<meta name=\"author\" content=\"cfeditorfr\" \/>\n<meta name=\"twitter:card\" content=\"summary_large_image\" \/>\n<meta name=\"twitter:label1\" content=\"\u00c9crit par\" \/>\n\t<meta name=\"twitter:data1\" content=\"cfeditorfr\" \/>\n\t<meta name=\"twitter:label2\" content=\"Dur\u00e9e de lecture estim\u00e9e\" \/>\n\t<meta name=\"twitter:data2\" content=\"1 minute\" \/>\n<script type=\"application\/ld+json\" class=\"yoast-schema-graph\">{\"@context\":\"https:\/\/schema.org\",\"@graph\":[{\"@type\":\"Article\",\"@id\":\"https:\/\/www.africa-press.net\/tchad\/politique\/beral-mbaikoubou-plaide-le-sort-des-personnes-handicapees-aupres-du-pcmt#article\",\"isPartOf\":{\"@id\":\"https:\/\/www.africa-press.net\/tchad\/politique\/beral-mbaikoubou-plaide-le-sort-des-personnes-handicapees-aupres-du-pcmt\"},\"author\":{\"name\":\"cfeditorfr\",\"@id\":\"https:\/\/www.africa-press.net\/tchad\/#\/schema\/person\/2b1cf3cd81a31e3cd26889ca66d677f1\"},\"headline\":\"B\u00e9ral Mba\u00efkoubou plaide le sort des personnes handicap\u00e9es aupr\u00e8s du PCMT\",\"datePublished\":\"2021-11-20T14:51:22+00:00\",\"dateModified\":\"2021-11-20T15:13:07+00:00\",\"mainEntityOfPage\":{\"@id\":\"https:\/\/www.africa-press.net\/tchad\/politique\/beral-mbaikoubou-plaide-le-sort-des-personnes-handicapees-aupres-du-pcmt\"},\"wordCount\":214,\"commentCount\":0,\"image\":{\"@id\":\"https:\/\/www.africa-press.net\/tchad\/politique\/beral-mbaikoubou-plaide-le-sort-des-personnes-handicapees-aupres-du-pcmt#primaryimage\"},\"thumbnailUrl\":\"https:\/\/static.africa-press.net\/tchad\/sites\/41\/2021\/11\/img-61991066e5eda.jpg\",\"keywords\":[\"Africa Press\",\"Africa Press-Tchad\",\"Mba\u00efkoubou\",\"PCMT\",\"Tchad\"],\"articleSection\":[\"homepage-french\",\"Politique\",\"Top Nouvelles\",\"Toutes les actualit\u00e9s\"],\"inLanguage\":\"fr-FR\",\"potentialAction\":[{\"@type\":\"CommentAction\",\"name\":\"Comment\",\"target\":[\"https:\/\/www.africa-press.net\/tchad\/politique\/beral-mbaikoubou-plaide-le-sort-des-personnes-handicapees-aupres-du-pcmt#respond\"]}]},{\"@type\":\"WebPage\",\"@id\":\"https:\/\/www.africa-press.net\/tchad\/politique\/beral-mbaikoubou-plaide-le-sort-des-personnes-handicapees-aupres-du-pcmt\",\"url\":\"https:\/\/www.africa-press.net\/tchad\/politique\/beral-mbaikoubou-plaide-le-sort-des-personnes-handicapees-aupres-du-pcmt\",\"name\":\"B\u00e9ral Mba\u00efkoubou plaide le sort des personnes handicap\u00e9es aupr\u00e8s du PCMT - tchad\",\"isPartOf\":{\"@id\":\"https:\/\/www.africa-press.net\/tchad\/#website\"},\"primaryImageOfPage\":{\"@id\":\"https:\/\/www.africa-press.net\/tchad\/politique\/beral-mbaikoubou-plaide-le-sort-des-personnes-handicapees-aupres-du-pcmt#primaryimage\"},\"image\":{\"@id\":\"https:\/\/www.africa-press.net\/tchad\/politique\/beral-mbaikoubou-plaide-le-sort-des-personnes-handicapees-aupres-du-pcmt#primaryimage\"},\"thumbnailUrl\":\"https:\/\/static.africa-press.net\/tchad\/sites\/41\/2021\/11\/img-61991066e5eda.jpg\",\"datePublished\":\"2021-11-20T14:51:22+00:00\",\"dateModified\":\"2021-11-20T15:13:07+00:00\",\"author\":{\"@id\":\"https:\/\/www.africa-press.net\/tchad\/#\/schema\/person\/2b1cf3cd81a31e3cd26889ca66d677f1\"},\"description\":\"Le pr\u00e9sident du Conseil militaire de transition (CMT), Mahamat Idriss Deby, a re\u00e7u ce 19 novembre l\u2019ex-d\u00e9put\u00e9 Beral Mba\u00ef ...\",\"breadcrumb\":{\"@id\":\"https:\/\/www.africa-press.net\/tchad\/politique\/beral-mbaikoubou-plaide-le-sort-des-personnes-handicapees-aupres-du-pcmt#breadcrumb\"},\"inLanguage\":\"fr-FR\",\"potentialAction\":[{\"@type\":\"ReadAction\",\"target\":[\"https:\/\/www.africa-press.net\/tchad\/politique\/beral-mbaikoubou-plaide-le-sort-des-personnes-handicapees-aupres-du-pcmt\"]}]},{\"@type\":\"ImageObject\",\"inLanguage\":\"fr-FR\",\"@id\":\"https:\/\/www.africa-press.net\/tchad\/politique\/beral-mbaikoubou-plaide-le-sort-des-personnes-handicapees-aupres-du-pcmt#primaryimage\",\"url\":\"https:\/\/static.africa-press.net\/tchad\/sites\/41\/2021\/11\/img-61991066e5eda.jpg\",\"contentUrl\":\"https:\/\/static.africa-press.net\/tchad\/sites\/41\/2021\/11\/img-61991066e5eda.jpg\",\"width\":820,\"height\":515,\"caption\":\"B\u00e9ral Mba\u00efkoubou plaide le sort des personnes handicap\u00e9es aupr\u00e8s du PCMT\"},{\"@type\":\"BreadcrumbList\",\"@id\":\"https:\/\/www.africa-press.net\/tchad\/politique\/beral-mbaikoubou-plaide-le-sort-des-personnes-handicapees-aupres-du-pcmt#breadcrumb\",\"itemListElement\":[{\"@type\":\"ListItem\",\"position\":1,\"name\":\"Accueil\",\"item\":\"https:\/\/www.africa-press.net\/tchad\/\"},{\"@type\":\"ListItem\",\"position\":2,\"name\":\"B\u00e9ral Mba\u00efkoubou plaide le sort des personnes handicap\u00e9es aupr\u00e8s du PCMT\"}]},{\"@type\":\"WebSite\",\"@id\":\"https:\/\/www.africa-press.net\/tchad\/#website\",\"url\":\"https:\/\/www.africa-press.net\/tchad\/\",\"name\":\"tchad\",\"description\":\"Just another Africa News Agency Sites site\",\"potentialAction\":[{\"@type\":\"SearchAction\",\"target\":{\"@type\":\"EntryPoint\",\"urlTemplate\":\"https:\/\/www.africa-press.net\/tchad\/?s={search_term_string}\"},\"query-input\":{\"@type\":\"PropertyValueSpecification\",\"valueRequired\":true,\"valueName\":\"search_term_string\"}}],\"inLanguage\":\"fr-FR\"},{\"@type\":\"Person\",\"@id\":\"https:\/\/www.africa-press.net\/tchad\/#\/schema\/person\/2b1cf3cd81a31e3cd26889ca66d677f1\",\"name\":\"cfeditorfr\"}]}<\/script>\n<!-- \/ Yoast SEO Premium plugin. -->","yoast_head_json":{"title":"B\u00e9ral Mba\u00efkoubou plaide le sort des personnes handicap\u00e9es aupr\u00e8s du PCMT - tchad","description":"Le pr\u00e9sident du Conseil militaire de transition (CMT), Mahamat Idriss Deby, a re\u00e7u ce 19 novembre l\u2019ex-d\u00e9put\u00e9 Beral Mba\u00ef ...","robots":{"index":"index","follow":"follow","max-snippet":"max-snippet:-1","max-image-preview":"max-image-preview:large","max-video-preview":"max-video-preview:-1"},"canonical":"https:\/\/www.africa-press.net\/tchad\/politique\/beral-mbaikoubou-plaide-le-sort-des-personnes-handicapees-aupres-du-pcmt","og_locale":"fr_FR","og_type":"article","og_title":"B\u00e9ral Mba\u00efkoubou plaide le sort des personnes handicap\u00e9es aupr\u00e8s du PCMT","og_description":"Le pr\u00e9sident du Conseil militaire de transition (CMT), Mahamat Idriss Deby, a re\u00e7u ce 19 novembre l\u2019ex-d\u00e9put\u00e9 Beral Mba\u00ef ...","og_url":"https:\/\/www.africa-press.net\/tchad\/politique\/beral-mbaikoubou-plaide-le-sort-des-personnes-handicapees-aupres-du-pcmt","og_site_name":"tchad","article_published_time":"2021-11-20T14:51:22+00:00","article_modified_time":"2021-11-20T15:13:07+00:00","og_image":[{"width":820,"height":515,"url":"https:\/\/static.africa-press.net\/tchad\/sites\/41\/2021\/11\/img-61991066e5eda.jpg","type":"image\/jpeg"}],"author":"cfeditorfr","twitter_card":"summary_large_image","twitter_misc":{"\u00c9crit par":"cfeditorfr","Dur\u00e9e de lecture estim\u00e9e":"1 minute"},"schema":{"@context":"https:\/\/schema.org","@graph":[{"@type":"Article","@id":"https:\/\/www.africa-press.net\/tchad\/politique\/beral-mbaikoubou-plaide-le-sort-des-personnes-handicapees-aupres-du-pcmt#article","isPartOf":{"@id":"https:\/\/www.africa-press.net\/tchad\/politique\/beral-mbaikoubou-plaide-le-sort-des-personnes-handicapees-aupres-du-pcmt"},"author":{"name":"cfeditorfr","@id":"https:\/\/www.africa-press.net\/tchad\/#\/schema\/person\/2b1cf3cd81a31e3cd26889ca66d677f1"},"headline":"B\u00e9ral Mba\u00efkoubou plaide le sort des personnes handicap\u00e9es aupr\u00e8s du PCMT","datePublished":"2021-11-20T14:51:22+00:00","dateModified":"2021-11-20T15:13:07+00:00","mainEntityOfPage":{"@id":"https:\/\/www.africa-press.net\/tchad\/politique\/beral-mbaikoubou-plaide-le-sort-des-personnes-handicapees-aupres-du-pcmt"},"wordCount":214,"commentCount":0,"image":{"@id":"https:\/\/www.africa-press.net\/tchad\/politique\/beral-mbaikoubou-plaide-le-sort-des-personnes-handicapees-aupres-du-pcmt#primaryimage"},"thumbnailUrl":"https:\/\/static.africa-press.net\/tchad\/sites\/41\/2021\/11\/img-61991066e5eda.jpg","keywords":["Africa Press","Africa Press-Tchad","Mba\u00efkoubou","PCMT","Tchad"],"articleSection":["homepage-french","Politique","Top Nouvelles","Toutes les actualit\u00e9s"],"inLanguage":"fr-FR","potentialAction":[{"@type":"CommentAction","name":"Comment","target":["https:\/\/www.africa-press.net\/tchad\/politique\/beral-mbaikoubou-plaide-le-sort-des-personnes-handicapees-aupres-du-pcmt#respond"]}]},{"@type":"WebPage","@id":"https:\/\/www.africa-press.net\/tchad\/politique\/beral-mbaikoubou-plaide-le-sort-des-personnes-handicapees-aupres-du-pcmt","url":"https:\/\/www.africa-press.net\/tchad\/politique\/beral-mbaikoubou-plaide-le-sort-des-personnes-handicapees-aupres-du-pcmt","name":"B\u00e9ral Mba\u00efkoubou plaide le sort des personnes handicap\u00e9es aupr\u00e8s du PCMT - tchad","isPartOf":{"@id":"https:\/\/www.africa-press.net\/tchad\/#website"},"primaryImageOfPage":{"@id":"https:\/\/www.africa-press.net\/tchad\/politique\/beral-mbaikoubou-plaide-le-sort-des-personnes-handicapees-aupres-du-pcmt#primaryimage"},"image":{"@id":"https:\/\/www.africa-press.net\/tchad\/politique\/beral-mbaikoubou-plaide-le-sort-des-personnes-handicapees-aupres-du-pcmt#primaryimage"},"thumbnailUrl":"https:\/\/static.africa-press.net\/tchad\/sites\/41\/2021\/11\/img-61991066e5eda.jpg","datePublished":"2021-11-20T14:51:22+00:00","dateModified":"2021-11-20T15:13:07+00:00","author":{"@id":"https:\/\/www.africa-press.net\/tchad\/#\/schema\/person\/2b1cf3cd81a31e3cd26889ca66d677f1"},"description":"Le pr\u00e9sident du Conseil militaire de transition (CMT), Mahamat Idriss Deby, a re\u00e7u ce 19 novembre l\u2019ex-d\u00e9put\u00e9 Beral Mba\u00ef ...","breadcrumb":{"@id":"https:\/\/www.africa-press.net\/tchad\/politique\/beral-mbaikoubou-plaide-le-sort-des-personnes-handicapees-aupres-du-pcmt#breadcrumb"},"inLanguage":"fr-FR","potentialAction":[{"@type":"ReadAction","target":["https:\/\/www.africa-press.net\/tchad\/politique\/beral-mbaikoubou-plaide-le-sort-des-personnes-handicapees-aupres-du-pcmt"]}]},{"@type":"ImageObject","inLanguage":"fr-FR","@id":"https:\/\/www.africa-press.net\/tchad\/politique\/beral-mbaikoubou-plaide-le-sort-des-personnes-handicapees-aupres-du-pcmt#primaryimage","url":"https:\/\/static.africa-press.net\/tchad\/sites\/41\/2021\/11\/img-61991066e5eda.jpg","contentUrl":"https:\/\/static.africa-press.net\/tchad\/sites\/41\/2021\/11\/img-61991066e5eda.jpg","width":820,"height":515,"caption":"B\u00e9ral Mba\u00efkoubou plaide le sort des personnes handicap\u00e9es aupr\u00e8s du PCMT"},{"@type":"BreadcrumbList","@id":"https:\/\/www.africa-press.net\/tchad\/politique\/beral-mbaikoubou-plaide-le-sort-des-personnes-handicapees-aupres-du-pcmt#breadcrumb","itemListElement":[{"@type":"ListItem","position":1,"name":"Accueil","item":"https:\/\/www.africa-press.net\/tchad\/"},{"@type":"ListItem","position":2,"name":"B\u00e9ral Mba\u00efkoubou plaide le sort des personnes handicap\u00e9es aupr\u00e8s du PCMT"}]},{"@type":"WebSite","@id":"https:\/\/www.africa-press.net\/tchad\/#website","url":"https:\/\/www.africa-press.net\/tchad\/","name":"tchad","description":"Just another Africa News Agency Sites site","potentialAction":[{"@type":"SearchAction","target":{"@type":"EntryPoint","urlTemplate":"https:\/\/www.africa-press.net\/tchad\/?s={search_term_string}"},"query-input":{"@type":"PropertyValueSpecification","valueRequired":true,"valueName":"search_term_string"}}],"inLanguage":"fr-FR"},{"@type":"Person","@id":"https:\/\/www.africa-press.net\/tchad\/#\/schema\/person\/2b1cf3cd81a31e3cd26889ca66d677f1","name":"cfeditorfr"}]}},"_links":{"self":[{"href":"https:\/\/www.africa-press.net\/tchad\/wp-json\/wp\/v2\/posts\/14033","targetHints":{"allow":["GET"]}}],"collection":[{"href":"https:\/\/www.africa-press.net\/tchad\/wp-json\/wp\/v2\/posts"}],"about":[{"href":"https:\/\/www.africa-press.net\/tchad\/wp-json\/wp\/v2\/types\/post"}],"author":[{"embeddable":true,"href":"https:\/\/www.africa-press.net\/tchad\/wp-json\/wp\/v2\/users\/82"}],"replies":[{"embeddable":true,"href":"https:\/\/www.africa-press.net\/tchad\/wp-json\/wp\/v2\/comments?post=14033"}],"version-history":[{"count":0,"href":"https:\/\/www.africa-press.net\/tchad\/wp-json\/wp\/v2\/posts\/14033\/revisions"}],"wp:featuredmedia":[{"embeddable":true,"href":"https:\/\/www.africa-press.net\/tchad\/wp-json\/wp\/v2\/media\/14032"}],"wp:attachment":[{"href":"https:\/\/www.africa-press.net\/tchad\/wp-json\/wp\/v2\/media?parent=14033"}],"wp:term":[{"taxonomy":"category","embeddable":true,"href":"https:\/\/www.africa-press.net\/tchad\/wp-json\/wp\/v2\/categories?post=14033"},{"taxonomy":"post_tag","embeddable":true,"href":"https:\/\/www.africa-press.net\/tchad\/wp-json\/wp\/v2\/tags?post=14033"}],"curies":[{"name":"wp","href":"https:\/\/api.w.org\/{rel}","templated":true}]}}