{"id":14060,"date":"2021-11-20T15:00:44","date_gmt":"2021-11-20T15:00:44","guid":{"rendered":"https:\/\/www.africa-press.net\/tchad\/politique\/les-5-dates-pour-comprendre-la-descente-aux-enfers-de-la-mct"},"modified":"2021-11-20T15:19:19","modified_gmt":"2021-11-20T15:19:19","slug":"les-5-dates-pour-comprendre-la-descente-aux-enfers-de-la-mct","status":"publish","type":"post","link":"https:\/\/www.africa-press.net\/tchad\/economie\/les-5-dates-pour-comprendre-la-descente-aux-enfers-de-la-mct","title":{"rendered":"Les 5 dates pour comprendre la descente aux enfers de la MCT"},"content":{"rendered":"<p><span style=\"color: #ff6600\"><strong>Africa-Press &#8211; Tchad. <\/strong><\/span>Surtaxe, hausse du prix des cigarettes, fermeture de l\u2019usine, importation des produits\u2026en deux ans la Manufacture des cigarettes du Tchad (MCT) a chang\u00e9 de cap.<\/p>\n<p>\u20132019, l\u2019Etat a augment\u00e9 les taxes vis-\u00e0-vis de la Manufacture des cigarettes du Tchad (MCT).<\/p>\n<p>Cette surtaxe est due \u00e0 la demande de l\u2019Organisation mondiale de la sant\u00e9 (OMS), pour r\u00e9duire le taux de consommation de la cigarette par les mineurs.<\/p>\n<p>\u2013En 2020, la MCT a augment\u00e9 le prix de ses produits. Une d\u00e9cision que l\u2019entreprise a prise pour faire face \u00e0 la taxe impos\u00e9e par l\u2019Etat tchadien. -En 2021, la MCT a connu une m\u00e9vente.<\/p>\n<p>A la suite de l\u2019augmentation du prix de ses produits, la plupart des consommateurs se sont tourn\u00e9s vers des entreprises importatrices pour payer la cigarette \u00e0 moindre co\u00fbt.<\/p>\n<p>Une situation qui a contraint l\u2019entreprise a compress\u00e9 le nombre du personnel : de 137 \u00e0 37 employ\u00e9s. \u2013Le 28 septembre 2021, la direction technique de l\u2019usine de fabrication de cigarette a annonc\u00e9 au personnel la fermeture de sa porte pr\u00e9vue fin novembre.<\/p>\n<p>Des employ\u00e9s de ladite entreprise ont sign\u00e9 la fiche de d\u00e9part. \u2013En novembre 2021, les responsables de l\u2019entreprise auraient obtenu l\u2019autorisation d\u2019importer des produits.<\/p>\n<p>Autrement dit, la MCT ne va plus produire la cigarette, mais importer pour revendre. La manufacture des cigarettes du Tchad (MCT), filiale d\u2019Imperial Brands, est cr\u00e9\u00e9e le 9 mai 1968. Elle est une entreprise de fabrication et de commercialisation de la cigarette.<\/p>\n<p><strong>Pour plus d&rsquo;informations et d&rsquo;analyses sur la <a href=\"https:\/\/www.africa-press.net\/tchad\">Tchad<\/a>, suivez <a href=\"https:\/\/www.africa-press.net\/\">Africa-Press<\/a><\/strong><\/p>\n","protected":false},"excerpt":{"rendered":"<p>Africa-Press &#8211; Tchad. Surtaxe, hausse du prix des cigarettes, fermeture de l\u2019usine, importation des produits\u2026en deux ans la Manufacture des cigarettes du Tchad (MCT) a chang\u00e9 de cap. \u20132019, l\u2019Etat a augment\u00e9 les taxes vis-\u00e0-vis de la Manufacture des cigarettes du Tchad (MCT). Cette surtaxe est due \u00e0 la demande de l\u2019Organisation mondiale de la [&hellip;]<\/p>\n","protected":false},"author":82,"featured_media":14059,"comment_status":"open","ping_status":"closed","sticky":false,"template":"","format":"standard","meta":{"footnotes":""},"categories":[3,11,20,10],"tags":[37,292,1204,485,29],"class_list":["post-14060","post","type-post","status-publish","format-standard","has-post-thumbnail","hentry","category-economie","category-homepage-french","category-top-nouvelles","category-toutes-les-actualites","tag-africa-press","tag-africa-press-tchad","tag-comprendre","tag-mct","tag-tchad"],"yoast_head":"<!-- This site is optimized with the Yoast SEO Premium plugin v26.1 (Yoast SEO v27.0) - https:\/\/yoast.com\/product\/yoast-seo-premium-wordpress\/ -->\n<title>Les 5 dates pour comprendre la descente aux enfers de la MCT - tchad<\/title>\n<meta name=\"description\" content=\"Surtaxe, hausse du prix des cigarettes, fermeture de l\u2019usine, importation des produits\u2026en deux ans la Manufacture des ci ...\" \/>\n<meta name=\"robots\" content=\"index, follow, max-snippet:-1, max-image-preview:large, max-video-preview:-1\" \/>\n<link rel=\"canonical\" href=\"https:\/\/www.africa-press.net\/tchad\/economie\/les-5-dates-pour-comprendre-la-descente-aux-enfers-de-la-mct\" \/>\n<meta property=\"og:locale\" content=\"fr_FR\" \/>\n<meta property=\"og:type\" content=\"article\" \/>\n<meta property=\"og:title\" content=\"Les 5 dates pour comprendre la descente aux enfers de la MCT\" \/>\n<meta property=\"og:description\" content=\"Surtaxe, hausse du prix des cigarettes, fermeture de l\u2019usine, importation des produits\u2026en deux ans la Manufacture des ci ...\" \/>\n<meta property=\"og:url\" content=\"https:\/\/www.africa-press.net\/tchad\/economie\/les-5-dates-pour-comprendre-la-descente-aux-enfers-de-la-mct\" \/>\n<meta property=\"og:site_name\" content=\"tchad\" \/>\n<meta property=\"article:published_time\" content=\"2021-11-20T15:00:44+00:00\" \/>\n<meta property=\"article:modified_time\" content=\"2021-11-20T15:19:19+00:00\" \/>\n<meta property=\"og:image\" content=\"https:\/\/static.africa-press.net\/tchad\/sites\/41\/2021\/11\/img-619911decfbbe.jpg\" \/>\n\t<meta property=\"og:image:width\" content=\"599\" \/>\n\t<meta property=\"og:image:height\" content=\"289\" \/>\n\t<meta property=\"og:image:type\" content=\"image\/jpeg\" \/>\n<meta name=\"author\" content=\"cfeditorfr\" \/>\n<meta name=\"twitter:card\" content=\"summary_large_image\" \/>\n<meta name=\"twitter:label1\" content=\"\u00c9crit par\" \/>\n\t<meta name=\"twitter:data1\" content=\"cfeditorfr\" \/>\n\t<meta name=\"twitter:label2\" content=\"Dur\u00e9e de lecture estim\u00e9e\" \/>\n\t<meta name=\"twitter:data2\" content=\"1 minute\" \/>\n<script type=\"application\/ld+json\" class=\"yoast-schema-graph\">{\"@context\":\"https:\/\/schema.org\",\"@graph\":[{\"@type\":\"Article\",\"@id\":\"https:\/\/www.africa-press.net\/tchad\/economie\/les-5-dates-pour-comprendre-la-descente-aux-enfers-de-la-mct#article\",\"isPartOf\":{\"@id\":\"https:\/\/www.africa-press.net\/tchad\/economie\/les-5-dates-pour-comprendre-la-descente-aux-enfers-de-la-mct\"},\"author\":{\"name\":\"cfeditorfr\",\"@id\":\"https:\/\/www.africa-press.net\/tchad\/#\/schema\/person\/2b1cf3cd81a31e3cd26889ca66d677f1\"},\"headline\":\"Les 5 dates pour comprendre la descente aux enfers de la MCT\",\"datePublished\":\"2021-11-20T15:00:44+00:00\",\"dateModified\":\"2021-11-20T15:19:19+00:00\",\"mainEntityOfPage\":{\"@id\":\"https:\/\/www.africa-press.net\/tchad\/economie\/les-5-dates-pour-comprendre-la-descente-aux-enfers-de-la-mct\"},\"wordCount\":274,\"commentCount\":0,\"image\":{\"@id\":\"https:\/\/www.africa-press.net\/tchad\/economie\/les-5-dates-pour-comprendre-la-descente-aux-enfers-de-la-mct#primaryimage\"},\"thumbnailUrl\":\"https:\/\/static.africa-press.net\/tchad\/sites\/41\/2021\/11\/img-619911decfbbe.jpg\",\"keywords\":[\"Africa Press\",\"Africa Press-Tchad\",\"comprendre\",\"MCT\",\"Tchad\"],\"articleSection\":[\"\u00c9conomie\",\"homepage-french\",\"Top Nouvelles\",\"Toutes les actualit\u00e9s\"],\"inLanguage\":\"fr-FR\",\"potentialAction\":[{\"@type\":\"CommentAction\",\"name\":\"Comment\",\"target\":[\"https:\/\/www.africa-press.net\/tchad\/economie\/les-5-dates-pour-comprendre-la-descente-aux-enfers-de-la-mct#respond\"]}]},{\"@type\":\"WebPage\",\"@id\":\"https:\/\/www.africa-press.net\/tchad\/economie\/les-5-dates-pour-comprendre-la-descente-aux-enfers-de-la-mct\",\"url\":\"https:\/\/www.africa-press.net\/tchad\/economie\/les-5-dates-pour-comprendre-la-descente-aux-enfers-de-la-mct\",\"name\":\"Les 5 dates pour comprendre la descente aux enfers de la MCT - tchad\",\"isPartOf\":{\"@id\":\"https:\/\/www.africa-press.net\/tchad\/#website\"},\"primaryImageOfPage\":{\"@id\":\"https:\/\/www.africa-press.net\/tchad\/economie\/les-5-dates-pour-comprendre-la-descente-aux-enfers-de-la-mct#primaryimage\"},\"image\":{\"@id\":\"https:\/\/www.africa-press.net\/tchad\/economie\/les-5-dates-pour-comprendre-la-descente-aux-enfers-de-la-mct#primaryimage\"},\"thumbnailUrl\":\"https:\/\/static.africa-press.net\/tchad\/sites\/41\/2021\/11\/img-619911decfbbe.jpg\",\"datePublished\":\"2021-11-20T15:00:44+00:00\",\"dateModified\":\"2021-11-20T15:19:19+00:00\",\"author\":{\"@id\":\"https:\/\/www.africa-press.net\/tchad\/#\/schema\/person\/2b1cf3cd81a31e3cd26889ca66d677f1\"},\"description\":\"Surtaxe, hausse du prix des cigarettes, fermeture de l\u2019usine, importation des produits\u2026en deux ans la Manufacture des ci ...\",\"breadcrumb\":{\"@id\":\"https:\/\/www.africa-press.net\/tchad\/economie\/les-5-dates-pour-comprendre-la-descente-aux-enfers-de-la-mct#breadcrumb\"},\"inLanguage\":\"fr-FR\",\"potentialAction\":[{\"@type\":\"ReadAction\",\"target\":[\"https:\/\/www.africa-press.net\/tchad\/economie\/les-5-dates-pour-comprendre-la-descente-aux-enfers-de-la-mct\"]}]},{\"@type\":\"ImageObject\",\"inLanguage\":\"fr-FR\",\"@id\":\"https:\/\/www.africa-press.net\/tchad\/economie\/les-5-dates-pour-comprendre-la-descente-aux-enfers-de-la-mct#primaryimage\",\"url\":\"https:\/\/static.africa-press.net\/tchad\/sites\/41\/2021\/11\/img-619911decfbbe.jpg\",\"contentUrl\":\"https:\/\/static.africa-press.net\/tchad\/sites\/41\/2021\/11\/img-619911decfbbe.jpg\",\"width\":599,\"height\":289,\"caption\":\"Les 5 dates pour comprendre la descente aux enfers de la MCT\"},{\"@type\":\"BreadcrumbList\",\"@id\":\"https:\/\/www.africa-press.net\/tchad\/economie\/les-5-dates-pour-comprendre-la-descente-aux-enfers-de-la-mct#breadcrumb\",\"itemListElement\":[{\"@type\":\"ListItem\",\"position\":1,\"name\":\"Accueil\",\"item\":\"https:\/\/www.africa-press.net\/tchad\/\"},{\"@type\":\"ListItem\",\"position\":2,\"name\":\"Les 5 dates pour comprendre la descente aux enfers de la MCT\"}]},{\"@type\":\"WebSite\",\"@id\":\"https:\/\/www.africa-press.net\/tchad\/#website\",\"url\":\"https:\/\/www.africa-press.net\/tchad\/\",\"name\":\"tchad\",\"description\":\"Just another Africa News Agency Sites site\",\"potentialAction\":[{\"@type\":\"SearchAction\",\"target\":{\"@type\":\"EntryPoint\",\"urlTemplate\":\"https:\/\/www.africa-press.net\/tchad\/?s={search_term_string}\"},\"query-input\":{\"@type\":\"PropertyValueSpecification\",\"valueRequired\":true,\"valueName\":\"search_term_string\"}}],\"inLanguage\":\"fr-FR\"},{\"@type\":\"Person\",\"@id\":\"https:\/\/www.africa-press.net\/tchad\/#\/schema\/person\/2b1cf3cd81a31e3cd26889ca66d677f1\",\"name\":\"cfeditorfr\"}]}<\/script>\n<!-- \/ Yoast SEO Premium plugin. -->","yoast_head_json":{"title":"Les 5 dates pour comprendre la descente aux enfers de la MCT - tchad","description":"Surtaxe, hausse du prix des cigarettes, fermeture de l\u2019usine, importation des produits\u2026en deux ans la Manufacture des ci ...","robots":{"index":"index","follow":"follow","max-snippet":"max-snippet:-1","max-image-preview":"max-image-preview:large","max-video-preview":"max-video-preview:-1"},"canonical":"https:\/\/www.africa-press.net\/tchad\/economie\/les-5-dates-pour-comprendre-la-descente-aux-enfers-de-la-mct","og_locale":"fr_FR","og_type":"article","og_title":"Les 5 dates pour comprendre la descente aux enfers de la MCT","og_description":"Surtaxe, hausse du prix des cigarettes, fermeture de l\u2019usine, importation des produits\u2026en deux ans la Manufacture des ci ...","og_url":"https:\/\/www.africa-press.net\/tchad\/economie\/les-5-dates-pour-comprendre-la-descente-aux-enfers-de-la-mct","og_site_name":"tchad","article_published_time":"2021-11-20T15:00:44+00:00","article_modified_time":"2021-11-20T15:19:19+00:00","og_image":[{"width":599,"height":289,"url":"https:\/\/static.africa-press.net\/tchad\/sites\/41\/2021\/11\/img-619911decfbbe.jpg","type":"image\/jpeg"}],"author":"cfeditorfr","twitter_card":"summary_large_image","twitter_misc":{"\u00c9crit par":"cfeditorfr","Dur\u00e9e de lecture estim\u00e9e":"1 minute"},"schema":{"@context":"https:\/\/schema.org","@graph":[{"@type":"Article","@id":"https:\/\/www.africa-press.net\/tchad\/economie\/les-5-dates-pour-comprendre-la-descente-aux-enfers-de-la-mct#article","isPartOf":{"@id":"https:\/\/www.africa-press.net\/tchad\/economie\/les-5-dates-pour-comprendre-la-descente-aux-enfers-de-la-mct"},"author":{"name":"cfeditorfr","@id":"https:\/\/www.africa-press.net\/tchad\/#\/schema\/person\/2b1cf3cd81a31e3cd26889ca66d677f1"},"headline":"Les 5 dates pour comprendre la descente aux enfers de la MCT","datePublished":"2021-11-20T15:00:44+00:00","dateModified":"2021-11-20T15:19:19+00:00","mainEntityOfPage":{"@id":"https:\/\/www.africa-press.net\/tchad\/economie\/les-5-dates-pour-comprendre-la-descente-aux-enfers-de-la-mct"},"wordCount":274,"commentCount":0,"image":{"@id":"https:\/\/www.africa-press.net\/tchad\/economie\/les-5-dates-pour-comprendre-la-descente-aux-enfers-de-la-mct#primaryimage"},"thumbnailUrl":"https:\/\/static.africa-press.net\/tchad\/sites\/41\/2021\/11\/img-619911decfbbe.jpg","keywords":["Africa Press","Africa Press-Tchad","comprendre","MCT","Tchad"],"articleSection":["\u00c9conomie","homepage-french","Top Nouvelles","Toutes les actualit\u00e9s"],"inLanguage":"fr-FR","potentialAction":[{"@type":"CommentAction","name":"Comment","target":["https:\/\/www.africa-press.net\/tchad\/economie\/les-5-dates-pour-comprendre-la-descente-aux-enfers-de-la-mct#respond"]}]},{"@type":"WebPage","@id":"https:\/\/www.africa-press.net\/tchad\/economie\/les-5-dates-pour-comprendre-la-descente-aux-enfers-de-la-mct","url":"https:\/\/www.africa-press.net\/tchad\/economie\/les-5-dates-pour-comprendre-la-descente-aux-enfers-de-la-mct","name":"Les 5 dates pour comprendre la descente aux enfers de la MCT - tchad","isPartOf":{"@id":"https:\/\/www.africa-press.net\/tchad\/#website"},"primaryImageOfPage":{"@id":"https:\/\/www.africa-press.net\/tchad\/economie\/les-5-dates-pour-comprendre-la-descente-aux-enfers-de-la-mct#primaryimage"},"image":{"@id":"https:\/\/www.africa-press.net\/tchad\/economie\/les-5-dates-pour-comprendre-la-descente-aux-enfers-de-la-mct#primaryimage"},"thumbnailUrl":"https:\/\/static.africa-press.net\/tchad\/sites\/41\/2021\/11\/img-619911decfbbe.jpg","datePublished":"2021-11-20T15:00:44+00:00","dateModified":"2021-11-20T15:19:19+00:00","author":{"@id":"https:\/\/www.africa-press.net\/tchad\/#\/schema\/person\/2b1cf3cd81a31e3cd26889ca66d677f1"},"description":"Surtaxe, hausse du prix des cigarettes, fermeture de l\u2019usine, importation des produits\u2026en deux ans la Manufacture des ci ...","breadcrumb":{"@id":"https:\/\/www.africa-press.net\/tchad\/economie\/les-5-dates-pour-comprendre-la-descente-aux-enfers-de-la-mct#breadcrumb"},"inLanguage":"fr-FR","potentialAction":[{"@type":"ReadAction","target":["https:\/\/www.africa-press.net\/tchad\/economie\/les-5-dates-pour-comprendre-la-descente-aux-enfers-de-la-mct"]}]},{"@type":"ImageObject","inLanguage":"fr-FR","@id":"https:\/\/www.africa-press.net\/tchad\/economie\/les-5-dates-pour-comprendre-la-descente-aux-enfers-de-la-mct#primaryimage","url":"https:\/\/static.africa-press.net\/tchad\/sites\/41\/2021\/11\/img-619911decfbbe.jpg","contentUrl":"https:\/\/static.africa-press.net\/tchad\/sites\/41\/2021\/11\/img-619911decfbbe.jpg","width":599,"height":289,"caption":"Les 5 dates pour comprendre la descente aux enfers de la MCT"},{"@type":"BreadcrumbList","@id":"https:\/\/www.africa-press.net\/tchad\/economie\/les-5-dates-pour-comprendre-la-descente-aux-enfers-de-la-mct#breadcrumb","itemListElement":[{"@type":"ListItem","position":1,"name":"Accueil","item":"https:\/\/www.africa-press.net\/tchad\/"},{"@type":"ListItem","position":2,"name":"Les 5 dates pour comprendre la descente aux enfers de la MCT"}]},{"@type":"WebSite","@id":"https:\/\/www.africa-press.net\/tchad\/#website","url":"https:\/\/www.africa-press.net\/tchad\/","name":"tchad","description":"Just another Africa News Agency Sites site","potentialAction":[{"@type":"SearchAction","target":{"@type":"EntryPoint","urlTemplate":"https:\/\/www.africa-press.net\/tchad\/?s={search_term_string}"},"query-input":{"@type":"PropertyValueSpecification","valueRequired":true,"valueName":"search_term_string"}}],"inLanguage":"fr-FR"},{"@type":"Person","@id":"https:\/\/www.africa-press.net\/tchad\/#\/schema\/person\/2b1cf3cd81a31e3cd26889ca66d677f1","name":"cfeditorfr"}]}},"_links":{"self":[{"href":"https:\/\/www.africa-press.net\/tchad\/wp-json\/wp\/v2\/posts\/14060","targetHints":{"allow":["GET"]}}],"collection":[{"href":"https:\/\/www.africa-press.net\/tchad\/wp-json\/wp\/v2\/posts"}],"about":[{"href":"https:\/\/www.africa-press.net\/tchad\/wp-json\/wp\/v2\/types\/post"}],"author":[{"embeddable":true,"href":"https:\/\/www.africa-press.net\/tchad\/wp-json\/wp\/v2\/users\/82"}],"replies":[{"embeddable":true,"href":"https:\/\/www.africa-press.net\/tchad\/wp-json\/wp\/v2\/comments?post=14060"}],"version-history":[{"count":0,"href":"https:\/\/www.africa-press.net\/tchad\/wp-json\/wp\/v2\/posts\/14060\/revisions"}],"wp:featuredmedia":[{"embeddable":true,"href":"https:\/\/www.africa-press.net\/tchad\/wp-json\/wp\/v2\/media\/14059"}],"wp:attachment":[{"href":"https:\/\/www.africa-press.net\/tchad\/wp-json\/wp\/v2\/media?parent=14060"}],"wp:term":[{"taxonomy":"category","embeddable":true,"href":"https:\/\/www.africa-press.net\/tchad\/wp-json\/wp\/v2\/categories?post=14060"},{"taxonomy":"post_tag","embeddable":true,"href":"https:\/\/www.africa-press.net\/tchad\/wp-json\/wp\/v2\/tags?post=14060"}],"curies":[{"name":"wp","href":"https:\/\/api.w.org\/{rel}","templated":true}]}}