{"id":14069,"date":"2021-11-20T15:03:23","date_gmt":"2021-11-20T15:03:23","guid":{"rendered":"https:\/\/www.africa-press.net\/tchad\/politique\/le-nouveau-directeur-de-lecole-normale-dinstituteur-dabeche-installe"},"modified":"2021-11-20T15:21:02","modified_gmt":"2021-11-20T15:21:02","slug":"le-nouveau-directeur-de-lecole-normale-dinstituteur-dabeche-installe","status":"publish","type":"post","link":"https:\/\/www.africa-press.net\/tchad\/culture-et-art\/le-nouveau-directeur-de-lecole-normale-dinstituteur-dabeche-installe","title":{"rendered":"le nouveau directeur de l&rsquo;\u00c9cole normale d&rsquo;instituteur d&rsquo;Ab\u00e9ch\u00e9 install\u00e9"},"content":{"rendered":"<p><span style=\"color: #ff6600\"><strong>Africa-Press &#8211; Tchad. <\/strong><\/span>La c\u00e9r\u00e9monie s&rsquo;est d\u00e9roul\u00e9e au sein de l&rsquo;institution. Elle a \u00e9t\u00e9 pr\u00e9sid\u00e9e par le d\u00e9l\u00e9gu\u00e9 de l&rsquo;\u00e9ducation nationale et de la promotion civique du Ouadda\u00ef, Hissein Brahim Abdoulaye.<\/p>\n<p>Nomm\u00e9 aux termes de l&rsquo;arr\u00eat\u00e9 minist\u00e9riel n\u00b0280 du 21 octobre 2021, le nouveau directeur Ibrahim Mahamat Saleh a \u00e9t\u00e9 officiellement install\u00e9 dans ses nouvelles fonctions.<\/p>\n<p>Il remplace \u00e0 ce poste Bechir Youssouf qui a dirig\u00e9 l&rsquo;\u00c9cole durant 3 ann\u00e9es. Bechir Youssouf, ancien cadre de l&rsquo;\u00e9ducation qui a servi son pays pendant plusieurs d\u00e9cennies, est d\u00e9sormais admis \u00e0 la retraite.<\/p>\n<p>Dans son bilan, le directeur sortant \u00e0 tout d&rsquo;abord parl\u00e9 des missions assign\u00e9es \u00e0 cette \u00c9cole qui sont celles de former les instituteurs adjoints et les instituteurs bacheliers.<\/p>\n<p>Il a exprim\u00e9 toutes ses reconnaissances \u00e0 la d\u00e9l\u00e9gation de l&rsquo;\u00e9ducation nationale du Ouadda\u00ef et ses collaborateurs pour le soutien \u00e0 ses c\u00f4t\u00e9s durant son s\u00e9jour \u00e0 la t\u00eate de l&rsquo;\u00c9cole. Bechir Youssouf a demand\u00e9 au personnel de garder le m\u00eame esprit d&rsquo;\u00e9quipe afin de permettre au nouveau directeur d&rsquo;accomplir sa mission.<\/p>\n<p>Installant, le nouveau directeur, le d\u00e9l\u00e9gu\u00e9 de l&rsquo;\u00e9ducation nationale et de la promotion civique du Ouadda\u00ef, Hissein Brahim Abdoulaye, a reconnu les efforts fournis par le directeur sortant.<\/p>\n<p>\u00ab\u00a0En d\u00e9pit des difficult\u00e9s, il a atteint son objectif avec brio\u00a0\u00bb, a-t-il dit. S&rsquo;adressant au nouveau directeur, le d\u00e9l\u00e9gu\u00e9 a dans un premier temps retrac\u00e9 son parcours professionnel.<\/p>\n<p>Il est un cadre chevronn\u00e9 de l&rsquo;\u00e9ducation car il a servi \u00e0 plusieurs postes de responsabilit\u00e9 avant d&rsquo;\u00eatre nomm\u00e9 \u00e0 la t\u00eate de l&rsquo;\u00c9cole normale d&rsquo;Ab\u00e9ch\u00e9.<\/p>\n<p>Le d\u00e9l\u00e9gu\u00e9 l&rsquo;a exhort\u00e9 \u00e0 avoir une franche collaboration avec les uns et les autres pour la r\u00e9ussite de cette noble t\u00e2che. Il l&rsquo;a rassur\u00e9 de sa disponibilit\u00e9 \u00e0 l&rsquo;accompagner dans sa mission.<\/p>\n<p>Le nouveau directeur de l&rsquo;\u00c9cole normale d&rsquo;instituteur bilingue d&rsquo;Ab\u00e9ch\u00e9, Ibrahim Mahamat Saleh, s&rsquo;est engag\u00e9 \u00e0 faire de son mieux pour \u00eatre \u00e0 la hauteur de sa t\u00e2che afin de gagner la confiance de sa hi\u00e9rarchie. Il a demand\u00e9 le concours des uns et des autres pour atteindre ses objectifs.<\/p>\n<p><strong>Pour plus d&rsquo;informations et d&rsquo;analyses sur la <a href=\"https:\/\/www.africa-press.net\/tchad\">Tchad<\/a>, suivez <a href=\"https:\/\/www.africa-press.net\/\">Africa-Press<\/a><\/strong><\/p>\n","protected":false},"excerpt":{"rendered":"<p>Africa-Press &#8211; Tchad. La c\u00e9r\u00e9monie s&rsquo;est d\u00e9roul\u00e9e au sein de l&rsquo;institution. Elle a \u00e9t\u00e9 pr\u00e9sid\u00e9e par le d\u00e9l\u00e9gu\u00e9 de l&rsquo;\u00e9ducation nationale et de la promotion civique du Ouadda\u00ef, Hissein Brahim Abdoulaye. Nomm\u00e9 aux termes de l&rsquo;arr\u00eat\u00e9 minist\u00e9riel n\u00b0280 du 21 octobre 2021, le nouveau directeur Ibrahim Mahamat Saleh a \u00e9t\u00e9 officiellement install\u00e9 dans ses nouvelles [&hellip;]<\/p>\n","protected":false},"author":82,"featured_media":14068,"comment_status":"open","ping_status":"closed","sticky":false,"template":"","format":"standard","meta":{"footnotes":""},"categories":[5,11,10],"tags":[67,37,292,2430,29],"class_list":["post-14069","post","type-post","status-publish","format-standard","has-post-thumbnail","hentry","category-culture-et-art","category-homepage-french","category-toutes-les-actualites","tag-abeche","tag-africa-press","tag-africa-press-tchad","tag-directeur","tag-tchad"],"yoast_head":"<!-- This site is optimized with the Yoast SEO Premium plugin v26.1 (Yoast SEO v27.0) - https:\/\/yoast.com\/product\/yoast-seo-premium-wordpress\/ -->\n<title>le nouveau directeur de l&#039;\u00c9cole normale d&#039;instituteur d&#039;Ab\u00e9ch\u00e9 install\u00e9 - tchad<\/title>\n<meta name=\"description\" content=\"La c\u00e9r\u00e9monie s&#039;est d\u00e9roul\u00e9e au sein de l&#039;institution. Elle a \u00e9t\u00e9 pr\u00e9sid\u00e9e par le d\u00e9l\u00e9gu\u00e9 de l&#039;\u00e9ducation nationale et de ...\" \/>\n<meta name=\"robots\" content=\"index, follow, max-snippet:-1, max-image-preview:large, max-video-preview:-1\" \/>\n<link rel=\"canonical\" href=\"https:\/\/www.africa-press.net\/tchad\/culture-et-art\/le-nouveau-directeur-de-lecole-normale-dinstituteur-dabeche-installe\" \/>\n<meta property=\"og:locale\" content=\"fr_FR\" \/>\n<meta property=\"og:type\" content=\"article\" \/>\n<meta property=\"og:title\" content=\"le nouveau directeur de l&#039;\u00c9cole normale d&#039;instituteur d&#039;Ab\u00e9ch\u00e9 install\u00e9\" \/>\n<meta property=\"og:description\" content=\"La c\u00e9r\u00e9monie s&#039;est d\u00e9roul\u00e9e au sein de l&#039;institution. Elle a \u00e9t\u00e9 pr\u00e9sid\u00e9e par le d\u00e9l\u00e9gu\u00e9 de l&#039;\u00e9ducation nationale et de ...\" \/>\n<meta property=\"og:url\" content=\"https:\/\/www.africa-press.net\/tchad\/culture-et-art\/le-nouveau-directeur-de-lecole-normale-dinstituteur-dabeche-installe\" \/>\n<meta property=\"og:site_name\" content=\"tchad\" \/>\n<meta property=\"article:published_time\" content=\"2021-11-20T15:03:23+00:00\" \/>\n<meta property=\"article:modified_time\" content=\"2021-11-20T15:21:02+00:00\" \/>\n<meta property=\"og:image\" content=\"https:\/\/static.africa-press.net\/tchad\/sites\/41\/2021\/11\/img-619912447d1b4.jpg\" \/>\n\t<meta property=\"og:image:width\" content=\"868\" \/>\n\t<meta property=\"og:image:height\" content=\"391\" \/>\n\t<meta property=\"og:image:type\" content=\"image\/jpeg\" \/>\n<meta name=\"author\" content=\"cfeditorfr\" \/>\n<meta name=\"twitter:card\" content=\"summary_large_image\" \/>\n<meta name=\"twitter:label1\" content=\"\u00c9crit par\" \/>\n\t<meta name=\"twitter:data1\" content=\"cfeditorfr\" \/>\n\t<meta name=\"twitter:label2\" content=\"Dur\u00e9e de lecture estim\u00e9e\" \/>\n\t<meta name=\"twitter:data2\" content=\"2 minutes\" \/>\n<script type=\"application\/ld+json\" class=\"yoast-schema-graph\">{\"@context\":\"https:\/\/schema.org\",\"@graph\":[{\"@type\":\"Article\",\"@id\":\"https:\/\/www.africa-press.net\/tchad\/culture-et-art\/le-nouveau-directeur-de-lecole-normale-dinstituteur-dabeche-installe#article\",\"isPartOf\":{\"@id\":\"https:\/\/www.africa-press.net\/tchad\/culture-et-art\/le-nouveau-directeur-de-lecole-normale-dinstituteur-dabeche-installe\"},\"author\":{\"name\":\"cfeditorfr\",\"@id\":\"https:\/\/www.africa-press.net\/tchad\/#\/schema\/person\/2b1cf3cd81a31e3cd26889ca66d677f1\"},\"headline\":\"le nouveau directeur de l&rsquo;\u00c9cole normale d&rsquo;instituteur d&rsquo;Ab\u00e9ch\u00e9 install\u00e9\",\"datePublished\":\"2021-11-20T15:03:23+00:00\",\"dateModified\":\"2021-11-20T15:21:02+00:00\",\"mainEntityOfPage\":{\"@id\":\"https:\/\/www.africa-press.net\/tchad\/culture-et-art\/le-nouveau-directeur-de-lecole-normale-dinstituteur-dabeche-installe\"},\"wordCount\":403,\"commentCount\":0,\"image\":{\"@id\":\"https:\/\/www.africa-press.net\/tchad\/culture-et-art\/le-nouveau-directeur-de-lecole-normale-dinstituteur-dabeche-installe#primaryimage\"},\"thumbnailUrl\":\"https:\/\/static.africa-press.net\/tchad\/sites\/41\/2021\/11\/img-619912447d1b4.jpg\",\"keywords\":[\"Ab\u00e9ch\u00e9\",\"Africa Press\",\"Africa Press-Tchad\",\"directeur\",\"Tchad\"],\"articleSection\":[\"Culture et Art\",\"homepage-french\",\"Toutes les actualit\u00e9s\"],\"inLanguage\":\"fr-FR\",\"potentialAction\":[{\"@type\":\"CommentAction\",\"name\":\"Comment\",\"target\":[\"https:\/\/www.africa-press.net\/tchad\/culture-et-art\/le-nouveau-directeur-de-lecole-normale-dinstituteur-dabeche-installe#respond\"]}]},{\"@type\":\"WebPage\",\"@id\":\"https:\/\/www.africa-press.net\/tchad\/culture-et-art\/le-nouveau-directeur-de-lecole-normale-dinstituteur-dabeche-installe\",\"url\":\"https:\/\/www.africa-press.net\/tchad\/culture-et-art\/le-nouveau-directeur-de-lecole-normale-dinstituteur-dabeche-installe\",\"name\":\"le nouveau directeur de l'\u00c9cole normale d'instituteur d'Ab\u00e9ch\u00e9 install\u00e9 - tchad\",\"isPartOf\":{\"@id\":\"https:\/\/www.africa-press.net\/tchad\/#website\"},\"primaryImageOfPage\":{\"@id\":\"https:\/\/www.africa-press.net\/tchad\/culture-et-art\/le-nouveau-directeur-de-lecole-normale-dinstituteur-dabeche-installe#primaryimage\"},\"image\":{\"@id\":\"https:\/\/www.africa-press.net\/tchad\/culture-et-art\/le-nouveau-directeur-de-lecole-normale-dinstituteur-dabeche-installe#primaryimage\"},\"thumbnailUrl\":\"https:\/\/static.africa-press.net\/tchad\/sites\/41\/2021\/11\/img-619912447d1b4.jpg\",\"datePublished\":\"2021-11-20T15:03:23+00:00\",\"dateModified\":\"2021-11-20T15:21:02+00:00\",\"author\":{\"@id\":\"https:\/\/www.africa-press.net\/tchad\/#\/schema\/person\/2b1cf3cd81a31e3cd26889ca66d677f1\"},\"description\":\"La c\u00e9r\u00e9monie s'est d\u00e9roul\u00e9e au sein de l'institution. Elle a \u00e9t\u00e9 pr\u00e9sid\u00e9e par le d\u00e9l\u00e9gu\u00e9 de l'\u00e9ducation nationale et de ...\",\"breadcrumb\":{\"@id\":\"https:\/\/www.africa-press.net\/tchad\/culture-et-art\/le-nouveau-directeur-de-lecole-normale-dinstituteur-dabeche-installe#breadcrumb\"},\"inLanguage\":\"fr-FR\",\"potentialAction\":[{\"@type\":\"ReadAction\",\"target\":[\"https:\/\/www.africa-press.net\/tchad\/culture-et-art\/le-nouveau-directeur-de-lecole-normale-dinstituteur-dabeche-installe\"]}]},{\"@type\":\"ImageObject\",\"inLanguage\":\"fr-FR\",\"@id\":\"https:\/\/www.africa-press.net\/tchad\/culture-et-art\/le-nouveau-directeur-de-lecole-normale-dinstituteur-dabeche-installe#primaryimage\",\"url\":\"https:\/\/static.africa-press.net\/tchad\/sites\/41\/2021\/11\/img-619912447d1b4.jpg\",\"contentUrl\":\"https:\/\/static.africa-press.net\/tchad\/sites\/41\/2021\/11\/img-619912447d1b4.jpg\",\"width\":868,\"height\":391,\"caption\":\"le nouveau directeur de l'\u00c9cole normale d'instituteur d'Ab\u00e9ch\u00e9 install\u00e9\"},{\"@type\":\"BreadcrumbList\",\"@id\":\"https:\/\/www.africa-press.net\/tchad\/culture-et-art\/le-nouveau-directeur-de-lecole-normale-dinstituteur-dabeche-installe#breadcrumb\",\"itemListElement\":[{\"@type\":\"ListItem\",\"position\":1,\"name\":\"Accueil\",\"item\":\"https:\/\/www.africa-press.net\/tchad\/\"},{\"@type\":\"ListItem\",\"position\":2,\"name\":\"le nouveau directeur de l&#8217;\u00c9cole normale d&#8217;instituteur d&#8217;Ab\u00e9ch\u00e9 install\u00e9\"}]},{\"@type\":\"WebSite\",\"@id\":\"https:\/\/www.africa-press.net\/tchad\/#website\",\"url\":\"https:\/\/www.africa-press.net\/tchad\/\",\"name\":\"tchad\",\"description\":\"Just another Africa News Agency Sites site\",\"potentialAction\":[{\"@type\":\"SearchAction\",\"target\":{\"@type\":\"EntryPoint\",\"urlTemplate\":\"https:\/\/www.africa-press.net\/tchad\/?s={search_term_string}\"},\"query-input\":{\"@type\":\"PropertyValueSpecification\",\"valueRequired\":true,\"valueName\":\"search_term_string\"}}],\"inLanguage\":\"fr-FR\"},{\"@type\":\"Person\",\"@id\":\"https:\/\/www.africa-press.net\/tchad\/#\/schema\/person\/2b1cf3cd81a31e3cd26889ca66d677f1\",\"name\":\"cfeditorfr\"}]}<\/script>\n<!-- \/ Yoast SEO Premium plugin. -->","yoast_head_json":{"title":"le nouveau directeur de l'\u00c9cole normale d'instituteur d'Ab\u00e9ch\u00e9 install\u00e9 - tchad","description":"La c\u00e9r\u00e9monie s'est d\u00e9roul\u00e9e au sein de l'institution. Elle a \u00e9t\u00e9 pr\u00e9sid\u00e9e par le d\u00e9l\u00e9gu\u00e9 de l'\u00e9ducation nationale et de ...","robots":{"index":"index","follow":"follow","max-snippet":"max-snippet:-1","max-image-preview":"max-image-preview:large","max-video-preview":"max-video-preview:-1"},"canonical":"https:\/\/www.africa-press.net\/tchad\/culture-et-art\/le-nouveau-directeur-de-lecole-normale-dinstituteur-dabeche-installe","og_locale":"fr_FR","og_type":"article","og_title":"le nouveau directeur de l'\u00c9cole normale d'instituteur d'Ab\u00e9ch\u00e9 install\u00e9","og_description":"La c\u00e9r\u00e9monie s'est d\u00e9roul\u00e9e au sein de l'institution. Elle a \u00e9t\u00e9 pr\u00e9sid\u00e9e par le d\u00e9l\u00e9gu\u00e9 de l'\u00e9ducation nationale et de ...","og_url":"https:\/\/www.africa-press.net\/tchad\/culture-et-art\/le-nouveau-directeur-de-lecole-normale-dinstituteur-dabeche-installe","og_site_name":"tchad","article_published_time":"2021-11-20T15:03:23+00:00","article_modified_time":"2021-11-20T15:21:02+00:00","og_image":[{"width":868,"height":391,"url":"https:\/\/static.africa-press.net\/tchad\/sites\/41\/2021\/11\/img-619912447d1b4.jpg","type":"image\/jpeg"}],"author":"cfeditorfr","twitter_card":"summary_large_image","twitter_misc":{"\u00c9crit par":"cfeditorfr","Dur\u00e9e de lecture estim\u00e9e":"2 minutes"},"schema":{"@context":"https:\/\/schema.org","@graph":[{"@type":"Article","@id":"https:\/\/www.africa-press.net\/tchad\/culture-et-art\/le-nouveau-directeur-de-lecole-normale-dinstituteur-dabeche-installe#article","isPartOf":{"@id":"https:\/\/www.africa-press.net\/tchad\/culture-et-art\/le-nouveau-directeur-de-lecole-normale-dinstituteur-dabeche-installe"},"author":{"name":"cfeditorfr","@id":"https:\/\/www.africa-press.net\/tchad\/#\/schema\/person\/2b1cf3cd81a31e3cd26889ca66d677f1"},"headline":"le nouveau directeur de l&rsquo;\u00c9cole normale d&rsquo;instituteur d&rsquo;Ab\u00e9ch\u00e9 install\u00e9","datePublished":"2021-11-20T15:03:23+00:00","dateModified":"2021-11-20T15:21:02+00:00","mainEntityOfPage":{"@id":"https:\/\/www.africa-press.net\/tchad\/culture-et-art\/le-nouveau-directeur-de-lecole-normale-dinstituteur-dabeche-installe"},"wordCount":403,"commentCount":0,"image":{"@id":"https:\/\/www.africa-press.net\/tchad\/culture-et-art\/le-nouveau-directeur-de-lecole-normale-dinstituteur-dabeche-installe#primaryimage"},"thumbnailUrl":"https:\/\/static.africa-press.net\/tchad\/sites\/41\/2021\/11\/img-619912447d1b4.jpg","keywords":["Ab\u00e9ch\u00e9","Africa Press","Africa Press-Tchad","directeur","Tchad"],"articleSection":["Culture et Art","homepage-french","Toutes les actualit\u00e9s"],"inLanguage":"fr-FR","potentialAction":[{"@type":"CommentAction","name":"Comment","target":["https:\/\/www.africa-press.net\/tchad\/culture-et-art\/le-nouveau-directeur-de-lecole-normale-dinstituteur-dabeche-installe#respond"]}]},{"@type":"WebPage","@id":"https:\/\/www.africa-press.net\/tchad\/culture-et-art\/le-nouveau-directeur-de-lecole-normale-dinstituteur-dabeche-installe","url":"https:\/\/www.africa-press.net\/tchad\/culture-et-art\/le-nouveau-directeur-de-lecole-normale-dinstituteur-dabeche-installe","name":"le nouveau directeur de l'\u00c9cole normale d'instituteur d'Ab\u00e9ch\u00e9 install\u00e9 - tchad","isPartOf":{"@id":"https:\/\/www.africa-press.net\/tchad\/#website"},"primaryImageOfPage":{"@id":"https:\/\/www.africa-press.net\/tchad\/culture-et-art\/le-nouveau-directeur-de-lecole-normale-dinstituteur-dabeche-installe#primaryimage"},"image":{"@id":"https:\/\/www.africa-press.net\/tchad\/culture-et-art\/le-nouveau-directeur-de-lecole-normale-dinstituteur-dabeche-installe#primaryimage"},"thumbnailUrl":"https:\/\/static.africa-press.net\/tchad\/sites\/41\/2021\/11\/img-619912447d1b4.jpg","datePublished":"2021-11-20T15:03:23+00:00","dateModified":"2021-11-20T15:21:02+00:00","author":{"@id":"https:\/\/www.africa-press.net\/tchad\/#\/schema\/person\/2b1cf3cd81a31e3cd26889ca66d677f1"},"description":"La c\u00e9r\u00e9monie s'est d\u00e9roul\u00e9e au sein de l'institution. Elle a \u00e9t\u00e9 pr\u00e9sid\u00e9e par le d\u00e9l\u00e9gu\u00e9 de l'\u00e9ducation nationale et de ...","breadcrumb":{"@id":"https:\/\/www.africa-press.net\/tchad\/culture-et-art\/le-nouveau-directeur-de-lecole-normale-dinstituteur-dabeche-installe#breadcrumb"},"inLanguage":"fr-FR","potentialAction":[{"@type":"ReadAction","target":["https:\/\/www.africa-press.net\/tchad\/culture-et-art\/le-nouveau-directeur-de-lecole-normale-dinstituteur-dabeche-installe"]}]},{"@type":"ImageObject","inLanguage":"fr-FR","@id":"https:\/\/www.africa-press.net\/tchad\/culture-et-art\/le-nouveau-directeur-de-lecole-normale-dinstituteur-dabeche-installe#primaryimage","url":"https:\/\/static.africa-press.net\/tchad\/sites\/41\/2021\/11\/img-619912447d1b4.jpg","contentUrl":"https:\/\/static.africa-press.net\/tchad\/sites\/41\/2021\/11\/img-619912447d1b4.jpg","width":868,"height":391,"caption":"le nouveau directeur de l'\u00c9cole normale d'instituteur d'Ab\u00e9ch\u00e9 install\u00e9"},{"@type":"BreadcrumbList","@id":"https:\/\/www.africa-press.net\/tchad\/culture-et-art\/le-nouveau-directeur-de-lecole-normale-dinstituteur-dabeche-installe#breadcrumb","itemListElement":[{"@type":"ListItem","position":1,"name":"Accueil","item":"https:\/\/www.africa-press.net\/tchad\/"},{"@type":"ListItem","position":2,"name":"le nouveau directeur de l&#8217;\u00c9cole normale d&#8217;instituteur d&#8217;Ab\u00e9ch\u00e9 install\u00e9"}]},{"@type":"WebSite","@id":"https:\/\/www.africa-press.net\/tchad\/#website","url":"https:\/\/www.africa-press.net\/tchad\/","name":"tchad","description":"Just another Africa News Agency Sites site","potentialAction":[{"@type":"SearchAction","target":{"@type":"EntryPoint","urlTemplate":"https:\/\/www.africa-press.net\/tchad\/?s={search_term_string}"},"query-input":{"@type":"PropertyValueSpecification","valueRequired":true,"valueName":"search_term_string"}}],"inLanguage":"fr-FR"},{"@type":"Person","@id":"https:\/\/www.africa-press.net\/tchad\/#\/schema\/person\/2b1cf3cd81a31e3cd26889ca66d677f1","name":"cfeditorfr"}]}},"_links":{"self":[{"href":"https:\/\/www.africa-press.net\/tchad\/wp-json\/wp\/v2\/posts\/14069","targetHints":{"allow":["GET"]}}],"collection":[{"href":"https:\/\/www.africa-press.net\/tchad\/wp-json\/wp\/v2\/posts"}],"about":[{"href":"https:\/\/www.africa-press.net\/tchad\/wp-json\/wp\/v2\/types\/post"}],"author":[{"embeddable":true,"href":"https:\/\/www.africa-press.net\/tchad\/wp-json\/wp\/v2\/users\/82"}],"replies":[{"embeddable":true,"href":"https:\/\/www.africa-press.net\/tchad\/wp-json\/wp\/v2\/comments?post=14069"}],"version-history":[{"count":0,"href":"https:\/\/www.africa-press.net\/tchad\/wp-json\/wp\/v2\/posts\/14069\/revisions"}],"wp:featuredmedia":[{"embeddable":true,"href":"https:\/\/www.africa-press.net\/tchad\/wp-json\/wp\/v2\/media\/14068"}],"wp:attachment":[{"href":"https:\/\/www.africa-press.net\/tchad\/wp-json\/wp\/v2\/media?parent=14069"}],"wp:term":[{"taxonomy":"category","embeddable":true,"href":"https:\/\/www.africa-press.net\/tchad\/wp-json\/wp\/v2\/categories?post=14069"},{"taxonomy":"post_tag","embeddable":true,"href":"https:\/\/www.africa-press.net\/tchad\/wp-json\/wp\/v2\/tags?post=14069"}],"curies":[{"name":"wp","href":"https:\/\/api.w.org\/{rel}","templated":true}]}}