{"id":14090,"date":"2021-11-21T16:41:21","date_gmt":"2021-11-21T16:41:21","guid":{"rendered":"https:\/\/www.africa-press.net\/tchad\/politique\/instagram-une-benediction-ou-une-malediction"},"modified":"2021-11-21T18:13:30","modified_gmt":"2021-11-21T18:13:30","slug":"instagram-une-benediction-ou-une-malediction","status":"publish","type":"post","link":"https:\/\/www.africa-press.net\/tchad\/toutes-les-actualites\/instagram-une-benediction-ou-une-malediction","title":{"rendered":"Instagram : une b\u00e9n\u00e9diction ou une mal\u00e9diction ?"},"content":{"rendered":"<p><span style=\"color: #ff6600\"><strong>Africa-Press &#8211; Tchad. <\/strong><\/span>Se r\u00e9veiller, attraper son t\u00e9l\u00e9phone, ouvrir Instagram et commencer \u00e0 d\u00e9filer.<\/p>\n<p>C&rsquo;est une routine bien trop famili\u00e8re pour beaucoup d&rsquo;entre nous. Mais comment l&rsquo;application affecte-t-elle notre sant\u00e9 mentale ?<\/p>\n<p>Frances Haugen, lanceuse d&rsquo;alerte de Facebook, a averti qu&rsquo;Instagram \u00e9tait \u00ab\u00a0plus dangereux que les autres formes de m\u00e9dias sociaux\u00a0\u00bb, apr\u00e8s qu&rsquo;il a \u00e9t\u00e9 r\u00e9v\u00e9l\u00e9 que les propres recherches de l&rsquo;entreprise montraient qu&rsquo;il pouvait \u00eatre nocif.<\/p>\n<p>\u00c0 l&rsquo;\u00e9poque, Instagram a d\u00e9clar\u00e9 que la recherche montrait son \u00ab\u00a0engagement \u00e0 comprendre les questions complexes et difficiles\u00a0\u00bb.<\/p>\n<p>Alors que les politiciens continuent de scruter les m\u00e9dias sociaux, la BBC a parl\u00e9 \u00e0 cinq personnes de leurs exp\u00e9riences sur Instagram.<\/p>\n<p>Cr\u00e9er une communaut\u00e9Dani a une relation compliqu\u00e9e avec Instagram. Cette jeune femme de 29 ans, originaire du sud du Pays de Galles, vit de la plateforme et a cr\u00e9\u00e9 une communaut\u00e9 en ligne pour les personnes transgenres.<\/p>\n<p>Mais elle a \u00e9t\u00e9 victime d&rsquo;abus en raison de son apparence.<\/p>\n<p>\u00ab\u00a0Instagram est la plus grande b\u00e9n\u00e9diction et la plus grande mal\u00e9diction de ma vie\u00a0\u00bb, raconte Dani \u00e0 la BBC.<\/p>\n<p>\u00ab\u00a0Quand vous \u00eates une personne trans avec un compte qui n&rsquo;est pas priv\u00e9, cela vous ouvre aux abus de toute fa\u00e7on &#8211; mais certains messages de haine que j&rsquo;ai eues en ligne ont \u00e9t\u00e9 destructrices pour l&rsquo;\u00e2me\u00a0\u00bb.<\/p>\n<p>\u00ab\u00a0Les commentaires haineux \u00e9taient ignobles. Quelqu&rsquo;un m&rsquo;a m\u00eame envoy\u00e9 un fil de discussion o\u00f9 des gens avaient pris des images de moi et me ridiculisaient.\u00a0\u00bb<\/p>\n<p>Frances Haugen a d\u00e9clar\u00e9 \u00e0 une commission mixte de d\u00e9put\u00e9s et de lords qu&rsquo;Instagram est une affaire de \u00ab\u00a0comparaison sociale et de corps&#8230; de style de vie des gens, et c&rsquo;est ce qui finit par \u00eatre pire pour les enfants.\u00a0\u00bb<\/p>\n<p>Dani, qui a vaincu une d\u00e9pendance \u00e0 l&rsquo;alcool, dit qu&rsquo;elle peut voir comment les m\u00e9dias sociaux peuvent devenir addictifs.<\/p>\n<p>\u00ab\u00a0Je suis sobre depuis quelques ann\u00e9es maintenant, mais j&rsquo;ai l&rsquo;impression qu&rsquo;Instagram est mauvais pour les personnes ayant une personnalit\u00e9 addictive. C&rsquo;est le m\u00eame sentiment que vous avez, le besoin d&rsquo;en avoir toujours plus.\u00a0\u00bb<\/p>\n<p>Sir Nick Clegg, vice-pr\u00e9sident des affaires mondiales chez Meta, la soci\u00e9t\u00e9 m\u00e8re d&rsquo;Instagram, a d\u00e9fendu la plateforme, affirmant que la \u00ab\u00a0majorit\u00e9 \u00e9crasante\u00a0\u00bb des adolescentes aiment l&rsquo;utiliser.<\/p>\n<p>Il a d\u00e9clar\u00e9 que l&rsquo;entreprise allait mettre en place des outils pour lutter contre l&rsquo;utilisation nocive d&rsquo;Instagram, notamment une fonction de coup de pouce appel\u00e9e \u00ab\u00a0take a break\u00a0\u00bb, qui incitera les jeunes utilisateurs \u00e0 se d\u00e9connecter.<\/p>\n<p>L&rsquo;image du corps<\/p>\n<p>Hannah passe six \u00e0 dix heures par jour sur les m\u00e9dias sociaux, auxquels elle a acc\u00e8s depuis son adolescence.<\/p>\n<p>La jeune femme de 24 ans, qui \u00e9tudie \u00e0 l&rsquo;universit\u00e9 de l&rsquo;ouest de l&rsquo;\u00c9cosse \u00e0 Ayr, poss\u00e8de un compte sur toutes les grandes plateformes : Facebook, Instagram, Twitter, Snapchat et TikTok.<\/p>\n<p>\u00ab\u00a0J&rsquo;ai cette tr\u00e8s mauvaise habitude de v\u00e9rifier toutes mes notifications d\u00e8s le matin\u00a0\u00bb, explique-t-elle.<\/p>\n<p>\u00ab\u00a0C&rsquo;est la derni\u00e8re chose que je v\u00e9rifie avant de m&rsquo;endormir. Ma journ\u00e9e enti\u00e8re tourne autour de mes m\u00e9dias sociaux.<\/p>\n<p>\u00ab\u00a0Je suis d\u00e9finitivement accro \u00e0 TikTok, je peux facilement le faire d\u00e9filer pendant deux heures d&rsquo;affil\u00e9e. Je sais que je perds essentiellement du temps&#8230; Il y a des moments o\u00f9 j&rsquo;essaie de le limiter.\u00a0\u00bb<\/p>\n<p>Sur Instagram, Hannah avait l&rsquo;habitude de suivre des influenceurs qui la faisaient se sentir mal \u00e0 propos de son image corporelle.<\/p>\n<p>A lire aussi sur BBC Afrique :<\/p>\n<p>Manger des aliments n\u00e9cessitant plus de mastication peut-il aider \u00e0 perdre du poids ? Ces demandeurs d&#8217;emploi qui se tournent vers TikTok pour rendre leurs CV viraux Pourquoi les personnes handicap\u00e9es sont-elles si affect\u00e9es par le changement climatique ? \u00ab\u00a0Cela m&rsquo;a fait penser que mon corps devait ressembler au leur, et j&rsquo;ai commenc\u00e9 \u00e0 avoir des attentes irr\u00e9alistes d&rsquo;\u00eatre un mod\u00e8le mince. Je trouvais que cela nuisait vraiment \u00e0 ma sant\u00e9 mentale, alors j&rsquo;ai pris du recul et je me suis d\u00e9sabonn\u00e9e de leurs comptes.\u00a0\u00bb<\/p>\n<p>Maintenant, elle a chang\u00e9 qui elle suit, troquant les influenceurs pour des comptes body-positive.<\/p>\n<p>\u00ab\u00a0J&rsquo;ai r\u00e9alis\u00e9 que tout le monde n&rsquo;est pas un mannequin de taille six, super maigre et d&rsquo;un m\u00e8tre quatre-vingt. J&rsquo;ai commenc\u00e9 \u00e0 suivre des personnes qui me ressemblent davantage, et cela a am\u00e9lior\u00e9 ma confiance en mon corps.\u00a0\u00bb<\/p>\n<p>Hannah a re\u00e7u quelques commentaires haineux sur Instagram.<\/p>\n<p>\u00ab\u00a0J&rsquo;ai re\u00e7u des commentaires de certaines personnes me disant que je devais perdre du poids parce que je devenais trop grosse &#8211; et je ne fais qu&rsquo;une taille 10. Cela m&rsquo;a fait me sentir n\u00e9gative par rapport \u00e0 mon corps.\u00a0\u00bb<\/p>\n<p>Un environnement toxique\u00c0 l&rsquo;\u00e9cole pour filles de Hornsey, dans le nord de Londres, Scarlett et Anisa disent \u00e0 la BBC qu&rsquo;elles sont conscientes des dangers des m\u00e9dias sociaux.<\/p>\n<p>Scarlett a 15 ans et utilise toutes les plateformes \u00e0 l&rsquo;exception de Facebook, qu&rsquo;elle ne pense pas \u00eatre pour les personnes de son \u00e2ge.<\/p>\n<p>\u00ab\u00a0Je suis des YouTubers qui cr\u00e9ent du contenu sur la mode, comme Emma Chamberlain, que j&rsquo;adore\u00a0\u00bb, dit-elle.<\/p>\n<p>\u00ab\u00a0Mais quand je vois quelqu&rsquo;un d&rsquo;un standard de beaut\u00e9 vraiment \u00e9lev\u00e9 alors que je viens juste de terminer ma pubert\u00e9, c&rsquo;est vraiment difficile parce que voir \u00e7a me fait penser que je devrais ressembler \u00e0 \u00e7a. Cela m&rsquo;a donn\u00e9 un sentiment des complexes. Je me suis d\u00e9sabonn\u00e9e de beaucoup de comptes.\u00a0\u00bb<\/p>\n<p>Anisa, qui a \u00e9galement 15 ans, change les comptes qu&rsquo;elle suit, pour essayer d&rsquo;\u00e9viter les contenus n\u00e9gatifs.<\/p>\n<p>Mais elle a quand m\u00eame vu des choses en ligne qu&rsquo;elle ne voulait pas voir.<\/p>\n<p>\u00ab\u00a0J&rsquo;ai remarqu\u00e9 que les comptes de certaines personnes cr\u00e9ent un environnement toxique. Comme je suis une adolescente, je sais que je dois faire attention au lavage de cerveau\u00a0\u00bb, explique Anisa.<\/p>\n<p>\u00ab\u00a0En tant que musulmane, j&rsquo;ai l&rsquo;impression qu&rsquo;il y a vraiment une mauvaise repr\u00e9sentation de nous&#8230; donc si je vois ce type de contenu, je me d\u00e9sabonne\u00a0\u00bb.<\/p>\n<p>Comment les riches contribuent au changement climatique Les filles disent qu&rsquo;elles ont \u00e9galement eu des exp\u00e9riences agr\u00e9ables sur les m\u00e9dias sociaux, notamment lorsqu&rsquo;il s&rsquo;agit de faire des vid\u00e9os avec leurs amis.<\/p>\n<p>Scarlett dit : \u00ab\u00a0J&rsquo;ai essay\u00e9 beaucoup de recettes de cuisine en vid\u00e9o et j&rsquo;ai appris beaucoup de choses gr\u00e2ce aux vid\u00e9os en ligne. Il y a aussi des comptes avec des faits \u00e9tonnants, des trucs et astuces et des conseils de vie &#8211; tout n&rsquo;est pas mauvais, m\u00eame si les aspects n\u00e9gatifs l&#8217;emportent probablement sur les aspects positifs.\u00a0\u00bb<\/p>\n<p>Pas de r\u00e9seaux sociaux<\/p>\n<p>Tout le monde \u00e0 l&rsquo;\u00e9cole n&rsquo;est pas sur Instagram. Leah, qui a 15 ans, n&rsquo;a pas encore \u00e9t\u00e9 autoris\u00e9e \u00e0 cr\u00e9er un compte.<\/p>\n<p>\u00ab\u00a0C&rsquo;est \u00e0 cause de toutes les choses n\u00e9gatives qui circulent, donc je fais confiance \u00e0 la d\u00e9cision de ma m\u00e8re\u00a0\u00bb, dit-elle.<\/p>\n<p>\u00ab\u00a0J&rsquo;aimerais bien avoir des m\u00e9dias sociaux, parce que tous mes amis en ont et que je me sens parfois hors du coup, mais je connais aussi le mauvais c\u00f4t\u00e9 de la chose. J&rsquo;ai entendu beaucoup d&rsquo;histoires sur mes amis qui ont re\u00e7u des photos inappropri\u00e9es et des vid\u00e9os horribles &#8211; des choses que les gens de notre \u00e2ge ne devraient pas regarder\u00a0\u00bb.<\/p>\n<p>En septembre, Meta &#8211; qui s&rsquo;appelait encore Facebook \u00e0 l&rsquo;\u00e9poque &#8211; a mis en pause ses projets de faire une \u00ab\u00a0exp\u00e9rience Instagram\u00a0\u00bb pour les moins de 13 ans, baptis\u00e9e \u00ab\u00a0Instagram Kids\u00a0\u00bb.<\/p>\n<p>La soci\u00e9t\u00e9 a d\u00e9clar\u00e9 qu&rsquo;elle prendrait le temps d&rsquo;\u00e9couter \u00ab\u00a0les parents, les experts, les d\u00e9cideurs et les r\u00e9gulateurs\u00a0\u00bb, d\u00e9clare Adam Mosseri, responsable d&rsquo;Instagram.\u00a0\u00bb<\/p>\n<p><strong>Pour plus d&rsquo;informations et d&rsquo;analyses sur la <a href=\"https:\/\/www.africa-press.net\/tchad\">Tchad<\/a>, suivez <a href=\"https:\/\/www.africa-press.net\/\">Africa-Press<\/a><\/strong><\/p>\n","protected":false},"excerpt":{"rendered":"<p>Africa-Press &#8211; Tchad. Se r\u00e9veiller, attraper son t\u00e9l\u00e9phone, ouvrir Instagram et commencer \u00e0 d\u00e9filer. C&rsquo;est une routine bien trop famili\u00e8re pour beaucoup d&rsquo;entre nous. Mais comment l&rsquo;application affecte-t-elle notre sant\u00e9 mentale ? Frances Haugen, lanceuse d&rsquo;alerte de Facebook, a averti qu&rsquo;Instagram \u00e9tait \u00ab\u00a0plus dangereux que les autres formes de m\u00e9dias sociaux\u00a0\u00bb, apr\u00e8s qu&rsquo;il a \u00e9t\u00e9 [&hellip;]<\/p>\n","protected":false},"author":82,"featured_media":14089,"comment_status":"open","ping_status":"closed","sticky":false,"template":"","format":"standard","meta":{"footnotes":""},"categories":[22,11,10],"tags":[37,292,2616,2615,29],"class_list":["post-14090","post","type-post","status-publish","format-standard","has-post-thumbnail","hentry","category-divers","category-homepage-french","category-toutes-les-actualites","tag-africa-press","tag-africa-press-tchad","tag-instagram","tag-malediction","tag-tchad"],"yoast_head":"<!-- This site is optimized with the Yoast SEO Premium plugin v26.1 (Yoast SEO v27.0) - https:\/\/yoast.com\/product\/yoast-seo-premium-wordpress\/ -->\n<title>Instagram : une b\u00e9n\u00e9diction ou une mal\u00e9diction ? - tchad<\/title>\n<meta name=\"description\" content=\"Se r\u00e9veiller, attraper son t\u00e9l\u00e9phone, ouvrir Instagram et commencer \u00e0 d\u00e9filer. C&#039;est une routine bien trop famili\u00e8re po ...\" \/>\n<meta name=\"robots\" content=\"index, follow, max-snippet:-1, max-image-preview:large, max-video-preview:-1\" \/>\n<link rel=\"canonical\" href=\"https:\/\/www.africa-press.net\/tchad\/toutes-les-actualites\/instagram-une-benediction-ou-une-malediction\" \/>\n<meta property=\"og:locale\" content=\"fr_FR\" \/>\n<meta property=\"og:type\" content=\"article\" \/>\n<meta property=\"og:title\" content=\"Instagram : une b\u00e9n\u00e9diction ou une mal\u00e9diction ?\" \/>\n<meta property=\"og:description\" content=\"Se r\u00e9veiller, attraper son t\u00e9l\u00e9phone, ouvrir Instagram et commencer \u00e0 d\u00e9filer. C&#039;est une routine bien trop famili\u00e8re po ...\" \/>\n<meta property=\"og:url\" content=\"https:\/\/www.africa-press.net\/tchad\/toutes-les-actualites\/instagram-une-benediction-ou-une-malediction\" \/>\n<meta property=\"og:site_name\" content=\"tchad\" \/>\n<meta property=\"article:published_time\" content=\"2021-11-21T16:41:21+00:00\" \/>\n<meta property=\"article:modified_time\" content=\"2021-11-21T18:13:30+00:00\" \/>\n<meta property=\"og:image\" content=\"https:\/\/static.africa-press.net\/tchad\/sites\/41\/2021\/11\/img-619a8c2bc461f.jpg\" \/>\n\t<meta property=\"og:image:width\" content=\"976\" \/>\n\t<meta property=\"og:image:height\" content=\"549\" \/>\n\t<meta property=\"og:image:type\" content=\"image\/jpeg\" \/>\n<meta name=\"author\" content=\"cfeditorfr\" \/>\n<meta name=\"twitter:card\" content=\"summary_large_image\" \/>\n<meta name=\"twitter:label1\" content=\"\u00c9crit par\" \/>\n\t<meta name=\"twitter:data1\" content=\"cfeditorfr\" \/>\n\t<meta name=\"twitter:label2\" content=\"Dur\u00e9e de lecture estim\u00e9e\" \/>\n\t<meta name=\"twitter:data2\" content=\"6 minutes\" \/>\n<script type=\"application\/ld+json\" class=\"yoast-schema-graph\">{\"@context\":\"https:\/\/schema.org\",\"@graph\":[{\"@type\":\"Article\",\"@id\":\"https:\/\/www.africa-press.net\/tchad\/toutes-les-actualites\/instagram-une-benediction-ou-une-malediction#article\",\"isPartOf\":{\"@id\":\"https:\/\/www.africa-press.net\/tchad\/toutes-les-actualites\/instagram-une-benediction-ou-une-malediction\"},\"author\":{\"name\":\"cfeditorfr\",\"@id\":\"https:\/\/www.africa-press.net\/tchad\/#\/schema\/person\/2b1cf3cd81a31e3cd26889ca66d677f1\"},\"headline\":\"Instagram : une b\u00e9n\u00e9diction ou une mal\u00e9diction ?\",\"datePublished\":\"2021-11-21T16:41:21+00:00\",\"dateModified\":\"2021-11-21T18:13:30+00:00\",\"mainEntityOfPage\":{\"@id\":\"https:\/\/www.africa-press.net\/tchad\/toutes-les-actualites\/instagram-une-benediction-ou-une-malediction\"},\"wordCount\":1349,\"commentCount\":0,\"image\":{\"@id\":\"https:\/\/www.africa-press.net\/tchad\/toutes-les-actualites\/instagram-une-benediction-ou-une-malediction#primaryimage\"},\"thumbnailUrl\":\"https:\/\/static.africa-press.net\/tchad\/sites\/41\/2021\/11\/img-619a8c2bc461f.jpg\",\"keywords\":[\"Africa Press\",\"Africa Press-Tchad\",\"Instagram\",\"mal\u00e9diction\",\"Tchad\"],\"articleSection\":[\"Divers\",\"homepage-french\",\"Toutes les actualit\u00e9s\"],\"inLanguage\":\"fr-FR\",\"potentialAction\":[{\"@type\":\"CommentAction\",\"name\":\"Comment\",\"target\":[\"https:\/\/www.africa-press.net\/tchad\/toutes-les-actualites\/instagram-une-benediction-ou-une-malediction#respond\"]}]},{\"@type\":\"WebPage\",\"@id\":\"https:\/\/www.africa-press.net\/tchad\/toutes-les-actualites\/instagram-une-benediction-ou-une-malediction\",\"url\":\"https:\/\/www.africa-press.net\/tchad\/toutes-les-actualites\/instagram-une-benediction-ou-une-malediction\",\"name\":\"Instagram : une b\u00e9n\u00e9diction ou une mal\u00e9diction ? - tchad\",\"isPartOf\":{\"@id\":\"https:\/\/www.africa-press.net\/tchad\/#website\"},\"primaryImageOfPage\":{\"@id\":\"https:\/\/www.africa-press.net\/tchad\/toutes-les-actualites\/instagram-une-benediction-ou-une-malediction#primaryimage\"},\"image\":{\"@id\":\"https:\/\/www.africa-press.net\/tchad\/toutes-les-actualites\/instagram-une-benediction-ou-une-malediction#primaryimage\"},\"thumbnailUrl\":\"https:\/\/static.africa-press.net\/tchad\/sites\/41\/2021\/11\/img-619a8c2bc461f.jpg\",\"datePublished\":\"2021-11-21T16:41:21+00:00\",\"dateModified\":\"2021-11-21T18:13:30+00:00\",\"author\":{\"@id\":\"https:\/\/www.africa-press.net\/tchad\/#\/schema\/person\/2b1cf3cd81a31e3cd26889ca66d677f1\"},\"description\":\"Se r\u00e9veiller, attraper son t\u00e9l\u00e9phone, ouvrir Instagram et commencer \u00e0 d\u00e9filer. C'est une routine bien trop famili\u00e8re po ...\",\"breadcrumb\":{\"@id\":\"https:\/\/www.africa-press.net\/tchad\/toutes-les-actualites\/instagram-une-benediction-ou-une-malediction#breadcrumb\"},\"inLanguage\":\"fr-FR\",\"potentialAction\":[{\"@type\":\"ReadAction\",\"target\":[\"https:\/\/www.africa-press.net\/tchad\/toutes-les-actualites\/instagram-une-benediction-ou-une-malediction\"]}]},{\"@type\":\"ImageObject\",\"inLanguage\":\"fr-FR\",\"@id\":\"https:\/\/www.africa-press.net\/tchad\/toutes-les-actualites\/instagram-une-benediction-ou-une-malediction#primaryimage\",\"url\":\"https:\/\/static.africa-press.net\/tchad\/sites\/41\/2021\/11\/img-619a8c2bc461f.jpg\",\"contentUrl\":\"https:\/\/static.africa-press.net\/tchad\/sites\/41\/2021\/11\/img-619a8c2bc461f.jpg\",\"width\":976,\"height\":549,\"caption\":\"Instagram : une b\u00e9n\u00e9diction ou une mal\u00e9diction ?\"},{\"@type\":\"BreadcrumbList\",\"@id\":\"https:\/\/www.africa-press.net\/tchad\/toutes-les-actualites\/instagram-une-benediction-ou-une-malediction#breadcrumb\",\"itemListElement\":[{\"@type\":\"ListItem\",\"position\":1,\"name\":\"Accueil\",\"item\":\"https:\/\/www.africa-press.net\/tchad\/\"},{\"@type\":\"ListItem\",\"position\":2,\"name\":\"Instagram : une b\u00e9n\u00e9diction ou une mal\u00e9diction ?\"}]},{\"@type\":\"WebSite\",\"@id\":\"https:\/\/www.africa-press.net\/tchad\/#website\",\"url\":\"https:\/\/www.africa-press.net\/tchad\/\",\"name\":\"tchad\",\"description\":\"Just another Africa News Agency Sites site\",\"potentialAction\":[{\"@type\":\"SearchAction\",\"target\":{\"@type\":\"EntryPoint\",\"urlTemplate\":\"https:\/\/www.africa-press.net\/tchad\/?s={search_term_string}\"},\"query-input\":{\"@type\":\"PropertyValueSpecification\",\"valueRequired\":true,\"valueName\":\"search_term_string\"}}],\"inLanguage\":\"fr-FR\"},{\"@type\":\"Person\",\"@id\":\"https:\/\/www.africa-press.net\/tchad\/#\/schema\/person\/2b1cf3cd81a31e3cd26889ca66d677f1\",\"name\":\"cfeditorfr\"}]}<\/script>\n<!-- \/ Yoast SEO Premium plugin. -->","yoast_head_json":{"title":"Instagram : une b\u00e9n\u00e9diction ou une mal\u00e9diction ? - tchad","description":"Se r\u00e9veiller, attraper son t\u00e9l\u00e9phone, ouvrir Instagram et commencer \u00e0 d\u00e9filer. C'est une routine bien trop famili\u00e8re po ...","robots":{"index":"index","follow":"follow","max-snippet":"max-snippet:-1","max-image-preview":"max-image-preview:large","max-video-preview":"max-video-preview:-1"},"canonical":"https:\/\/www.africa-press.net\/tchad\/toutes-les-actualites\/instagram-une-benediction-ou-une-malediction","og_locale":"fr_FR","og_type":"article","og_title":"Instagram : une b\u00e9n\u00e9diction ou une mal\u00e9diction ?","og_description":"Se r\u00e9veiller, attraper son t\u00e9l\u00e9phone, ouvrir Instagram et commencer \u00e0 d\u00e9filer. C'est une routine bien trop famili\u00e8re po ...","og_url":"https:\/\/www.africa-press.net\/tchad\/toutes-les-actualites\/instagram-une-benediction-ou-une-malediction","og_site_name":"tchad","article_published_time":"2021-11-21T16:41:21+00:00","article_modified_time":"2021-11-21T18:13:30+00:00","og_image":[{"width":976,"height":549,"url":"https:\/\/static.africa-press.net\/tchad\/sites\/41\/2021\/11\/img-619a8c2bc461f.jpg","type":"image\/jpeg"}],"author":"cfeditorfr","twitter_card":"summary_large_image","twitter_misc":{"\u00c9crit par":"cfeditorfr","Dur\u00e9e de lecture estim\u00e9e":"6 minutes"},"schema":{"@context":"https:\/\/schema.org","@graph":[{"@type":"Article","@id":"https:\/\/www.africa-press.net\/tchad\/toutes-les-actualites\/instagram-une-benediction-ou-une-malediction#article","isPartOf":{"@id":"https:\/\/www.africa-press.net\/tchad\/toutes-les-actualites\/instagram-une-benediction-ou-une-malediction"},"author":{"name":"cfeditorfr","@id":"https:\/\/www.africa-press.net\/tchad\/#\/schema\/person\/2b1cf3cd81a31e3cd26889ca66d677f1"},"headline":"Instagram : une b\u00e9n\u00e9diction ou une mal\u00e9diction ?","datePublished":"2021-11-21T16:41:21+00:00","dateModified":"2021-11-21T18:13:30+00:00","mainEntityOfPage":{"@id":"https:\/\/www.africa-press.net\/tchad\/toutes-les-actualites\/instagram-une-benediction-ou-une-malediction"},"wordCount":1349,"commentCount":0,"image":{"@id":"https:\/\/www.africa-press.net\/tchad\/toutes-les-actualites\/instagram-une-benediction-ou-une-malediction#primaryimage"},"thumbnailUrl":"https:\/\/static.africa-press.net\/tchad\/sites\/41\/2021\/11\/img-619a8c2bc461f.jpg","keywords":["Africa Press","Africa Press-Tchad","Instagram","mal\u00e9diction","Tchad"],"articleSection":["Divers","homepage-french","Toutes les actualit\u00e9s"],"inLanguage":"fr-FR","potentialAction":[{"@type":"CommentAction","name":"Comment","target":["https:\/\/www.africa-press.net\/tchad\/toutes-les-actualites\/instagram-une-benediction-ou-une-malediction#respond"]}]},{"@type":"WebPage","@id":"https:\/\/www.africa-press.net\/tchad\/toutes-les-actualites\/instagram-une-benediction-ou-une-malediction","url":"https:\/\/www.africa-press.net\/tchad\/toutes-les-actualites\/instagram-une-benediction-ou-une-malediction","name":"Instagram : une b\u00e9n\u00e9diction ou une mal\u00e9diction ? - tchad","isPartOf":{"@id":"https:\/\/www.africa-press.net\/tchad\/#website"},"primaryImageOfPage":{"@id":"https:\/\/www.africa-press.net\/tchad\/toutes-les-actualites\/instagram-une-benediction-ou-une-malediction#primaryimage"},"image":{"@id":"https:\/\/www.africa-press.net\/tchad\/toutes-les-actualites\/instagram-une-benediction-ou-une-malediction#primaryimage"},"thumbnailUrl":"https:\/\/static.africa-press.net\/tchad\/sites\/41\/2021\/11\/img-619a8c2bc461f.jpg","datePublished":"2021-11-21T16:41:21+00:00","dateModified":"2021-11-21T18:13:30+00:00","author":{"@id":"https:\/\/www.africa-press.net\/tchad\/#\/schema\/person\/2b1cf3cd81a31e3cd26889ca66d677f1"},"description":"Se r\u00e9veiller, attraper son t\u00e9l\u00e9phone, ouvrir Instagram et commencer \u00e0 d\u00e9filer. C'est une routine bien trop famili\u00e8re po ...","breadcrumb":{"@id":"https:\/\/www.africa-press.net\/tchad\/toutes-les-actualites\/instagram-une-benediction-ou-une-malediction#breadcrumb"},"inLanguage":"fr-FR","potentialAction":[{"@type":"ReadAction","target":["https:\/\/www.africa-press.net\/tchad\/toutes-les-actualites\/instagram-une-benediction-ou-une-malediction"]}]},{"@type":"ImageObject","inLanguage":"fr-FR","@id":"https:\/\/www.africa-press.net\/tchad\/toutes-les-actualites\/instagram-une-benediction-ou-une-malediction#primaryimage","url":"https:\/\/static.africa-press.net\/tchad\/sites\/41\/2021\/11\/img-619a8c2bc461f.jpg","contentUrl":"https:\/\/static.africa-press.net\/tchad\/sites\/41\/2021\/11\/img-619a8c2bc461f.jpg","width":976,"height":549,"caption":"Instagram : une b\u00e9n\u00e9diction ou une mal\u00e9diction ?"},{"@type":"BreadcrumbList","@id":"https:\/\/www.africa-press.net\/tchad\/toutes-les-actualites\/instagram-une-benediction-ou-une-malediction#breadcrumb","itemListElement":[{"@type":"ListItem","position":1,"name":"Accueil","item":"https:\/\/www.africa-press.net\/tchad\/"},{"@type":"ListItem","position":2,"name":"Instagram : une b\u00e9n\u00e9diction ou une mal\u00e9diction ?"}]},{"@type":"WebSite","@id":"https:\/\/www.africa-press.net\/tchad\/#website","url":"https:\/\/www.africa-press.net\/tchad\/","name":"tchad","description":"Just another Africa News Agency Sites site","potentialAction":[{"@type":"SearchAction","target":{"@type":"EntryPoint","urlTemplate":"https:\/\/www.africa-press.net\/tchad\/?s={search_term_string}"},"query-input":{"@type":"PropertyValueSpecification","valueRequired":true,"valueName":"search_term_string"}}],"inLanguage":"fr-FR"},{"@type":"Person","@id":"https:\/\/www.africa-press.net\/tchad\/#\/schema\/person\/2b1cf3cd81a31e3cd26889ca66d677f1","name":"cfeditorfr"}]}},"_links":{"self":[{"href":"https:\/\/www.africa-press.net\/tchad\/wp-json\/wp\/v2\/posts\/14090","targetHints":{"allow":["GET"]}}],"collection":[{"href":"https:\/\/www.africa-press.net\/tchad\/wp-json\/wp\/v2\/posts"}],"about":[{"href":"https:\/\/www.africa-press.net\/tchad\/wp-json\/wp\/v2\/types\/post"}],"author":[{"embeddable":true,"href":"https:\/\/www.africa-press.net\/tchad\/wp-json\/wp\/v2\/users\/82"}],"replies":[{"embeddable":true,"href":"https:\/\/www.africa-press.net\/tchad\/wp-json\/wp\/v2\/comments?post=14090"}],"version-history":[{"count":0,"href":"https:\/\/www.africa-press.net\/tchad\/wp-json\/wp\/v2\/posts\/14090\/revisions"}],"wp:featuredmedia":[{"embeddable":true,"href":"https:\/\/www.africa-press.net\/tchad\/wp-json\/wp\/v2\/media\/14089"}],"wp:attachment":[{"href":"https:\/\/www.africa-press.net\/tchad\/wp-json\/wp\/v2\/media?parent=14090"}],"wp:term":[{"taxonomy":"category","embeddable":true,"href":"https:\/\/www.africa-press.net\/tchad\/wp-json\/wp\/v2\/categories?post=14090"},{"taxonomy":"post_tag","embeddable":true,"href":"https:\/\/www.africa-press.net\/tchad\/wp-json\/wp\/v2\/tags?post=14090"}],"curies":[{"name":"wp","href":"https:\/\/api.w.org\/{rel}","templated":true}]}}