{"id":14108,"date":"2021-11-21T17:29:30","date_gmt":"2021-11-21T17:29:30","guid":{"rendered":"https:\/\/www.africa-press.net\/tchad\/politique\/la-zawiya-tidjaniya-commemore-lanniversaire-du-prophete"},"modified":"2021-11-21T19:00:26","modified_gmt":"2021-11-21T19:00:26","slug":"la-zawiya-tidjaniya-commemore-lanniversaire-du-prophete","status":"publish","type":"post","link":"https:\/\/www.africa-press.net\/tchad\/culture-et-art\/la-zawiya-tidjaniya-commemore-lanniversaire-du-prophete","title":{"rendered":"la Zawiya Tidjaniya comm\u00e9more l\u2019anniversaire du proph\u00e8te"},"content":{"rendered":"<p><span style=\"color: #ff6600\"><strong>Africa-Press &#8211; Tchad. <\/strong><\/span>La c\u00e9r\u00e9monie de comm\u00e9moration de la naissance du proph\u00e8te Mohamed (Paix et b\u00e9n\u00e9diction sur lui) est organis\u00e9e par la grande Zawiya Tidjaniya Cheikh Saleh Annour ce 20 novembre au Palais du 15 Janvier, sous le th\u00e8me : \u00ab\u00a0Tenez-vous fortement \u00e0 la parole de Dieu et ne vous divisez pas\u00a0\u00bb.<\/p>\n<p>C&rsquo;est une salle du Palais du 15 janvier \u00e0 ras bord qui a v\u00e9cu des moments intenses de pri\u00e8re, d&rsquo;adoration, de chants d&rsquo;\u00e9loges du proph\u00e8te. Le Calife Mahamat Alb\u00e9chir Saleh Annour, par ailleurs responsable de la Zawiya Tidjaniya, a dans son allocution, insist\u00e9 sur le pardon, la tol\u00e9rance et la cohabitation pacifique qui sont les vertus de l&rsquo;islam.<\/p>\n<p>Le prototype du pardon est le proph\u00e8te Mohamed lui-m\u00eame. En effet, les compagnons du proph\u00e8te ont \u00e9t\u00e9 extermin\u00e9s. Lui-m\u00eame a \u00e9t\u00e9 maltrait\u00e9 et expropri\u00e9 mais il a pardonn\u00e9 \u00e0 ses bourreaux leurs supplices.<\/p>\n<p>Le Calife Mahamat Alb\u00e9chir Saleh Annour exhorte les fid\u00e8les musulmans \u00e0 s&rsquo;inspirer de cet exemple, avant de regretter le tribalisme dans la communaut\u00e9 musulmane qui provoque des guerres ou met \u00e0 mal l&rsquo;unit\u00e9 nationale. Les diff\u00e9rences ethniques ne sont que \u00ab\u00a0des signes d&rsquo;Allah dans l&rsquo;univers\u00a0\u00bb, explique le Calife.<\/p>\n<p><strong>Pour plus d&rsquo;informations et d&rsquo;analyses sur la <a href=\"https:\/\/www.africa-press.net\/tchad\">Tchad<\/a>, suivez <a href=\"https:\/\/www.africa-press.net\/\">Africa-Press<\/a><\/strong><\/p>\n","protected":false},"excerpt":{"rendered":"<p>Africa-Press &#8211; Tchad. La c\u00e9r\u00e9monie de comm\u00e9moration de la naissance du proph\u00e8te Mohamed (Paix et b\u00e9n\u00e9diction sur lui) est organis\u00e9e par la grande Zawiya Tidjaniya Cheikh Saleh Annour ce 20 novembre au Palais du 15 Janvier, sous le th\u00e8me : \u00ab\u00a0Tenez-vous fortement \u00e0 la parole de Dieu et ne vous divisez pas\u00a0\u00bb. C&rsquo;est une salle [&hellip;]<\/p>\n","protected":false},"author":82,"featured_media":14107,"comment_status":"open","ping_status":"closed","sticky":false,"template":"","format":"standard","meta":{"footnotes":""},"categories":[5,11,10],"tags":[37,292,2621,29,2622],"class_list":["post-14108","post","type-post","status-publish","format-standard","has-post-thumbnail","hentry","category-culture-et-art","category-homepage-french","category-toutes-les-actualites","tag-africa-press","tag-africa-press-tchad","tag-prophete","tag-tchad","tag-tidjaniya"],"yoast_head":"<!-- This site is optimized with the Yoast SEO Premium plugin v26.1 (Yoast SEO v27.0) - https:\/\/yoast.com\/product\/yoast-seo-premium-wordpress\/ -->\n<title>la Zawiya Tidjaniya comm\u00e9more l\u2019anniversaire du proph\u00e8te - tchad<\/title>\n<meta name=\"description\" content=\"La c\u00e9r\u00e9monie de comm\u00e9moration de la naissance du proph\u00e8te Mohamed (Paix et b\u00e9n\u00e9diction sur lui) est organis\u00e9e par la gra ...\" \/>\n<meta name=\"robots\" content=\"index, follow, max-snippet:-1, max-image-preview:large, max-video-preview:-1\" \/>\n<link rel=\"canonical\" href=\"https:\/\/www.africa-press.net\/tchad\/culture-et-art\/la-zawiya-tidjaniya-commemore-lanniversaire-du-prophete\" \/>\n<meta property=\"og:locale\" content=\"fr_FR\" \/>\n<meta property=\"og:type\" content=\"article\" \/>\n<meta property=\"og:title\" content=\"la Zawiya Tidjaniya comm\u00e9more l\u2019anniversaire du proph\u00e8te\" \/>\n<meta property=\"og:description\" content=\"La c\u00e9r\u00e9monie de comm\u00e9moration de la naissance du proph\u00e8te Mohamed (Paix et b\u00e9n\u00e9diction sur lui) est organis\u00e9e par la gra ...\" \/>\n<meta property=\"og:url\" content=\"https:\/\/www.africa-press.net\/tchad\/culture-et-art\/la-zawiya-tidjaniya-commemore-lanniversaire-du-prophete\" \/>\n<meta property=\"og:site_name\" content=\"tchad\" \/>\n<meta property=\"article:published_time\" content=\"2021-11-21T17:29:30+00:00\" \/>\n<meta property=\"article:modified_time\" content=\"2021-11-21T19:00:26+00:00\" \/>\n<meta property=\"og:image\" content=\"https:\/\/static.africa-press.net\/tchad\/sites\/41\/2021\/11\/img-619a972ec36e4.png\" \/>\n\t<meta property=\"og:image:width\" content=\"466\" \/>\n\t<meta property=\"og:image:height\" content=\"470\" \/>\n\t<meta property=\"og:image:type\" content=\"image\/png\" \/>\n<meta name=\"author\" content=\"cfeditorfr\" \/>\n<meta name=\"twitter:card\" content=\"summary_large_image\" \/>\n<meta name=\"twitter:label1\" content=\"\u00c9crit par\" \/>\n\t<meta name=\"twitter:data1\" content=\"cfeditorfr\" \/>\n\t<meta name=\"twitter:label2\" content=\"Dur\u00e9e de lecture estim\u00e9e\" \/>\n\t<meta name=\"twitter:data2\" content=\"1 minute\" \/>\n<script type=\"application\/ld+json\" class=\"yoast-schema-graph\">{\"@context\":\"https:\/\/schema.org\",\"@graph\":[{\"@type\":\"Article\",\"@id\":\"https:\/\/www.africa-press.net\/tchad\/culture-et-art\/la-zawiya-tidjaniya-commemore-lanniversaire-du-prophete#article\",\"isPartOf\":{\"@id\":\"https:\/\/www.africa-press.net\/tchad\/culture-et-art\/la-zawiya-tidjaniya-commemore-lanniversaire-du-prophete\"},\"author\":{\"name\":\"cfeditorfr\",\"@id\":\"https:\/\/www.africa-press.net\/tchad\/#\/schema\/person\/2b1cf3cd81a31e3cd26889ca66d677f1\"},\"headline\":\"la Zawiya Tidjaniya comm\u00e9more l\u2019anniversaire du proph\u00e8te\",\"datePublished\":\"2021-11-21T17:29:30+00:00\",\"dateModified\":\"2021-11-21T19:00:26+00:00\",\"mainEntityOfPage\":{\"@id\":\"https:\/\/www.africa-press.net\/tchad\/culture-et-art\/la-zawiya-tidjaniya-commemore-lanniversaire-du-prophete\"},\"wordCount\":233,\"commentCount\":0,\"image\":{\"@id\":\"https:\/\/www.africa-press.net\/tchad\/culture-et-art\/la-zawiya-tidjaniya-commemore-lanniversaire-du-prophete#primaryimage\"},\"thumbnailUrl\":\"https:\/\/static.africa-press.net\/tchad\/sites\/41\/2021\/11\/img-619a972ec36e4.png\",\"keywords\":[\"Africa Press\",\"Africa Press-Tchad\",\"proph\u00e8te\",\"Tchad\",\"Tidjaniya\"],\"articleSection\":[\"Culture et Art\",\"homepage-french\",\"Toutes les actualit\u00e9s\"],\"inLanguage\":\"fr-FR\",\"potentialAction\":[{\"@type\":\"CommentAction\",\"name\":\"Comment\",\"target\":[\"https:\/\/www.africa-press.net\/tchad\/culture-et-art\/la-zawiya-tidjaniya-commemore-lanniversaire-du-prophete#respond\"]}]},{\"@type\":\"WebPage\",\"@id\":\"https:\/\/www.africa-press.net\/tchad\/culture-et-art\/la-zawiya-tidjaniya-commemore-lanniversaire-du-prophete\",\"url\":\"https:\/\/www.africa-press.net\/tchad\/culture-et-art\/la-zawiya-tidjaniya-commemore-lanniversaire-du-prophete\",\"name\":\"la Zawiya Tidjaniya comm\u00e9more l\u2019anniversaire du proph\u00e8te - tchad\",\"isPartOf\":{\"@id\":\"https:\/\/www.africa-press.net\/tchad\/#website\"},\"primaryImageOfPage\":{\"@id\":\"https:\/\/www.africa-press.net\/tchad\/culture-et-art\/la-zawiya-tidjaniya-commemore-lanniversaire-du-prophete#primaryimage\"},\"image\":{\"@id\":\"https:\/\/www.africa-press.net\/tchad\/culture-et-art\/la-zawiya-tidjaniya-commemore-lanniversaire-du-prophete#primaryimage\"},\"thumbnailUrl\":\"https:\/\/static.africa-press.net\/tchad\/sites\/41\/2021\/11\/img-619a972ec36e4.png\",\"datePublished\":\"2021-11-21T17:29:30+00:00\",\"dateModified\":\"2021-11-21T19:00:26+00:00\",\"author\":{\"@id\":\"https:\/\/www.africa-press.net\/tchad\/#\/schema\/person\/2b1cf3cd81a31e3cd26889ca66d677f1\"},\"description\":\"La c\u00e9r\u00e9monie de comm\u00e9moration de la naissance du proph\u00e8te Mohamed (Paix et b\u00e9n\u00e9diction sur lui) est organis\u00e9e par la gra ...\",\"breadcrumb\":{\"@id\":\"https:\/\/www.africa-press.net\/tchad\/culture-et-art\/la-zawiya-tidjaniya-commemore-lanniversaire-du-prophete#breadcrumb\"},\"inLanguage\":\"fr-FR\",\"potentialAction\":[{\"@type\":\"ReadAction\",\"target\":[\"https:\/\/www.africa-press.net\/tchad\/culture-et-art\/la-zawiya-tidjaniya-commemore-lanniversaire-du-prophete\"]}]},{\"@type\":\"ImageObject\",\"inLanguage\":\"fr-FR\",\"@id\":\"https:\/\/www.africa-press.net\/tchad\/culture-et-art\/la-zawiya-tidjaniya-commemore-lanniversaire-du-prophete#primaryimage\",\"url\":\"https:\/\/static.africa-press.net\/tchad\/sites\/41\/2021\/11\/img-619a972ec36e4.png\",\"contentUrl\":\"https:\/\/static.africa-press.net\/tchad\/sites\/41\/2021\/11\/img-619a972ec36e4.png\",\"width\":466,\"height\":470,\"caption\":\"la Zawiya Tidjaniya comm\u00e9more l\u2019anniversaire du proph\u00e8te\"},{\"@type\":\"BreadcrumbList\",\"@id\":\"https:\/\/www.africa-press.net\/tchad\/culture-et-art\/la-zawiya-tidjaniya-commemore-lanniversaire-du-prophete#breadcrumb\",\"itemListElement\":[{\"@type\":\"ListItem\",\"position\":1,\"name\":\"Accueil\",\"item\":\"https:\/\/www.africa-press.net\/tchad\/\"},{\"@type\":\"ListItem\",\"position\":2,\"name\":\"la Zawiya Tidjaniya comm\u00e9more l\u2019anniversaire du proph\u00e8te\"}]},{\"@type\":\"WebSite\",\"@id\":\"https:\/\/www.africa-press.net\/tchad\/#website\",\"url\":\"https:\/\/www.africa-press.net\/tchad\/\",\"name\":\"tchad\",\"description\":\"Just another Africa News Agency Sites site\",\"potentialAction\":[{\"@type\":\"SearchAction\",\"target\":{\"@type\":\"EntryPoint\",\"urlTemplate\":\"https:\/\/www.africa-press.net\/tchad\/?s={search_term_string}\"},\"query-input\":{\"@type\":\"PropertyValueSpecification\",\"valueRequired\":true,\"valueName\":\"search_term_string\"}}],\"inLanguage\":\"fr-FR\"},{\"@type\":\"Person\",\"@id\":\"https:\/\/www.africa-press.net\/tchad\/#\/schema\/person\/2b1cf3cd81a31e3cd26889ca66d677f1\",\"name\":\"cfeditorfr\"}]}<\/script>\n<!-- \/ Yoast SEO Premium plugin. -->","yoast_head_json":{"title":"la Zawiya Tidjaniya comm\u00e9more l\u2019anniversaire du proph\u00e8te - tchad","description":"La c\u00e9r\u00e9monie de comm\u00e9moration de la naissance du proph\u00e8te Mohamed (Paix et b\u00e9n\u00e9diction sur lui) est organis\u00e9e par la gra ...","robots":{"index":"index","follow":"follow","max-snippet":"max-snippet:-1","max-image-preview":"max-image-preview:large","max-video-preview":"max-video-preview:-1"},"canonical":"https:\/\/www.africa-press.net\/tchad\/culture-et-art\/la-zawiya-tidjaniya-commemore-lanniversaire-du-prophete","og_locale":"fr_FR","og_type":"article","og_title":"la Zawiya Tidjaniya comm\u00e9more l\u2019anniversaire du proph\u00e8te","og_description":"La c\u00e9r\u00e9monie de comm\u00e9moration de la naissance du proph\u00e8te Mohamed (Paix et b\u00e9n\u00e9diction sur lui) est organis\u00e9e par la gra ...","og_url":"https:\/\/www.africa-press.net\/tchad\/culture-et-art\/la-zawiya-tidjaniya-commemore-lanniversaire-du-prophete","og_site_name":"tchad","article_published_time":"2021-11-21T17:29:30+00:00","article_modified_time":"2021-11-21T19:00:26+00:00","og_image":[{"width":466,"height":470,"url":"https:\/\/static.africa-press.net\/tchad\/sites\/41\/2021\/11\/img-619a972ec36e4.png","type":"image\/png"}],"author":"cfeditorfr","twitter_card":"summary_large_image","twitter_misc":{"\u00c9crit par":"cfeditorfr","Dur\u00e9e de lecture estim\u00e9e":"1 minute"},"schema":{"@context":"https:\/\/schema.org","@graph":[{"@type":"Article","@id":"https:\/\/www.africa-press.net\/tchad\/culture-et-art\/la-zawiya-tidjaniya-commemore-lanniversaire-du-prophete#article","isPartOf":{"@id":"https:\/\/www.africa-press.net\/tchad\/culture-et-art\/la-zawiya-tidjaniya-commemore-lanniversaire-du-prophete"},"author":{"name":"cfeditorfr","@id":"https:\/\/www.africa-press.net\/tchad\/#\/schema\/person\/2b1cf3cd81a31e3cd26889ca66d677f1"},"headline":"la Zawiya Tidjaniya comm\u00e9more l\u2019anniversaire du proph\u00e8te","datePublished":"2021-11-21T17:29:30+00:00","dateModified":"2021-11-21T19:00:26+00:00","mainEntityOfPage":{"@id":"https:\/\/www.africa-press.net\/tchad\/culture-et-art\/la-zawiya-tidjaniya-commemore-lanniversaire-du-prophete"},"wordCount":233,"commentCount":0,"image":{"@id":"https:\/\/www.africa-press.net\/tchad\/culture-et-art\/la-zawiya-tidjaniya-commemore-lanniversaire-du-prophete#primaryimage"},"thumbnailUrl":"https:\/\/static.africa-press.net\/tchad\/sites\/41\/2021\/11\/img-619a972ec36e4.png","keywords":["Africa Press","Africa Press-Tchad","proph\u00e8te","Tchad","Tidjaniya"],"articleSection":["Culture et Art","homepage-french","Toutes les actualit\u00e9s"],"inLanguage":"fr-FR","potentialAction":[{"@type":"CommentAction","name":"Comment","target":["https:\/\/www.africa-press.net\/tchad\/culture-et-art\/la-zawiya-tidjaniya-commemore-lanniversaire-du-prophete#respond"]}]},{"@type":"WebPage","@id":"https:\/\/www.africa-press.net\/tchad\/culture-et-art\/la-zawiya-tidjaniya-commemore-lanniversaire-du-prophete","url":"https:\/\/www.africa-press.net\/tchad\/culture-et-art\/la-zawiya-tidjaniya-commemore-lanniversaire-du-prophete","name":"la Zawiya Tidjaniya comm\u00e9more l\u2019anniversaire du proph\u00e8te - tchad","isPartOf":{"@id":"https:\/\/www.africa-press.net\/tchad\/#website"},"primaryImageOfPage":{"@id":"https:\/\/www.africa-press.net\/tchad\/culture-et-art\/la-zawiya-tidjaniya-commemore-lanniversaire-du-prophete#primaryimage"},"image":{"@id":"https:\/\/www.africa-press.net\/tchad\/culture-et-art\/la-zawiya-tidjaniya-commemore-lanniversaire-du-prophete#primaryimage"},"thumbnailUrl":"https:\/\/static.africa-press.net\/tchad\/sites\/41\/2021\/11\/img-619a972ec36e4.png","datePublished":"2021-11-21T17:29:30+00:00","dateModified":"2021-11-21T19:00:26+00:00","author":{"@id":"https:\/\/www.africa-press.net\/tchad\/#\/schema\/person\/2b1cf3cd81a31e3cd26889ca66d677f1"},"description":"La c\u00e9r\u00e9monie de comm\u00e9moration de la naissance du proph\u00e8te Mohamed (Paix et b\u00e9n\u00e9diction sur lui) est organis\u00e9e par la gra ...","breadcrumb":{"@id":"https:\/\/www.africa-press.net\/tchad\/culture-et-art\/la-zawiya-tidjaniya-commemore-lanniversaire-du-prophete#breadcrumb"},"inLanguage":"fr-FR","potentialAction":[{"@type":"ReadAction","target":["https:\/\/www.africa-press.net\/tchad\/culture-et-art\/la-zawiya-tidjaniya-commemore-lanniversaire-du-prophete"]}]},{"@type":"ImageObject","inLanguage":"fr-FR","@id":"https:\/\/www.africa-press.net\/tchad\/culture-et-art\/la-zawiya-tidjaniya-commemore-lanniversaire-du-prophete#primaryimage","url":"https:\/\/static.africa-press.net\/tchad\/sites\/41\/2021\/11\/img-619a972ec36e4.png","contentUrl":"https:\/\/static.africa-press.net\/tchad\/sites\/41\/2021\/11\/img-619a972ec36e4.png","width":466,"height":470,"caption":"la Zawiya Tidjaniya comm\u00e9more l\u2019anniversaire du proph\u00e8te"},{"@type":"BreadcrumbList","@id":"https:\/\/www.africa-press.net\/tchad\/culture-et-art\/la-zawiya-tidjaniya-commemore-lanniversaire-du-prophete#breadcrumb","itemListElement":[{"@type":"ListItem","position":1,"name":"Accueil","item":"https:\/\/www.africa-press.net\/tchad\/"},{"@type":"ListItem","position":2,"name":"la Zawiya Tidjaniya comm\u00e9more l\u2019anniversaire du proph\u00e8te"}]},{"@type":"WebSite","@id":"https:\/\/www.africa-press.net\/tchad\/#website","url":"https:\/\/www.africa-press.net\/tchad\/","name":"tchad","description":"Just another Africa News Agency Sites site","potentialAction":[{"@type":"SearchAction","target":{"@type":"EntryPoint","urlTemplate":"https:\/\/www.africa-press.net\/tchad\/?s={search_term_string}"},"query-input":{"@type":"PropertyValueSpecification","valueRequired":true,"valueName":"search_term_string"}}],"inLanguage":"fr-FR"},{"@type":"Person","@id":"https:\/\/www.africa-press.net\/tchad\/#\/schema\/person\/2b1cf3cd81a31e3cd26889ca66d677f1","name":"cfeditorfr"}]}},"_links":{"self":[{"href":"https:\/\/www.africa-press.net\/tchad\/wp-json\/wp\/v2\/posts\/14108","targetHints":{"allow":["GET"]}}],"collection":[{"href":"https:\/\/www.africa-press.net\/tchad\/wp-json\/wp\/v2\/posts"}],"about":[{"href":"https:\/\/www.africa-press.net\/tchad\/wp-json\/wp\/v2\/types\/post"}],"author":[{"embeddable":true,"href":"https:\/\/www.africa-press.net\/tchad\/wp-json\/wp\/v2\/users\/82"}],"replies":[{"embeddable":true,"href":"https:\/\/www.africa-press.net\/tchad\/wp-json\/wp\/v2\/comments?post=14108"}],"version-history":[{"count":0,"href":"https:\/\/www.africa-press.net\/tchad\/wp-json\/wp\/v2\/posts\/14108\/revisions"}],"wp:featuredmedia":[{"embeddable":true,"href":"https:\/\/www.africa-press.net\/tchad\/wp-json\/wp\/v2\/media\/14107"}],"wp:attachment":[{"href":"https:\/\/www.africa-press.net\/tchad\/wp-json\/wp\/v2\/media?parent=14108"}],"wp:term":[{"taxonomy":"category","embeddable":true,"href":"https:\/\/www.africa-press.net\/tchad\/wp-json\/wp\/v2\/categories?post=14108"},{"taxonomy":"post_tag","embeddable":true,"href":"https:\/\/www.africa-press.net\/tchad\/wp-json\/wp\/v2\/tags?post=14108"}],"curies":[{"name":"wp","href":"https:\/\/api.w.org\/{rel}","templated":true}]}}