{"id":14183,"date":"2021-11-22T18:35:01","date_gmt":"2021-11-22T18:35:01","guid":{"rendered":"https:\/\/www.africa-press.net\/tchad\/politique\/long-compagnon-du-monde-rural-se-mobilise-face-aux-vulnerabilites-de-la-population"},"modified":"2021-11-22T19:08:50","modified_gmt":"2021-11-22T19:08:50","slug":"long-compagnon-du-monde-rural-se-mobilise-face-aux-vulnerabilites-de-la-population","status":"publish","type":"post","link":"https:\/\/www.africa-press.net\/tchad\/toutes-les-actualites\/long-compagnon-du-monde-rural-se-mobilise-face-aux-vulnerabilites-de-la-population","title":{"rendered":"l&rsquo;ONG \u00ab\u00a0Compagnon du monde rural\u00a0\u00bb se mobilise face aux vuln\u00e9rabilit\u00e9s de la population"},"content":{"rendered":"<p><span style=\"color: #ff6600\"><strong>Africa-Press &#8211; Tchad. <\/strong><\/span>Avec des multiples objectifs tels que la lutte contre la pauvret\u00e9, la lutte contre la marginalisation des couches vuln\u00e9rables, la lutte contre le changement climatique, l&rsquo;ONG \u00ab\u00a0Compagnon du monde rural\u00a0\u00bb s&rsquo;engage \u00e9galement \u00e0 favoriser l&rsquo;acc\u00e8s \u00e0 l&rsquo;eau potable, la protection de l&rsquo;environnement, l&rsquo;\u00e9ducation des enfants vuln\u00e9rables, l&rsquo;intervention dans le domaine de l&rsquo;urgence humanitaire, la r\u00e9alisation des programmes de d\u00e9veloppement social et de grande envergure \u00e0 l&rsquo;\u00e9chelle nationale, sans perdre de vue la sensibilisation et la lutte contre les maladies sexuellement transmissibles (MST).<\/p>\n<p>L&rsquo;ONG intervient sur tout le territoire avec un fort encrage dans la province du Mayo Kebbi Ouest et des activit\u00e9s dans le Mayo Kebbi Est, la Tandjil\u00e9, Le Chari Baguirmi et la ville de N&rsquo;Djamena.<\/p>\n<p>\u00ab\u00a0Compagnon du monde rural\u00a0\u00bb a pour slogan l&#8217;emploi jeune, l&rsquo;entrepreneuriat f\u00e9minin et l&rsquo;acc\u00e8s \u00e0 l&rsquo;eau.<\/p>\n<p>C&rsquo;est le gouverneur de la province du Mayo Kebbi Ouest, Zilhoube Pafalet Pata\u00efdang, qui a pr\u00e9sid\u00e9 la c\u00e9r\u00e9monie des activit\u00e9s au CCN de Pala, en pr\u00e9sence du pr\u00e9sident du conseil d&rsquo;administration de l&rsquo;ONG \u00ab\u00a0Compagnon du monde rural\u00a0\u00bb, Zian Saint L\u00e9on, et du consultant international en strat\u00e9gie de d\u00e9veloppement, Aly Ane Diop, par ailleurs partenaire de ladite ONG.<\/p>\n<p><strong>Pour plus d&rsquo;informations et d&rsquo;analyses sur la <a href=\"https:\/\/www.africa-press.net\/tchad\">Tchad<\/a>, suivez <a href=\"https:\/\/www.africa-press.net\/\">Africa-Press<\/a><\/strong><\/p>\n","protected":false},"excerpt":{"rendered":"<p>Africa-Press &#8211; Tchad. Avec des multiples objectifs tels que la lutte contre la pauvret\u00e9, la lutte contre la marginalisation des couches vuln\u00e9rables, la lutte contre le changement climatique, l&rsquo;ONG \u00ab\u00a0Compagnon du monde rural\u00a0\u00bb s&rsquo;engage \u00e9galement \u00e0 favoriser l&rsquo;acc\u00e8s \u00e0 l&rsquo;eau potable, la protection de l&rsquo;environnement, l&rsquo;\u00e9ducation des enfants vuln\u00e9rables, l&rsquo;intervention dans le domaine de l&rsquo;urgence [&hellip;]<\/p>\n","protected":false},"author":82,"featured_media":14182,"comment_status":"open","ping_status":"closed","sticky":false,"template":"","format":"standard","meta":{"footnotes":""},"categories":[21,11,20,10],"tags":[37,292,2252,2336,29],"class_list":["post-14183","post","type-post","status-publish","format-standard","has-post-thumbnail","hentry","category-communaute","category-homepage-french","category-top-nouvelles","category-toutes-les-actualites","tag-africa-press","tag-africa-press-tchad","tag-changement-climatique","tag-population","tag-tchad"],"yoast_head":"<!-- This site is optimized with the Yoast SEO Premium plugin v26.1 (Yoast SEO v27.0) - https:\/\/yoast.com\/product\/yoast-seo-premium-wordpress\/ -->\n<title>l&#039;ONG &quot;Compagnon du monde rural&quot; se mobilise face aux vuln\u00e9rabilit\u00e9s de la population - tchad<\/title>\n<meta name=\"description\" content=\"Avec des multiples objectifs tels que la lutte contre la pauvret\u00e9, la lutte contre la marginalisation des couches vuln\u00e9r ...\" \/>\n<meta name=\"robots\" content=\"index, follow, max-snippet:-1, max-image-preview:large, max-video-preview:-1\" \/>\n<link rel=\"canonical\" href=\"https:\/\/www.africa-press.net\/tchad\/toutes-les-actualites\/long-compagnon-du-monde-rural-se-mobilise-face-aux-vulnerabilites-de-la-population\" \/>\n<meta property=\"og:locale\" content=\"fr_FR\" \/>\n<meta property=\"og:type\" content=\"article\" \/>\n<meta property=\"og:title\" content=\"l&#039;ONG &quot;Compagnon du monde rural&quot; se mobilise face aux vuln\u00e9rabilit\u00e9s de la population\" \/>\n<meta property=\"og:description\" content=\"Avec des multiples objectifs tels que la lutte contre la pauvret\u00e9, la lutte contre la marginalisation des couches vuln\u00e9r ...\" \/>\n<meta property=\"og:url\" content=\"https:\/\/www.africa-press.net\/tchad\/toutes-les-actualites\/long-compagnon-du-monde-rural-se-mobilise-face-aux-vulnerabilites-de-la-population\" \/>\n<meta property=\"og:site_name\" content=\"tchad\" \/>\n<meta property=\"article:published_time\" content=\"2021-11-22T18:35:01+00:00\" \/>\n<meta property=\"article:modified_time\" content=\"2021-11-22T19:08:50+00:00\" \/>\n<meta property=\"og:image\" content=\"https:\/\/static.africa-press.net\/tchad\/sites\/41\/2021\/11\/img-619bea9f2a961.jpg\" \/>\n\t<meta property=\"og:image:width\" content=\"820\" \/>\n\t<meta property=\"og:image:height\" content=\"369\" \/>\n\t<meta property=\"og:image:type\" content=\"image\/jpeg\" \/>\n<meta name=\"author\" content=\"cfeditorfr\" \/>\n<meta name=\"twitter:card\" content=\"summary_large_image\" \/>\n<meta name=\"twitter:label1\" content=\"\u00c9crit par\" \/>\n\t<meta name=\"twitter:data1\" content=\"cfeditorfr\" \/>\n\t<meta name=\"twitter:label2\" content=\"Dur\u00e9e de lecture estim\u00e9e\" \/>\n\t<meta name=\"twitter:data2\" content=\"1 minute\" \/>\n<script type=\"application\/ld+json\" class=\"yoast-schema-graph\">{\"@context\":\"https:\/\/schema.org\",\"@graph\":[{\"@type\":\"Article\",\"@id\":\"https:\/\/www.africa-press.net\/tchad\/toutes-les-actualites\/long-compagnon-du-monde-rural-se-mobilise-face-aux-vulnerabilites-de-la-population#article\",\"isPartOf\":{\"@id\":\"https:\/\/www.africa-press.net\/tchad\/toutes-les-actualites\/long-compagnon-du-monde-rural-se-mobilise-face-aux-vulnerabilites-de-la-population\"},\"author\":{\"name\":\"cfeditorfr\",\"@id\":\"https:\/\/www.africa-press.net\/tchad\/#\/schema\/person\/2b1cf3cd81a31e3cd26889ca66d677f1\"},\"headline\":\"l&rsquo;ONG \u00ab\u00a0Compagnon du monde rural\u00a0\u00bb se mobilise face aux vuln\u00e9rabilit\u00e9s de la population\",\"datePublished\":\"2021-11-22T18:35:01+00:00\",\"dateModified\":\"2021-11-22T19:08:50+00:00\",\"mainEntityOfPage\":{\"@id\":\"https:\/\/www.africa-press.net\/tchad\/toutes-les-actualites\/long-compagnon-du-monde-rural-se-mobilise-face-aux-vulnerabilites-de-la-population\"},\"wordCount\":252,\"commentCount\":0,\"image\":{\"@id\":\"https:\/\/www.africa-press.net\/tchad\/toutes-les-actualites\/long-compagnon-du-monde-rural-se-mobilise-face-aux-vulnerabilites-de-la-population#primaryimage\"},\"thumbnailUrl\":\"https:\/\/static.africa-press.net\/tchad\/sites\/41\/2021\/11\/img-619bea9f2a961.jpg\",\"keywords\":[\"Africa Press\",\"Africa Press-Tchad\",\"Changement climatique\",\"population\",\"Tchad\"],\"articleSection\":[\"Communaut\u00e9\",\"homepage-french\",\"Top Nouvelles\",\"Toutes les actualit\u00e9s\"],\"inLanguage\":\"fr-FR\",\"potentialAction\":[{\"@type\":\"CommentAction\",\"name\":\"Comment\",\"target\":[\"https:\/\/www.africa-press.net\/tchad\/toutes-les-actualites\/long-compagnon-du-monde-rural-se-mobilise-face-aux-vulnerabilites-de-la-population#respond\"]}]},{\"@type\":\"WebPage\",\"@id\":\"https:\/\/www.africa-press.net\/tchad\/toutes-les-actualites\/long-compagnon-du-monde-rural-se-mobilise-face-aux-vulnerabilites-de-la-population\",\"url\":\"https:\/\/www.africa-press.net\/tchad\/toutes-les-actualites\/long-compagnon-du-monde-rural-se-mobilise-face-aux-vulnerabilites-de-la-population\",\"name\":\"l'ONG \\\"Compagnon du monde rural\\\" se mobilise face aux vuln\u00e9rabilit\u00e9s de la population - tchad\",\"isPartOf\":{\"@id\":\"https:\/\/www.africa-press.net\/tchad\/#website\"},\"primaryImageOfPage\":{\"@id\":\"https:\/\/www.africa-press.net\/tchad\/toutes-les-actualites\/long-compagnon-du-monde-rural-se-mobilise-face-aux-vulnerabilites-de-la-population#primaryimage\"},\"image\":{\"@id\":\"https:\/\/www.africa-press.net\/tchad\/toutes-les-actualites\/long-compagnon-du-monde-rural-se-mobilise-face-aux-vulnerabilites-de-la-population#primaryimage\"},\"thumbnailUrl\":\"https:\/\/static.africa-press.net\/tchad\/sites\/41\/2021\/11\/img-619bea9f2a961.jpg\",\"datePublished\":\"2021-11-22T18:35:01+00:00\",\"dateModified\":\"2021-11-22T19:08:50+00:00\",\"author\":{\"@id\":\"https:\/\/www.africa-press.net\/tchad\/#\/schema\/person\/2b1cf3cd81a31e3cd26889ca66d677f1\"},\"description\":\"Avec des multiples objectifs tels que la lutte contre la pauvret\u00e9, la lutte contre la marginalisation des couches vuln\u00e9r ...\",\"breadcrumb\":{\"@id\":\"https:\/\/www.africa-press.net\/tchad\/toutes-les-actualites\/long-compagnon-du-monde-rural-se-mobilise-face-aux-vulnerabilites-de-la-population#breadcrumb\"},\"inLanguage\":\"fr-FR\",\"potentialAction\":[{\"@type\":\"ReadAction\",\"target\":[\"https:\/\/www.africa-press.net\/tchad\/toutes-les-actualites\/long-compagnon-du-monde-rural-se-mobilise-face-aux-vulnerabilites-de-la-population\"]}]},{\"@type\":\"ImageObject\",\"inLanguage\":\"fr-FR\",\"@id\":\"https:\/\/www.africa-press.net\/tchad\/toutes-les-actualites\/long-compagnon-du-monde-rural-se-mobilise-face-aux-vulnerabilites-de-la-population#primaryimage\",\"url\":\"https:\/\/static.africa-press.net\/tchad\/sites\/41\/2021\/11\/img-619bea9f2a961.jpg\",\"contentUrl\":\"https:\/\/static.africa-press.net\/tchad\/sites\/41\/2021\/11\/img-619bea9f2a961.jpg\",\"width\":820,\"height\":369,\"caption\":\"l'ONG \\\"Compagnon du monde rural\\\" se mobilise face aux vuln\u00e9rabilit\u00e9s de la population\"},{\"@type\":\"BreadcrumbList\",\"@id\":\"https:\/\/www.africa-press.net\/tchad\/toutes-les-actualites\/long-compagnon-du-monde-rural-se-mobilise-face-aux-vulnerabilites-de-la-population#breadcrumb\",\"itemListElement\":[{\"@type\":\"ListItem\",\"position\":1,\"name\":\"Accueil\",\"item\":\"https:\/\/www.africa-press.net\/tchad\/\"},{\"@type\":\"ListItem\",\"position\":2,\"name\":\"l&#8217;ONG &#8220;Compagnon du monde rural&#8221; se mobilise face aux vuln\u00e9rabilit\u00e9s de la population\"}]},{\"@type\":\"WebSite\",\"@id\":\"https:\/\/www.africa-press.net\/tchad\/#website\",\"url\":\"https:\/\/www.africa-press.net\/tchad\/\",\"name\":\"tchad\",\"description\":\"Just another Africa News Agency Sites site\",\"potentialAction\":[{\"@type\":\"SearchAction\",\"target\":{\"@type\":\"EntryPoint\",\"urlTemplate\":\"https:\/\/www.africa-press.net\/tchad\/?s={search_term_string}\"},\"query-input\":{\"@type\":\"PropertyValueSpecification\",\"valueRequired\":true,\"valueName\":\"search_term_string\"}}],\"inLanguage\":\"fr-FR\"},{\"@type\":\"Person\",\"@id\":\"https:\/\/www.africa-press.net\/tchad\/#\/schema\/person\/2b1cf3cd81a31e3cd26889ca66d677f1\",\"name\":\"cfeditorfr\"}]}<\/script>\n<!-- \/ Yoast SEO Premium plugin. -->","yoast_head_json":{"title":"l'ONG \"Compagnon du monde rural\" se mobilise face aux vuln\u00e9rabilit\u00e9s de la population - tchad","description":"Avec des multiples objectifs tels que la lutte contre la pauvret\u00e9, la lutte contre la marginalisation des couches vuln\u00e9r ...","robots":{"index":"index","follow":"follow","max-snippet":"max-snippet:-1","max-image-preview":"max-image-preview:large","max-video-preview":"max-video-preview:-1"},"canonical":"https:\/\/www.africa-press.net\/tchad\/toutes-les-actualites\/long-compagnon-du-monde-rural-se-mobilise-face-aux-vulnerabilites-de-la-population","og_locale":"fr_FR","og_type":"article","og_title":"l'ONG \"Compagnon du monde rural\" se mobilise face aux vuln\u00e9rabilit\u00e9s de la population","og_description":"Avec des multiples objectifs tels que la lutte contre la pauvret\u00e9, la lutte contre la marginalisation des couches vuln\u00e9r ...","og_url":"https:\/\/www.africa-press.net\/tchad\/toutes-les-actualites\/long-compagnon-du-monde-rural-se-mobilise-face-aux-vulnerabilites-de-la-population","og_site_name":"tchad","article_published_time":"2021-11-22T18:35:01+00:00","article_modified_time":"2021-11-22T19:08:50+00:00","og_image":[{"width":820,"height":369,"url":"https:\/\/static.africa-press.net\/tchad\/sites\/41\/2021\/11\/img-619bea9f2a961.jpg","type":"image\/jpeg"}],"author":"cfeditorfr","twitter_card":"summary_large_image","twitter_misc":{"\u00c9crit par":"cfeditorfr","Dur\u00e9e de lecture estim\u00e9e":"1 minute"},"schema":{"@context":"https:\/\/schema.org","@graph":[{"@type":"Article","@id":"https:\/\/www.africa-press.net\/tchad\/toutes-les-actualites\/long-compagnon-du-monde-rural-se-mobilise-face-aux-vulnerabilites-de-la-population#article","isPartOf":{"@id":"https:\/\/www.africa-press.net\/tchad\/toutes-les-actualites\/long-compagnon-du-monde-rural-se-mobilise-face-aux-vulnerabilites-de-la-population"},"author":{"name":"cfeditorfr","@id":"https:\/\/www.africa-press.net\/tchad\/#\/schema\/person\/2b1cf3cd81a31e3cd26889ca66d677f1"},"headline":"l&rsquo;ONG \u00ab\u00a0Compagnon du monde rural\u00a0\u00bb se mobilise face aux vuln\u00e9rabilit\u00e9s de la population","datePublished":"2021-11-22T18:35:01+00:00","dateModified":"2021-11-22T19:08:50+00:00","mainEntityOfPage":{"@id":"https:\/\/www.africa-press.net\/tchad\/toutes-les-actualites\/long-compagnon-du-monde-rural-se-mobilise-face-aux-vulnerabilites-de-la-population"},"wordCount":252,"commentCount":0,"image":{"@id":"https:\/\/www.africa-press.net\/tchad\/toutes-les-actualites\/long-compagnon-du-monde-rural-se-mobilise-face-aux-vulnerabilites-de-la-population#primaryimage"},"thumbnailUrl":"https:\/\/static.africa-press.net\/tchad\/sites\/41\/2021\/11\/img-619bea9f2a961.jpg","keywords":["Africa Press","Africa Press-Tchad","Changement climatique","population","Tchad"],"articleSection":["Communaut\u00e9","homepage-french","Top Nouvelles","Toutes les actualit\u00e9s"],"inLanguage":"fr-FR","potentialAction":[{"@type":"CommentAction","name":"Comment","target":["https:\/\/www.africa-press.net\/tchad\/toutes-les-actualites\/long-compagnon-du-monde-rural-se-mobilise-face-aux-vulnerabilites-de-la-population#respond"]}]},{"@type":"WebPage","@id":"https:\/\/www.africa-press.net\/tchad\/toutes-les-actualites\/long-compagnon-du-monde-rural-se-mobilise-face-aux-vulnerabilites-de-la-population","url":"https:\/\/www.africa-press.net\/tchad\/toutes-les-actualites\/long-compagnon-du-monde-rural-se-mobilise-face-aux-vulnerabilites-de-la-population","name":"l'ONG \"Compagnon du monde rural\" se mobilise face aux vuln\u00e9rabilit\u00e9s de la population - tchad","isPartOf":{"@id":"https:\/\/www.africa-press.net\/tchad\/#website"},"primaryImageOfPage":{"@id":"https:\/\/www.africa-press.net\/tchad\/toutes-les-actualites\/long-compagnon-du-monde-rural-se-mobilise-face-aux-vulnerabilites-de-la-population#primaryimage"},"image":{"@id":"https:\/\/www.africa-press.net\/tchad\/toutes-les-actualites\/long-compagnon-du-monde-rural-se-mobilise-face-aux-vulnerabilites-de-la-population#primaryimage"},"thumbnailUrl":"https:\/\/static.africa-press.net\/tchad\/sites\/41\/2021\/11\/img-619bea9f2a961.jpg","datePublished":"2021-11-22T18:35:01+00:00","dateModified":"2021-11-22T19:08:50+00:00","author":{"@id":"https:\/\/www.africa-press.net\/tchad\/#\/schema\/person\/2b1cf3cd81a31e3cd26889ca66d677f1"},"description":"Avec des multiples objectifs tels que la lutte contre la pauvret\u00e9, la lutte contre la marginalisation des couches vuln\u00e9r ...","breadcrumb":{"@id":"https:\/\/www.africa-press.net\/tchad\/toutes-les-actualites\/long-compagnon-du-monde-rural-se-mobilise-face-aux-vulnerabilites-de-la-population#breadcrumb"},"inLanguage":"fr-FR","potentialAction":[{"@type":"ReadAction","target":["https:\/\/www.africa-press.net\/tchad\/toutes-les-actualites\/long-compagnon-du-monde-rural-se-mobilise-face-aux-vulnerabilites-de-la-population"]}]},{"@type":"ImageObject","inLanguage":"fr-FR","@id":"https:\/\/www.africa-press.net\/tchad\/toutes-les-actualites\/long-compagnon-du-monde-rural-se-mobilise-face-aux-vulnerabilites-de-la-population#primaryimage","url":"https:\/\/static.africa-press.net\/tchad\/sites\/41\/2021\/11\/img-619bea9f2a961.jpg","contentUrl":"https:\/\/static.africa-press.net\/tchad\/sites\/41\/2021\/11\/img-619bea9f2a961.jpg","width":820,"height":369,"caption":"l'ONG \"Compagnon du monde rural\" se mobilise face aux vuln\u00e9rabilit\u00e9s de la population"},{"@type":"BreadcrumbList","@id":"https:\/\/www.africa-press.net\/tchad\/toutes-les-actualites\/long-compagnon-du-monde-rural-se-mobilise-face-aux-vulnerabilites-de-la-population#breadcrumb","itemListElement":[{"@type":"ListItem","position":1,"name":"Accueil","item":"https:\/\/www.africa-press.net\/tchad\/"},{"@type":"ListItem","position":2,"name":"l&#8217;ONG &#8220;Compagnon du monde rural&#8221; se mobilise face aux vuln\u00e9rabilit\u00e9s de la population"}]},{"@type":"WebSite","@id":"https:\/\/www.africa-press.net\/tchad\/#website","url":"https:\/\/www.africa-press.net\/tchad\/","name":"tchad","description":"Just another Africa News Agency Sites site","potentialAction":[{"@type":"SearchAction","target":{"@type":"EntryPoint","urlTemplate":"https:\/\/www.africa-press.net\/tchad\/?s={search_term_string}"},"query-input":{"@type":"PropertyValueSpecification","valueRequired":true,"valueName":"search_term_string"}}],"inLanguage":"fr-FR"},{"@type":"Person","@id":"https:\/\/www.africa-press.net\/tchad\/#\/schema\/person\/2b1cf3cd81a31e3cd26889ca66d677f1","name":"cfeditorfr"}]}},"_links":{"self":[{"href":"https:\/\/www.africa-press.net\/tchad\/wp-json\/wp\/v2\/posts\/14183","targetHints":{"allow":["GET"]}}],"collection":[{"href":"https:\/\/www.africa-press.net\/tchad\/wp-json\/wp\/v2\/posts"}],"about":[{"href":"https:\/\/www.africa-press.net\/tchad\/wp-json\/wp\/v2\/types\/post"}],"author":[{"embeddable":true,"href":"https:\/\/www.africa-press.net\/tchad\/wp-json\/wp\/v2\/users\/82"}],"replies":[{"embeddable":true,"href":"https:\/\/www.africa-press.net\/tchad\/wp-json\/wp\/v2\/comments?post=14183"}],"version-history":[{"count":0,"href":"https:\/\/www.africa-press.net\/tchad\/wp-json\/wp\/v2\/posts\/14183\/revisions"}],"wp:featuredmedia":[{"embeddable":true,"href":"https:\/\/www.africa-press.net\/tchad\/wp-json\/wp\/v2\/media\/14182"}],"wp:attachment":[{"href":"https:\/\/www.africa-press.net\/tchad\/wp-json\/wp\/v2\/media?parent=14183"}],"wp:term":[{"taxonomy":"category","embeddable":true,"href":"https:\/\/www.africa-press.net\/tchad\/wp-json\/wp\/v2\/categories?post=14183"},{"taxonomy":"post_tag","embeddable":true,"href":"https:\/\/www.africa-press.net\/tchad\/wp-json\/wp\/v2\/tags?post=14183"}],"curies":[{"name":"wp","href":"https:\/\/api.w.org\/{rel}","templated":true}]}}