{"id":14210,"date":"2021-11-22T18:50:07","date_gmt":"2021-11-22T18:50:07","guid":{"rendered":"https:\/\/www.africa-press.net\/tchad\/politique\/la-coalition-sauver-le-tchad-appelle-a-opter-pour-le-federalisme"},"modified":"2021-11-22T19:14:44","modified_gmt":"2021-11-22T19:14:44","slug":"la-coalition-sauver-le-tchad-appelle-a-opter-pour-le-federalisme","status":"publish","type":"post","link":"https:\/\/www.africa-press.net\/tchad\/politique\/la-coalition-sauver-le-tchad-appelle-a-opter-pour-le-federalisme","title":{"rendered":"La coalition \u00ab\u00a0Sauver le Tchad\u00a0\u00bb appelle \u00e0 opter pour le f\u00e9d\u00e9ralisme"},"content":{"rendered":"<p><span style=\"color: #ff6600\"><strong>Africa-Press &#8211; Tchad. <\/strong><\/span>Le coordonnateur de la plateforme, Izadine Ahmat Tidjani, explique qu&rsquo;apr\u00e8s une longue r\u00e9flexion, il a \u00e9t\u00e9 jug\u00e9 n\u00e9cessaire de cr\u00e9er cette plateforme en vue d&rsquo;unir les forces et les exp\u00e9riences pour contribuer au changement du Tchad.<\/p>\n<p>La COSAT a pour objectifs la sensibilisation, la formation, la promotion de la citoyennet\u00e9 et des droits de l&rsquo;Homme, la participation au d\u00e9veloppement et au dialogue, la contribution \u00e0 l&rsquo;instauration d&rsquo;un \u00c9tat de droit, de libert\u00e9, de justice, de la bonne gouvernance et surtout la r\u00e9alit\u00e9 de l&rsquo;alternance d\u00e9mocratique.<\/p>\n<p>Izadine Ahmat Tidjani rel\u00e8ve \u00ab\u00a0qu&rsquo;apr\u00e8s 60 ans d&rsquo;ind\u00e9pendance et plus de 18 ans d&rsquo;\u00e8re p\u00e9troli\u00e8re, le Tchad est toujours par terre\u00a0\u00bb. Il reste toujours enclav\u00e9 et est l&rsquo;un des pays les plus pauvres et tr\u00e8s endett\u00e9 de la plan\u00e8te, ajoute-t-il.<\/p>\n<p>\ufffc Pour lui, l&rsquo;heure est au travail, au patriotisme, \u00e0 l&rsquo;unit\u00e9 et au respect strict des lois.<\/p>\n<p>Il est temps de dire non \u00e0 l&rsquo;impunit\u00e9, \u00e0 la discrimination, \u00e0 l&rsquo;injustice, \u00e0 la corruption, aux frustrations et \u00e0 la marginalisation, d\u00e9clare le coordonnateur.<\/p>\n<p>Izadine Ahmat Tidjani souligne que malgr\u00e9 63 ans de R\u00e9publique unitaire, cette forme d&rsquo;\u00c9tat n&rsquo;a pas servi au d\u00e9veloppement du territoire et est l&rsquo;une des causes de l&rsquo;instabilit\u00e9 du Tchad.<\/p>\n<p>\u00ab\u00a0Donc qu&rsquo;il est temps de pr\u00f4ner le changement en adoptant le f\u00e9d\u00e9ralisme. Ce dernier n&rsquo;est ni la division, ni une scission mais une forme d&rsquo;\u00c9tat permettant \u00e0 chaque \u00e9tat f\u00e9d\u00e9r\u00e9 de se d\u00e9velopper.<\/p>\n<p>Le f\u00e9d\u00e9ralisme permettra d&rsquo;instaurer la stabilit\u00e9 durable et la bonne gestion des deniers publics\u00a0\u00bb, estime Izadine Ahmat Tidjani. La COSAT exhorte le Conseil militaire de transition (CMT) \u00e0 respecter le d\u00e9lai de la p\u00e9riode de transition.<\/p>\n<p><strong>Pour plus d&rsquo;informations et d&rsquo;analyses sur la <a href=\"https:\/\/www.africa-press.net\/tchad\">Tchad<\/a>, suivez <a href=\"https:\/\/www.africa-press.net\/\">Africa-Press<\/a><\/strong><\/p>\n","protected":false},"excerpt":{"rendered":"<p>Africa-Press &#8211; Tchad. Le coordonnateur de la plateforme, Izadine Ahmat Tidjani, explique qu&rsquo;apr\u00e8s une longue r\u00e9flexion, il a \u00e9t\u00e9 jug\u00e9 n\u00e9cessaire de cr\u00e9er cette plateforme en vue d&rsquo;unir les forces et les exp\u00e9riences pour contribuer au changement du Tchad. La COSAT a pour objectifs la sensibilisation, la formation, la promotion de la citoyennet\u00e9 et des [&hellip;]<\/p>\n","protected":false},"author":82,"featured_media":14209,"comment_status":"open","ping_status":"closed","sticky":false,"template":"","format":"standard","meta":{"footnotes":""},"categories":[11,2,20,10],"tags":[37,292,2577,2654,29,2655],"class_list":["post-14210","post","type-post","status-publish","format-standard","has-post-thumbnail","hentry","category-homepage-french","category-politique","category-top-nouvelles","category-toutes-les-actualites","tag-africa-press","tag-africa-press-tchad","tag-federalisme","tag-sauver-le-tchad","tag-tchad","tag-tidjani"],"yoast_head":"<!-- This site is optimized with the Yoast SEO Premium plugin v26.1 (Yoast SEO v27.0) - https:\/\/yoast.com\/product\/yoast-seo-premium-wordpress\/ -->\n<title>La coalition &quot;Sauver le Tchad&quot; appelle \u00e0 opter pour le f\u00e9d\u00e9ralisme - tchad<\/title>\n<meta name=\"description\" content=\"Le coordonnateur de la plateforme, Izadine Ahmat Tidjani, explique qu&#039;apr\u00e8s une longue r\u00e9flexion, il a \u00e9t\u00e9 jug\u00e9 n\u00e9cessai ...\" \/>\n<meta name=\"robots\" content=\"index, follow, max-snippet:-1, max-image-preview:large, max-video-preview:-1\" \/>\n<link rel=\"canonical\" href=\"https:\/\/www.africa-press.net\/tchad\/politique\/la-coalition-sauver-le-tchad-appelle-a-opter-pour-le-federalisme\" \/>\n<meta property=\"og:locale\" content=\"fr_FR\" \/>\n<meta property=\"og:type\" content=\"article\" \/>\n<meta property=\"og:title\" content=\"La coalition &quot;Sauver le Tchad&quot; appelle \u00e0 opter pour le f\u00e9d\u00e9ralisme\" \/>\n<meta property=\"og:description\" content=\"Le coordonnateur de la plateforme, Izadine Ahmat Tidjani, explique qu&#039;apr\u00e8s une longue r\u00e9flexion, il a \u00e9t\u00e9 jug\u00e9 n\u00e9cessai ...\" \/>\n<meta property=\"og:url\" content=\"https:\/\/www.africa-press.net\/tchad\/politique\/la-coalition-sauver-le-tchad-appelle-a-opter-pour-le-federalisme\" \/>\n<meta property=\"og:site_name\" content=\"tchad\" \/>\n<meta property=\"article:published_time\" content=\"2021-11-22T18:50:07+00:00\" \/>\n<meta property=\"article:modified_time\" content=\"2021-11-22T19:14:44+00:00\" \/>\n<meta property=\"og:image\" content=\"https:\/\/static.africa-press.net\/tchad\/sites\/41\/2021\/11\/img-619bec0274e68.jpg\" \/>\n\t<meta property=\"og:image:width\" content=\"820\" \/>\n\t<meta property=\"og:image:height\" content=\"615\" \/>\n\t<meta property=\"og:image:type\" content=\"image\/jpeg\" \/>\n<meta name=\"author\" content=\"cfeditorfr\" \/>\n<meta name=\"twitter:card\" content=\"summary_large_image\" \/>\n<meta name=\"twitter:label1\" content=\"\u00c9crit par\" \/>\n\t<meta name=\"twitter:data1\" content=\"cfeditorfr\" \/>\n\t<meta name=\"twitter:label2\" content=\"Dur\u00e9e de lecture estim\u00e9e\" \/>\n\t<meta name=\"twitter:data2\" content=\"1 minute\" \/>\n<script type=\"application\/ld+json\" class=\"yoast-schema-graph\">{\"@context\":\"https:\/\/schema.org\",\"@graph\":[{\"@type\":\"Article\",\"@id\":\"https:\/\/www.africa-press.net\/tchad\/politique\/la-coalition-sauver-le-tchad-appelle-a-opter-pour-le-federalisme#article\",\"isPartOf\":{\"@id\":\"https:\/\/www.africa-press.net\/tchad\/politique\/la-coalition-sauver-le-tchad-appelle-a-opter-pour-le-federalisme\"},\"author\":{\"name\":\"cfeditorfr\",\"@id\":\"https:\/\/www.africa-press.net\/tchad\/#\/schema\/person\/2b1cf3cd81a31e3cd26889ca66d677f1\"},\"headline\":\"La coalition \u00ab\u00a0Sauver le Tchad\u00a0\u00bb appelle \u00e0 opter pour le f\u00e9d\u00e9ralisme\",\"datePublished\":\"2021-11-22T18:50:07+00:00\",\"dateModified\":\"2021-11-22T19:14:44+00:00\",\"mainEntityOfPage\":{\"@id\":\"https:\/\/www.africa-press.net\/tchad\/politique\/la-coalition-sauver-le-tchad-appelle-a-opter-pour-le-federalisme\"},\"wordCount\":330,\"commentCount\":0,\"image\":{\"@id\":\"https:\/\/www.africa-press.net\/tchad\/politique\/la-coalition-sauver-le-tchad-appelle-a-opter-pour-le-federalisme#primaryimage\"},\"thumbnailUrl\":\"https:\/\/static.africa-press.net\/tchad\/sites\/41\/2021\/11\/img-619bec0274e68.jpg\",\"keywords\":[\"Africa Press\",\"Africa Press-Tchad\",\"F\u00e9d\u00e9ralisme\",\"Sauver le Tchad\",\"Tchad\",\"Tidjani\"],\"articleSection\":[\"homepage-french\",\"Politique\",\"Top Nouvelles\",\"Toutes les actualit\u00e9s\"],\"inLanguage\":\"fr-FR\",\"potentialAction\":[{\"@type\":\"CommentAction\",\"name\":\"Comment\",\"target\":[\"https:\/\/www.africa-press.net\/tchad\/politique\/la-coalition-sauver-le-tchad-appelle-a-opter-pour-le-federalisme#respond\"]}]},{\"@type\":\"WebPage\",\"@id\":\"https:\/\/www.africa-press.net\/tchad\/politique\/la-coalition-sauver-le-tchad-appelle-a-opter-pour-le-federalisme\",\"url\":\"https:\/\/www.africa-press.net\/tchad\/politique\/la-coalition-sauver-le-tchad-appelle-a-opter-pour-le-federalisme\",\"name\":\"La coalition \\\"Sauver le Tchad\\\" appelle \u00e0 opter pour le f\u00e9d\u00e9ralisme - tchad\",\"isPartOf\":{\"@id\":\"https:\/\/www.africa-press.net\/tchad\/#website\"},\"primaryImageOfPage\":{\"@id\":\"https:\/\/www.africa-press.net\/tchad\/politique\/la-coalition-sauver-le-tchad-appelle-a-opter-pour-le-federalisme#primaryimage\"},\"image\":{\"@id\":\"https:\/\/www.africa-press.net\/tchad\/politique\/la-coalition-sauver-le-tchad-appelle-a-opter-pour-le-federalisme#primaryimage\"},\"thumbnailUrl\":\"https:\/\/static.africa-press.net\/tchad\/sites\/41\/2021\/11\/img-619bec0274e68.jpg\",\"datePublished\":\"2021-11-22T18:50:07+00:00\",\"dateModified\":\"2021-11-22T19:14:44+00:00\",\"author\":{\"@id\":\"https:\/\/www.africa-press.net\/tchad\/#\/schema\/person\/2b1cf3cd81a31e3cd26889ca66d677f1\"},\"description\":\"Le coordonnateur de la plateforme, Izadine Ahmat Tidjani, explique qu'apr\u00e8s une longue r\u00e9flexion, il a \u00e9t\u00e9 jug\u00e9 n\u00e9cessai ...\",\"breadcrumb\":{\"@id\":\"https:\/\/www.africa-press.net\/tchad\/politique\/la-coalition-sauver-le-tchad-appelle-a-opter-pour-le-federalisme#breadcrumb\"},\"inLanguage\":\"fr-FR\",\"potentialAction\":[{\"@type\":\"ReadAction\",\"target\":[\"https:\/\/www.africa-press.net\/tchad\/politique\/la-coalition-sauver-le-tchad-appelle-a-opter-pour-le-federalisme\"]}]},{\"@type\":\"ImageObject\",\"inLanguage\":\"fr-FR\",\"@id\":\"https:\/\/www.africa-press.net\/tchad\/politique\/la-coalition-sauver-le-tchad-appelle-a-opter-pour-le-federalisme#primaryimage\",\"url\":\"https:\/\/static.africa-press.net\/tchad\/sites\/41\/2021\/11\/img-619bec0274e68.jpg\",\"contentUrl\":\"https:\/\/static.africa-press.net\/tchad\/sites\/41\/2021\/11\/img-619bec0274e68.jpg\",\"width\":820,\"height\":615,\"caption\":\"La coalition \\\"Sauver le Tchad\\\" appelle \u00e0 opter pour le f\u00e9d\u00e9ralisme\"},{\"@type\":\"BreadcrumbList\",\"@id\":\"https:\/\/www.africa-press.net\/tchad\/politique\/la-coalition-sauver-le-tchad-appelle-a-opter-pour-le-federalisme#breadcrumb\",\"itemListElement\":[{\"@type\":\"ListItem\",\"position\":1,\"name\":\"Accueil\",\"item\":\"https:\/\/www.africa-press.net\/tchad\/\"},{\"@type\":\"ListItem\",\"position\":2,\"name\":\"La coalition &#8220;Sauver le Tchad&#8221; appelle \u00e0 opter pour le f\u00e9d\u00e9ralisme\"}]},{\"@type\":\"WebSite\",\"@id\":\"https:\/\/www.africa-press.net\/tchad\/#website\",\"url\":\"https:\/\/www.africa-press.net\/tchad\/\",\"name\":\"tchad\",\"description\":\"Just another Africa News Agency Sites site\",\"potentialAction\":[{\"@type\":\"SearchAction\",\"target\":{\"@type\":\"EntryPoint\",\"urlTemplate\":\"https:\/\/www.africa-press.net\/tchad\/?s={search_term_string}\"},\"query-input\":{\"@type\":\"PropertyValueSpecification\",\"valueRequired\":true,\"valueName\":\"search_term_string\"}}],\"inLanguage\":\"fr-FR\"},{\"@type\":\"Person\",\"@id\":\"https:\/\/www.africa-press.net\/tchad\/#\/schema\/person\/2b1cf3cd81a31e3cd26889ca66d677f1\",\"name\":\"cfeditorfr\"}]}<\/script>\n<!-- \/ Yoast SEO Premium plugin. -->","yoast_head_json":{"title":"La coalition \"Sauver le Tchad\" appelle \u00e0 opter pour le f\u00e9d\u00e9ralisme - tchad","description":"Le coordonnateur de la plateforme, Izadine Ahmat Tidjani, explique qu'apr\u00e8s une longue r\u00e9flexion, il a \u00e9t\u00e9 jug\u00e9 n\u00e9cessai ...","robots":{"index":"index","follow":"follow","max-snippet":"max-snippet:-1","max-image-preview":"max-image-preview:large","max-video-preview":"max-video-preview:-1"},"canonical":"https:\/\/www.africa-press.net\/tchad\/politique\/la-coalition-sauver-le-tchad-appelle-a-opter-pour-le-federalisme","og_locale":"fr_FR","og_type":"article","og_title":"La coalition \"Sauver le Tchad\" appelle \u00e0 opter pour le f\u00e9d\u00e9ralisme","og_description":"Le coordonnateur de la plateforme, Izadine Ahmat Tidjani, explique qu'apr\u00e8s une longue r\u00e9flexion, il a \u00e9t\u00e9 jug\u00e9 n\u00e9cessai ...","og_url":"https:\/\/www.africa-press.net\/tchad\/politique\/la-coalition-sauver-le-tchad-appelle-a-opter-pour-le-federalisme","og_site_name":"tchad","article_published_time":"2021-11-22T18:50:07+00:00","article_modified_time":"2021-11-22T19:14:44+00:00","og_image":[{"width":820,"height":615,"url":"https:\/\/static.africa-press.net\/tchad\/sites\/41\/2021\/11\/img-619bec0274e68.jpg","type":"image\/jpeg"}],"author":"cfeditorfr","twitter_card":"summary_large_image","twitter_misc":{"\u00c9crit par":"cfeditorfr","Dur\u00e9e de lecture estim\u00e9e":"1 minute"},"schema":{"@context":"https:\/\/schema.org","@graph":[{"@type":"Article","@id":"https:\/\/www.africa-press.net\/tchad\/politique\/la-coalition-sauver-le-tchad-appelle-a-opter-pour-le-federalisme#article","isPartOf":{"@id":"https:\/\/www.africa-press.net\/tchad\/politique\/la-coalition-sauver-le-tchad-appelle-a-opter-pour-le-federalisme"},"author":{"name":"cfeditorfr","@id":"https:\/\/www.africa-press.net\/tchad\/#\/schema\/person\/2b1cf3cd81a31e3cd26889ca66d677f1"},"headline":"La coalition \u00ab\u00a0Sauver le Tchad\u00a0\u00bb appelle \u00e0 opter pour le f\u00e9d\u00e9ralisme","datePublished":"2021-11-22T18:50:07+00:00","dateModified":"2021-11-22T19:14:44+00:00","mainEntityOfPage":{"@id":"https:\/\/www.africa-press.net\/tchad\/politique\/la-coalition-sauver-le-tchad-appelle-a-opter-pour-le-federalisme"},"wordCount":330,"commentCount":0,"image":{"@id":"https:\/\/www.africa-press.net\/tchad\/politique\/la-coalition-sauver-le-tchad-appelle-a-opter-pour-le-federalisme#primaryimage"},"thumbnailUrl":"https:\/\/static.africa-press.net\/tchad\/sites\/41\/2021\/11\/img-619bec0274e68.jpg","keywords":["Africa Press","Africa Press-Tchad","F\u00e9d\u00e9ralisme","Sauver le Tchad","Tchad","Tidjani"],"articleSection":["homepage-french","Politique","Top Nouvelles","Toutes les actualit\u00e9s"],"inLanguage":"fr-FR","potentialAction":[{"@type":"CommentAction","name":"Comment","target":["https:\/\/www.africa-press.net\/tchad\/politique\/la-coalition-sauver-le-tchad-appelle-a-opter-pour-le-federalisme#respond"]}]},{"@type":"WebPage","@id":"https:\/\/www.africa-press.net\/tchad\/politique\/la-coalition-sauver-le-tchad-appelle-a-opter-pour-le-federalisme","url":"https:\/\/www.africa-press.net\/tchad\/politique\/la-coalition-sauver-le-tchad-appelle-a-opter-pour-le-federalisme","name":"La coalition \"Sauver le Tchad\" appelle \u00e0 opter pour le f\u00e9d\u00e9ralisme - tchad","isPartOf":{"@id":"https:\/\/www.africa-press.net\/tchad\/#website"},"primaryImageOfPage":{"@id":"https:\/\/www.africa-press.net\/tchad\/politique\/la-coalition-sauver-le-tchad-appelle-a-opter-pour-le-federalisme#primaryimage"},"image":{"@id":"https:\/\/www.africa-press.net\/tchad\/politique\/la-coalition-sauver-le-tchad-appelle-a-opter-pour-le-federalisme#primaryimage"},"thumbnailUrl":"https:\/\/static.africa-press.net\/tchad\/sites\/41\/2021\/11\/img-619bec0274e68.jpg","datePublished":"2021-11-22T18:50:07+00:00","dateModified":"2021-11-22T19:14:44+00:00","author":{"@id":"https:\/\/www.africa-press.net\/tchad\/#\/schema\/person\/2b1cf3cd81a31e3cd26889ca66d677f1"},"description":"Le coordonnateur de la plateforme, Izadine Ahmat Tidjani, explique qu'apr\u00e8s une longue r\u00e9flexion, il a \u00e9t\u00e9 jug\u00e9 n\u00e9cessai ...","breadcrumb":{"@id":"https:\/\/www.africa-press.net\/tchad\/politique\/la-coalition-sauver-le-tchad-appelle-a-opter-pour-le-federalisme#breadcrumb"},"inLanguage":"fr-FR","potentialAction":[{"@type":"ReadAction","target":["https:\/\/www.africa-press.net\/tchad\/politique\/la-coalition-sauver-le-tchad-appelle-a-opter-pour-le-federalisme"]}]},{"@type":"ImageObject","inLanguage":"fr-FR","@id":"https:\/\/www.africa-press.net\/tchad\/politique\/la-coalition-sauver-le-tchad-appelle-a-opter-pour-le-federalisme#primaryimage","url":"https:\/\/static.africa-press.net\/tchad\/sites\/41\/2021\/11\/img-619bec0274e68.jpg","contentUrl":"https:\/\/static.africa-press.net\/tchad\/sites\/41\/2021\/11\/img-619bec0274e68.jpg","width":820,"height":615,"caption":"La coalition \"Sauver le Tchad\" appelle \u00e0 opter pour le f\u00e9d\u00e9ralisme"},{"@type":"BreadcrumbList","@id":"https:\/\/www.africa-press.net\/tchad\/politique\/la-coalition-sauver-le-tchad-appelle-a-opter-pour-le-federalisme#breadcrumb","itemListElement":[{"@type":"ListItem","position":1,"name":"Accueil","item":"https:\/\/www.africa-press.net\/tchad\/"},{"@type":"ListItem","position":2,"name":"La coalition &#8220;Sauver le Tchad&#8221; appelle \u00e0 opter pour le f\u00e9d\u00e9ralisme"}]},{"@type":"WebSite","@id":"https:\/\/www.africa-press.net\/tchad\/#website","url":"https:\/\/www.africa-press.net\/tchad\/","name":"tchad","description":"Just another Africa News Agency Sites site","potentialAction":[{"@type":"SearchAction","target":{"@type":"EntryPoint","urlTemplate":"https:\/\/www.africa-press.net\/tchad\/?s={search_term_string}"},"query-input":{"@type":"PropertyValueSpecification","valueRequired":true,"valueName":"search_term_string"}}],"inLanguage":"fr-FR"},{"@type":"Person","@id":"https:\/\/www.africa-press.net\/tchad\/#\/schema\/person\/2b1cf3cd81a31e3cd26889ca66d677f1","name":"cfeditorfr"}]}},"_links":{"self":[{"href":"https:\/\/www.africa-press.net\/tchad\/wp-json\/wp\/v2\/posts\/14210","targetHints":{"allow":["GET"]}}],"collection":[{"href":"https:\/\/www.africa-press.net\/tchad\/wp-json\/wp\/v2\/posts"}],"about":[{"href":"https:\/\/www.africa-press.net\/tchad\/wp-json\/wp\/v2\/types\/post"}],"author":[{"embeddable":true,"href":"https:\/\/www.africa-press.net\/tchad\/wp-json\/wp\/v2\/users\/82"}],"replies":[{"embeddable":true,"href":"https:\/\/www.africa-press.net\/tchad\/wp-json\/wp\/v2\/comments?post=14210"}],"version-history":[{"count":0,"href":"https:\/\/www.africa-press.net\/tchad\/wp-json\/wp\/v2\/posts\/14210\/revisions"}],"wp:featuredmedia":[{"embeddable":true,"href":"https:\/\/www.africa-press.net\/tchad\/wp-json\/wp\/v2\/media\/14209"}],"wp:attachment":[{"href":"https:\/\/www.africa-press.net\/tchad\/wp-json\/wp\/v2\/media?parent=14210"}],"wp:term":[{"taxonomy":"category","embeddable":true,"href":"https:\/\/www.africa-press.net\/tchad\/wp-json\/wp\/v2\/categories?post=14210"},{"taxonomy":"post_tag","embeddable":true,"href":"https:\/\/www.africa-press.net\/tchad\/wp-json\/wp\/v2\/tags?post=14210"}],"curies":[{"name":"wp","href":"https:\/\/api.w.org\/{rel}","templated":true}]}}