{"id":14279,"date":"2021-11-23T19:33:49","date_gmt":"2021-11-23T19:33:49","guid":{"rendered":"https:\/\/www.africa-press.net\/tchad\/politique\/formation-des-avocats-sur-les-approches-en-cas-de-violences-basees-sur-le-genre"},"modified":"2021-11-23T21:11:53","modified_gmt":"2021-11-23T21:11:53","slug":"formation-des-avocats-sur-les-approches-en-cas-de-violences-basees-sur-le-genre","status":"publish","type":"post","link":"https:\/\/www.africa-press.net\/tchad\/toutes-les-actualites\/formation-des-avocats-sur-les-approches-en-cas-de-violences-basees-sur-le-genre","title":{"rendered":"formation des avocats sur les approches en cas de violences bas\u00e9es sur le genre"},"content":{"rendered":"<p><span style=\"color: #ff6600\"><strong>Africa-Press &#8211; Tchad. <\/strong><\/span><b>un atelier des avocats du barreau sur les violences bas\u00e9es sur le genre. Ces travaux sont financ\u00e9s par Programme des Nations Unies pour le D\u00e9veloppement (PNUD).<\/b><\/p>\n<p>Dans les d\u00e9tails, cette formation a pour objectif d\u2019outiller et d\u2019\u00e9quiper les acteurs de la justice. Notamment sur les : \u00ab techniques d\u2019\u00e9coute des victimes de violences bas\u00e9es sur le genre et de techniques de reconstitution de preuve en la mati\u00e8re. \u00bb<\/p>\n<p>Dans son allocution de lancement, le b\u00e2tonnier Me Djerandi Laguerre Dionro fait savoir que, ces avocats sont issus de diff\u00e9rents pools d\u2019assistance juridique et judiciaire gratuite du barreau. \u00ab Le r\u00f4le des avocats n\u2019est pas de jouer un jeu de leur propre int\u00e9r\u00eat comme le pensent certains citoyens, mais de d\u00e9fendre la population en cas d\u2019abus. \u00bb C\u2019est l\u2019ampleur que prennent les violences bas\u00e9es sur le genre au Tchad qui a motiv\u00e9 les organisateurs de cet atelier.<\/p>\n<p><strong>Pour plus d&rsquo;informations et d&rsquo;analyses sur la <a href=\"https:\/\/www.africa-press.net\/tchad\">Tchad<\/a>, suivez <a href=\"https:\/\/www.africa-press.net\/\">Africa-Press<\/a><\/strong><\/p>\n","protected":false},"excerpt":{"rendered":"<p>Africa-Press &#8211; Tchad. un atelier des avocats du barreau sur les violences bas\u00e9es sur le genre. Ces travaux sont financ\u00e9s par Programme des Nations Unies pour le D\u00e9veloppement (PNUD). Dans les d\u00e9tails, cette formation a pour objectif d\u2019outiller et d\u2019\u00e9quiper les acteurs de la justice. Notamment sur les : \u00ab techniques d\u2019\u00e9coute des victimes de [&hellip;]<\/p>\n","protected":false},"author":82,"featured_media":14278,"comment_status":"open","ping_status":"closed","sticky":false,"template":"","format":"standard","meta":{"footnotes":""},"categories":[21,11,10],"tags":[37,292,2685,29,2686],"class_list":["post-14279","post","type-post","status-publish","format-standard","has-post-thumbnail","hentry","category-communaute","category-homepage-french","category-toutes-les-actualites","tag-africa-press","tag-africa-press-tchad","tag-formation-des-avocats","tag-tchad","tag-violences-basees-sur-le-genre"],"yoast_head":"<!-- This site is optimized with the Yoast SEO Premium plugin v26.1 (Yoast SEO v27.0) - https:\/\/yoast.com\/product\/yoast-seo-premium-wordpress\/ -->\n<title>formation des avocats sur les approches en cas de violences bas\u00e9es sur le genre - tchad<\/title>\n<meta name=\"description\" content=\"un atelier des avocats du barreau sur les violences bas\u00e9es sur le genre. Ces travaux sont financ\u00e9s par Programme des ...\" \/>\n<meta name=\"robots\" content=\"index, follow, max-snippet:-1, max-image-preview:large, max-video-preview:-1\" \/>\n<link rel=\"canonical\" href=\"https:\/\/www.africa-press.net\/tchad\/toutes-les-actualites\/formation-des-avocats-sur-les-approches-en-cas-de-violences-basees-sur-le-genre\" \/>\n<meta property=\"og:locale\" content=\"fr_FR\" \/>\n<meta property=\"og:type\" content=\"article\" \/>\n<meta property=\"og:title\" content=\"formation des avocats sur les approches en cas de violences bas\u00e9es sur le genre\" \/>\n<meta property=\"og:description\" content=\"un atelier des avocats du barreau sur les violences bas\u00e9es sur le genre. Ces travaux sont financ\u00e9s par Programme des ...\" \/>\n<meta property=\"og:url\" content=\"https:\/\/www.africa-press.net\/tchad\/toutes-les-actualites\/formation-des-avocats-sur-les-approches-en-cas-de-violences-basees-sur-le-genre\" \/>\n<meta property=\"og:site_name\" content=\"tchad\" \/>\n<meta property=\"article:published_time\" content=\"2021-11-23T19:33:49+00:00\" \/>\n<meta property=\"article:modified_time\" content=\"2021-11-23T21:11:53+00:00\" \/>\n<meta property=\"og:image\" content=\"https:\/\/static.africa-press.net\/tchad\/sites\/41\/2021\/11\/img-619d58fc8a580.jpg\" \/>\n\t<meta property=\"og:image:width\" content=\"780\" \/>\n\t<meta property=\"og:image:height\" content=\"440\" \/>\n\t<meta property=\"og:image:type\" content=\"image\/jpeg\" \/>\n<meta name=\"author\" content=\"cfeditorfr\" \/>\n<meta name=\"twitter:card\" content=\"summary_large_image\" \/>\n<meta name=\"twitter:label1\" content=\"\u00c9crit par\" \/>\n\t<meta name=\"twitter:data1\" content=\"cfeditorfr\" \/>\n\t<meta name=\"twitter:label2\" content=\"Dur\u00e9e de lecture estim\u00e9e\" \/>\n\t<meta name=\"twitter:data2\" content=\"1 minute\" \/>\n<script type=\"application\/ld+json\" class=\"yoast-schema-graph\">{\"@context\":\"https:\/\/schema.org\",\"@graph\":[{\"@type\":\"Article\",\"@id\":\"https:\/\/www.africa-press.net\/tchad\/toutes-les-actualites\/formation-des-avocats-sur-les-approches-en-cas-de-violences-basees-sur-le-genre#article\",\"isPartOf\":{\"@id\":\"https:\/\/www.africa-press.net\/tchad\/toutes-les-actualites\/formation-des-avocats-sur-les-approches-en-cas-de-violences-basees-sur-le-genre\"},\"author\":{\"name\":\"cfeditorfr\",\"@id\":\"https:\/\/www.africa-press.net\/tchad\/#\/schema\/person\/2b1cf3cd81a31e3cd26889ca66d677f1\"},\"headline\":\"formation des avocats sur les approches en cas de violences bas\u00e9es sur le genre\",\"datePublished\":\"2021-11-23T19:33:49+00:00\",\"dateModified\":\"2021-11-23T21:11:53+00:00\",\"mainEntityOfPage\":{\"@id\":\"https:\/\/www.africa-press.net\/tchad\/toutes-les-actualites\/formation-des-avocats-sur-les-approches-en-cas-de-violences-basees-sur-le-genre\"},\"wordCount\":191,\"commentCount\":0,\"image\":{\"@id\":\"https:\/\/www.africa-press.net\/tchad\/toutes-les-actualites\/formation-des-avocats-sur-les-approches-en-cas-de-violences-basees-sur-le-genre#primaryimage\"},\"thumbnailUrl\":\"https:\/\/static.africa-press.net\/tchad\/sites\/41\/2021\/11\/img-619d58fc8a580.jpg\",\"keywords\":[\"Africa Press\",\"Africa Press-Tchad\",\"formation des avocats\",\"Tchad\",\"violences bas\u00e9es sur le genre\"],\"articleSection\":[\"Communaut\u00e9\",\"homepage-french\",\"Toutes les actualit\u00e9s\"],\"inLanguage\":\"fr-FR\",\"potentialAction\":[{\"@type\":\"CommentAction\",\"name\":\"Comment\",\"target\":[\"https:\/\/www.africa-press.net\/tchad\/toutes-les-actualites\/formation-des-avocats-sur-les-approches-en-cas-de-violences-basees-sur-le-genre#respond\"]}]},{\"@type\":\"WebPage\",\"@id\":\"https:\/\/www.africa-press.net\/tchad\/toutes-les-actualites\/formation-des-avocats-sur-les-approches-en-cas-de-violences-basees-sur-le-genre\",\"url\":\"https:\/\/www.africa-press.net\/tchad\/toutes-les-actualites\/formation-des-avocats-sur-les-approches-en-cas-de-violences-basees-sur-le-genre\",\"name\":\"formation des avocats sur les approches en cas de violences bas\u00e9es sur le genre - tchad\",\"isPartOf\":{\"@id\":\"https:\/\/www.africa-press.net\/tchad\/#website\"},\"primaryImageOfPage\":{\"@id\":\"https:\/\/www.africa-press.net\/tchad\/toutes-les-actualites\/formation-des-avocats-sur-les-approches-en-cas-de-violences-basees-sur-le-genre#primaryimage\"},\"image\":{\"@id\":\"https:\/\/www.africa-press.net\/tchad\/toutes-les-actualites\/formation-des-avocats-sur-les-approches-en-cas-de-violences-basees-sur-le-genre#primaryimage\"},\"thumbnailUrl\":\"https:\/\/static.africa-press.net\/tchad\/sites\/41\/2021\/11\/img-619d58fc8a580.jpg\",\"datePublished\":\"2021-11-23T19:33:49+00:00\",\"dateModified\":\"2021-11-23T21:11:53+00:00\",\"author\":{\"@id\":\"https:\/\/www.africa-press.net\/tchad\/#\/schema\/person\/2b1cf3cd81a31e3cd26889ca66d677f1\"},\"description\":\"un atelier des avocats du barreau sur les violences bas\u00e9es sur le genre. Ces travaux sont financ\u00e9s par Programme des ...\",\"breadcrumb\":{\"@id\":\"https:\/\/www.africa-press.net\/tchad\/toutes-les-actualites\/formation-des-avocats-sur-les-approches-en-cas-de-violences-basees-sur-le-genre#breadcrumb\"},\"inLanguage\":\"fr-FR\",\"potentialAction\":[{\"@type\":\"ReadAction\",\"target\":[\"https:\/\/www.africa-press.net\/tchad\/toutes-les-actualites\/formation-des-avocats-sur-les-approches-en-cas-de-violences-basees-sur-le-genre\"]}]},{\"@type\":\"ImageObject\",\"inLanguage\":\"fr-FR\",\"@id\":\"https:\/\/www.africa-press.net\/tchad\/toutes-les-actualites\/formation-des-avocats-sur-les-approches-en-cas-de-violences-basees-sur-le-genre#primaryimage\",\"url\":\"https:\/\/static.africa-press.net\/tchad\/sites\/41\/2021\/11\/img-619d58fc8a580.jpg\",\"contentUrl\":\"https:\/\/static.africa-press.net\/tchad\/sites\/41\/2021\/11\/img-619d58fc8a580.jpg\",\"width\":780,\"height\":440,\"caption\":\"formation des avocats sur les approches en cas de violences bas\u00e9es sur le genre\"},{\"@type\":\"BreadcrumbList\",\"@id\":\"https:\/\/www.africa-press.net\/tchad\/toutes-les-actualites\/formation-des-avocats-sur-les-approches-en-cas-de-violences-basees-sur-le-genre#breadcrumb\",\"itemListElement\":[{\"@type\":\"ListItem\",\"position\":1,\"name\":\"Accueil\",\"item\":\"https:\/\/www.africa-press.net\/tchad\/\"},{\"@type\":\"ListItem\",\"position\":2,\"name\":\"formation des avocats sur les approches en cas de violences bas\u00e9es sur le genre\"}]},{\"@type\":\"WebSite\",\"@id\":\"https:\/\/www.africa-press.net\/tchad\/#website\",\"url\":\"https:\/\/www.africa-press.net\/tchad\/\",\"name\":\"tchad\",\"description\":\"Just another Africa News Agency Sites site\",\"potentialAction\":[{\"@type\":\"SearchAction\",\"target\":{\"@type\":\"EntryPoint\",\"urlTemplate\":\"https:\/\/www.africa-press.net\/tchad\/?s={search_term_string}\"},\"query-input\":{\"@type\":\"PropertyValueSpecification\",\"valueRequired\":true,\"valueName\":\"search_term_string\"}}],\"inLanguage\":\"fr-FR\"},{\"@type\":\"Person\",\"@id\":\"https:\/\/www.africa-press.net\/tchad\/#\/schema\/person\/2b1cf3cd81a31e3cd26889ca66d677f1\",\"name\":\"cfeditorfr\"}]}<\/script>\n<!-- \/ Yoast SEO Premium plugin. -->","yoast_head_json":{"title":"formation des avocats sur les approches en cas de violences bas\u00e9es sur le genre - tchad","description":"un atelier des avocats du barreau sur les violences bas\u00e9es sur le genre. Ces travaux sont financ\u00e9s par Programme des ...","robots":{"index":"index","follow":"follow","max-snippet":"max-snippet:-1","max-image-preview":"max-image-preview:large","max-video-preview":"max-video-preview:-1"},"canonical":"https:\/\/www.africa-press.net\/tchad\/toutes-les-actualites\/formation-des-avocats-sur-les-approches-en-cas-de-violences-basees-sur-le-genre","og_locale":"fr_FR","og_type":"article","og_title":"formation des avocats sur les approches en cas de violences bas\u00e9es sur le genre","og_description":"un atelier des avocats du barreau sur les violences bas\u00e9es sur le genre. Ces travaux sont financ\u00e9s par Programme des ...","og_url":"https:\/\/www.africa-press.net\/tchad\/toutes-les-actualites\/formation-des-avocats-sur-les-approches-en-cas-de-violences-basees-sur-le-genre","og_site_name":"tchad","article_published_time":"2021-11-23T19:33:49+00:00","article_modified_time":"2021-11-23T21:11:53+00:00","og_image":[{"width":780,"height":440,"url":"https:\/\/static.africa-press.net\/tchad\/sites\/41\/2021\/11\/img-619d58fc8a580.jpg","type":"image\/jpeg"}],"author":"cfeditorfr","twitter_card":"summary_large_image","twitter_misc":{"\u00c9crit par":"cfeditorfr","Dur\u00e9e de lecture estim\u00e9e":"1 minute"},"schema":{"@context":"https:\/\/schema.org","@graph":[{"@type":"Article","@id":"https:\/\/www.africa-press.net\/tchad\/toutes-les-actualites\/formation-des-avocats-sur-les-approches-en-cas-de-violences-basees-sur-le-genre#article","isPartOf":{"@id":"https:\/\/www.africa-press.net\/tchad\/toutes-les-actualites\/formation-des-avocats-sur-les-approches-en-cas-de-violences-basees-sur-le-genre"},"author":{"name":"cfeditorfr","@id":"https:\/\/www.africa-press.net\/tchad\/#\/schema\/person\/2b1cf3cd81a31e3cd26889ca66d677f1"},"headline":"formation des avocats sur les approches en cas de violences bas\u00e9es sur le genre","datePublished":"2021-11-23T19:33:49+00:00","dateModified":"2021-11-23T21:11:53+00:00","mainEntityOfPage":{"@id":"https:\/\/www.africa-press.net\/tchad\/toutes-les-actualites\/formation-des-avocats-sur-les-approches-en-cas-de-violences-basees-sur-le-genre"},"wordCount":191,"commentCount":0,"image":{"@id":"https:\/\/www.africa-press.net\/tchad\/toutes-les-actualites\/formation-des-avocats-sur-les-approches-en-cas-de-violences-basees-sur-le-genre#primaryimage"},"thumbnailUrl":"https:\/\/static.africa-press.net\/tchad\/sites\/41\/2021\/11\/img-619d58fc8a580.jpg","keywords":["Africa Press","Africa Press-Tchad","formation des avocats","Tchad","violences bas\u00e9es sur le genre"],"articleSection":["Communaut\u00e9","homepage-french","Toutes les actualit\u00e9s"],"inLanguage":"fr-FR","potentialAction":[{"@type":"CommentAction","name":"Comment","target":["https:\/\/www.africa-press.net\/tchad\/toutes-les-actualites\/formation-des-avocats-sur-les-approches-en-cas-de-violences-basees-sur-le-genre#respond"]}]},{"@type":"WebPage","@id":"https:\/\/www.africa-press.net\/tchad\/toutes-les-actualites\/formation-des-avocats-sur-les-approches-en-cas-de-violences-basees-sur-le-genre","url":"https:\/\/www.africa-press.net\/tchad\/toutes-les-actualites\/formation-des-avocats-sur-les-approches-en-cas-de-violences-basees-sur-le-genre","name":"formation des avocats sur les approches en cas de violences bas\u00e9es sur le genre - tchad","isPartOf":{"@id":"https:\/\/www.africa-press.net\/tchad\/#website"},"primaryImageOfPage":{"@id":"https:\/\/www.africa-press.net\/tchad\/toutes-les-actualites\/formation-des-avocats-sur-les-approches-en-cas-de-violences-basees-sur-le-genre#primaryimage"},"image":{"@id":"https:\/\/www.africa-press.net\/tchad\/toutes-les-actualites\/formation-des-avocats-sur-les-approches-en-cas-de-violences-basees-sur-le-genre#primaryimage"},"thumbnailUrl":"https:\/\/static.africa-press.net\/tchad\/sites\/41\/2021\/11\/img-619d58fc8a580.jpg","datePublished":"2021-11-23T19:33:49+00:00","dateModified":"2021-11-23T21:11:53+00:00","author":{"@id":"https:\/\/www.africa-press.net\/tchad\/#\/schema\/person\/2b1cf3cd81a31e3cd26889ca66d677f1"},"description":"un atelier des avocats du barreau sur les violences bas\u00e9es sur le genre. Ces travaux sont financ\u00e9s par Programme des ...","breadcrumb":{"@id":"https:\/\/www.africa-press.net\/tchad\/toutes-les-actualites\/formation-des-avocats-sur-les-approches-en-cas-de-violences-basees-sur-le-genre#breadcrumb"},"inLanguage":"fr-FR","potentialAction":[{"@type":"ReadAction","target":["https:\/\/www.africa-press.net\/tchad\/toutes-les-actualites\/formation-des-avocats-sur-les-approches-en-cas-de-violences-basees-sur-le-genre"]}]},{"@type":"ImageObject","inLanguage":"fr-FR","@id":"https:\/\/www.africa-press.net\/tchad\/toutes-les-actualites\/formation-des-avocats-sur-les-approches-en-cas-de-violences-basees-sur-le-genre#primaryimage","url":"https:\/\/static.africa-press.net\/tchad\/sites\/41\/2021\/11\/img-619d58fc8a580.jpg","contentUrl":"https:\/\/static.africa-press.net\/tchad\/sites\/41\/2021\/11\/img-619d58fc8a580.jpg","width":780,"height":440,"caption":"formation des avocats sur les approches en cas de violences bas\u00e9es sur le genre"},{"@type":"BreadcrumbList","@id":"https:\/\/www.africa-press.net\/tchad\/toutes-les-actualites\/formation-des-avocats-sur-les-approches-en-cas-de-violences-basees-sur-le-genre#breadcrumb","itemListElement":[{"@type":"ListItem","position":1,"name":"Accueil","item":"https:\/\/www.africa-press.net\/tchad\/"},{"@type":"ListItem","position":2,"name":"formation des avocats sur les approches en cas de violences bas\u00e9es sur le genre"}]},{"@type":"WebSite","@id":"https:\/\/www.africa-press.net\/tchad\/#website","url":"https:\/\/www.africa-press.net\/tchad\/","name":"tchad","description":"Just another Africa News Agency Sites site","potentialAction":[{"@type":"SearchAction","target":{"@type":"EntryPoint","urlTemplate":"https:\/\/www.africa-press.net\/tchad\/?s={search_term_string}"},"query-input":{"@type":"PropertyValueSpecification","valueRequired":true,"valueName":"search_term_string"}}],"inLanguage":"fr-FR"},{"@type":"Person","@id":"https:\/\/www.africa-press.net\/tchad\/#\/schema\/person\/2b1cf3cd81a31e3cd26889ca66d677f1","name":"cfeditorfr"}]}},"_links":{"self":[{"href":"https:\/\/www.africa-press.net\/tchad\/wp-json\/wp\/v2\/posts\/14279","targetHints":{"allow":["GET"]}}],"collection":[{"href":"https:\/\/www.africa-press.net\/tchad\/wp-json\/wp\/v2\/posts"}],"about":[{"href":"https:\/\/www.africa-press.net\/tchad\/wp-json\/wp\/v2\/types\/post"}],"author":[{"embeddable":true,"href":"https:\/\/www.africa-press.net\/tchad\/wp-json\/wp\/v2\/users\/82"}],"replies":[{"embeddable":true,"href":"https:\/\/www.africa-press.net\/tchad\/wp-json\/wp\/v2\/comments?post=14279"}],"version-history":[{"count":0,"href":"https:\/\/www.africa-press.net\/tchad\/wp-json\/wp\/v2\/posts\/14279\/revisions"}],"wp:featuredmedia":[{"embeddable":true,"href":"https:\/\/www.africa-press.net\/tchad\/wp-json\/wp\/v2\/media\/14278"}],"wp:attachment":[{"href":"https:\/\/www.africa-press.net\/tchad\/wp-json\/wp\/v2\/media?parent=14279"}],"wp:term":[{"taxonomy":"category","embeddable":true,"href":"https:\/\/www.africa-press.net\/tchad\/wp-json\/wp\/v2\/categories?post=14279"},{"taxonomy":"post_tag","embeddable":true,"href":"https:\/\/www.africa-press.net\/tchad\/wp-json\/wp\/v2\/tags?post=14279"}],"curies":[{"name":"wp","href":"https:\/\/api.w.org\/{rel}","templated":true}]}}