{"id":14294,"date":"2021-11-23T19:38:08","date_gmt":"2021-11-23T19:38:08","guid":{"rendered":"https:\/\/www.africa-press.net\/tchad\/politique\/le-cedpe-installe-un-point-focal-pour-la-reintegration-dans-le-bassin-du-lac"},"modified":"2021-11-23T21:15:14","modified_gmt":"2021-11-23T21:15:14","slug":"le-cedpe-installe-un-point-focal-pour-la-reintegration-dans-le-bassin-du-lac","status":"publish","type":"post","link":"https:\/\/www.africa-press.net\/tchad\/politique\/le-cedpe-installe-un-point-focal-pour-la-reintegration-dans-le-bassin-du-lac","title":{"rendered":"le CEDPE installe un point focal pour la r\u00e9int\u00e9gration dans le bassin du Lac"},"content":{"rendered":"<p><span style=\"color: #ff6600\"><strong>Africa-Press &#8211; Tchad. <\/strong><\/span>La c\u00e9r\u00e9monie d&rsquo;installation du point focal du r\u00e9seau pour la r\u00e9int\u00e9gration inclusive dans le bassin du Lac Tchad, a eu lieu ce mardi 23 novembre 2021 au CEDPE \u00e0 N&rsquo;djamena.<\/p>\n<p>Le repr\u00e9sentant du Centre d&rsquo;\u00e9tudes pour le d\u00e9veloppement et la pr\u00e9vention de l&rsquo;extr\u00e9misme (CEDPE), Ibrahim Moussa Youssouf, souligne que les quatre pays riverains du Lac Tchad connaissent des niveaux de crises sans pr\u00e9c\u00e9dent, exacerb\u00e9s par des actes de violence r\u00e9p\u00e9t\u00e9s, perp\u00e9tr\u00e9s par des groupes extr\u00e9mistes.<\/p>\n<p>Pour lui, ces crises ont aggrav\u00e9 l&rsquo;instabilit\u00e9 et ralenti la croissance \u00e9conomique dans une sous-r\u00e9gion confront\u00e9e, tout au long de son histoire, \u00e0 une succession de d\u00e9fis en mati\u00e8re d&rsquo;environnement et de d\u00e9veloppement.<\/p>\n<p>Ibrahim Moussa Youssouf rappelle que le CEDPE ne se limite pas seulement aux \u00e9tudes, \u00e0 la recherche, \u00e0 la recherche et \u00e0 la pr\u00e9vention de l&rsquo;extr\u00e9misme, mais il contribue \u00e9galement \u00e0 la promotion de l&rsquo;information scientifique, communicationnelle et \u00e0 la r\u00e9insertion.<\/p>\n<p>La pr\u00e9vention de l&rsquo;extr\u00e9misme, a estim\u00e9 le repr\u00e9sentant du CEDPE, consiste \u00e0 prendre en charge l&rsquo;encadrement des enfants d\u00e8s le bas \u00e2ge, en les introduisant aux \u00e9coles des programmes de sensibilisation, \u00e0 travers lesquels, ils doivent apprendre la culture de la paix, le dialogue, la tol\u00e9rance, le savoir-vivre, la reconnaissance de la valeur la dignit\u00e9 humaine au-dessus de toutes consid\u00e9rations.<\/p>\n<p>Le coordonnateur du CEDPE, point focal du r\u00e9seau, affirme que le CEDPE, d\u00e9sign\u00e9 pour repr\u00e9senter le Tchad pour la coordination des activit\u00e9s du r\u00e9seau, regroupe les organisations de la soci\u00e9t\u00e9 civile qui font dans le domaine de la pr\u00e9vention de la radicalisation, de l&rsquo;extr\u00e9misme violent, de la promotion de la paix et du vivre ensemble.<\/p>\n<p>Le r\u00e9seau est mis en place par Idriss Abdelkerim Foudoussia, pr\u00e9sident du Conseil d&rsquo;administration, expert en planification et membre de l&rsquo;Association pour l&rsquo;action humanitaire et le d\u00e9veloppement durable.<\/p>\n<p><strong>Pour plus d&rsquo;informations et d&rsquo;analyses sur la <a href=\"https:\/\/www.africa-press.net\/tchad\">Tchad<\/a>, suivez <a href=\"https:\/\/www.africa-press.net\/\">Africa-Press<\/a><\/strong><\/p>\n","protected":false},"excerpt":{"rendered":"<p>Africa-Press &#8211; Tchad. La c\u00e9r\u00e9monie d&rsquo;installation du point focal du r\u00e9seau pour la r\u00e9int\u00e9gration inclusive dans le bassin du Lac Tchad, a eu lieu ce mardi 23 novembre 2021 au CEDPE \u00e0 N&rsquo;djamena. Le repr\u00e9sentant du Centre d&rsquo;\u00e9tudes pour le d\u00e9veloppement et la pr\u00e9vention de l&rsquo;extr\u00e9misme (CEDPE), Ibrahim Moussa Youssouf, souligne que les quatre pays [&hellip;]<\/p>\n","protected":false},"author":82,"featured_media":14293,"comment_status":"open","ping_status":"closed","sticky":false,"template":"","format":"standard","meta":{"footnotes":""},"categories":[11,2,20,10],"tags":[37,292,220,2690,29],"class_list":["post-14294","post","type-post","status-publish","format-standard","has-post-thumbnail","hentry","category-homepage-french","category-politique","category-top-nouvelles","category-toutes-les-actualites","tag-africa-press","tag-africa-press-tchad","tag-lac","tag-reintegration","tag-tchad"],"yoast_head":"<!-- This site is optimized with the Yoast SEO Premium plugin v26.1 (Yoast SEO v27.0) - https:\/\/yoast.com\/product\/yoast-seo-premium-wordpress\/ -->\n<title>le CEDPE installe un point focal pour la r\u00e9int\u00e9gration dans le bassin du Lac - tchad<\/title>\n<meta name=\"description\" content=\"La c\u00e9r\u00e9monie d&#039;installation du point focal du r\u00e9seau pour la r\u00e9int\u00e9gration inclusive dans le bassin du Lac Tchad, a eu l ...\" \/>\n<meta name=\"robots\" content=\"index, follow, max-snippet:-1, max-image-preview:large, max-video-preview:-1\" \/>\n<link rel=\"canonical\" href=\"https:\/\/www.africa-press.net\/tchad\/politique\/le-cedpe-installe-un-point-focal-pour-la-reintegration-dans-le-bassin-du-lac\" \/>\n<meta property=\"og:locale\" content=\"fr_FR\" \/>\n<meta property=\"og:type\" content=\"article\" \/>\n<meta property=\"og:title\" content=\"le CEDPE installe un point focal pour la r\u00e9int\u00e9gration dans le bassin du Lac\" \/>\n<meta property=\"og:description\" content=\"La c\u00e9r\u00e9monie d&#039;installation du point focal du r\u00e9seau pour la r\u00e9int\u00e9gration inclusive dans le bassin du Lac Tchad, a eu l ...\" \/>\n<meta property=\"og:url\" content=\"https:\/\/www.africa-press.net\/tchad\/politique\/le-cedpe-installe-un-point-focal-pour-la-reintegration-dans-le-bassin-du-lac\" \/>\n<meta property=\"og:site_name\" content=\"tchad\" \/>\n<meta property=\"article:published_time\" content=\"2021-11-23T19:38:08+00:00\" \/>\n<meta property=\"article:modified_time\" content=\"2021-11-23T21:15:14+00:00\" \/>\n<meta property=\"og:image\" content=\"https:\/\/static.africa-press.net\/tchad\/sites\/41\/2021\/11\/img-619d59c6ce717.jpg\" \/>\n\t<meta property=\"og:image:width\" content=\"870\" \/>\n\t<meta property=\"og:image:height\" content=\"579\" \/>\n\t<meta property=\"og:image:type\" content=\"image\/jpeg\" \/>\n<meta name=\"author\" content=\"cfeditorfr\" \/>\n<meta name=\"twitter:card\" content=\"summary_large_image\" \/>\n<meta name=\"twitter:label1\" content=\"\u00c9crit par\" \/>\n\t<meta name=\"twitter:data1\" content=\"cfeditorfr\" \/>\n\t<meta name=\"twitter:label2\" content=\"Dur\u00e9e de lecture estim\u00e9e\" \/>\n\t<meta name=\"twitter:data2\" content=\"2 minutes\" \/>\n<script type=\"application\/ld+json\" class=\"yoast-schema-graph\">{\"@context\":\"https:\/\/schema.org\",\"@graph\":[{\"@type\":\"Article\",\"@id\":\"https:\/\/www.africa-press.net\/tchad\/politique\/le-cedpe-installe-un-point-focal-pour-la-reintegration-dans-le-bassin-du-lac#article\",\"isPartOf\":{\"@id\":\"https:\/\/www.africa-press.net\/tchad\/politique\/le-cedpe-installe-un-point-focal-pour-la-reintegration-dans-le-bassin-du-lac\"},\"author\":{\"name\":\"cfeditorfr\",\"@id\":\"https:\/\/www.africa-press.net\/tchad\/#\/schema\/person\/2b1cf3cd81a31e3cd26889ca66d677f1\"},\"headline\":\"le CEDPE installe un point focal pour la r\u00e9int\u00e9gration dans le bassin du Lac\",\"datePublished\":\"2021-11-23T19:38:08+00:00\",\"dateModified\":\"2021-11-23T21:15:14+00:00\",\"mainEntityOfPage\":{\"@id\":\"https:\/\/www.africa-press.net\/tchad\/politique\/le-cedpe-installe-un-point-focal-pour-la-reintegration-dans-le-bassin-du-lac\"},\"wordCount\":369,\"commentCount\":0,\"image\":{\"@id\":\"https:\/\/www.africa-press.net\/tchad\/politique\/le-cedpe-installe-un-point-focal-pour-la-reintegration-dans-le-bassin-du-lac#primaryimage\"},\"thumbnailUrl\":\"https:\/\/static.africa-press.net\/tchad\/sites\/41\/2021\/11\/img-619d59c6ce717.jpg\",\"keywords\":[\"Africa Press\",\"Africa Press-Tchad\",\"Lac\",\"r\u00e9int\u00e9gration\",\"Tchad\"],\"articleSection\":[\"homepage-french\",\"Politique\",\"Top Nouvelles\",\"Toutes les actualit\u00e9s\"],\"inLanguage\":\"fr-FR\",\"potentialAction\":[{\"@type\":\"CommentAction\",\"name\":\"Comment\",\"target\":[\"https:\/\/www.africa-press.net\/tchad\/politique\/le-cedpe-installe-un-point-focal-pour-la-reintegration-dans-le-bassin-du-lac#respond\"]}]},{\"@type\":\"WebPage\",\"@id\":\"https:\/\/www.africa-press.net\/tchad\/politique\/le-cedpe-installe-un-point-focal-pour-la-reintegration-dans-le-bassin-du-lac\",\"url\":\"https:\/\/www.africa-press.net\/tchad\/politique\/le-cedpe-installe-un-point-focal-pour-la-reintegration-dans-le-bassin-du-lac\",\"name\":\"le CEDPE installe un point focal pour la r\u00e9int\u00e9gration dans le bassin du Lac - tchad\",\"isPartOf\":{\"@id\":\"https:\/\/www.africa-press.net\/tchad\/#website\"},\"primaryImageOfPage\":{\"@id\":\"https:\/\/www.africa-press.net\/tchad\/politique\/le-cedpe-installe-un-point-focal-pour-la-reintegration-dans-le-bassin-du-lac#primaryimage\"},\"image\":{\"@id\":\"https:\/\/www.africa-press.net\/tchad\/politique\/le-cedpe-installe-un-point-focal-pour-la-reintegration-dans-le-bassin-du-lac#primaryimage\"},\"thumbnailUrl\":\"https:\/\/static.africa-press.net\/tchad\/sites\/41\/2021\/11\/img-619d59c6ce717.jpg\",\"datePublished\":\"2021-11-23T19:38:08+00:00\",\"dateModified\":\"2021-11-23T21:15:14+00:00\",\"author\":{\"@id\":\"https:\/\/www.africa-press.net\/tchad\/#\/schema\/person\/2b1cf3cd81a31e3cd26889ca66d677f1\"},\"description\":\"La c\u00e9r\u00e9monie d'installation du point focal du r\u00e9seau pour la r\u00e9int\u00e9gration inclusive dans le bassin du Lac Tchad, a eu l ...\",\"breadcrumb\":{\"@id\":\"https:\/\/www.africa-press.net\/tchad\/politique\/le-cedpe-installe-un-point-focal-pour-la-reintegration-dans-le-bassin-du-lac#breadcrumb\"},\"inLanguage\":\"fr-FR\",\"potentialAction\":[{\"@type\":\"ReadAction\",\"target\":[\"https:\/\/www.africa-press.net\/tchad\/politique\/le-cedpe-installe-un-point-focal-pour-la-reintegration-dans-le-bassin-du-lac\"]}]},{\"@type\":\"ImageObject\",\"inLanguage\":\"fr-FR\",\"@id\":\"https:\/\/www.africa-press.net\/tchad\/politique\/le-cedpe-installe-un-point-focal-pour-la-reintegration-dans-le-bassin-du-lac#primaryimage\",\"url\":\"https:\/\/static.africa-press.net\/tchad\/sites\/41\/2021\/11\/img-619d59c6ce717.jpg\",\"contentUrl\":\"https:\/\/static.africa-press.net\/tchad\/sites\/41\/2021\/11\/img-619d59c6ce717.jpg\",\"width\":870,\"height\":579,\"caption\":\"le CEDPE installe un point focal pour la r\u00e9int\u00e9gration dans le bassin du Lac\"},{\"@type\":\"BreadcrumbList\",\"@id\":\"https:\/\/www.africa-press.net\/tchad\/politique\/le-cedpe-installe-un-point-focal-pour-la-reintegration-dans-le-bassin-du-lac#breadcrumb\",\"itemListElement\":[{\"@type\":\"ListItem\",\"position\":1,\"name\":\"Accueil\",\"item\":\"https:\/\/www.africa-press.net\/tchad\/\"},{\"@type\":\"ListItem\",\"position\":2,\"name\":\"le CEDPE installe un point focal pour la r\u00e9int\u00e9gration dans le bassin du Lac\"}]},{\"@type\":\"WebSite\",\"@id\":\"https:\/\/www.africa-press.net\/tchad\/#website\",\"url\":\"https:\/\/www.africa-press.net\/tchad\/\",\"name\":\"tchad\",\"description\":\"Just another Africa News Agency Sites site\",\"potentialAction\":[{\"@type\":\"SearchAction\",\"target\":{\"@type\":\"EntryPoint\",\"urlTemplate\":\"https:\/\/www.africa-press.net\/tchad\/?s={search_term_string}\"},\"query-input\":{\"@type\":\"PropertyValueSpecification\",\"valueRequired\":true,\"valueName\":\"search_term_string\"}}],\"inLanguage\":\"fr-FR\"},{\"@type\":\"Person\",\"@id\":\"https:\/\/www.africa-press.net\/tchad\/#\/schema\/person\/2b1cf3cd81a31e3cd26889ca66d677f1\",\"name\":\"cfeditorfr\"}]}<\/script>\n<!-- \/ Yoast SEO Premium plugin. -->","yoast_head_json":{"title":"le CEDPE installe un point focal pour la r\u00e9int\u00e9gration dans le bassin du Lac - tchad","description":"La c\u00e9r\u00e9monie d'installation du point focal du r\u00e9seau pour la r\u00e9int\u00e9gration inclusive dans le bassin du Lac Tchad, a eu l ...","robots":{"index":"index","follow":"follow","max-snippet":"max-snippet:-1","max-image-preview":"max-image-preview:large","max-video-preview":"max-video-preview:-1"},"canonical":"https:\/\/www.africa-press.net\/tchad\/politique\/le-cedpe-installe-un-point-focal-pour-la-reintegration-dans-le-bassin-du-lac","og_locale":"fr_FR","og_type":"article","og_title":"le CEDPE installe un point focal pour la r\u00e9int\u00e9gration dans le bassin du Lac","og_description":"La c\u00e9r\u00e9monie d'installation du point focal du r\u00e9seau pour la r\u00e9int\u00e9gration inclusive dans le bassin du Lac Tchad, a eu l ...","og_url":"https:\/\/www.africa-press.net\/tchad\/politique\/le-cedpe-installe-un-point-focal-pour-la-reintegration-dans-le-bassin-du-lac","og_site_name":"tchad","article_published_time":"2021-11-23T19:38:08+00:00","article_modified_time":"2021-11-23T21:15:14+00:00","og_image":[{"width":870,"height":579,"url":"https:\/\/static.africa-press.net\/tchad\/sites\/41\/2021\/11\/img-619d59c6ce717.jpg","type":"image\/jpeg"}],"author":"cfeditorfr","twitter_card":"summary_large_image","twitter_misc":{"\u00c9crit par":"cfeditorfr","Dur\u00e9e de lecture estim\u00e9e":"2 minutes"},"schema":{"@context":"https:\/\/schema.org","@graph":[{"@type":"Article","@id":"https:\/\/www.africa-press.net\/tchad\/politique\/le-cedpe-installe-un-point-focal-pour-la-reintegration-dans-le-bassin-du-lac#article","isPartOf":{"@id":"https:\/\/www.africa-press.net\/tchad\/politique\/le-cedpe-installe-un-point-focal-pour-la-reintegration-dans-le-bassin-du-lac"},"author":{"name":"cfeditorfr","@id":"https:\/\/www.africa-press.net\/tchad\/#\/schema\/person\/2b1cf3cd81a31e3cd26889ca66d677f1"},"headline":"le CEDPE installe un point focal pour la r\u00e9int\u00e9gration dans le bassin du Lac","datePublished":"2021-11-23T19:38:08+00:00","dateModified":"2021-11-23T21:15:14+00:00","mainEntityOfPage":{"@id":"https:\/\/www.africa-press.net\/tchad\/politique\/le-cedpe-installe-un-point-focal-pour-la-reintegration-dans-le-bassin-du-lac"},"wordCount":369,"commentCount":0,"image":{"@id":"https:\/\/www.africa-press.net\/tchad\/politique\/le-cedpe-installe-un-point-focal-pour-la-reintegration-dans-le-bassin-du-lac#primaryimage"},"thumbnailUrl":"https:\/\/static.africa-press.net\/tchad\/sites\/41\/2021\/11\/img-619d59c6ce717.jpg","keywords":["Africa Press","Africa Press-Tchad","Lac","r\u00e9int\u00e9gration","Tchad"],"articleSection":["homepage-french","Politique","Top Nouvelles","Toutes les actualit\u00e9s"],"inLanguage":"fr-FR","potentialAction":[{"@type":"CommentAction","name":"Comment","target":["https:\/\/www.africa-press.net\/tchad\/politique\/le-cedpe-installe-un-point-focal-pour-la-reintegration-dans-le-bassin-du-lac#respond"]}]},{"@type":"WebPage","@id":"https:\/\/www.africa-press.net\/tchad\/politique\/le-cedpe-installe-un-point-focal-pour-la-reintegration-dans-le-bassin-du-lac","url":"https:\/\/www.africa-press.net\/tchad\/politique\/le-cedpe-installe-un-point-focal-pour-la-reintegration-dans-le-bassin-du-lac","name":"le CEDPE installe un point focal pour la r\u00e9int\u00e9gration dans le bassin du Lac - tchad","isPartOf":{"@id":"https:\/\/www.africa-press.net\/tchad\/#website"},"primaryImageOfPage":{"@id":"https:\/\/www.africa-press.net\/tchad\/politique\/le-cedpe-installe-un-point-focal-pour-la-reintegration-dans-le-bassin-du-lac#primaryimage"},"image":{"@id":"https:\/\/www.africa-press.net\/tchad\/politique\/le-cedpe-installe-un-point-focal-pour-la-reintegration-dans-le-bassin-du-lac#primaryimage"},"thumbnailUrl":"https:\/\/static.africa-press.net\/tchad\/sites\/41\/2021\/11\/img-619d59c6ce717.jpg","datePublished":"2021-11-23T19:38:08+00:00","dateModified":"2021-11-23T21:15:14+00:00","author":{"@id":"https:\/\/www.africa-press.net\/tchad\/#\/schema\/person\/2b1cf3cd81a31e3cd26889ca66d677f1"},"description":"La c\u00e9r\u00e9monie d'installation du point focal du r\u00e9seau pour la r\u00e9int\u00e9gration inclusive dans le bassin du Lac Tchad, a eu l ...","breadcrumb":{"@id":"https:\/\/www.africa-press.net\/tchad\/politique\/le-cedpe-installe-un-point-focal-pour-la-reintegration-dans-le-bassin-du-lac#breadcrumb"},"inLanguage":"fr-FR","potentialAction":[{"@type":"ReadAction","target":["https:\/\/www.africa-press.net\/tchad\/politique\/le-cedpe-installe-un-point-focal-pour-la-reintegration-dans-le-bassin-du-lac"]}]},{"@type":"ImageObject","inLanguage":"fr-FR","@id":"https:\/\/www.africa-press.net\/tchad\/politique\/le-cedpe-installe-un-point-focal-pour-la-reintegration-dans-le-bassin-du-lac#primaryimage","url":"https:\/\/static.africa-press.net\/tchad\/sites\/41\/2021\/11\/img-619d59c6ce717.jpg","contentUrl":"https:\/\/static.africa-press.net\/tchad\/sites\/41\/2021\/11\/img-619d59c6ce717.jpg","width":870,"height":579,"caption":"le CEDPE installe un point focal pour la r\u00e9int\u00e9gration dans le bassin du Lac"},{"@type":"BreadcrumbList","@id":"https:\/\/www.africa-press.net\/tchad\/politique\/le-cedpe-installe-un-point-focal-pour-la-reintegration-dans-le-bassin-du-lac#breadcrumb","itemListElement":[{"@type":"ListItem","position":1,"name":"Accueil","item":"https:\/\/www.africa-press.net\/tchad\/"},{"@type":"ListItem","position":2,"name":"le CEDPE installe un point focal pour la r\u00e9int\u00e9gration dans le bassin du Lac"}]},{"@type":"WebSite","@id":"https:\/\/www.africa-press.net\/tchad\/#website","url":"https:\/\/www.africa-press.net\/tchad\/","name":"tchad","description":"Just another Africa News Agency Sites site","potentialAction":[{"@type":"SearchAction","target":{"@type":"EntryPoint","urlTemplate":"https:\/\/www.africa-press.net\/tchad\/?s={search_term_string}"},"query-input":{"@type":"PropertyValueSpecification","valueRequired":true,"valueName":"search_term_string"}}],"inLanguage":"fr-FR"},{"@type":"Person","@id":"https:\/\/www.africa-press.net\/tchad\/#\/schema\/person\/2b1cf3cd81a31e3cd26889ca66d677f1","name":"cfeditorfr"}]}},"_links":{"self":[{"href":"https:\/\/www.africa-press.net\/tchad\/wp-json\/wp\/v2\/posts\/14294","targetHints":{"allow":["GET"]}}],"collection":[{"href":"https:\/\/www.africa-press.net\/tchad\/wp-json\/wp\/v2\/posts"}],"about":[{"href":"https:\/\/www.africa-press.net\/tchad\/wp-json\/wp\/v2\/types\/post"}],"author":[{"embeddable":true,"href":"https:\/\/www.africa-press.net\/tchad\/wp-json\/wp\/v2\/users\/82"}],"replies":[{"embeddable":true,"href":"https:\/\/www.africa-press.net\/tchad\/wp-json\/wp\/v2\/comments?post=14294"}],"version-history":[{"count":0,"href":"https:\/\/www.africa-press.net\/tchad\/wp-json\/wp\/v2\/posts\/14294\/revisions"}],"wp:featuredmedia":[{"embeddable":true,"href":"https:\/\/www.africa-press.net\/tchad\/wp-json\/wp\/v2\/media\/14293"}],"wp:attachment":[{"href":"https:\/\/www.africa-press.net\/tchad\/wp-json\/wp\/v2\/media?parent=14294"}],"wp:term":[{"taxonomy":"category","embeddable":true,"href":"https:\/\/www.africa-press.net\/tchad\/wp-json\/wp\/v2\/categories?post=14294"},{"taxonomy":"post_tag","embeddable":true,"href":"https:\/\/www.africa-press.net\/tchad\/wp-json\/wp\/v2\/tags?post=14294"}],"curies":[{"name":"wp","href":"https:\/\/api.w.org\/{rel}","templated":true}]}}